{"id":5988,"date":"2025-04-11T21:02:36","date_gmt":"2025-04-12T00:02:36","guid":{"rendered":"https:\/\/compartilhabahia.com.br\/?p=5988"},"modified":"2025-04-11T21:02:39","modified_gmt":"2025-04-12T00:02:39","slug":"com-tradicional-fonte-luminosa-prefeitura-entrega-nova-praca-desembargador-montenegro","status":"publish","type":"post","link":"https:\/\/compartilhabahia.com.br\/index.php\/2025\/04\/11\/com-tradicional-fonte-luminosa-prefeitura-entrega-nova-praca-desembargador-montenegro\/","title":{"rendered":"Com tradicional fonte luminosa, Prefeitura entrega nova Pra\u00e7a Desembargador Montenegro"},"content":{"rendered":"\n<p><\/p>\n\n\n\n<p>Um dos principais equipamentos de lazer do munic\u00edpio, a nova Pra\u00e7a Desembargador Montenegro foi entregue \u00e0 popula\u00e7\u00e3o nesta sexta-feira (11). Com a abertura do espa\u00e7o, fruto de esfor\u00e7o conjunto para ordenar o Centro da cidade, a Prefeitura de Cama\u00e7ari reafirma o compromisso da gest\u00e3o com os comerciantes e toda popula\u00e7\u00e3o.<\/p>\n\n\n\n<p>A pra\u00e7a havia sido fechada em abril de 2024 e as obras estavam paralisadas, desde outubro do mesmo ano. O trabalho foi retomado pela Secretaria da Infraestrutura (Seinfra) h\u00e1 tr\u00eas meses que, em tempo c\u00e9lere, seguiu dando continuidade \u00e0s interven\u00e7\u00f5es previstas no conv\u00eanio com o CAF \u2013 Banco de Desenvolvimento da Am\u00e9rica Latina e Caribe, incorporadas ao Programa de Revitaliza\u00e7\u00e3o do Centro da cidade.<\/p>\n\n\n\n<p>\u201cTodo mundo sabe que reconstruir uma casa \u00e9 sempre mais dif\u00edcil do que construir. Mas, estou feliz em estar aqui hoje, entregando essa pra\u00e7a, que foi revitalizada pela primeira vez l\u00e1 em 2006. Dessa vez, o projeto inicial n\u00e3o foi de autoria da nossa administra\u00e7\u00e3o, mas tivemos a oportunidade de fazer ajustes importantes e colocar essa pra\u00e7a para funcionar novamente. Estava com saudade de dialogar com nosso povo, e que bom fazer isso nesse equipamento, t\u00e3o significativo\u201d, pontuou o prefeito Luiz Caetano.<\/p>\n\n\n\n<p>Com \u00e1rea total de 3.591.81 m\u00b2, as interven\u00e7\u00f5es do espa\u00e7o contemplaram servi\u00e7os de drenagem, instala\u00e7\u00e3o de novo piso, paisagismo e jardineira de granito. Ao retomar a obra, a atual gest\u00e3o incluiu no projeto a instala\u00e7\u00e3o de bancos de madeira, constru\u00e7\u00e3o de novos quiosques, bem como a revitaliza\u00e7\u00e3o da tradicional fonte luminosa.<\/p>\n\n\n\n<p>Para a dona de casa Zenilda Maria, 57 anos, manter a fonte luminosa foi uma decis\u00e3o acertada, tendo em vista a import\u00e2ncia que o elemento representa para muitos mun\u00edcipes.<\/p>\n\n\n\n<p>\u201cEstava aqui sentadinha admirando. Gosto muito dessa fonte, desde quando ela foi criada pela primeira vez. Aqui \u00e9 um local que sempre costumo parar para olhar a movimenta\u00e7\u00e3o, encontrar as amigas. Para mim \u00e9 como se fosse um cart\u00e3o postal da cidade\u201d, afirmou a moradora do bairro da Bomba.<\/p>\n\n\n\n<p>O ato de inaugura\u00e7\u00e3o foi marcado por apresenta\u00e7\u00f5es culturais, a exemplo do grupo P\u00e9 de Lata. Acompanhando a filha Lav\u00ednia Alves, 7 anos, Rita de C\u00e1ssia Alves, 47 anos, contou que estava com muita saudade da Pra\u00e7a Desembargador Montenegro e refor\u00e7ou a relev\u00e2ncia do espa\u00e7o como grande difusor da cultura local.<\/p>\n\n\n\n<p>\u201cTinha que vir aqui participar desse momento de celebra\u00e7\u00e3o. Essa pra\u00e7a \u00e9 um local de vivenciar a cultura, n\u00e3o \u00e9 incomum passar por aqui e ver algum artista expondo seu talento. Esse tempo que aqui ficou fechado, foi muito ruim. Agora, vendo tudo reaberto, \u00e9 uma felicidade. Ver o P\u00e9 de Lata cantando, trazendo essa energia boa, n\u00e3o tem pre\u00e7o\u201d, assegurou Rita de C\u00e1ssia.<\/p>\n\n\n\n<p>Valorizando os talentos da terra, a programa\u00e7\u00e3o ainda contou com apresenta\u00e7\u00f5es circenses e de teatro, acompanhadas pela Secretaria de Cultura (Secult), e o samba do Grupo Fascinante.<\/p>\n\n\n\n<p>As melhorias na Pra\u00e7a Desembargador Montenegro ainda n\u00e3o acabaram, conforme lembra o secret\u00e1rio da Infraestrutura, Jos\u00e9 Mario Lima. Os tapumes de isolamento permanecem apenas ao lado direito da pra\u00e7a, onde essa interven\u00e7\u00e3o espec\u00edfica est\u00e1 sendo finalizada.<\/p>\n\n\n\n<p>\u201cAgora, a Seinfra acelera a \u00e1rea de instala\u00e7\u00e3o dos novos quiosques para atender permission\u00e1rios que j\u00e1 atuam por l\u00e1, com o objetivo de promover melhores condi\u00e7\u00f5es sanit\u00e1rias e de infraestrutura, tanto para os comerciantes quanto para os mun\u00edcipes que transitam na regi\u00e3o\u201d, explicou.<\/p>\n\n\n\n<p>A entrega desta sexta-feira contempla a primeira fase do trabalho de requalifica\u00e7\u00e3o do Centro, que foi dividido em seis etapas e deve ser finalizado em dezembro.<\/p>\n\n\n\n<p>Foto: Patrick Abreu<\/p>\n\n\n\n<figure class=\"wp-block-image size-large\"><img loading=\"lazy\" decoding=\"async\" width=\"1024\" height=\"682\" src=\"https:\/\/compartilhabahia.com.br\/wp-content\/uploads\/2025\/04\/WhatsApp-Image-2025-04-11-at-20.07.12-3-Copia-1024x682.jpeg\" alt=\"\" class=\"wp-image-5990\" srcset=\"https:\/\/compartilhabahia.com.br\/wp-content\/uploads\/2025\/04\/WhatsApp-Image-2025-04-11-at-20.07.12-3-Copia-1024x682.jpeg 1024w, https:\/\/compartilhabahia.com.br\/wp-content\/uploads\/2025\/04\/WhatsApp-Image-2025-04-11-at-20.07.12-3-Copia-300x200.jpeg 300w, https:\/\/compartilhabahia.com.br\/wp-content\/uploads\/2025\/04\/WhatsApp-Image-2025-04-11-at-20.07.12-3-Copia-768x512.jpeg 768w, https:\/\/compartilhabahia.com.br\/wp-content\/uploads\/2025\/04\/WhatsApp-Image-2025-04-11-at-20.07.12-3-Copia-1536x1023.jpeg 1536w, https:\/\/compartilhabahia.com.br\/wp-content\/uploads\/2025\/04\/WhatsApp-Image-2025-04-11-at-20.07.12-3-Copia-1200x800.jpeg 1200w, https:\/\/compartilhabahia.com.br\/wp-content\/uploads\/2025\/04\/WhatsApp-Image-2025-04-11-at-20.07.12-3-Copia.jpeg 1600w\" sizes=\"auto, (max-width: 1024px) 100vw, 1024px\" \/><\/figure>\n\n\n\n<figure class=\"wp-block-image size-large\"><img loading=\"lazy\" decoding=\"async\" width=\"1024\" height=\"682\" src=\"https:\/\/compartilhabahia.com.br\/wp-content\/uploads\/2025\/04\/WhatsApp-Image-2025-04-11-at-20.07.11-1024x682.jpeg\" alt=\"\" class=\"wp-image-5991\" srcset=\"https:\/\/compartilhabahia.com.br\/wp-content\/uploads\/2025\/04\/WhatsApp-Image-2025-04-11-at-20.07.11-1024x682.jpeg 1024w, https:\/\/compartilhabahia.com.br\/wp-content\/uploads\/2025\/04\/WhatsApp-Image-2025-04-11-at-20.07.11-300x200.jpeg 300w, https:\/\/compartilhabahia.com.br\/wp-content\/uploads\/2025\/04\/WhatsApp-Image-2025-04-11-at-20.07.11-768x512.jpeg 768w, https:\/\/compartilhabahia.com.br\/wp-content\/uploads\/2025\/04\/WhatsApp-Image-2025-04-11-at-20.07.11-1536x1023.jpeg 1536w, https:\/\/compartilhabahia.com.br\/wp-content\/uploads\/2025\/04\/WhatsApp-Image-2025-04-11-at-20.07.11-1200x800.jpeg 1200w, https:\/\/compartilhabahia.com.br\/wp-content\/uploads\/2025\/04\/WhatsApp-Image-2025-04-11-at-20.07.11.jpeg 1600w\" sizes=\"auto, (max-width: 1024px) 100vw, 1024px\" \/><\/figure>\n","protected":false},"excerpt":{"rendered":"<p>Um dos principais equipamentos de lazer do munic\u00edpio, a nova Pra\u00e7a Desembargador Montenegro foi entregue \u00e0 popula\u00e7\u00e3o nesta sexta-feira (11). Com a abertura do espa\u00e7o, fruto de esfor\u00e7o conjunto para ordenar o Centro da cidade, a Prefeitura de Cama\u00e7ari reafirma o compromisso da gest\u00e3o com os comerciantes e toda popula\u00e7\u00e3o. A pra\u00e7a havia sido fechada [&hellip;]<\/p>\n","protected":false},"author":1,"featured_media":5989,"comment_status":"open","ping_status":"open","sticky":false,"template":"","format":"standard","meta":{"footnotes":""},"categories":[8],"tags":[],"class_list":["post-5988","post","type-post","status-publish","format-standard","has-post-thumbnail","hentry","category-camacari"],"yoast_head":"<!-- This site is optimized with the Yoast SEO plugin v21.7 - https:\/\/yoast.com\/wordpress\/plugins\/seo\/ -->\n<title>Com tradicional fonte luminosa, Prefeitura entrega nova Pra\u00e7a Desembargador Montenegro - Compartilha Bahia<\/title>\n<meta name=\"robots\" content=\"index, follow, max-snippet:-1, max-image-preview:large, max-video-preview:-1\" \/>\n<link rel=\"canonical\" href=\"https:\/\/compartilhabahia.com.br\/index.php\/2025\/04\/11\/com-tradicional-fonte-luminosa-prefeitura-entrega-nova-praca-desembargador-montenegro\/\" \/>\n<meta property=\"og:locale\" content=\"pt_BR\" \/>\n<meta property=\"og:type\" content=\"article\" \/>\n<meta property=\"og:title\" content=\"Com tradicional fonte luminosa, Prefeitura entrega nova Pra\u00e7a Desembargador Montenegro - Compartilha Bahia\" \/>\n<meta property=\"og:description\" content=\"Um dos principais equipamentos de lazer do munic\u00edpio, a nova Pra\u00e7a Desembargador Montenegro foi entregue \u00e0 popula\u00e7\u00e3o nesta sexta-feira (11). Com a abertura do espa\u00e7o, fruto de esfor\u00e7o conjunto para ordenar o Centro da cidade, a Prefeitura de Cama\u00e7ari reafirma o compromisso da gest\u00e3o com os comerciantes e toda popula\u00e7\u00e3o. A pra\u00e7a havia sido fechada [&hellip;]\" \/>\n<meta property=\"og:url\" content=\"https:\/\/compartilhabahia.com.br\/index.php\/2025\/04\/11\/com-tradicional-fonte-luminosa-prefeitura-entrega-nova-praca-desembargador-montenegro\/\" \/>\n<meta property=\"og:site_name\" content=\"Compartilha Bahia\" \/>\n<meta property=\"article:publisher\" content=\"https:\/\/web.facebook.com\/compartilhabahia\" \/>\n<meta property=\"article:published_time\" content=\"2025-04-12T00:02:36+00:00\" \/>\n<meta property=\"article:modified_time\" content=\"2025-04-12T00:02:39+00:00\" \/>\n<meta property=\"og:image\" content=\"https:\/\/compartilhabahia.com.br\/wp-content\/uploads\/2025\/04\/fonte.jpg\" \/>\n\t<meta property=\"og:image:width\" content=\"800\" \/>\n\t<meta property=\"og:image:height\" content=\"533\" \/>\n\t<meta property=\"og:image:type\" content=\"image\/jpeg\" \/>\n<meta name=\"author\" content=\"admin\" \/>\n<meta name=\"twitter:card\" content=\"summary_large_image\" \/>\n<meta name=\"twitter:label1\" content=\"Escrito por\" \/>\n\t<meta name=\"twitter:data1\" content=\"admin\" \/>\n\t<meta name=\"twitter:label2\" content=\"Est. tempo de leitura\" \/>\n\t<meta name=\"twitter:data2\" content=\"4 minutos\" \/>\n<script type=\"application\/ld+json\" class=\"yoast-schema-graph\">{\"@context\":\"https:\/\/schema.org\",\"@graph\":[{\"@type\":\"Article\",\"@id\":\"https:\/\/compartilhabahia.com.br\/index.php\/2025\/04\/11\/com-tradicional-fonte-luminosa-prefeitura-entrega-nova-praca-desembargador-montenegro\/#article\",\"isPartOf\":{\"@id\":\"https:\/\/compartilhabahia.com.br\/index.php\/2025\/04\/11\/com-tradicional-fonte-luminosa-prefeitura-entrega-nova-praca-desembargador-montenegro\/\"},\"author\":{\"name\":\"admin\",\"@id\":\"https:\/\/compartilhabahia.com.br\/#\/schema\/person\/9b4f0c3178793b8248d6686732521c04\"},\"headline\":\"Com tradicional fonte luminosa, Prefeitura entrega nova Pra\u00e7a Desembargador Montenegro\",\"datePublished\":\"2025-04-12T00:02:36+00:00\",\"dateModified\":\"2025-04-12T00:02:39+00:00\",\"mainEntityOfPage\":{\"@id\":\"https:\/\/compartilhabahia.com.br\/index.php\/2025\/04\/11\/com-tradicional-fonte-luminosa-prefeitura-entrega-nova-praca-desembargador-montenegro\/\"},\"wordCount\":634,\"commentCount\":0,\"publisher\":{\"@id\":\"https:\/\/compartilhabahia.com.br\/#organization\"},\"articleSection\":[\"Cama\u00e7ari\"],\"inLanguage\":\"pt-BR\",\"potentialAction\":[{\"@type\":\"CommentAction\",\"name\":\"Comment\",\"target\":[\"https:\/\/compartilhabahia.com.br\/index.php\/2025\/04\/11\/com-tradicional-fonte-luminosa-prefeitura-entrega-nova-praca-desembargador-montenegro\/#respond\"]}]},{\"@type\":\"WebPage\",\"@id\":\"https:\/\/compartilhabahia.com.br\/index.php\/2025\/04\/11\/com-tradicional-fonte-luminosa-prefeitura-entrega-nova-praca-desembargador-montenegro\/\",\"url\":\"https:\/\/compartilhabahia.com.br\/index.php\/2025\/04\/11\/com-tradicional-fonte-luminosa-prefeitura-entrega-nova-praca-desembargador-montenegro\/\",\"name\":\"Com tradicional fonte luminosa, Prefeitura entrega nova Pra\u00e7a Desembargador Montenegro - Compartilha Bahia\",\"isPartOf\":{\"@id\":\"https:\/\/compartilhabahia.com.br\/#website\"},\"datePublished\":\"2025-04-12T00:02:36+00:00\",\"dateModified\":\"2025-04-12T00:02:39+00:00\",\"breadcrumb\":{\"@id\":\"https:\/\/compartilhabahia.com.br\/index.php\/2025\/04\/11\/com-tradicional-fonte-luminosa-prefeitura-entrega-nova-praca-desembargador-montenegro\/#breadcrumb\"},\"inLanguage\":\"pt-BR\",\"potentialAction\":[{\"@type\":\"ReadAction\",\"target\":[\"https:\/\/compartilhabahia.com.br\/index.php\/2025\/04\/11\/com-tradicional-fonte-luminosa-prefeitura-entrega-nova-praca-desembargador-montenegro\/\"]}]},{\"@type\":\"BreadcrumbList\",\"@id\":\"https:\/\/compartilhabahia.com.br\/index.php\/2025\/04\/11\/com-tradicional-fonte-luminosa-prefeitura-entrega-nova-praca-desembargador-montenegro\/#breadcrumb\",\"itemListElement\":[{\"@type\":\"ListItem\",\"position\":1,\"name\":\"In\u00edcio\",\"item\":\"https:\/\/compartilhabahia.com.br\/\"},{\"@type\":\"ListItem\",\"position\":2,\"name\":\"Com tradicional fonte luminosa, Prefeitura entrega nova Pra\u00e7a Desembargador Montenegro\"}]},{\"@type\":\"WebSite\",\"@id\":\"https:\/\/compartilhabahia.com.br\/#website\",\"url\":\"https:\/\/compartilhabahia.com.br\/\",\"name\":\"Compartilha Bahia\",\"description\":\"\",\"publisher\":{\"@id\":\"https:\/\/compartilhabahia.com.br\/#organization\"},\"potentialAction\":[{\"@type\":\"SearchAction\",\"target\":{\"@type\":\"EntryPoint\",\"urlTemplate\":\"https:\/\/compartilhabahia.com.br\/?s={search_term_string}\"},\"query-input\":\"required name=search_term_string\"}],\"inLanguage\":\"pt-BR\"},{\"@type\":\"Organization\",\"@id\":\"https:\/\/compartilhabahia.com.br\/#organization\",\"name\":\"Compartilha Bahia\",\"url\":\"https:\/\/compartilhabahia.com.br\/\",\"logo\":{\"@type\":\"ImageObject\",\"inLanguage\":\"pt-BR\",\"@id\":\"https:\/\/compartilhabahia.com.br\/#\/schema\/logo\/image\/\",\"url\":\"https:\/\/compartilhabahia.com.br\/wp-content\/uploads\/2023\/12\/cropped-logo.png\",\"contentUrl\":\"https:\/\/compartilhabahia.com.br\/wp-content\/uploads\/2023\/12\/cropped-logo.png\",\"width\":300,\"height\":106,\"caption\":\"Compartilha Bahia\"},\"image\":{\"@id\":\"https:\/\/compartilhabahia.com.br\/#\/schema\/logo\/image\/\"},\"sameAs\":[\"https:\/\/web.facebook.com\/compartilhabahia\",\"https:\/\/www.instagram.com\/compartilhabahia\/\"]},{\"@type\":\"Person\",\"@id\":\"https:\/\/compartilhabahia.com.br\/#\/schema\/person\/9b4f0c3178793b8248d6686732521c04\",\"name\":\"admin\",\"image\":{\"@type\":\"ImageObject\",\"inLanguage\":\"pt-BR\",\"@id\":\"https:\/\/compartilhabahia.com.br\/#\/schema\/person\/image\/\",\"url\":\"https:\/\/secure.gravatar.com\/avatar\/9600df58751c5acbe914c538c03390ef649ea088cb65f84ba09c7ce66988eed6?s=96&d=mm&r=g\",\"contentUrl\":\"https:\/\/secure.gravatar.com\/avatar\/9600df58751c5acbe914c538c03390ef649ea088cb65f84ba09c7ce66988eed6?s=96&d=mm&r=g\",\"caption\":\"admin\"},\"sameAs\":[\"https:\/\/compartilhabahia.com.br\"],\"url\":\"https:\/\/compartilhabahia.com.br\/index.php\/author\/compartilhabahia\/\"}]}<\/script>\n<!-- \/ Yoast SEO plugin. -->","yoast_head_json":{"title":"Com tradicional fonte luminosa, Prefeitura entrega nova Pra\u00e7a Desembargador Montenegro - Compartilha Bahia","robots":{"index":"index","follow":"follow","max-snippet":"max-snippet:-1","max-image-preview":"max-image-preview:large","max-video-preview":"max-video-preview:-1"},"canonical":"https:\/\/compartilhabahia.com.br\/index.php\/2025\/04\/11\/com-tradicional-fonte-luminosa-prefeitura-entrega-nova-praca-desembargador-montenegro\/","og_locale":"pt_BR","og_type":"article","og_title":"Com tradicional fonte luminosa, Prefeitura entrega nova Pra\u00e7a Desembargador Montenegro - Compartilha Bahia","og_description":"Um dos principais equipamentos de lazer do munic\u00edpio, a nova Pra\u00e7a Desembargador Montenegro foi entregue \u00e0 popula\u00e7\u00e3o nesta sexta-feira (11). Com a abertura do espa\u00e7o, fruto de esfor\u00e7o conjunto para ordenar o Centro da cidade, a Prefeitura de Cama\u00e7ari reafirma o compromisso da gest\u00e3o com os comerciantes e toda popula\u00e7\u00e3o. A pra\u00e7a havia sido fechada [&hellip;]","og_url":"https:\/\/compartilhabahia.com.br\/index.php\/2025\/04\/11\/com-tradicional-fonte-luminosa-prefeitura-entrega-nova-praca-desembargador-montenegro\/","og_site_name":"Compartilha Bahia","article_publisher":"https:\/\/web.facebook.com\/compartilhabahia","article_published_time":"2025-04-12T00:02:36+00:00","article_modified_time":"2025-04-12T00:02:39+00:00","og_image":[{"width":800,"height":533,"url":"https:\/\/compartilhabahia.com.br\/wp-content\/uploads\/2025\/04\/fonte.jpg","type":"image\/jpeg"}],"author":"admin","twitter_card":"summary_large_image","twitter_misc":{"Escrito por":"admin","Est. tempo de leitura":"4 minutos"},"schema":{"@context":"https:\/\/schema.org","@graph":[{"@type":"Article","@id":"https:\/\/compartilhabahia.com.br\/index.php\/2025\/04\/11\/com-tradicional-fonte-luminosa-prefeitura-entrega-nova-praca-desembargador-montenegro\/#article","isPartOf":{"@id":"https:\/\/compartilhabahia.com.br\/index.php\/2025\/04\/11\/com-tradicional-fonte-luminosa-prefeitura-entrega-nova-praca-desembargador-montenegro\/"},"author":{"name":"admin","@id":"https:\/\/compartilhabahia.com.br\/#\/schema\/person\/9b4f0c3178793b8248d6686732521c04"},"headline":"Com tradicional fonte luminosa, Prefeitura entrega nova Pra\u00e7a Desembargador Montenegro","datePublished":"2025-04-12T00:02:36+00:00","dateModified":"2025-04-12T00:02:39+00:00","mainEntityOfPage":{"@id":"https:\/\/compartilhabahia.com.br\/index.php\/2025\/04\/11\/com-tradicional-fonte-luminosa-prefeitura-entrega-nova-praca-desembargador-montenegro\/"},"wordCount":634,"commentCount":0,"publisher":{"@id":"https:\/\/compartilhabahia.com.br\/#organization"},"articleSection":["Cama\u00e7ari"],"inLanguage":"pt-BR","potentialAction":[{"@type":"CommentAction","name":"Comment","target":["https:\/\/compartilhabahia.com.br\/index.php\/2025\/04\/11\/com-tradicional-fonte-luminosa-prefeitura-entrega-nova-praca-desembargador-montenegro\/#respond"]}]},{"@type":"WebPage","@id":"https:\/\/compartilhabahia.com.br\/index.php\/2025\/04\/11\/com-tradicional-fonte-luminosa-prefeitura-entrega-nova-praca-desembargador-montenegro\/","url":"https:\/\/compartilhabahia.com.br\/index.php\/2025\/04\/11\/com-tradicional-fonte-luminosa-prefeitura-entrega-nova-praca-desembargador-montenegro\/","name":"Com tradicional fonte luminosa, Prefeitura entrega nova Pra\u00e7a Desembargador Montenegro - Compartilha Bahia","isPartOf":{"@id":"https:\/\/compartilhabahia.com.br\/#website"},"datePublished":"2025-04-12T00:02:36+00:00","dateModified":"2025-04-12T00:02:39+00:00","breadcrumb":{"@id":"https:\/\/compartilhabahia.com.br\/index.php\/2025\/04\/11\/com-tradicional-fonte-luminosa-prefeitura-entrega-nova-praca-desembargador-montenegro\/#breadcrumb"},"inLanguage":"pt-BR","potentialAction":[{"@type":"ReadAction","target":["https:\/\/compartilhabahia.com.br\/index.php\/2025\/04\/11\/com-tradicional-fonte-luminosa-prefeitura-entrega-nova-praca-desembargador-montenegro\/"]}]},{"@type":"BreadcrumbList","@id":"https:\/\/compartilhabahia.com.br\/index.php\/2025\/04\/11\/com-tradicional-fonte-luminosa-prefeitura-entrega-nova-praca-desembargador-montenegro\/#breadcrumb","itemListElement":[{"@type":"ListItem","position":1,"name":"In\u00edcio","item":"https:\/\/compartilhabahia.com.br\/"},{"@type":"ListItem","position":2,"name":"Com tradicional fonte luminosa, Prefeitura entrega nova Pra\u00e7a Desembargador Montenegro"}]},{"@type":"WebSite","@id":"https:\/\/compartilhabahia.com.br\/#website","url":"https:\/\/compartilhabahia.com.br\/","name":"Compartilha Bahia","description":"","publisher":{"@id":"https:\/\/compartilhabahia.com.br\/#organization"},"potentialAction":[{"@type":"SearchAction","target":{"@type":"EntryPoint","urlTemplate":"https:\/\/compartilhabahia.com.br\/?s={search_term_string}"},"query-input":"required name=search_term_string"}],"inLanguage":"pt-BR"},{"@type":"Organization","@id":"https:\/\/compartilhabahia.com.br\/#organization","name":"Compartilha Bahia","url":"https:\/\/compartilhabahia.com.br\/","logo":{"@type":"ImageObject","inLanguage":"pt-BR","@id":"https:\/\/compartilhabahia.com.br\/#\/schema\/logo\/image\/","url":"https:\/\/compartilhabahia.com.br\/wp-content\/uploads\/2023\/12\/cropped-logo.png","contentUrl":"https:\/\/compartilhabahia.com.br\/wp-content\/uploads\/2023\/12\/cropped-logo.png","width":300,"height":106,"caption":"Compartilha Bahia"},"image":{"@id":"https:\/\/compartilhabahia.com.br\/#\/schema\/logo\/image\/"},"sameAs":["https:\/\/web.facebook.com\/compartilhabahia","https:\/\/www.instagram.com\/compartilhabahia\/"]},{"@type":"Person","@id":"https:\/\/compartilhabahia.com.br\/#\/schema\/person\/9b4f0c3178793b8248d6686732521c04","name":"admin","image":{"@type":"ImageObject","inLanguage":"pt-BR","@id":"https:\/\/compartilhabahia.com.br\/#\/schema\/person\/image\/","url":"https:\/\/secure.gravatar.com\/avatar\/9600df58751c5acbe914c538c03390ef649ea088cb65f84ba09c7ce66988eed6?s=96&d=mm&r=g","contentUrl":"https:\/\/secure.gravatar.com\/avatar\/9600df58751c5acbe914c538c03390ef649ea088cb65f84ba09c7ce66988eed6?s=96&d=mm&r=g","caption":"admin"},"sameAs":["https:\/\/compartilhabahia.com.br"],"url":"https:\/\/compartilhabahia.com.br\/index.php\/author\/compartilhabahia\/"}]}},"_links":{"self":[{"href":"https:\/\/compartilhabahia.com.br\/index.php\/wp-json\/wp\/v2\/posts\/5988","targetHints":{"allow":["GET"]}}],"collection":[{"href":"https:\/\/compartilhabahia.com.br\/index.php\/wp-json\/wp\/v2\/posts"}],"about":[{"href":"https:\/\/compartilhabahia.com.br\/index.php\/wp-json\/wp\/v2\/types\/post"}],"author":[{"embeddable":true,"href":"https:\/\/compartilhabahia.com.br\/index.php\/wp-json\/wp\/v2\/users\/1"}],"replies":[{"embeddable":true,"href":"https:\/\/compartilhabahia.com.br\/index.php\/wp-json\/wp\/v2\/comments?post=5988"}],"version-history":[{"count":1,"href":"https:\/\/compartilhabahia.com.br\/index.php\/wp-json\/wp\/v2\/posts\/5988\/revisions"}],"predecessor-version":[{"id":5992,"href":"https:\/\/compartilhabahia.com.br\/index.php\/wp-json\/wp\/v2\/posts\/5988\/revisions\/5992"}],"wp:featuredmedia":[{"embeddable":true,"href":"https:\/\/compartilhabahia.com.br\/index.php\/wp-json\/wp\/v2\/media\/5989"}],"wp:attachment":[{"href":"https:\/\/compartilhabahia.com.br\/index.php\/wp-json\/wp\/v2\/media?parent=5988"}],"wp:term":[{"taxonomy":"category","embeddable":true,"href":"https:\/\/compartilhabahia.com.br\/index.php\/wp-json\/wp\/v2\/categories?post=5988"},{"taxonomy":"post_tag","embeddable":true,"href":"https:\/\/compartilhabahia.com.br\/index.php\/wp-json\/wp\/v2\/tags?post=5988"}],"curies":[{"name":"wp","href":"https:\/\/api.w.org\/{rel}","templated":true}]}}