{"id":5978,"date":"2025-04-11T13:34:27","date_gmt":"2025-04-11T16:34:27","guid":{"rendered":"https:\/\/compartilhabahia.com.br\/?p=5978"},"modified":"2025-04-11T13:34:28","modified_gmt":"2025-04-11T16:34:28","slug":"prefeitura-inicia-entrega-das-cestas-de-pascoa-2025-para-60-mil-familias","status":"publish","type":"post","link":"https:\/\/compartilhabahia.com.br\/index.php\/2025\/04\/11\/prefeitura-inicia-entrega-das-cestas-de-pascoa-2025-para-60-mil-familias\/","title":{"rendered":"Prefeitura inicia entrega das Cestas de P\u00e1scoa 2025 para 60 mil fam\u00edlias"},"content":{"rendered":"\n<p><\/p>\n\n\n\n<p>Nesta sexta-feira (11) a Prefeitura de Cama\u00e7ari deu a largada da entrega das 60 mil Cestas de P\u00e1scoa 2025. Por meio da Secretaria de Desenvolvimento Social e Cidadania (Sedes), o governo municipal iniciou a distribui\u00e7\u00e3o para os benefici\u00e1rios da zona rural e povoados, com sa\u00edda dos ve\u00edculos do Espa\u00e7o Cama\u00e7ari 2000, localizado na Avenida Jorge Amado.<\/p>\n\n\n\n<p>Os ve\u00edculos foram abastecidos com os kits compostos por 4 quilos (kg) de peixe corvina inteiro, leite de coco, \u00f3leo de soja, feij\u00f5es carioca e fradinho, arroz, azeite de dend\u00ea e farinha de mandioca, al\u00e9m das novidades deste ano, o suco de uva e amendoim. At\u00e9 domingo (13), 11 caminhonetes percorrer\u00e3o mais de 40 localidades de forma itinerante, entregando de porta em porta as cestas nas comunidades.<\/p>\n\n\n\n<p>A secret\u00e1ria de Desenvolvimento Social e Cidadania, Jeane Gleyde, falou sobre a entrega. \u201c\u00c9 a Cesta de P\u00e1scoa na mesa de quem mais precisa. Hoje, estamos entregando nos povoados mais distantes, e a pr\u00f3xima etapa ser\u00e1 a entrega na orla de Cama\u00e7ari, finalizando nos dias 15 e 16 aqui na sede\u201d, detalhou.<\/p>\n\n\n\n<p>A Cesta de P\u00e1scoa \u00e9 voltada para benefici\u00e1rios dos programas Bolsa Fam\u00edlia; para mulheres atendidas pelo Centro de Refer\u00eancia de Atendimento \u00e0 Mulher (Cram) Yolanda Pires; fam\u00edlias acompanhadas pelo Centro de Refer\u00eancia da Assist\u00eancia Social (Cras) ou pelo Centro de Refer\u00eancia Especializado da Assist\u00eancia Social (Creas); pessoas atendidas pelo Centro de Refer\u00eancia Especializado para Popula\u00e7\u00e3o em Situa\u00e7\u00e3o de Rua (Centro POP); o p\u00fablico do Centro de Conviv\u00eancia da Pessoa Idosa (Conviver); al\u00e9m das m\u00e3es dos jovens matriculados na Casa da Crian\u00e7a e do Adolescente.<\/p>\n\n\n\n<p>Veja abaixo os postos itinerantes, onde ser\u00e3o entregues as cestas nesta sexta-feira, s\u00e1bado e domingo:<\/p>\n\n\n\n<p>1 \u2013 Jord\u00e3o, Lagoa Seca, Coqueiro de Monte Gordo e Cancelas (Monte Gordo);<\/p>\n\n\n\n<p>2 \u2013 Guajiruns, Rua da Usina, Rua do Ouro, Rua Maur\u00edcio Lima e Itaipu (Monte Gordo);<\/p>\n\n\n\n<p>3 \u2013 Alto da Mira, Rua do Palheiro, Rua do Lavra, Palheiro, Biriba, Capoeira Feia e Vargem da Meira (Monte Gordo);<\/p>\n\n\n\n<p>4 \u2013 Fazenda Mucambo II \u2013 Sem Terra (Monte Gordo);<\/p>\n\n\n\n<p>5 \u2013 Joia do Rio, Tiririca, Cachoeirinha e Itacimirim (Barra do Pojuca);<\/p>\n\n\n\n<p>6 \u2013 Lodo, Fazenda Cajazeira e Baratas (Barra do Pojuca);<\/p>\n\n\n\n<p>7 \u2013 Cajazeiras de Abrantes, \u00c1gua Fria, Maraca\u00fabas, Pau Grande, Sucupira, Rua do Leite, Terra Maior e Cordoaria (Vila de Abrantes);<\/p>\n\n\n\n<p>8 \u2013 Rancho Alegre (Vila de Abrantes);<\/p>\n\n\n\n<p>9 \u2013 Coqueiro de Arembepe, Piabas, A\u00e7u da Capivara, Pau Brasil, Fazenda Estivas, Mesqueira e Couro Dantas (Arembepe);<\/p>\n\n\n\n<p>10 \u2013 Catu de Abrantes;<\/p>\n\n\n\n<p>11 \u2013 Alto da Conquista.<\/p>\n\n\n\n<p>Fotos: Patrick Abreu<\/p>\n","protected":false},"excerpt":{"rendered":"<p>Nesta sexta-feira (11) a Prefeitura de Cama\u00e7ari deu a largada da entrega das 60 mil Cestas de P\u00e1scoa 2025. Por meio da Secretaria de Desenvolvimento Social e Cidadania (Sedes), o governo municipal iniciou a distribui\u00e7\u00e3o para os benefici\u00e1rios da zona rural e povoados, com sa\u00edda dos ve\u00edculos do Espa\u00e7o Cama\u00e7ari 2000, localizado na Avenida Jorge [&hellip;]<\/p>\n","protected":false},"author":1,"featured_media":5979,"comment_status":"open","ping_status":"open","sticky":false,"template":"","format":"standard","meta":{"footnotes":""},"categories":[8],"tags":[],"class_list":["post-5978","post","type-post","status-publish","format-standard","has-post-thumbnail","hentry","category-camacari"],"yoast_head":"<!-- This site is optimized with the Yoast SEO plugin v21.7 - https:\/\/yoast.com\/wordpress\/plugins\/seo\/ -->\n<title>Prefeitura inicia entrega das Cestas de P\u00e1scoa 2025 para 60 mil fam\u00edlias - Compartilha Bahia<\/title>\n<meta name=\"robots\" content=\"index, follow, max-snippet:-1, max-image-preview:large, max-video-preview:-1\" \/>\n<link rel=\"canonical\" href=\"https:\/\/compartilhabahia.com.br\/index.php\/2025\/04\/11\/prefeitura-inicia-entrega-das-cestas-de-pascoa-2025-para-60-mil-familias\/\" \/>\n<meta property=\"og:locale\" content=\"pt_BR\" \/>\n<meta property=\"og:type\" content=\"article\" \/>\n<meta property=\"og:title\" content=\"Prefeitura inicia entrega das Cestas de P\u00e1scoa 2025 para 60 mil fam\u00edlias - Compartilha Bahia\" \/>\n<meta property=\"og:description\" content=\"Nesta sexta-feira (11) a Prefeitura de Cama\u00e7ari deu a largada da entrega das 60 mil Cestas de P\u00e1scoa 2025. Por meio da Secretaria de Desenvolvimento Social e Cidadania (Sedes), o governo municipal iniciou a distribui\u00e7\u00e3o para os benefici\u00e1rios da zona rural e povoados, com sa\u00edda dos ve\u00edculos do Espa\u00e7o Cama\u00e7ari 2000, localizado na Avenida Jorge [&hellip;]\" \/>\n<meta property=\"og:url\" content=\"https:\/\/compartilhabahia.com.br\/index.php\/2025\/04\/11\/prefeitura-inicia-entrega-das-cestas-de-pascoa-2025-para-60-mil-familias\/\" \/>\n<meta property=\"og:site_name\" content=\"Compartilha Bahia\" \/>\n<meta property=\"article:publisher\" content=\"https:\/\/web.facebook.com\/compartilhabahia\" \/>\n<meta property=\"article:published_time\" content=\"2025-04-11T16:34:27+00:00\" \/>\n<meta property=\"article:modified_time\" content=\"2025-04-11T16:34:28+00:00\" \/>\n<meta property=\"og:image\" content=\"https:\/\/compartilhabahia.com.br\/wp-content\/uploads\/2025\/04\/entrega.jpg\" \/>\n\t<meta property=\"og:image:width\" content=\"1600\" \/>\n\t<meta property=\"og:image:height\" content=\"1066\" \/>\n\t<meta property=\"og:image:type\" content=\"image\/jpeg\" \/>\n<meta name=\"author\" content=\"admin\" \/>\n<meta name=\"twitter:card\" content=\"summary_large_image\" \/>\n<meta name=\"twitter:label1\" content=\"Escrito por\" \/>\n\t<meta name=\"twitter:data1\" content=\"admin\" \/>\n\t<meta name=\"twitter:label2\" content=\"Est. tempo de leitura\" \/>\n\t<meta name=\"twitter:data2\" content=\"3 minutos\" \/>\n<script type=\"application\/ld+json\" class=\"yoast-schema-graph\">{\"@context\":\"https:\/\/schema.org\",\"@graph\":[{\"@type\":\"Article\",\"@id\":\"https:\/\/compartilhabahia.com.br\/index.php\/2025\/04\/11\/prefeitura-inicia-entrega-das-cestas-de-pascoa-2025-para-60-mil-familias\/#article\",\"isPartOf\":{\"@id\":\"https:\/\/compartilhabahia.com.br\/index.php\/2025\/04\/11\/prefeitura-inicia-entrega-das-cestas-de-pascoa-2025-para-60-mil-familias\/\"},\"author\":{\"name\":\"admin\",\"@id\":\"https:\/\/compartilhabahia.com.br\/#\/schema\/person\/9b4f0c3178793b8248d6686732521c04\"},\"headline\":\"Prefeitura inicia entrega das Cestas de P\u00e1scoa 2025 para 60 mil fam\u00edlias\",\"datePublished\":\"2025-04-11T16:34:27+00:00\",\"dateModified\":\"2025-04-11T16:34:28+00:00\",\"mainEntityOfPage\":{\"@id\":\"https:\/\/compartilhabahia.com.br\/index.php\/2025\/04\/11\/prefeitura-inicia-entrega-das-cestas-de-pascoa-2025-para-60-mil-familias\/\"},\"wordCount\":430,\"commentCount\":0,\"publisher\":{\"@id\":\"https:\/\/compartilhabahia.com.br\/#organization\"},\"articleSection\":[\"Cama\u00e7ari\"],\"inLanguage\":\"pt-BR\",\"potentialAction\":[{\"@type\":\"CommentAction\",\"name\":\"Comment\",\"target\":[\"https:\/\/compartilhabahia.com.br\/index.php\/2025\/04\/11\/prefeitura-inicia-entrega-das-cestas-de-pascoa-2025-para-60-mil-familias\/#respond\"]}]},{\"@type\":\"WebPage\",\"@id\":\"https:\/\/compartilhabahia.com.br\/index.php\/2025\/04\/11\/prefeitura-inicia-entrega-das-cestas-de-pascoa-2025-para-60-mil-familias\/\",\"url\":\"https:\/\/compartilhabahia.com.br\/index.php\/2025\/04\/11\/prefeitura-inicia-entrega-das-cestas-de-pascoa-2025-para-60-mil-familias\/\",\"name\":\"Prefeitura inicia entrega das Cestas de P\u00e1scoa 2025 para 60 mil fam\u00edlias - Compartilha Bahia\",\"isPartOf\":{\"@id\":\"https:\/\/compartilhabahia.com.br\/#website\"},\"datePublished\":\"2025-04-11T16:34:27+00:00\",\"dateModified\":\"2025-04-11T16:34:28+00:00\",\"breadcrumb\":{\"@id\":\"https:\/\/compartilhabahia.com.br\/index.php\/2025\/04\/11\/prefeitura-inicia-entrega-das-cestas-de-pascoa-2025-para-60-mil-familias\/#breadcrumb\"},\"inLanguage\":\"pt-BR\",\"potentialAction\":[{\"@type\":\"ReadAction\",\"target\":[\"https:\/\/compartilhabahia.com.br\/index.php\/2025\/04\/11\/prefeitura-inicia-entrega-das-cestas-de-pascoa-2025-para-60-mil-familias\/\"]}]},{\"@type\":\"BreadcrumbList\",\"@id\":\"https:\/\/compartilhabahia.com.br\/index.php\/2025\/04\/11\/prefeitura-inicia-entrega-das-cestas-de-pascoa-2025-para-60-mil-familias\/#breadcrumb\",\"itemListElement\":[{\"@type\":\"ListItem\",\"position\":1,\"name\":\"In\u00edcio\",\"item\":\"https:\/\/compartilhabahia.com.br\/\"},{\"@type\":\"ListItem\",\"position\":2,\"name\":\"Prefeitura inicia entrega das Cestas de P\u00e1scoa 2025 para 60 mil fam\u00edlias\"}]},{\"@type\":\"WebSite\",\"@id\":\"https:\/\/compartilhabahia.com.br\/#website\",\"url\":\"https:\/\/compartilhabahia.com.br\/\",\"name\":\"Compartilha Bahia\",\"description\":\"\",\"publisher\":{\"@id\":\"https:\/\/compartilhabahia.com.br\/#organization\"},\"potentialAction\":[{\"@type\":\"SearchAction\",\"target\":{\"@type\":\"EntryPoint\",\"urlTemplate\":\"https:\/\/compartilhabahia.com.br\/?s={search_term_string}\"},\"query-input\":\"required name=search_term_string\"}],\"inLanguage\":\"pt-BR\"},{\"@type\":\"Organization\",\"@id\":\"https:\/\/compartilhabahia.com.br\/#organization\",\"name\":\"Compartilha Bahia\",\"url\":\"https:\/\/compartilhabahia.com.br\/\",\"logo\":{\"@type\":\"ImageObject\",\"inLanguage\":\"pt-BR\",\"@id\":\"https:\/\/compartilhabahia.com.br\/#\/schema\/logo\/image\/\",\"url\":\"https:\/\/compartilhabahia.com.br\/wp-content\/uploads\/2023\/12\/cropped-logo.png\",\"contentUrl\":\"https:\/\/compartilhabahia.com.br\/wp-content\/uploads\/2023\/12\/cropped-logo.png\",\"width\":300,\"height\":106,\"caption\":\"Compartilha Bahia\"},\"image\":{\"@id\":\"https:\/\/compartilhabahia.com.br\/#\/schema\/logo\/image\/\"},\"sameAs\":[\"https:\/\/web.facebook.com\/compartilhabahia\",\"https:\/\/www.instagram.com\/compartilhabahia\/\"]},{\"@type\":\"Person\",\"@id\":\"https:\/\/compartilhabahia.com.br\/#\/schema\/person\/9b4f0c3178793b8248d6686732521c04\",\"name\":\"admin\",\"image\":{\"@type\":\"ImageObject\",\"inLanguage\":\"pt-BR\",\"@id\":\"https:\/\/compartilhabahia.com.br\/#\/schema\/person\/image\/\",\"url\":\"https:\/\/secure.gravatar.com\/avatar\/9600df58751c5acbe914c538c03390ef649ea088cb65f84ba09c7ce66988eed6?s=96&d=mm&r=g\",\"contentUrl\":\"https:\/\/secure.gravatar.com\/avatar\/9600df58751c5acbe914c538c03390ef649ea088cb65f84ba09c7ce66988eed6?s=96&d=mm&r=g\",\"caption\":\"admin\"},\"sameAs\":[\"https:\/\/compartilhabahia.com.br\"],\"url\":\"https:\/\/compartilhabahia.com.br\/index.php\/author\/compartilhabahia\/\"}]}<\/script>\n<!-- \/ Yoast SEO plugin. -->","yoast_head_json":{"title":"Prefeitura inicia entrega das Cestas de P\u00e1scoa 2025 para 60 mil fam\u00edlias - Compartilha Bahia","robots":{"index":"index","follow":"follow","max-snippet":"max-snippet:-1","max-image-preview":"max-image-preview:large","max-video-preview":"max-video-preview:-1"},"canonical":"https:\/\/compartilhabahia.com.br\/index.php\/2025\/04\/11\/prefeitura-inicia-entrega-das-cestas-de-pascoa-2025-para-60-mil-familias\/","og_locale":"pt_BR","og_type":"article","og_title":"Prefeitura inicia entrega das Cestas de P\u00e1scoa 2025 para 60 mil fam\u00edlias - Compartilha Bahia","og_description":"Nesta sexta-feira (11) a Prefeitura de Cama\u00e7ari deu a largada da entrega das 60 mil Cestas de P\u00e1scoa 2025. Por meio da Secretaria de Desenvolvimento Social e Cidadania (Sedes), o governo municipal iniciou a distribui\u00e7\u00e3o para os benefici\u00e1rios da zona rural e povoados, com sa\u00edda dos ve\u00edculos do Espa\u00e7o Cama\u00e7ari 2000, localizado na Avenida Jorge [&hellip;]","og_url":"https:\/\/compartilhabahia.com.br\/index.php\/2025\/04\/11\/prefeitura-inicia-entrega-das-cestas-de-pascoa-2025-para-60-mil-familias\/","og_site_name":"Compartilha Bahia","article_publisher":"https:\/\/web.facebook.com\/compartilhabahia","article_published_time":"2025-04-11T16:34:27+00:00","article_modified_time":"2025-04-11T16:34:28+00:00","og_image":[{"width":1600,"height":1066,"url":"https:\/\/compartilhabahia.com.br\/wp-content\/uploads\/2025\/04\/entrega.jpg","type":"image\/jpeg"}],"author":"admin","twitter_card":"summary_large_image","twitter_misc":{"Escrito por":"admin","Est. tempo de leitura":"3 minutos"},"schema":{"@context":"https:\/\/schema.org","@graph":[{"@type":"Article","@id":"https:\/\/compartilhabahia.com.br\/index.php\/2025\/04\/11\/prefeitura-inicia-entrega-das-cestas-de-pascoa-2025-para-60-mil-familias\/#article","isPartOf":{"@id":"https:\/\/compartilhabahia.com.br\/index.php\/2025\/04\/11\/prefeitura-inicia-entrega-das-cestas-de-pascoa-2025-para-60-mil-familias\/"},"author":{"name":"admin","@id":"https:\/\/compartilhabahia.com.br\/#\/schema\/person\/9b4f0c3178793b8248d6686732521c04"},"headline":"Prefeitura inicia entrega das Cestas de P\u00e1scoa 2025 para 60 mil fam\u00edlias","datePublished":"2025-04-11T16:34:27+00:00","dateModified":"2025-04-11T16:34:28+00:00","mainEntityOfPage":{"@id":"https:\/\/compartilhabahia.com.br\/index.php\/2025\/04\/11\/prefeitura-inicia-entrega-das-cestas-de-pascoa-2025-para-60-mil-familias\/"},"wordCount":430,"commentCount":0,"publisher":{"@id":"https:\/\/compartilhabahia.com.br\/#organization"},"articleSection":["Cama\u00e7ari"],"inLanguage":"pt-BR","potentialAction":[{"@type":"CommentAction","name":"Comment","target":["https:\/\/compartilhabahia.com.br\/index.php\/2025\/04\/11\/prefeitura-inicia-entrega-das-cestas-de-pascoa-2025-para-60-mil-familias\/#respond"]}]},{"@type":"WebPage","@id":"https:\/\/compartilhabahia.com.br\/index.php\/2025\/04\/11\/prefeitura-inicia-entrega-das-cestas-de-pascoa-2025-para-60-mil-familias\/","url":"https:\/\/compartilhabahia.com.br\/index.php\/2025\/04\/11\/prefeitura-inicia-entrega-das-cestas-de-pascoa-2025-para-60-mil-familias\/","name":"Prefeitura inicia entrega das Cestas de P\u00e1scoa 2025 para 60 mil fam\u00edlias - Compartilha Bahia","isPartOf":{"@id":"https:\/\/compartilhabahia.com.br\/#website"},"datePublished":"2025-04-11T16:34:27+00:00","dateModified":"2025-04-11T16:34:28+00:00","breadcrumb":{"@id":"https:\/\/compartilhabahia.com.br\/index.php\/2025\/04\/11\/prefeitura-inicia-entrega-das-cestas-de-pascoa-2025-para-60-mil-familias\/#breadcrumb"},"inLanguage":"pt-BR","potentialAction":[{"@type":"ReadAction","target":["https:\/\/compartilhabahia.com.br\/index.php\/2025\/04\/11\/prefeitura-inicia-entrega-das-cestas-de-pascoa-2025-para-60-mil-familias\/"]}]},{"@type":"BreadcrumbList","@id":"https:\/\/compartilhabahia.com.br\/index.php\/2025\/04\/11\/prefeitura-inicia-entrega-das-cestas-de-pascoa-2025-para-60-mil-familias\/#breadcrumb","itemListElement":[{"@type":"ListItem","position":1,"name":"In\u00edcio","item":"https:\/\/compartilhabahia.com.br\/"},{"@type":"ListItem","position":2,"name":"Prefeitura inicia entrega das Cestas de P\u00e1scoa 2025 para 60 mil fam\u00edlias"}]},{"@type":"WebSite","@id":"https:\/\/compartilhabahia.com.br\/#website","url":"https:\/\/compartilhabahia.com.br\/","name":"Compartilha Bahia","description":"","publisher":{"@id":"https:\/\/compartilhabahia.com.br\/#organization"},"potentialAction":[{"@type":"SearchAction","target":{"@type":"EntryPoint","urlTemplate":"https:\/\/compartilhabahia.com.br\/?s={search_term_string}"},"query-input":"required name=search_term_string"}],"inLanguage":"pt-BR"},{"@type":"Organization","@id":"https:\/\/compartilhabahia.com.br\/#organization","name":"Compartilha Bahia","url":"https:\/\/compartilhabahia.com.br\/","logo":{"@type":"ImageObject","inLanguage":"pt-BR","@id":"https:\/\/compartilhabahia.com.br\/#\/schema\/logo\/image\/","url":"https:\/\/compartilhabahia.com.br\/wp-content\/uploads\/2023\/12\/cropped-logo.png","contentUrl":"https:\/\/compartilhabahia.com.br\/wp-content\/uploads\/2023\/12\/cropped-logo.png","width":300,"height":106,"caption":"Compartilha Bahia"},"image":{"@id":"https:\/\/compartilhabahia.com.br\/#\/schema\/logo\/image\/"},"sameAs":["https:\/\/web.facebook.com\/compartilhabahia","https:\/\/www.instagram.com\/compartilhabahia\/"]},{"@type":"Person","@id":"https:\/\/compartilhabahia.com.br\/#\/schema\/person\/9b4f0c3178793b8248d6686732521c04","name":"admin","image":{"@type":"ImageObject","inLanguage":"pt-BR","@id":"https:\/\/compartilhabahia.com.br\/#\/schema\/person\/image\/","url":"https:\/\/secure.gravatar.com\/avatar\/9600df58751c5acbe914c538c03390ef649ea088cb65f84ba09c7ce66988eed6?s=96&d=mm&r=g","contentUrl":"https:\/\/secure.gravatar.com\/avatar\/9600df58751c5acbe914c538c03390ef649ea088cb65f84ba09c7ce66988eed6?s=96&d=mm&r=g","caption":"admin"},"sameAs":["https:\/\/compartilhabahia.com.br"],"url":"https:\/\/compartilhabahia.com.br\/index.php\/author\/compartilhabahia\/"}]}},"_links":{"self":[{"href":"https:\/\/compartilhabahia.com.br\/index.php\/wp-json\/wp\/v2\/posts\/5978","targetHints":{"allow":["GET"]}}],"collection":[{"href":"https:\/\/compartilhabahia.com.br\/index.php\/wp-json\/wp\/v2\/posts"}],"about":[{"href":"https:\/\/compartilhabahia.com.br\/index.php\/wp-json\/wp\/v2\/types\/post"}],"author":[{"embeddable":true,"href":"https:\/\/compartilhabahia.com.br\/index.php\/wp-json\/wp\/v2\/users\/1"}],"replies":[{"embeddable":true,"href":"https:\/\/compartilhabahia.com.br\/index.php\/wp-json\/wp\/v2\/comments?post=5978"}],"version-history":[{"count":1,"href":"https:\/\/compartilhabahia.com.br\/index.php\/wp-json\/wp\/v2\/posts\/5978\/revisions"}],"predecessor-version":[{"id":5980,"href":"https:\/\/compartilhabahia.com.br\/index.php\/wp-json\/wp\/v2\/posts\/5978\/revisions\/5980"}],"wp:featuredmedia":[{"embeddable":true,"href":"https:\/\/compartilhabahia.com.br\/index.php\/wp-json\/wp\/v2\/media\/5979"}],"wp:attachment":[{"href":"https:\/\/compartilhabahia.com.br\/index.php\/wp-json\/wp\/v2\/media?parent=5978"}],"wp:term":[{"taxonomy":"category","embeddable":true,"href":"https:\/\/compartilhabahia.com.br\/index.php\/wp-json\/wp\/v2\/categories?post=5978"},{"taxonomy":"post_tag","embeddable":true,"href":"https:\/\/compartilhabahia.com.br\/index.php\/wp-json\/wp\/v2\/tags?post=5978"}],"curies":[{"name":"wp","href":"https:\/\/api.w.org\/{rel}","templated":true}]}}