{"id":5975,"date":"2025-04-12T11:09:51","date_gmt":"2025-04-12T14:09:51","guid":{"rendered":"https:\/\/compartilhabahia.com.br\/?p=5975"},"modified":"2025-04-12T22:32:39","modified_gmt":"2025-04-13T01:32:39","slug":"confira-a-programacao-da-semana-santa-nas-paroquias-da-diocese-de-camacari","status":"publish","type":"post","link":"https:\/\/compartilhabahia.com.br\/index.php\/2025\/04\/12\/confira-a-programacao-da-semana-santa-nas-paroquias-da-diocese-de-camacari\/","title":{"rendered":"Confira a programa\u00e7\u00e3o da Semana Santa nas Par\u00f3quias da Diocese de Cama\u00e7ari"},"content":{"rendered":"\n<p>As par\u00f3quias da Diocese de Cama\u00e7ari est\u00e3o se preparando para viver intensamente a Semana Santa, a Semana maior da f\u00e9 crist\u00e3 que nos conduz pelos mist\u00e9rios da Paix\u00e3o, Morte e Ressurrei\u00e7\u00e3o de Cristo.<\/p>\n\n\n\n<p>A Semana Santa inicia com o Domingo de Ramos, no dia 13 de abril e segue at\u00e9 o Domingo de P\u00e1scoa, 20 de abril. No centro dessa caminhada est\u00e1 o Tr\u00edduo Pascal, celebrados entre a quinta-feira santa (17\/04) e o s\u00e1bado santo (19\/04) e a P\u00e1scoa do Senhor, o maior e mais importante mist\u00e9rio da f\u00e9 crist\u00e3: a Ressurrei\u00e7\u00e3o de Cristo e vit\u00f3ria da vida sobre a morte.<\/p>\n\n\n\n<p>Confira a programa\u00e7\u00e3o das Par\u00f3quias da Diocese de Cama\u00e7ari:<\/p>\n\n\n\n<p>CAMA\u00c7ARI<\/p>\n\n\n\n<p>PAR\u00d3QUIA S\u00c3O THOMAZ DE CANTU\u00c1RIA (Centro)<\/p>\n\n\n\n<p>13\/04 \u2013 DOMINGO DE RAMOS<\/p>\n\n\n\n<p>6h30 B\u00ean\u00e7\u00e3o dos Ramos e prociss\u00e3o saindo da C\u00e2mara Municipal de Cama\u00e7ari. Missa campal na pra\u00e7a da Catedral.<br>18h B\u00ean\u00e7\u00e3o dos Ramos e Missa.<\/p>\n\n\n\n<p>14\/04 \u2013 SEGUNDA-FEIRA SANTA 8h &#8211; Missa<br>15\/04 \u2013 TER\u00c7A-FEIRA SANTA 8h \u2013 Missa \/ 19h Ter\u00e7o Luminoso nas pra\u00e7as<\/p>\n\n\n\n<p>16\/04-QUARTA-FEIRA SANTA<br>9h Missa com un\u00e7\u00e3o dos enfermos<br>19h \u2013 Prociss\u00e3o do encontro.<br>Par\u00f3quia Cristo Ressuscitado (Bom Jesus dos Passos)<br>Casa do Trabalho ( Nossa Senhora das dores).<br>Ponto de encontro na prefeitura e segue para catedral onde acontecer\u00e1 a b\u00ean\u00e7\u00e3o.<\/p>\n\n\n\n<p>17\/04 \u2013 QUINTA-FEIRA SANTA<br>8h Oficio da Liturgia das Horas com o Cabido Diocesano.<br>9h Missa dos Santos \u00d3leos<br>19h Missa da Ceia do Senhor e lava-p\u00e9s \u2013 Catedral e N.Sra da Concei\u00e7\u00e3o.<\/p>\n\n\n\n<p>18\/04 \u2013 SEXTA-FEIRA SANTA<br>6h Via Sacra saindo da Pra\u00e7a da Gleba B para a Catedral.<br>16h Celebra\u00e7\u00e3o da Paix\u00e3o do Senhor seguida da prociss\u00e3o com o Senhor Morto com as par\u00f3quias da sede.<\/p>\n\n\n\n<p>19\/04 \u2013 S\u00c1BADO SANTO<br>8h Venera\u00e7\u00e3o ao Senhor morto e oficio solene da liturgia das horas (Matinas e laudes)<br>18h \u2013 Vigilia Pascal (Catedral e N.Sra da Concei\u00e7\u00e3o)<br>20\/04 DOMINGO DE P\u00c1SCOA<br>7h,9h30h, 18h \u2013 Catedral<br>7h -Com.S\u00e3o Paulo Ap\u00f3stolo<br>18h30 Com.N.Sra da Concei\u00e7\u00e3o<\/p>\n\n\n\n<p>PAR\u00d3QUIA S\u00c3O TOM\u00c9 AP\u00d3STOLO (Gleba E)<\/p>\n\n\n\n<p>13\/04 DOMINGO DE RAMOS<br>17h Prociss\u00e3o saindo da Matriz<\/p>\n\n\n\n<p>14\/04 SEGUNFA-FEIRA SANTA<br>18h30 Missa da Miseric\u00f3rdia &#8211; Matriz<\/p>\n\n\n\n<p>15\/04 TER\u00c7A-FEIRA SANTA<br>18h30 Of\u00edcio das Trevas \u2013 Matriz<\/p>\n\n\n\n<p>16\/04 QUARTA-FEIRA SANTA<br>18h30 Prociss\u00e3o do Encontro<br>Mulheres saindo da Comunidade Nossa Senhora Aparecida e Homens saindo da Comunidade Nossa Senhora das Gra\u00e7as<\/p>\n\n\n\n<p>17\/04 QUINTA-FEIRA SANTA<br>19h &#8211; Missa da institui\u00e7\u00e3o da Eucaristia e lava p\u00e9s &#8211; Matriz<\/p>\n\n\n\n<p>18\/04 SEXTA-FEIRA SANTA<br>5h Via-sacra saindo da Matriz<br>15h Celebra\u00e7\u00e3o da Paix\u00e3o 15h na Matriz<\/p>\n\n\n\n<p>19\/04 S\u00c1BADO SANTO<br>5h &#8211; Of\u00edcio da Un\u00e7\u00e3o \u00e0s 5h<br>18h Prociss\u00e3o luminosa saindo da Comunidade M\u00e3e Rainha<\/p>\n\n\n\n<p>20\/04 DOMINGO DE P\u00c1SCOA<br>7h Caminhada da Alegria saindo da Matriz finalizando com Missa \u00fanica<\/p>\n\n\n\n<p>PAR\u00d3QUIA SENHORA SANT\u2019ANA (Gleba A)<\/p>\n\n\n\n<p>13\/04 DOMINGO DE RAMOS<br>19h Missa na Igreja Matriz<\/p>\n\n\n\n<p>14\/04 SEGUNDA-FEIRA SANTA<br>19h \u2013 Cine Paix\u00e3o na Igreja Matriz<\/p>\n\n\n\n<p>15\/04 TER\u00c7A-FEIRA SANTA<br>19h &#8211; Celebra\u00e7\u00e3o Penitencial na Matriz<\/p>\n\n\n\n<p>16\/04 QUARTA-FEIRA SANTA<br>Prociss\u00e3o do Encontro<br>Mulheres saindo da Com. Perp\u00e9tuo Socorro e Homens da Com.Cristo Rei<\/p>\n\n\n\n<p>17\/04 QUINTA-FEIRA SANTA<br>19h Missa da Ceia do Senhor \u2013 Matriz e Perp\u00e9tuo Socorro<\/p>\n\n\n\n<p>18\/04 SEXTA-FEIRA SANTA<br>15h Celebra\u00e7\u00e3o da Paix\u00e3o \u2013 Matriz e Perp\u00e9tuo Socorro.<\/p>\n\n\n\n<p>19\/04 S\u00c1BADO SANTO<br>18h \u2013 Vig\u00edlia Pascal \u2013 Matriz<\/p>\n\n\n\n<p>20\/04 DOMINGO DE P\u00c1SCOA<br>7h30 e 19h \u2013 Missa na Matriz<br>10h \u2013 Missa na Com.Santo Ant\u00f4nio<br>17h \u2013 Missa na Com. Perp\u00e9tuo Socorro<\/p>\n\n\n\n<p>PAR\u00d3QUIA SANTA LUZIA (Gleba C)<\/p>\n\n\n\n<p>14\/04 SEGUNDA-FEIRA SANTA<br>18h \u2013 Santo Ter\u00e7o e adora\u00e7\u00e3o em inten\u00e7\u00e3o das almas do purgat\u00f3rio \u2013 Com.S\u00e3o Jos\u00e9<\/p>\n\n\n\n<p>15\/04 TER\u00c7A-FEIRA SANTA<br>18h Ter\u00e7o da Miseric\u00f3rdia e Missa na Com.N.Sra da Visita\u00e7\u00e3o e Liberta\u00e7\u00e3o<\/p>\n\n\n\n<p>16\/04 QUARTA-FEIRA SANTA<br>18h Prociss\u00e3o do Encontro<br>Homens : Saindo da Com.S\u00e3o Jos\u00e9<br>Mulheres: Saindo da Com.Imaculado Cora\u00e7\u00e3o de Maria<\/p>\n\n\n\n<p>17\/04 QUINTA-FEIRA SANTA<br>18h &#8211; Missa da Ceia do Senhor na Igreja Matriz<\/p>\n\n\n\n<p>18\/04 SEXTA-FEIRA SANTA<br>5h Via Sacra saindo da Com.Imaculado Cora\u00e7\u00e3o de Maria.<br>15h \u2013 Celebra\u00e7\u00e3o da Paix\u00e3o na Igreja Matriz.<\/p>\n\n\n\n<p>19\/04 S\u00c1BADO SANTO<br>18h Vig\u00edlia Pascal na Igreja Matriz<\/p>\n\n\n\n<p>20\/04 DOMINGO DE P\u00c1SCOA<br>7h Missa na Igreja Matriz<br>9h30 Missa na Com.S\u00e3o Jos\u00e9<\/p>\n\n\n\n<p>PAR\u00d3QUIA CRISTO RESSUSCITADO (Inocoop)<br>13\/04 DOMINGO DE RAMOS<br>14\/04 SEGUNDA-FEIRA SANTA<br>15\/04 TER\u00c7A-FEIRA SANTA<br>16\/04 QUARTA-FEIRA SANTA<br>17\/04 QUINTA-FEIRA SANTA<br>18\/04 SEXTA-FEIRA SANTA<br>19\/04 S\u00c1BADO SANTO<br>20\/04 DOMINGO DE P\u00c1SCOA<\/p>\n\n\n\n<p>QUASE PAR\u00d3QUIA S\u00c3O JOS\u00c9 OPER\u00c1RIO (Novo Horizonte)<br>13\/04 &#8211; DOMINGO DE RAMOS<br>18h30 Missa Guadalupe<\/p>\n\n\n\n<p>17\/04 &#8211; QUINTA FEIRA SANTA (Ceia e lava-p\u00e9s):<br>17:30h \u2013 Missa MISERIC\u00d3RDIA (Parque das Mangabas)<br>18:30h \u2013 Missa Com.N.Sra de Guadalupe<\/p>\n\n\n\n<p>18\/04\/ &#8211; SEXTA-FEIRA SANTA<br>5h Via Sacra saindo de S\u00e3o Crist\u00f3v\u00e3o para a frente da matriz na cruz.<br>Celebra\u00e7\u00e3o da Paix\u00e3o do Senhor<br>17h Com.Guadalupe<br>17h Com. N.Sra da Gl\u00f3ria<br>19\/04 &#8211; (S\u00c1BADO) VIG\u00cdLIA PASCAL<br>19h \u2013 Com. S\u00e3o Jos\u00e9 Esposo<br>19h \u2013 Com. Guadalupe<br>20\/04 &#8211; DOMINGO DE P\u00c1SCOA<br>8h \u2013 Missa Com. S\u00e3o Crist\u00f3v\u00e3o<br>10h &#8211; Missa Com. Eucar\u00edstica da Miseric\u00f3rdia<br>17h &#8211; Missa Com.N .Sra de F\u00e1tima<br>18:30h &#8211; Missa Com.N.Sra de Guadalupe<\/p>\n\n\n\n<p>DIVINO ESP\u00cdRITO SANTO (Vila de Abrantes)<br>13\/04 DOMINGO DE RAMOS<br>5h30- B\u00ean\u00e7\u00e3o dos Ramos na Matriz e caminhada para o Clube da Caixa Econ\u00f4mica.<br>na entrada que vai para a Comunidade Ns de Loreto (Boa Uni\u00e3o)<\/p>\n\n\n\n<p>18h \u2013 Missa de Ramos na Matriz<\/p>\n\n\n\n<p>15\/04 TER\u00c7A-FEIRA SANTA<br>18h \u2013 Ora\u00e7\u00e3o do Ter\u00e7o das sete dores de Nossa Senhora na Matriz<br>19h \u2013 Missa na Matriz<\/p>\n\n\n\n<p>16\/04 QUARTA-FEIRA SANTA<br>19h \u2013 Missa na Com.Sagrada Fam\u00edlia.<\/p>\n\n\n\n<p>17\/04 QUINTA-FEIRA SANTA<br>19h Missa na Igreja Matriz<br>19h Celebra\u00e7\u00e3o na Comunidade CATU \u2013 Setor 3<br>19h Celebra\u00e7\u00e3o na Comunidade Sagrada Fam\u00edlia \u2013 Setor 2<br>19h Missa na Comunidade S\u00e3o Miguel \u2013 Setor 4<\/p>\n\n\n\n<p>18\/04 SEXTA-FEIRA SANTA<br>Celebra\u00e7\u00e3o da Paix\u00e3o<br>16h Matriz<br>16h Comunidade Catu com o Setor 3<br>16h Comunidade Sagrada Fam\u00edlia com o Setor 2<br>16h Comunidade S\u00e3o Miguel com o Setor 04<\/p>\n\n\n\n<p>19\/04 S\u00c1BADO SANTO<br>18h \u2013 Vig\u00edlia Pascal Igreja Matriz<br>18h \u2013 Vig\u00edlia Pascal \u2013 iniciando com a Ben\u00e7\u00e3o do Fogo na Associa\u00e7\u00e3o<\/p>\n\n\n\n<p>20\/04 DOMINGO DE P\u00c1SCOA<br>07h &#8211; Comunidade Matriz<br>09h \u2013 Comunidade S\u00e3o Francisco de Assis<br>09h \u2013 Comunidade Nossa Senhora de Loreto<br>09h \u2013 Comunidade Sagrada Fam\u00edlia<br>10h30 \u2013 Comunidade Nossa Senhora de F\u00e1tima<br>10h30 \u2013 Comunidade Santa Ana<br>10h30 \u2013 Comunidade S\u00e3o Roque<br>10h30 \u2013 Comunidade Nossa Senhora do Parto<br>18h00 &#8211; Comunidade Matriz<\/p>\n\n\n\n<p>S\u00c3O BENTO (Monte Gordo)<br>13\/04 DOMINGO DE RAMOS<br>6h20 \u2013 Prociss\u00e3o saindo da pra\u00e7a da Harmonia (Lot.S\u00e3o Bento)<br>Santa Missa na Igreja Matriz.<br>8h30 Santa Missa em Barra do Jacu\u00edpe<br>16\/04 QUARTA-FEIRA SANTA<br>7h Missa na Igreja Matriz<br>17\/04 QUINTA-FEIRA SANTA<br>Institui\u00e7\u00e3o da Eucaristia<br>17h Missa em Barra do Jacu\u00edpe<br>18h30 Missa na Igreja Matriz<\/p>\n\n\n\n<p>18\/04 SEXTA-FEIRA SANTA<br>6h Via Sacra saindo da Pra\u00e7a Bom Jesus at\u00e9 a Matriz.<br>17h Celebra\u00e7\u00e3o da Paix\u00e3o &#8211; Matriz<br>17h Celebra\u00e7\u00e3o da Paix\u00e3o \u2013 Jacu\u00edpe<br>18h Celebra\u00e7\u00e3o da Paix\u00e3o &#8211; Guarajuba<\/p>\n\n\n\n<p>19\/04 S\u00c1BADO SANTO<br>19h Vig\u00edlia Pascal \u2013 Matriz<\/p>\n\n\n\n<p>20\/04 DOMINGO DE P\u00c1SCOA<br>7h Missa na Matriz<br>8h30 Sana Missa em Barra de Jacu\u00edpe<br>18h Missa em Guarajuba<\/p>\n\n\n\n<p>PAR\u00d3QUIA S\u00c3O FRANCISCO DE AREMBEPE<br>13\/04 DOMINGO DE RAMOS<br>6h \u2013 Prociss\u00e3o saindo da Igreja Matriz<br>Santa Missa na Com.N.Sra da Concei\u00e7\u00e3o (Volta do Robalo)<\/p>\n\n\n\n<p>15\/04 TER\u00c7A-FEIRA SANTA<br>18h Confiss\u00f5es na igreja Matriz.<br>19h Encena\u00e7\u00e3o da Via Sacra na Pra\u00e7a da Matriz.<\/p>\n\n\n\n<p>16\/04 QUARTA-FEIRA SANTA<br>19h Prociss\u00e3o do Encontro<br>Homens : Com.Santo Ant\u00f4nio<br>Mulheres : Com.N.Sra da Concei\u00e7\u00e3o<\/p>\n\n\n\n<p>17\/04 QUINTA-FEIRA SANTA<br>19h Missa do Ceia do Senhor \u2013 Com.N.Sra da Concei\u00e7\u00e3o<\/p>\n\n\n\n<p>18\/04 SEXTA-FEIRA SANTA<br>Via Sacra nas Comunidades<br>16h Celebra\u00e7\u00e3o da Paix\u00e3o \u2013 Com.N.Sra da Concei\u00e7\u00e3o<\/p>\n\n\n\n<p>19\/04 S\u00c1BADO SANTO<br>19h Vig\u00edlia Pascal \u2013 Com.N.Sra da Concei\u00e7\u00e3o<\/p>\n\n\n\n<p>20\/04 DOMINGO DE P\u00c1SCOA<br>7h Com.N.Sra da Concei\u00e7\u00e3o<br>9h Igreja Matriz<br>18h Com.S\u00e3o Paulo Apostolo<\/p>\n\n\n\n<p>PAR\u00d3QUIA NOSSA SENHORA DE F\u00c1TIMA (BARRA DO POJUCA)<br>13\/04 DOMINGO DE P\u00c1SCOA<br>12\/04- 18h Prociss\u00e3o de Ramos em Itacimirim<br>13\/04 \u2013 7h30 Prociss\u00e3o na matriz, Capela Sagrada Fam\u00edlia (Areial)<br>10h- Cajazeiras<br>15h30 Cachoeirinha<br>18h Matriz<\/p>\n\n\n\n<p>14\/04 SEGUNDA-FEIRA SANTA<br>15\/04 TER\u00c7A-FEIRA SANTA<\/p>\n\n\n\n<p>16\/04 QUARTA-FEIRA SANTA<br>18h Confiss\u00f5es na Igreja Matriz<\/p>\n\n\n\n<p>17\/04 QUINTA-FEIRA SANTA<br>18h Missa da Ceia do Senhor- Matriz<\/p>\n\n\n\n<p>18\/04 SEXTA-FEIRA SANTA<br>7h \u2013 Ora\u00e7\u00e3o da manh\u00e3<br>Celebra\u00e7\u00e3o da Paix\u00e3o<br>15h em Cachoeirinha<br>17h Matriz<\/p>\n\n\n\n<p>19\/04 S\u00c1BADO SANTO<br>7h Ora\u00e7\u00e3o da manh\u00e3 na matriz<br>18h Vig\u00edlia Pascal na matriz<\/p>\n\n\n\n<p>20\/04 DOMINGO DE P\u00c1SCOA<br>8h e 18h \u2013 Missa na Matriz<\/p>\n\n\n\n<p>DIAS D\u2019\u00c1VILA<\/p>\n\n\n\n<p>PAR\u00d3QUIA NOSSA SENHORA DA BOA VIAGEM (Centro)<br>13\/04 DOMINGO DE RAMOS<br>6h Prociss\u00e3o saindo do Imbassai com as duas Par\u00f3quias , caminhada ate a Matriz da Boa Viagem encerrando com a Missa.<br>17h \u2013 Missa na Igreja Matriz.<\/p>\n\n\n\n<p>14\/04 SEGUNDA-FEIRA SANTA<br>17h &#8211; Atendimento de Confiss\u00f5es na Matriz<br>18h &#8211; Leituras e Salmos na Matriz<br>15\/04 TER\u00c7A-FEIRA SANTA<br>09h30 \u2013 Missa dos enfermos<br>18h &#8211; Of\u00edcio Das Trevas na Matriz<\/p>\n\n\n\n<p>16\/04 QUARTA-FEIRA SANTA<br>18:30h \u2013 Prociss\u00e3o do Encontro Dos Homens e Mulheres<br>Homens: Saindo do Imbassai \u2013 Com Nosso Senhor Dos Passos<br>Mulheres: Saindo da Igreja Matriz Com N. Das Dores, se encontrando na pra\u00e7a Augusto Guiotti (Pra\u00e7a da antiga social), encerrando com a Santa Missa na Par\u00f3quia Santo Ant\u00f4nio Galv\u00e3o.<\/p>\n\n\n\n<p>17\/04 QUINTA-FEIRA SANTA<br>19h &#8211; Missa da Ceia do Senhor &#8211; Lava p\u00e9s<br>TRANSLADO CERIMONIAL \u2013 ENCERRANDO \u00c0S 00:00<\/p>\n\n\n\n<p>18\/04 SEXTA-FEIRA SANTA<br>5h- Via Sacra &#8211; Saindo da Pra\u00e7a ACM duas par\u00f3quias para o cruzeiro.<br>12h \u2013 Ter\u00e7o da Miseric\u00f3rdia na Matriz<br>16h &#8211; Celebra\u00e7\u00e3o da Paix\u00e3o do Senhor Ap\u00f3s prociss\u00e3o do Senhor morto \u2013 Santa Luzia<\/p>\n\n\n\n<p>19\/04 S\u00c1BADO SANTO<br>8h &#8211; Ora\u00e7\u00e3o das Laudes na Matriz<br>18:30h \u2013 Vig\u00edlia Pascal na Matriz<\/p>\n\n\n\n<p>20\/04 DOMINGO DE P\u00c1SCOA<br>7h e 17h &#8211; Santa Missa na Matriz<br>9h \u2013 Com. Sto. Ant\u00f4nio<br>10h \u2013 Com. Sta. Dulce<\/p>\n\n\n\n<p>SANTO ANT\u00d4NIO DE SANT\u2019ANNA GALV\u00c3O (Lessa)<br>13\/04 DOMINGO DE RAMOS<br>6h30 Prociss\u00e3o saindo do Imbassai com as duas Par\u00f3quias, caminhada at\u00e9 a Matriz da Boa Viagem encerrando com a Missa.<\/p>\n\n\n\n<p>14\/04 SEGUNDA-FEIRA SANTA<\/p>\n\n\n\n<p>18h. Ter\u00e7o Luminoso com os Mist\u00e9rios Dolorosos \u2013 (Nas Pra\u00e7as: Matriz e Comunidades).<\/p>\n\n\n\n<p>15\/04 TER\u00c7A-FEIRA SANTA<br>18:30h &#8211; Missa da Penit\u00eancia.<br>16\/04 QUARTA-FEIRA SANTA<br>10h &#8211; Missa dos Enfermos \u2013 Matriz.<br>18h30 \u2013 Prociss\u00e3o do Encontro \u2013 Sa\u00edda \u00e0s 18:30h &#8211; Homens saindo da Pra\u00e7a do Imbassay com Nosso Senhor dos Passos e mulheres da Igreja Matriz N. Sra. da Boa Viagem com Nossa Senhora das Dores, se encontrando na Pra\u00e7a da antiga social, encerrando com a Santa Missa na Igreja Matriz Santo Ant\u00f4nio Galv\u00e3o.<\/p>\n\n\n\n<p>17\/04 QUINTA-FEIRA SANTA<br>18h30 &#8211; Ceia do Senhor \u2013Matriz e Com. Santo Expedito<\/p>\n\n\n\n<p>18\/04 SEXTA-FEIRA SANTA<br>5h &#8211; Subida ao Morro Monte do Cruzeiro \u2013 Concentra\u00e7\u00e3o na Pra\u00e7a ACM.<br>15h Celebra\u00e7\u00e3o da Paix\u00e3o e Morte do Senhor &#8211; Com. S\u00e3o Jos\u00e9 Oper\u00e1rio.<br>17h\u2013 Matriz Santo Ant\u00f4nio de Sant\u2019Anna Galv\u00e3o e Com. Santo Expedito<\/p>\n\n\n\n<p>19\/04 S\u00c1BADO SANTO<br>18h30 \u2013 Celebra\u00e7\u00e3o da Vig\u00edlia Pascal \u2013 Matriz e Com. Santo Expedito<br>20\/04 DOMINGO DE P\u00c1SCOA<br>7h \u2013 Domingo da Ressurrei\u00e7\u00e3o do Senhor \u2013 Matriz.<\/p>\n\n\n\n<p>CLIQUE E CONFIRA A PROGRAMA\u00c7\u00c3O DA SEMANA SANTA EM : Sim\u00f5es Filho, Candeias, S\u00e3o Sebasti\u00e3o do Pass\u00e9, S\u00e3o Francisco do Conde, Madre de Deus e Terra Nova<\/p>\n","protected":false},"excerpt":{"rendered":"<p>As par\u00f3quias da Diocese de Cama\u00e7ari est\u00e3o se preparando para viver intensamente a Semana Santa, a Semana maior da f\u00e9 crist\u00e3 que nos conduz pelos mist\u00e9rios da Paix\u00e3o, Morte e Ressurrei\u00e7\u00e3o de Cristo. A Semana Santa inicia com o Domingo de Ramos, no dia 13 de abril e segue at\u00e9 o Domingo de P\u00e1scoa, 20 [&hellip;]<\/p>\n","protected":false},"author":1,"featured_media":5976,"comment_status":"open","ping_status":"open","sticky":false,"template":"","format":"standard","meta":{"footnotes":""},"categories":[8],"tags":[],"class_list":["post-5975","post","type-post","status-publish","format-standard","has-post-thumbnail","hentry","category-camacari"],"yoast_head":"<!-- This site is optimized with the Yoast SEO plugin v21.7 - https:\/\/yoast.com\/wordpress\/plugins\/seo\/ -->\n<title>Confira a programa\u00e7\u00e3o da Semana Santa nas Par\u00f3quias da Diocese de Cama\u00e7ari - Compartilha Bahia<\/title>\n<meta name=\"robots\" content=\"index, follow, max-snippet:-1, max-image-preview:large, max-video-preview:-1\" \/>\n<link rel=\"canonical\" href=\"https:\/\/compartilhabahia.com.br\/index.php\/2025\/04\/12\/confira-a-programacao-da-semana-santa-nas-paroquias-da-diocese-de-camacari\/\" \/>\n<meta property=\"og:locale\" content=\"pt_BR\" \/>\n<meta property=\"og:type\" content=\"article\" \/>\n<meta property=\"og:title\" content=\"Confira a programa\u00e7\u00e3o da Semana Santa nas Par\u00f3quias da Diocese de Cama\u00e7ari - Compartilha Bahia\" \/>\n<meta property=\"og:description\" content=\"As par\u00f3quias da Diocese de Cama\u00e7ari est\u00e3o se preparando para viver intensamente a Semana Santa, a Semana maior da f\u00e9 crist\u00e3 que nos conduz pelos mist\u00e9rios da Paix\u00e3o, Morte e Ressurrei\u00e7\u00e3o de Cristo. A Semana Santa inicia com o Domingo de Ramos, no dia 13 de abril e segue at\u00e9 o Domingo de P\u00e1scoa, 20 [&hellip;]\" \/>\n<meta property=\"og:url\" content=\"https:\/\/compartilhabahia.com.br\/index.php\/2025\/04\/12\/confira-a-programacao-da-semana-santa-nas-paroquias-da-diocese-de-camacari\/\" \/>\n<meta property=\"og:site_name\" content=\"Compartilha Bahia\" \/>\n<meta property=\"article:publisher\" content=\"https:\/\/web.facebook.com\/compartilhabahia\" \/>\n<meta property=\"article:published_time\" content=\"2025-04-12T14:09:51+00:00\" \/>\n<meta property=\"article:modified_time\" content=\"2025-04-13T01:32:39+00:00\" \/>\n<meta property=\"og:image\" content=\"https:\/\/compartilhabahia.com.br\/wp-content\/uploads\/2025\/04\/618d592dcb5089fe56a8f016dd4f1540.jpeg\" \/>\n\t<meta property=\"og:image:width\" content=\"1280\" \/>\n\t<meta property=\"og:image:height\" content=\"961\" \/>\n\t<meta property=\"og:image:type\" content=\"image\/jpeg\" \/>\n<meta name=\"author\" content=\"admin\" \/>\n<meta name=\"twitter:card\" content=\"summary_large_image\" \/>\n<meta name=\"twitter:label1\" content=\"Escrito por\" \/>\n\t<meta name=\"twitter:data1\" content=\"admin\" \/>\n\t<meta name=\"twitter:label2\" content=\"Est. tempo de leitura\" \/>\n\t<meta name=\"twitter:data2\" content=\"10 minutos\" \/>\n<script type=\"application\/ld+json\" class=\"yoast-schema-graph\">{\"@context\":\"https:\/\/schema.org\",\"@graph\":[{\"@type\":\"Article\",\"@id\":\"https:\/\/compartilhabahia.com.br\/index.php\/2025\/04\/12\/confira-a-programacao-da-semana-santa-nas-paroquias-da-diocese-de-camacari\/#article\",\"isPartOf\":{\"@id\":\"https:\/\/compartilhabahia.com.br\/index.php\/2025\/04\/12\/confira-a-programacao-da-semana-santa-nas-paroquias-da-diocese-de-camacari\/\"},\"author\":{\"name\":\"admin\",\"@id\":\"https:\/\/compartilhabahia.com.br\/#\/schema\/person\/9b4f0c3178793b8248d6686732521c04\"},\"headline\":\"Confira a programa\u00e7\u00e3o da Semana Santa nas Par\u00f3quias da Diocese de Cama\u00e7ari\",\"datePublished\":\"2025-04-12T14:09:51+00:00\",\"dateModified\":\"2025-04-13T01:32:39+00:00\",\"mainEntityOfPage\":{\"@id\":\"https:\/\/compartilhabahia.com.br\/index.php\/2025\/04\/12\/confira-a-programacao-da-semana-santa-nas-paroquias-da-diocese-de-camacari\/\"},\"wordCount\":1923,\"commentCount\":0,\"publisher\":{\"@id\":\"https:\/\/compartilhabahia.com.br\/#organization\"},\"articleSection\":[\"Cama\u00e7ari\"],\"inLanguage\":\"pt-BR\",\"potentialAction\":[{\"@type\":\"CommentAction\",\"name\":\"Comment\",\"target\":[\"https:\/\/compartilhabahia.com.br\/index.php\/2025\/04\/12\/confira-a-programacao-da-semana-santa-nas-paroquias-da-diocese-de-camacari\/#respond\"]}]},{\"@type\":\"WebPage\",\"@id\":\"https:\/\/compartilhabahia.com.br\/index.php\/2025\/04\/12\/confira-a-programacao-da-semana-santa-nas-paroquias-da-diocese-de-camacari\/\",\"url\":\"https:\/\/compartilhabahia.com.br\/index.php\/2025\/04\/12\/confira-a-programacao-da-semana-santa-nas-paroquias-da-diocese-de-camacari\/\",\"name\":\"Confira a programa\u00e7\u00e3o da Semana Santa nas Par\u00f3quias da Diocese de Cama\u00e7ari - Compartilha Bahia\",\"isPartOf\":{\"@id\":\"https:\/\/compartilhabahia.com.br\/#website\"},\"datePublished\":\"2025-04-12T14:09:51+00:00\",\"dateModified\":\"2025-04-13T01:32:39+00:00\",\"breadcrumb\":{\"@id\":\"https:\/\/compartilhabahia.com.br\/index.php\/2025\/04\/12\/confira-a-programacao-da-semana-santa-nas-paroquias-da-diocese-de-camacari\/#breadcrumb\"},\"inLanguage\":\"pt-BR\",\"potentialAction\":[{\"@type\":\"ReadAction\",\"target\":[\"https:\/\/compartilhabahia.com.br\/index.php\/2025\/04\/12\/confira-a-programacao-da-semana-santa-nas-paroquias-da-diocese-de-camacari\/\"]}]},{\"@type\":\"BreadcrumbList\",\"@id\":\"https:\/\/compartilhabahia.com.br\/index.php\/2025\/04\/12\/confira-a-programacao-da-semana-santa-nas-paroquias-da-diocese-de-camacari\/#breadcrumb\",\"itemListElement\":[{\"@type\":\"ListItem\",\"position\":1,\"name\":\"In\u00edcio\",\"item\":\"https:\/\/compartilhabahia.com.br\/\"},{\"@type\":\"ListItem\",\"position\":2,\"name\":\"Confira a programa\u00e7\u00e3o da Semana Santa nas Par\u00f3quias da Diocese de Cama\u00e7ari\"}]},{\"@type\":\"WebSite\",\"@id\":\"https:\/\/compartilhabahia.com.br\/#website\",\"url\":\"https:\/\/compartilhabahia.com.br\/\",\"name\":\"Compartilha Bahia\",\"description\":\"\",\"publisher\":{\"@id\":\"https:\/\/compartilhabahia.com.br\/#organization\"},\"potentialAction\":[{\"@type\":\"SearchAction\",\"target\":{\"@type\":\"EntryPoint\",\"urlTemplate\":\"https:\/\/compartilhabahia.com.br\/?s={search_term_string}\"},\"query-input\":\"required name=search_term_string\"}],\"inLanguage\":\"pt-BR\"},{\"@type\":\"Organization\",\"@id\":\"https:\/\/compartilhabahia.com.br\/#organization\",\"name\":\"Compartilha Bahia\",\"url\":\"https:\/\/compartilhabahia.com.br\/\",\"logo\":{\"@type\":\"ImageObject\",\"inLanguage\":\"pt-BR\",\"@id\":\"https:\/\/compartilhabahia.com.br\/#\/schema\/logo\/image\/\",\"url\":\"https:\/\/compartilhabahia.com.br\/wp-content\/uploads\/2023\/12\/cropped-logo.png\",\"contentUrl\":\"https:\/\/compartilhabahia.com.br\/wp-content\/uploads\/2023\/12\/cropped-logo.png\",\"width\":300,\"height\":106,\"caption\":\"Compartilha Bahia\"},\"image\":{\"@id\":\"https:\/\/compartilhabahia.com.br\/#\/schema\/logo\/image\/\"},\"sameAs\":[\"https:\/\/web.facebook.com\/compartilhabahia\",\"https:\/\/www.instagram.com\/compartilhabahia\/\"]},{\"@type\":\"Person\",\"@id\":\"https:\/\/compartilhabahia.com.br\/#\/schema\/person\/9b4f0c3178793b8248d6686732521c04\",\"name\":\"admin\",\"image\":{\"@type\":\"ImageObject\",\"inLanguage\":\"pt-BR\",\"@id\":\"https:\/\/compartilhabahia.com.br\/#\/schema\/person\/image\/\",\"url\":\"https:\/\/secure.gravatar.com\/avatar\/9600df58751c5acbe914c538c03390ef649ea088cb65f84ba09c7ce66988eed6?s=96&d=mm&r=g\",\"contentUrl\":\"https:\/\/secure.gravatar.com\/avatar\/9600df58751c5acbe914c538c03390ef649ea088cb65f84ba09c7ce66988eed6?s=96&d=mm&r=g\",\"caption\":\"admin\"},\"sameAs\":[\"https:\/\/compartilhabahia.com.br\"],\"url\":\"https:\/\/compartilhabahia.com.br\/index.php\/author\/compartilhabahia\/\"}]}<\/script>\n<!-- \/ Yoast SEO plugin. -->","yoast_head_json":{"title":"Confira a programa\u00e7\u00e3o da Semana Santa nas Par\u00f3quias da Diocese de Cama\u00e7ari - Compartilha Bahia","robots":{"index":"index","follow":"follow","max-snippet":"max-snippet:-1","max-image-preview":"max-image-preview:large","max-video-preview":"max-video-preview:-1"},"canonical":"https:\/\/compartilhabahia.com.br\/index.php\/2025\/04\/12\/confira-a-programacao-da-semana-santa-nas-paroquias-da-diocese-de-camacari\/","og_locale":"pt_BR","og_type":"article","og_title":"Confira a programa\u00e7\u00e3o da Semana Santa nas Par\u00f3quias da Diocese de Cama\u00e7ari - Compartilha Bahia","og_description":"As par\u00f3quias da Diocese de Cama\u00e7ari est\u00e3o se preparando para viver intensamente a Semana Santa, a Semana maior da f\u00e9 crist\u00e3 que nos conduz pelos mist\u00e9rios da Paix\u00e3o, Morte e Ressurrei\u00e7\u00e3o de Cristo. A Semana Santa inicia com o Domingo de Ramos, no dia 13 de abril e segue at\u00e9 o Domingo de P\u00e1scoa, 20 [&hellip;]","og_url":"https:\/\/compartilhabahia.com.br\/index.php\/2025\/04\/12\/confira-a-programacao-da-semana-santa-nas-paroquias-da-diocese-de-camacari\/","og_site_name":"Compartilha Bahia","article_publisher":"https:\/\/web.facebook.com\/compartilhabahia","article_published_time":"2025-04-12T14:09:51+00:00","article_modified_time":"2025-04-13T01:32:39+00:00","og_image":[{"width":1280,"height":961,"url":"https:\/\/compartilhabahia.com.br\/wp-content\/uploads\/2025\/04\/618d592dcb5089fe56a8f016dd4f1540.jpeg","type":"image\/jpeg"}],"author":"admin","twitter_card":"summary_large_image","twitter_misc":{"Escrito por":"admin","Est. tempo de leitura":"10 minutos"},"schema":{"@context":"https:\/\/schema.org","@graph":[{"@type":"Article","@id":"https:\/\/compartilhabahia.com.br\/index.php\/2025\/04\/12\/confira-a-programacao-da-semana-santa-nas-paroquias-da-diocese-de-camacari\/#article","isPartOf":{"@id":"https:\/\/compartilhabahia.com.br\/index.php\/2025\/04\/12\/confira-a-programacao-da-semana-santa-nas-paroquias-da-diocese-de-camacari\/"},"author":{"name":"admin","@id":"https:\/\/compartilhabahia.com.br\/#\/schema\/person\/9b4f0c3178793b8248d6686732521c04"},"headline":"Confira a programa\u00e7\u00e3o da Semana Santa nas Par\u00f3quias da Diocese de Cama\u00e7ari","datePublished":"2025-04-12T14:09:51+00:00","dateModified":"2025-04-13T01:32:39+00:00","mainEntityOfPage":{"@id":"https:\/\/compartilhabahia.com.br\/index.php\/2025\/04\/12\/confira-a-programacao-da-semana-santa-nas-paroquias-da-diocese-de-camacari\/"},"wordCount":1923,"commentCount":0,"publisher":{"@id":"https:\/\/compartilhabahia.com.br\/#organization"},"articleSection":["Cama\u00e7ari"],"inLanguage":"pt-BR","potentialAction":[{"@type":"CommentAction","name":"Comment","target":["https:\/\/compartilhabahia.com.br\/index.php\/2025\/04\/12\/confira-a-programacao-da-semana-santa-nas-paroquias-da-diocese-de-camacari\/#respond"]}]},{"@type":"WebPage","@id":"https:\/\/compartilhabahia.com.br\/index.php\/2025\/04\/12\/confira-a-programacao-da-semana-santa-nas-paroquias-da-diocese-de-camacari\/","url":"https:\/\/compartilhabahia.com.br\/index.php\/2025\/04\/12\/confira-a-programacao-da-semana-santa-nas-paroquias-da-diocese-de-camacari\/","name":"Confira a programa\u00e7\u00e3o da Semana Santa nas Par\u00f3quias da Diocese de Cama\u00e7ari - Compartilha Bahia","isPartOf":{"@id":"https:\/\/compartilhabahia.com.br\/#website"},"datePublished":"2025-04-12T14:09:51+00:00","dateModified":"2025-04-13T01:32:39+00:00","breadcrumb":{"@id":"https:\/\/compartilhabahia.com.br\/index.php\/2025\/04\/12\/confira-a-programacao-da-semana-santa-nas-paroquias-da-diocese-de-camacari\/#breadcrumb"},"inLanguage":"pt-BR","potentialAction":[{"@type":"ReadAction","target":["https:\/\/compartilhabahia.com.br\/index.php\/2025\/04\/12\/confira-a-programacao-da-semana-santa-nas-paroquias-da-diocese-de-camacari\/"]}]},{"@type":"BreadcrumbList","@id":"https:\/\/compartilhabahia.com.br\/index.php\/2025\/04\/12\/confira-a-programacao-da-semana-santa-nas-paroquias-da-diocese-de-camacari\/#breadcrumb","itemListElement":[{"@type":"ListItem","position":1,"name":"In\u00edcio","item":"https:\/\/compartilhabahia.com.br\/"},{"@type":"ListItem","position":2,"name":"Confira a programa\u00e7\u00e3o da Semana Santa nas Par\u00f3quias da Diocese de Cama\u00e7ari"}]},{"@type":"WebSite","@id":"https:\/\/compartilhabahia.com.br\/#website","url":"https:\/\/compartilhabahia.com.br\/","name":"Compartilha Bahia","description":"","publisher":{"@id":"https:\/\/compartilhabahia.com.br\/#organization"},"potentialAction":[{"@type":"SearchAction","target":{"@type":"EntryPoint","urlTemplate":"https:\/\/compartilhabahia.com.br\/?s={search_term_string}"},"query-input":"required name=search_term_string"}],"inLanguage":"pt-BR"},{"@type":"Organization","@id":"https:\/\/compartilhabahia.com.br\/#organization","name":"Compartilha Bahia","url":"https:\/\/compartilhabahia.com.br\/","logo":{"@type":"ImageObject","inLanguage":"pt-BR","@id":"https:\/\/compartilhabahia.com.br\/#\/schema\/logo\/image\/","url":"https:\/\/compartilhabahia.com.br\/wp-content\/uploads\/2023\/12\/cropped-logo.png","contentUrl":"https:\/\/compartilhabahia.com.br\/wp-content\/uploads\/2023\/12\/cropped-logo.png","width":300,"height":106,"caption":"Compartilha Bahia"},"image":{"@id":"https:\/\/compartilhabahia.com.br\/#\/schema\/logo\/image\/"},"sameAs":["https:\/\/web.facebook.com\/compartilhabahia","https:\/\/www.instagram.com\/compartilhabahia\/"]},{"@type":"Person","@id":"https:\/\/compartilhabahia.com.br\/#\/schema\/person\/9b4f0c3178793b8248d6686732521c04","name":"admin","image":{"@type":"ImageObject","inLanguage":"pt-BR","@id":"https:\/\/compartilhabahia.com.br\/#\/schema\/person\/image\/","url":"https:\/\/secure.gravatar.com\/avatar\/9600df58751c5acbe914c538c03390ef649ea088cb65f84ba09c7ce66988eed6?s=96&d=mm&r=g","contentUrl":"https:\/\/secure.gravatar.com\/avatar\/9600df58751c5acbe914c538c03390ef649ea088cb65f84ba09c7ce66988eed6?s=96&d=mm&r=g","caption":"admin"},"sameAs":["https:\/\/compartilhabahia.com.br"],"url":"https:\/\/compartilhabahia.com.br\/index.php\/author\/compartilhabahia\/"}]}},"_links":{"self":[{"href":"https:\/\/compartilhabahia.com.br\/index.php\/wp-json\/wp\/v2\/posts\/5975","targetHints":{"allow":["GET"]}}],"collection":[{"href":"https:\/\/compartilhabahia.com.br\/index.php\/wp-json\/wp\/v2\/posts"}],"about":[{"href":"https:\/\/compartilhabahia.com.br\/index.php\/wp-json\/wp\/v2\/types\/post"}],"author":[{"embeddable":true,"href":"https:\/\/compartilhabahia.com.br\/index.php\/wp-json\/wp\/v2\/users\/1"}],"replies":[{"embeddable":true,"href":"https:\/\/compartilhabahia.com.br\/index.php\/wp-json\/wp\/v2\/comments?post=5975"}],"version-history":[{"count":1,"href":"https:\/\/compartilhabahia.com.br\/index.php\/wp-json\/wp\/v2\/posts\/5975\/revisions"}],"predecessor-version":[{"id":5977,"href":"https:\/\/compartilhabahia.com.br\/index.php\/wp-json\/wp\/v2\/posts\/5975\/revisions\/5977"}],"wp:featuredmedia":[{"embeddable":true,"href":"https:\/\/compartilhabahia.com.br\/index.php\/wp-json\/wp\/v2\/media\/5976"}],"wp:attachment":[{"href":"https:\/\/compartilhabahia.com.br\/index.php\/wp-json\/wp\/v2\/media?parent=5975"}],"wp:term":[{"taxonomy":"category","embeddable":true,"href":"https:\/\/compartilhabahia.com.br\/index.php\/wp-json\/wp\/v2\/categories?post=5975"},{"taxonomy":"post_tag","embeddable":true,"href":"https:\/\/compartilhabahia.com.br\/index.php\/wp-json\/wp\/v2\/tags?post=5975"}],"curies":[{"name":"wp","href":"https:\/\/api.w.org\/{rel}","templated":true}]}}