{"id":5966,"date":"2025-04-10T23:30:26","date_gmt":"2025-04-11T02:30:26","guid":{"rendered":"https:\/\/compartilhabahia.com.br\/?p=5966"},"modified":"2025-04-10T23:30:28","modified_gmt":"2025-04-11T02:30:28","slug":"camara-aprova-indicacao-para-criacao-de-procon-municipal","status":"publish","type":"post","link":"https:\/\/compartilhabahia.com.br\/index.php\/2025\/04\/10\/camara-aprova-indicacao-para-criacao-de-procon-municipal\/","title":{"rendered":"C\u00e2mara aprova indica\u00e7\u00e3o para cria\u00e7\u00e3o de Procon Municipal"},"content":{"rendered":"\n<p>C\u00e2mara aprova indica\u00e7\u00e3o para cria\u00e7\u00e3o de Procon Municipal; pedidos na \u00e1rea de infraestrutura tamb\u00e9m estiveram em pauta<\/p>\n\n\n\n<p>A 11\u00aa Sess\u00e3o Ordin\u00e1ria da C\u00e2mara de Cama\u00e7ari, realizada nesta quinta-feira (10\/04), foi repleta de pedidos por constru\u00e7\u00f5es e reformas de equipamentos p\u00fablicos, incluindo unidades de educa\u00e7\u00e3o e sa\u00fade do munic\u00edpio. As interven\u00e7\u00f5es foram solicitadas principalmente em espa\u00e7os p\u00fablicos de uso comum da popula\u00e7\u00e3o, incluindo os espa\u00e7os de circula\u00e7\u00e3o como ruas e cal\u00e7adas, em \u00e1reas de lazer e recrea\u00e7\u00e3o como pra\u00e7as e campos de futebol, e tamb\u00e9m em \u00e1reas de contempla\u00e7\u00e3o pelas belezas naturais.<\/p>\n\n\n\n<p>Entre essas indica\u00e7\u00f5es esteve a de N\u00ba 371\/2025, do vereador Paulinho do Som (PT), que solicitou a constru\u00e7\u00e3o de uma pra\u00e7a p\u00fablica na Rua Cora Coralina, no bairro Parque Verde III (Massaranduba). Na defesa de seu pedido, o vereador enfatizou que \u201caquele bairro existe h\u00e1 mais de 20 anos e n\u00e3o existe uma pracinha para as crian\u00e7as se divertirem e brincarem naquela comunidade\u201d. A mat\u00e9ria foi subscrita por grande parte dos parlamentares e aprovada por unanimidade por todos os vereadores presentes.<\/p>\n\n\n\n<p>O pedido por reformas de escolas tamb\u00e9m foi pauta de sess\u00e3o, a exemplo da Indica\u00e7\u00e3o N\u00ba 380\/2025, de autoria do vereador Tagner Cerqueira (PT), pedindo pela reconstru\u00e7\u00e3o e amplia\u00e7\u00e3o da infraestrutura e equipamentos da Escola Municipal Professor Jos\u00e9 Alan Ribeiro da Paz, no bairro da Gleba C. Em sua fala na tribuna, o vereador enfatizou que nos \u00faltimos oito anos as escolas tiveram pouco ou quase nenhum investimento. \u201cOs m\u00f3veis de algumas escolas foram comprados no ano de 2006, e j\u00e1 estamos em 2025. N\u00e3o podemos permitir que nossas crian\u00e7as e nossos professores entrem numa escola que n\u00e3o tem o m\u00ednimo de conforto para estudar e trabalhar\u201d, defendeu.<\/p>\n\n\n\n<p>Em rela\u00e7\u00e3o \u00e0s pessoas que precisam ter acesso \u00e0s farm\u00e1cias da rede p\u00fablica de sa\u00fade do munic\u00edpio, e buscando ajudar os usu\u00e1rios a encontrar o medicamento no local em que o mesmo esteja dispon\u00edvel, a Casa aprovou a Indica\u00e7\u00e3o N\u00ba 369\/2025, de autoria do vereador Herbinho (Uni\u00e3o), que pede a cria\u00e7\u00e3o de um \u201csistema inteligente e eficaz\u201d para disponibilizar essas informa\u00e7\u00f5es \u00e0 popula\u00e7\u00e3o. \u201cEsse sistema ser\u00e1 muito importante para que o mun\u00edcipe saiba de forma imediata em qual a farm\u00e1cia que ter\u00e1 o rem\u00e9dio que ele necessita naquele momento\u201d, explicou.<\/p>\n\n\n\n<p>A \u00faltima indica\u00e7\u00e3o aprovada nesta sess\u00e3o foi a de N\u00ba 407\/2025, de autoria da Comiss\u00e3o de Defesa do Consumidor e Contribuinte, e solicitou a cria\u00e7\u00e3o de um Procon municipal (Programa de Prote\u00e7\u00e3o e Defesa do Consumidor). Para o vereador e presidente da comiss\u00e3o, Jackson Josu\u00e9 (Uni\u00e3o), a indica\u00e7\u00e3o \u00e9 de grande relev\u00e2ncia para o munic\u00edpio. \u201c\u00c9 fundamental pelo papel do Procon em proteger e defender os direitos dos consumidores, fiscalizando e aplicando san\u00e7\u00f5es a quem infringe as leis, e buscando solucionar os conflitos entre consumidores e fornecedores\u201d, concluiu.<\/p>\n\n\n\n<p>J\u00e1 na Ordem do Dia, em segunda discuss\u00e3o e vota\u00e7\u00e3o, a C\u00e2mara aprovou por unanimidade o Projeto de Resolu\u00e7\u00e3o N\u00ba 005\/2025 de autoria da Mesa Diretora, que autorizou a filia\u00e7\u00e3o da C\u00e2mara Municipal de Cama\u00e7ari \u00e0 Uni\u00e3o das C\u00e2maras de Vereadores do estado da Bahia (UVB\/BA).<\/p>\n","protected":false},"excerpt":{"rendered":"<p>C\u00e2mara aprova indica\u00e7\u00e3o para cria\u00e7\u00e3o de Procon Municipal; pedidos na \u00e1rea de infraestrutura tamb\u00e9m estiveram em pauta A 11\u00aa Sess\u00e3o Ordin\u00e1ria da C\u00e2mara de Cama\u00e7ari, realizada nesta quinta-feira (10\/04), foi repleta de pedidos por constru\u00e7\u00f5es e reformas de equipamentos p\u00fablicos, incluindo unidades de educa\u00e7\u00e3o e sa\u00fade do munic\u00edpio. As interven\u00e7\u00f5es foram solicitadas principalmente em espa\u00e7os [&hellip;]<\/p>\n","protected":false},"author":1,"featured_media":5967,"comment_status":"open","ping_status":"open","sticky":false,"template":"","format":"standard","meta":{"footnotes":""},"categories":[8],"tags":[],"class_list":["post-5966","post","type-post","status-publish","format-standard","has-post-thumbnail","hentry","category-camacari"],"yoast_head":"<!-- This site is optimized with the Yoast SEO plugin v21.7 - https:\/\/yoast.com\/wordpress\/plugins\/seo\/ -->\n<title>C\u00e2mara aprova indica\u00e7\u00e3o para cria\u00e7\u00e3o de Procon Municipal - Compartilha Bahia<\/title>\n<meta name=\"robots\" content=\"index, follow, max-snippet:-1, max-image-preview:large, max-video-preview:-1\" \/>\n<link rel=\"canonical\" href=\"https:\/\/compartilhabahia.com.br\/index.php\/2025\/04\/10\/camara-aprova-indicacao-para-criacao-de-procon-municipal\/\" \/>\n<meta property=\"og:locale\" content=\"pt_BR\" \/>\n<meta property=\"og:type\" content=\"article\" \/>\n<meta property=\"og:title\" content=\"C\u00e2mara aprova indica\u00e7\u00e3o para cria\u00e7\u00e3o de Procon Municipal - Compartilha Bahia\" \/>\n<meta property=\"og:description\" content=\"C\u00e2mara aprova indica\u00e7\u00e3o para cria\u00e7\u00e3o de Procon Municipal; pedidos na \u00e1rea de infraestrutura tamb\u00e9m estiveram em pauta A 11\u00aa Sess\u00e3o Ordin\u00e1ria da C\u00e2mara de Cama\u00e7ari, realizada nesta quinta-feira (10\/04), foi repleta de pedidos por constru\u00e7\u00f5es e reformas de equipamentos p\u00fablicos, incluindo unidades de educa\u00e7\u00e3o e sa\u00fade do munic\u00edpio. As interven\u00e7\u00f5es foram solicitadas principalmente em espa\u00e7os [&hellip;]\" \/>\n<meta property=\"og:url\" content=\"https:\/\/compartilhabahia.com.br\/index.php\/2025\/04\/10\/camara-aprova-indicacao-para-criacao-de-procon-municipal\/\" \/>\n<meta property=\"og:site_name\" content=\"Compartilha Bahia\" \/>\n<meta property=\"article:publisher\" content=\"https:\/\/web.facebook.com\/compartilhabahia\" \/>\n<meta property=\"article:published_time\" content=\"2025-04-11T02:30:26+00:00\" \/>\n<meta property=\"article:modified_time\" content=\"2025-04-11T02:30:28+00:00\" \/>\n<meta property=\"og:image\" content=\"https:\/\/compartilhabahia.com.br\/wp-content\/uploads\/2025\/04\/vereadores.jpg\" \/>\n\t<meta property=\"og:image:width\" content=\"640\" \/>\n\t<meta property=\"og:image:height\" content=\"360\" \/>\n\t<meta property=\"og:image:type\" content=\"image\/jpeg\" \/>\n<meta name=\"author\" content=\"admin\" \/>\n<meta name=\"twitter:card\" content=\"summary_large_image\" \/>\n<meta name=\"twitter:label1\" content=\"Escrito por\" \/>\n\t<meta name=\"twitter:data1\" content=\"admin\" \/>\n\t<meta name=\"twitter:label2\" content=\"Est. tempo de leitura\" \/>\n\t<meta name=\"twitter:data2\" content=\"3 minutos\" \/>\n<script type=\"application\/ld+json\" class=\"yoast-schema-graph\">{\"@context\":\"https:\/\/schema.org\",\"@graph\":[{\"@type\":\"Article\",\"@id\":\"https:\/\/compartilhabahia.com.br\/index.php\/2025\/04\/10\/camara-aprova-indicacao-para-criacao-de-procon-municipal\/#article\",\"isPartOf\":{\"@id\":\"https:\/\/compartilhabahia.com.br\/index.php\/2025\/04\/10\/camara-aprova-indicacao-para-criacao-de-procon-municipal\/\"},\"author\":{\"name\":\"admin\",\"@id\":\"https:\/\/compartilhabahia.com.br\/#\/schema\/person\/9b4f0c3178793b8248d6686732521c04\"},\"headline\":\"C\u00e2mara aprova indica\u00e7\u00e3o para cria\u00e7\u00e3o de Procon Municipal\",\"datePublished\":\"2025-04-11T02:30:26+00:00\",\"dateModified\":\"2025-04-11T02:30:28+00:00\",\"mainEntityOfPage\":{\"@id\":\"https:\/\/compartilhabahia.com.br\/index.php\/2025\/04\/10\/camara-aprova-indicacao-para-criacao-de-procon-municipal\/\"},\"wordCount\":578,\"commentCount\":0,\"publisher\":{\"@id\":\"https:\/\/compartilhabahia.com.br\/#organization\"},\"articleSection\":[\"Cama\u00e7ari\"],\"inLanguage\":\"pt-BR\",\"potentialAction\":[{\"@type\":\"CommentAction\",\"name\":\"Comment\",\"target\":[\"https:\/\/compartilhabahia.com.br\/index.php\/2025\/04\/10\/camara-aprova-indicacao-para-criacao-de-procon-municipal\/#respond\"]}]},{\"@type\":\"WebPage\",\"@id\":\"https:\/\/compartilhabahia.com.br\/index.php\/2025\/04\/10\/camara-aprova-indicacao-para-criacao-de-procon-municipal\/\",\"url\":\"https:\/\/compartilhabahia.com.br\/index.php\/2025\/04\/10\/camara-aprova-indicacao-para-criacao-de-procon-municipal\/\",\"name\":\"C\u00e2mara aprova indica\u00e7\u00e3o para cria\u00e7\u00e3o de Procon Municipal - Compartilha Bahia\",\"isPartOf\":{\"@id\":\"https:\/\/compartilhabahia.com.br\/#website\"},\"datePublished\":\"2025-04-11T02:30:26+00:00\",\"dateModified\":\"2025-04-11T02:30:28+00:00\",\"breadcrumb\":{\"@id\":\"https:\/\/compartilhabahia.com.br\/index.php\/2025\/04\/10\/camara-aprova-indicacao-para-criacao-de-procon-municipal\/#breadcrumb\"},\"inLanguage\":\"pt-BR\",\"potentialAction\":[{\"@type\":\"ReadAction\",\"target\":[\"https:\/\/compartilhabahia.com.br\/index.php\/2025\/04\/10\/camara-aprova-indicacao-para-criacao-de-procon-municipal\/\"]}]},{\"@type\":\"BreadcrumbList\",\"@id\":\"https:\/\/compartilhabahia.com.br\/index.php\/2025\/04\/10\/camara-aprova-indicacao-para-criacao-de-procon-municipal\/#breadcrumb\",\"itemListElement\":[{\"@type\":\"ListItem\",\"position\":1,\"name\":\"In\u00edcio\",\"item\":\"https:\/\/compartilhabahia.com.br\/\"},{\"@type\":\"ListItem\",\"position\":2,\"name\":\"C\u00e2mara aprova indica\u00e7\u00e3o para cria\u00e7\u00e3o de Procon Municipal\"}]},{\"@type\":\"WebSite\",\"@id\":\"https:\/\/compartilhabahia.com.br\/#website\",\"url\":\"https:\/\/compartilhabahia.com.br\/\",\"name\":\"Compartilha Bahia\",\"description\":\"\",\"publisher\":{\"@id\":\"https:\/\/compartilhabahia.com.br\/#organization\"},\"potentialAction\":[{\"@type\":\"SearchAction\",\"target\":{\"@type\":\"EntryPoint\",\"urlTemplate\":\"https:\/\/compartilhabahia.com.br\/?s={search_term_string}\"},\"query-input\":\"required name=search_term_string\"}],\"inLanguage\":\"pt-BR\"},{\"@type\":\"Organization\",\"@id\":\"https:\/\/compartilhabahia.com.br\/#organization\",\"name\":\"Compartilha Bahia\",\"url\":\"https:\/\/compartilhabahia.com.br\/\",\"logo\":{\"@type\":\"ImageObject\",\"inLanguage\":\"pt-BR\",\"@id\":\"https:\/\/compartilhabahia.com.br\/#\/schema\/logo\/image\/\",\"url\":\"https:\/\/compartilhabahia.com.br\/wp-content\/uploads\/2023\/12\/cropped-logo.png\",\"contentUrl\":\"https:\/\/compartilhabahia.com.br\/wp-content\/uploads\/2023\/12\/cropped-logo.png\",\"width\":300,\"height\":106,\"caption\":\"Compartilha Bahia\"},\"image\":{\"@id\":\"https:\/\/compartilhabahia.com.br\/#\/schema\/logo\/image\/\"},\"sameAs\":[\"https:\/\/web.facebook.com\/compartilhabahia\",\"https:\/\/www.instagram.com\/compartilhabahia\/\"]},{\"@type\":\"Person\",\"@id\":\"https:\/\/compartilhabahia.com.br\/#\/schema\/person\/9b4f0c3178793b8248d6686732521c04\",\"name\":\"admin\",\"image\":{\"@type\":\"ImageObject\",\"inLanguage\":\"pt-BR\",\"@id\":\"https:\/\/compartilhabahia.com.br\/#\/schema\/person\/image\/\",\"url\":\"https:\/\/secure.gravatar.com\/avatar\/9600df58751c5acbe914c538c03390ef649ea088cb65f84ba09c7ce66988eed6?s=96&d=mm&r=g\",\"contentUrl\":\"https:\/\/secure.gravatar.com\/avatar\/9600df58751c5acbe914c538c03390ef649ea088cb65f84ba09c7ce66988eed6?s=96&d=mm&r=g\",\"caption\":\"admin\"},\"sameAs\":[\"https:\/\/compartilhabahia.com.br\"],\"url\":\"https:\/\/compartilhabahia.com.br\/index.php\/author\/compartilhabahia\/\"}]}<\/script>\n<!-- \/ Yoast SEO plugin. -->","yoast_head_json":{"title":"C\u00e2mara aprova indica\u00e7\u00e3o para cria\u00e7\u00e3o de Procon Municipal - Compartilha Bahia","robots":{"index":"index","follow":"follow","max-snippet":"max-snippet:-1","max-image-preview":"max-image-preview:large","max-video-preview":"max-video-preview:-1"},"canonical":"https:\/\/compartilhabahia.com.br\/index.php\/2025\/04\/10\/camara-aprova-indicacao-para-criacao-de-procon-municipal\/","og_locale":"pt_BR","og_type":"article","og_title":"C\u00e2mara aprova indica\u00e7\u00e3o para cria\u00e7\u00e3o de Procon Municipal - Compartilha Bahia","og_description":"C\u00e2mara aprova indica\u00e7\u00e3o para cria\u00e7\u00e3o de Procon Municipal; pedidos na \u00e1rea de infraestrutura tamb\u00e9m estiveram em pauta A 11\u00aa Sess\u00e3o Ordin\u00e1ria da C\u00e2mara de Cama\u00e7ari, realizada nesta quinta-feira (10\/04), foi repleta de pedidos por constru\u00e7\u00f5es e reformas de equipamentos p\u00fablicos, incluindo unidades de educa\u00e7\u00e3o e sa\u00fade do munic\u00edpio. As interven\u00e7\u00f5es foram solicitadas principalmente em espa\u00e7os [&hellip;]","og_url":"https:\/\/compartilhabahia.com.br\/index.php\/2025\/04\/10\/camara-aprova-indicacao-para-criacao-de-procon-municipal\/","og_site_name":"Compartilha Bahia","article_publisher":"https:\/\/web.facebook.com\/compartilhabahia","article_published_time":"2025-04-11T02:30:26+00:00","article_modified_time":"2025-04-11T02:30:28+00:00","og_image":[{"width":640,"height":360,"url":"https:\/\/compartilhabahia.com.br\/wp-content\/uploads\/2025\/04\/vereadores.jpg","type":"image\/jpeg"}],"author":"admin","twitter_card":"summary_large_image","twitter_misc":{"Escrito por":"admin","Est. tempo de leitura":"3 minutos"},"schema":{"@context":"https:\/\/schema.org","@graph":[{"@type":"Article","@id":"https:\/\/compartilhabahia.com.br\/index.php\/2025\/04\/10\/camara-aprova-indicacao-para-criacao-de-procon-municipal\/#article","isPartOf":{"@id":"https:\/\/compartilhabahia.com.br\/index.php\/2025\/04\/10\/camara-aprova-indicacao-para-criacao-de-procon-municipal\/"},"author":{"name":"admin","@id":"https:\/\/compartilhabahia.com.br\/#\/schema\/person\/9b4f0c3178793b8248d6686732521c04"},"headline":"C\u00e2mara aprova indica\u00e7\u00e3o para cria\u00e7\u00e3o de Procon Municipal","datePublished":"2025-04-11T02:30:26+00:00","dateModified":"2025-04-11T02:30:28+00:00","mainEntityOfPage":{"@id":"https:\/\/compartilhabahia.com.br\/index.php\/2025\/04\/10\/camara-aprova-indicacao-para-criacao-de-procon-municipal\/"},"wordCount":578,"commentCount":0,"publisher":{"@id":"https:\/\/compartilhabahia.com.br\/#organization"},"articleSection":["Cama\u00e7ari"],"inLanguage":"pt-BR","potentialAction":[{"@type":"CommentAction","name":"Comment","target":["https:\/\/compartilhabahia.com.br\/index.php\/2025\/04\/10\/camara-aprova-indicacao-para-criacao-de-procon-municipal\/#respond"]}]},{"@type":"WebPage","@id":"https:\/\/compartilhabahia.com.br\/index.php\/2025\/04\/10\/camara-aprova-indicacao-para-criacao-de-procon-municipal\/","url":"https:\/\/compartilhabahia.com.br\/index.php\/2025\/04\/10\/camara-aprova-indicacao-para-criacao-de-procon-municipal\/","name":"C\u00e2mara aprova indica\u00e7\u00e3o para cria\u00e7\u00e3o de Procon Municipal - Compartilha Bahia","isPartOf":{"@id":"https:\/\/compartilhabahia.com.br\/#website"},"datePublished":"2025-04-11T02:30:26+00:00","dateModified":"2025-04-11T02:30:28+00:00","breadcrumb":{"@id":"https:\/\/compartilhabahia.com.br\/index.php\/2025\/04\/10\/camara-aprova-indicacao-para-criacao-de-procon-municipal\/#breadcrumb"},"inLanguage":"pt-BR","potentialAction":[{"@type":"ReadAction","target":["https:\/\/compartilhabahia.com.br\/index.php\/2025\/04\/10\/camara-aprova-indicacao-para-criacao-de-procon-municipal\/"]}]},{"@type":"BreadcrumbList","@id":"https:\/\/compartilhabahia.com.br\/index.php\/2025\/04\/10\/camara-aprova-indicacao-para-criacao-de-procon-municipal\/#breadcrumb","itemListElement":[{"@type":"ListItem","position":1,"name":"In\u00edcio","item":"https:\/\/compartilhabahia.com.br\/"},{"@type":"ListItem","position":2,"name":"C\u00e2mara aprova indica\u00e7\u00e3o para cria\u00e7\u00e3o de Procon Municipal"}]},{"@type":"WebSite","@id":"https:\/\/compartilhabahia.com.br\/#website","url":"https:\/\/compartilhabahia.com.br\/","name":"Compartilha Bahia","description":"","publisher":{"@id":"https:\/\/compartilhabahia.com.br\/#organization"},"potentialAction":[{"@type":"SearchAction","target":{"@type":"EntryPoint","urlTemplate":"https:\/\/compartilhabahia.com.br\/?s={search_term_string}"},"query-input":"required name=search_term_string"}],"inLanguage":"pt-BR"},{"@type":"Organization","@id":"https:\/\/compartilhabahia.com.br\/#organization","name":"Compartilha Bahia","url":"https:\/\/compartilhabahia.com.br\/","logo":{"@type":"ImageObject","inLanguage":"pt-BR","@id":"https:\/\/compartilhabahia.com.br\/#\/schema\/logo\/image\/","url":"https:\/\/compartilhabahia.com.br\/wp-content\/uploads\/2023\/12\/cropped-logo.png","contentUrl":"https:\/\/compartilhabahia.com.br\/wp-content\/uploads\/2023\/12\/cropped-logo.png","width":300,"height":106,"caption":"Compartilha Bahia"},"image":{"@id":"https:\/\/compartilhabahia.com.br\/#\/schema\/logo\/image\/"},"sameAs":["https:\/\/web.facebook.com\/compartilhabahia","https:\/\/www.instagram.com\/compartilhabahia\/"]},{"@type":"Person","@id":"https:\/\/compartilhabahia.com.br\/#\/schema\/person\/9b4f0c3178793b8248d6686732521c04","name":"admin","image":{"@type":"ImageObject","inLanguage":"pt-BR","@id":"https:\/\/compartilhabahia.com.br\/#\/schema\/person\/image\/","url":"https:\/\/secure.gravatar.com\/avatar\/9600df58751c5acbe914c538c03390ef649ea088cb65f84ba09c7ce66988eed6?s=96&d=mm&r=g","contentUrl":"https:\/\/secure.gravatar.com\/avatar\/9600df58751c5acbe914c538c03390ef649ea088cb65f84ba09c7ce66988eed6?s=96&d=mm&r=g","caption":"admin"},"sameAs":["https:\/\/compartilhabahia.com.br"],"url":"https:\/\/compartilhabahia.com.br\/index.php\/author\/compartilhabahia\/"}]}},"_links":{"self":[{"href":"https:\/\/compartilhabahia.com.br\/index.php\/wp-json\/wp\/v2\/posts\/5966","targetHints":{"allow":["GET"]}}],"collection":[{"href":"https:\/\/compartilhabahia.com.br\/index.php\/wp-json\/wp\/v2\/posts"}],"about":[{"href":"https:\/\/compartilhabahia.com.br\/index.php\/wp-json\/wp\/v2\/types\/post"}],"author":[{"embeddable":true,"href":"https:\/\/compartilhabahia.com.br\/index.php\/wp-json\/wp\/v2\/users\/1"}],"replies":[{"embeddable":true,"href":"https:\/\/compartilhabahia.com.br\/index.php\/wp-json\/wp\/v2\/comments?post=5966"}],"version-history":[{"count":1,"href":"https:\/\/compartilhabahia.com.br\/index.php\/wp-json\/wp\/v2\/posts\/5966\/revisions"}],"predecessor-version":[{"id":5968,"href":"https:\/\/compartilhabahia.com.br\/index.php\/wp-json\/wp\/v2\/posts\/5966\/revisions\/5968"}],"wp:featuredmedia":[{"embeddable":true,"href":"https:\/\/compartilhabahia.com.br\/index.php\/wp-json\/wp\/v2\/media\/5967"}],"wp:attachment":[{"href":"https:\/\/compartilhabahia.com.br\/index.php\/wp-json\/wp\/v2\/media?parent=5966"}],"wp:term":[{"taxonomy":"category","embeddable":true,"href":"https:\/\/compartilhabahia.com.br\/index.php\/wp-json\/wp\/v2\/categories?post=5966"},{"taxonomy":"post_tag","embeddable":true,"href":"https:\/\/compartilhabahia.com.br\/index.php\/wp-json\/wp\/v2\/tags?post=5966"}],"curies":[{"name":"wp","href":"https:\/\/api.w.org\/{rel}","templated":true}]}}