{"id":5912,"date":"2025-04-06T22:57:19","date_gmt":"2025-04-07T01:57:19","guid":{"rendered":"https:\/\/compartilhabahia.com.br\/?p=5912"},"modified":"2025-04-06T22:57:20","modified_gmt":"2025-04-07T01:57:20","slug":"organizacao-e-agilidade-marcam-terceiro-dia-de-entrega-dos-cupons-da-cesta-de-pascoa","status":"publish","type":"post","link":"https:\/\/compartilhabahia.com.br\/index.php\/2025\/04\/06\/organizacao-e-agilidade-marcam-terceiro-dia-de-entrega-dos-cupons-da-cesta-de-pascoa\/","title":{"rendered":"Organiza\u00e7\u00e3o e agilidade marcam terceiro dia de entrega dos cupons da Cesta de P\u00e1scoa"},"content":{"rendered":"\n<p><strong><br><\/strong><br>Atendimento r\u00e1pido e organizado. Assim est\u00e1 sendo a entrega dos cupons que d\u00e3o direito \u00e0 Cesta de P\u00e1scoa 2025. Realizada pela Prefeitura de Cama\u00e7ari, por interm\u00e9dio da Secretaria de Desenvolvimento Social e Cidadania (Sedes), a iniciativa visa proporcionar uma mesa farta, com alimentos de qualidade, para fam\u00edlias em situa\u00e7\u00e3o de vulnerabilidade social durante a Semana Santa.<\/p>\n\n\n\n<p>Acompanhando as entregas neste domingo (6), o prefeito Luiz Caetano enfatizou o compromisso em alcan\u00e7ar as fam\u00edlias cama\u00e7arienses aptas a receber o benef\u00edcio.<\/p>\n\n\n\n<p>\u201cFizemos tudo para que essas entregas fossem realizadas da maneira mais acolhedora e humanizada. Est\u00e1 tudo organizado, o pessoal est\u00e1 trabalhando direitinho. Entendemos que \u00e9 uma cesta muito importante, em uma data muito significativa. Nosso compromisso \u00e9 entregar o melhor para a popula\u00e7\u00e3o, com carinho, amor, para que as pessoas participem das a\u00e7\u00f5es de maneira integrada e conectada com a gest\u00e3o\u201d, pontuou Caetano.<\/p>\n\n\n\n<p>Entre os pontos de distribui\u00e7\u00e3o da sede est\u00e1 a Casa da Crian\u00e7a e do Adolescente, localizada na Rua do Tel\u00e9grafo, s\/n\u00ba, no bairro da Bomba. Valdineia Dias, uma das l\u00edderes da institui\u00e7\u00e3o e que coordena a entrega dos cupons no espa\u00e7o, falou sobre a celeridade da a\u00e7\u00e3o iniciada na \u00faltima sexta-feira (4), data que teve um fluxo maior de benefici\u00e1rios.<\/p>\n\n\n\n<p>\u201cNa sexta-feira tivemos uma quantidade maior de pessoas, mas, mesmo assim os atendimentos foram r\u00e1pidos, sem longas filas, conseguimos entregar aproximadamente 1 mil cupons s\u00f3 nesse primeiro dia, o que demonstra a ansiedade do povo para receber a sua sexta. No s\u00e1bado foi bastante tranquilo, como est\u00e1 sendo nesse domingo\u201d, enfatizou Valdineia, acrescentando que at\u00e9 a manh\u00e3 de hoje 1.500 cupons j\u00e1 tinham sido entregues.<\/p>\n\n\n\n<p>Joseval Ant\u00f4nio, 64 anos, relatou que o atendimento foi r\u00e1pido e repleto de sorrisos. \u201cCheguei n\u00e3o deu tempo nem de esquentar a cadeira. A menina j\u00e1 chamava com um sorriso bonito. Peguei meu cupom e agora \u00e9 esperar a cesta para cozinhar e comer bem na Semana Santa\u201d, avaliou o morador do bairro Nova Vit\u00f3ria.<\/p>\n\n\n\n<p>No Centro Educacional Yolanda Pires, situado no bairro Jardim Limoeiro, a avalia\u00e7\u00e3o positiva tamb\u00e9m \u00e9 uma realidade. Cerca de 50% da demanda para a institui\u00e7\u00e3o j\u00e1 foi cumprida.<\/p>\n\n\n\n<p>Tainan Carolina, 30 anos, refor\u00e7ou os elogios \u00e0 estrutura e acolhimento dos profissionais respons\u00e1veis pelo servi\u00e7o. \u201cFui tratada muito bem, n\u00e3o peguei fila. S\u00f3 tenho elogios a fazer\u201d, iniciou.<\/p>\n\n\n\n<p>Moradora do Residencial Parque das Palmeiras, a dona de casa ainda comentou sobre os itens que comp\u00f5em a cesta, que neste ano passou a contar com suco de uva e amendoim. \u201cEst\u00e1 bem sortida. At\u00e9 suco de uva vai ter esse ano. Ent\u00e3o, estou na expectativa para receber\u201d, celebrou Tainan.<\/p>\n\n\n\n<p>Cada unidade da cesta ser\u00e1 composta por 4 quilos (kg) de peixe corvina (inteiro), suco de uva, leite de coco, \u00f3leo de soja, feij\u00e3o carioca e fradinho, amendoim, arroz, azeite de dend\u00ea e farinha de mandioca.<\/p>\n\n\n\n<p>A entrega dos cupons acontece em 22 pontos fixos, entre sede e orla. Sendo que, nos dias 4, 5 e 6 de abril foram alcan\u00e7ados benefici\u00e1rios dos 11 pontos itinerantes.<\/p>\n\n\n\n<p>Agora, a iniciativa segue at\u00e9 o dia 10, nos pontos fixos, das 9h \u00e0s 16h. Ao todo, a Cesta de P\u00e1scoa 2025 ir\u00e1 contemplar mais de 55 mil fam\u00edlias em situa\u00e7\u00e3o de vulnerabilidade social.<\/p>\n\n\n\n<p>A cesta \u00e9 voltada para benefici\u00e1rios dos programas Bolsa Fam\u00edlia; mulheres atendidas pelo Centro de Refer\u00eancia de Atendimento \u00e0 Mulher (Cram) Yolanda Pires; fam\u00edlias acompanhadas pelo Centro de Refer\u00eancia da Assist\u00eancia Social (Cras) ou pelo Centro de Refer\u00eancia Especializado da Assist\u00eancia Social (Creas); bem como pessoas atendidas pelo Centro de Refer\u00eancia Especializado para Popula\u00e7\u00e3o em Situa\u00e7\u00e3o de Rua (Centro POP); o p\u00fablico do Centro de Conviv\u00eancia da Pessoa Idosa (Conviver); al\u00e9m das m\u00e3es dos jovens matriculados na Casa da Crian\u00e7a e do Adolescente.<\/p>\n\n\n\n<p>Para pesquisar os pontos de entrega da Cesta da P\u00e1scoa 2025 o benefici\u00e1rio pode acessar&nbsp;<strong>aqui<\/strong>&nbsp;[<a rel=\"noreferrer noopener\" target=\"_blank\" href=\"https:\/\/na01.safelinks.protection.outlook.com\/?url=https%3A%2F%2Fsistemas.camacari.ba.gov.br%2Fsedes%2Fcesta%2Fconsulta_cesta%2Findex.php&amp;data=05%7C02%7C%7Cf36e2361c1d54d0db6fd08dd753ecf66%7C84df9e7fe9f640afb435aaaaaaaaaaaa%7C1%7C0%7C638795634990132258%7CUnknown%7CTWFpbGZsb3d8eyJFbXB0eU1hcGkiOnRydWUsIlYiOiIwLjAuMDAwMCIsIlAiOiJXaW4zMiIsIkFOIjoiTWFpbCIsIldUIjoyfQ%3D%3D%7C0%7C%7C%7C&amp;sdata=wSYOCEk7hIAfjknOmlP%2B7RFbh%2Fn%2FXEN%2FgmEYI3joctk%3D&amp;reserved=0\">https:\/\/sistemas.camacari.ba.gov.br\/sedes\/cesta\/consulta_cesta\/index.php<\/a>]. A pesquisa \u00e9 feita inserindo o N\u00famero de Identifica\u00e7\u00e3o Social (NIS) ou do CPF.<\/p>\n\n\n\n<figure class=\"wp-block-image size-full\"><img loading=\"lazy\" decoding=\"async\" width=\"800\" height=\"533\" src=\"https:\/\/compartilhabahia.com.br\/wp-content\/uploads\/2025\/04\/pontosdeentregas-1.jpg\" alt=\"\" class=\"wp-image-5914\" srcset=\"https:\/\/compartilhabahia.com.br\/wp-content\/uploads\/2025\/04\/pontosdeentregas-1.jpg 800w, https:\/\/compartilhabahia.com.br\/wp-content\/uploads\/2025\/04\/pontosdeentregas-1-300x200.jpg 300w, https:\/\/compartilhabahia.com.br\/wp-content\/uploads\/2025\/04\/pontosdeentregas-1-768x512.jpg 768w\" sizes=\"auto, (max-width: 800px) 100vw, 800px\" \/><\/figure>\n\n\n\n<p><strong>Veja, a seguir, os pontos de retirada dos cupons na sede e orla:<br><br>SEDE<\/strong><br>1 \u2013 Escola Municipal Alberto Ferreira Brand\u00e3o: Rua Flor do Campo \u2013 Gleba H<br>Localidades: Lama Preta, Burissatuba, Santa Maria, Gleba H e Cama\u00e7ari de Dentro;<br>2 \u2013 CRAS Burissatuba: Rua Ot\u00e1vio Mangabeira \u2013 Lama Preta<br>Localidades: Santo Ant\u00f4nio, S\u00e3o Vicente, Jaragu\u00e1, Tri\u00e2ngulo e Alto do Tri\u00e2ngulo;<br>3 \u2013 Centro de Educa\u00e7\u00e3o Municipal de Cama\u00e7ari (Cemc): Rua Araci \u2013 Phoc II<br>Localidades: Phoc I, II, III, Jardim Bras\u00edlia, 46, Glebas C e E;<br>4 \u2013 Banda Municipal de Cama\u00e7ari (Bamuca): Rua Bela Vista, n.\u00ba 282 \u2013 Gleba B<br>Localidades: Novo Horizonte, Alto da Bela Vista, Alto da Cruz, Natal, Bomba, Gleba B, Inocoop, Parque Florestal, Pia\u00e7aveira e Ponto Certo;<br>5 \u2013 Escola Municipal Virg\u00ednia Reis: Rua Petrolina \u2013 Verdes Horizontes<br>Localidades: Verdes Horizontes e Industrial Urbano;<br>6 \u2013 Centro Educacional Hildebrando Lima Filho: Loteamento Parque das Mangabas \u2013 Parque das Mangabas<br>Localidades: Parque das Mangabas, Cascalheira e Loteamento Montenegro;<br>7 \u2013 Centro Educacional Yolanda Pires: Rua Principal \u2013 Jardim Limoeiro<br>Localidades: Jardim Limoeiro, Vila Remanescente, Parque das Palmeiras e Bairro Novo;<br>8 \u2013 Escola Municipal Santo Ant\u00f4nio: Rua da Pra\u00e7a \u2013 Machadinho<br>Localidades: Machadinho, Capivara, Jorrinho e Parque Real Serra Verde;<br>9 \u2013 Escola Helena Celestino de Magalh\u00e3es: Avenida do Canal \u2013 Gravat\u00e1<br>Localidades: Parque Sat\u00e9lite, Cristo Redentor, Mangueiral, Ficam, Gleba A, Gravat\u00e1;<br>10 \u2013 Conviver: Rua Ambr\u00f3sia \u2013 Bela Vista (Inocoop)<br>P\u00fablico: do Conviver;<br>11 \u2013 Casa da Crian\u00e7a e do Adolescente: Rua do Tel\u00e9grafo \u2013 Natal<br>Localidade: Nova Vit\u00f3ria, Centro, Dois de Julho e p\u00fablico da Casa da Crian\u00e7a e do Adolescente; &nbsp;<br>12 \u2013 Escola Municipal Eust\u00e1quio Alves de Santana: Rua Bela Vista \u2013 Parafuso<br>Localidade: Parafuso;<br>13 \u2013 Escola Municipal Parque Verde: Condom\u00ednio Rio da Prata \u2013 Parque Verde<br>Localidades: Parque Verde I, II, III e Massaranduba.<\/p>\n\n\n\n<p><strong>ORLA<\/strong><br>14 \u2013 Escola Municipal Am\u00e9lia Rodrigues: Rua S\u00e3o Bento \u2013 Monte Gordo<br>Localidades: Monte Gordo, Bom Jesus, Beco da Cebola, Jacar\u00e9, Loteamento S\u00e3o Bento, Boa Esperan\u00e7a, Loteamento Guarajuba, Estrada Velha, Beco da Margarida, Rua do Saco, Santar\u00e9m, Alto da Capelinha e Senhor do Bonfim;<br>15 \u2013 Centro Educacional Barra do Pojuca: Barra do Pojuca<br>Localidade: Barra do Pojuca;<br>16 \u2013 Escola Municipal Eliza Dias de Azevedo: Estrada de Buris \u2013 Vila de Abrantes<br>Localidades: Vila de Abrantes, Nova Abrantes, Estivas de Abrantes, Buris de Abrantes, Phoc de Abrantes, Mal\u00edcia e Pau Sul;<br>17 \u2013 Centro Educacional Tancredo Neves: Rua Direita de Jau\u00e1 \u2013 Jau\u00e1<br>Localidades: P\u00e9 de Areia, Jau\u00e1 e Alto da Bela Vista;<br>18 \u2013 Escola Municipal Thomaz Camilo: Rua da Mangueira \u2013 Areias<br>Localidade: Areias;<br>19 \u2013 Escola Municipal Caminho do Mar: Caminho do Mar \u2013 Barra do Jacu\u00edpe<br>Localidades: Caminho do Mar, Caminho do Rio, Cetrel, Canto dos P\u00e1ssaros e Senhor dos Passos;<br>20 \u2013 Escola Municipal Gilt\u00f4nia Pereira de Souza: Rua Parati, Volta do Robalo \u2013 Arembepe<br>Localidades: Arembepe (Centro) e Fonte das \u00c1guas;<br>21 \u2013 Escola Municipal Fonte da Caixa: Loteamento Fonte da Caixa \u2013 Q 17<br>Localidade: Fonte da Caixa;<br>22 \u2013 Centro Educacional Darcy Ribeiro: Rua das Flores \u2013 Barra do Jacu\u00edpe<br>Localidades: Barra do Jacu\u00edpe.<\/p>\n\n\n\n<p>Foto: Patrick Abreu<\/p>\n","protected":false},"excerpt":{"rendered":"<p>Atendimento r\u00e1pido e organizado. Assim est\u00e1 sendo a entrega dos cupons que d\u00e3o direito \u00e0 Cesta de P\u00e1scoa 2025. Realizada pela Prefeitura de Cama\u00e7ari, por interm\u00e9dio da Secretaria de Desenvolvimento Social e Cidadania (Sedes), a iniciativa visa proporcionar uma mesa farta, com alimentos de qualidade, para fam\u00edlias em situa\u00e7\u00e3o de vulnerabilidade social durante a Semana [&hellip;]<\/p>\n","protected":false},"author":1,"featured_media":5913,"comment_status":"open","ping_status":"open","sticky":false,"template":"","format":"standard","meta":{"footnotes":""},"categories":[8],"tags":[],"class_list":["post-5912","post","type-post","status-publish","format-standard","has-post-thumbnail","hentry","category-camacari"],"yoast_head":"<!-- This site is optimized with the Yoast SEO plugin v21.7 - https:\/\/yoast.com\/wordpress\/plugins\/seo\/ -->\n<title>Organiza\u00e7\u00e3o e agilidade marcam terceiro dia de entrega dos cupons da Cesta de P\u00e1scoa - Compartilha Bahia<\/title>\n<meta name=\"robots\" content=\"index, follow, max-snippet:-1, max-image-preview:large, max-video-preview:-1\" \/>\n<link rel=\"canonical\" href=\"https:\/\/compartilhabahia.com.br\/index.php\/2025\/04\/06\/organizacao-e-agilidade-marcam-terceiro-dia-de-entrega-dos-cupons-da-cesta-de-pascoa\/\" \/>\n<meta property=\"og:locale\" content=\"pt_BR\" \/>\n<meta property=\"og:type\" content=\"article\" \/>\n<meta property=\"og:title\" content=\"Organiza\u00e7\u00e3o e agilidade marcam terceiro dia de entrega dos cupons da Cesta de P\u00e1scoa - Compartilha Bahia\" \/>\n<meta property=\"og:description\" content=\"Atendimento r\u00e1pido e organizado. Assim est\u00e1 sendo a entrega dos cupons que d\u00e3o direito \u00e0 Cesta de P\u00e1scoa 2025. Realizada pela Prefeitura de Cama\u00e7ari, por interm\u00e9dio da Secretaria de Desenvolvimento Social e Cidadania (Sedes), a iniciativa visa proporcionar uma mesa farta, com alimentos de qualidade, para fam\u00edlias em situa\u00e7\u00e3o de vulnerabilidade social durante a Semana [&hellip;]\" \/>\n<meta property=\"og:url\" content=\"https:\/\/compartilhabahia.com.br\/index.php\/2025\/04\/06\/organizacao-e-agilidade-marcam-terceiro-dia-de-entrega-dos-cupons-da-cesta-de-pascoa\/\" \/>\n<meta property=\"og:site_name\" content=\"Compartilha Bahia\" \/>\n<meta property=\"article:publisher\" content=\"https:\/\/web.facebook.com\/compartilhabahia\" \/>\n<meta property=\"article:published_time\" content=\"2025-04-07T01:57:19+00:00\" \/>\n<meta property=\"article:modified_time\" content=\"2025-04-07T01:57:20+00:00\" \/>\n<meta property=\"og:image\" content=\"https:\/\/compartilhabahia.com.br\/wp-content\/uploads\/2025\/04\/moradora.jpg\" \/>\n\t<meta property=\"og:image:width\" content=\"800\" \/>\n\t<meta property=\"og:image:height\" content=\"535\" \/>\n\t<meta property=\"og:image:type\" content=\"image\/jpeg\" \/>\n<meta name=\"author\" content=\"admin\" \/>\n<meta name=\"twitter:card\" content=\"summary_large_image\" \/>\n<meta name=\"twitter:label1\" content=\"Escrito por\" \/>\n\t<meta name=\"twitter:data1\" content=\"admin\" \/>\n\t<meta name=\"twitter:label2\" content=\"Est. tempo de leitura\" \/>\n\t<meta name=\"twitter:data2\" content=\"7 minutos\" \/>\n<script type=\"application\/ld+json\" class=\"yoast-schema-graph\">{\"@context\":\"https:\/\/schema.org\",\"@graph\":[{\"@type\":\"Article\",\"@id\":\"https:\/\/compartilhabahia.com.br\/index.php\/2025\/04\/06\/organizacao-e-agilidade-marcam-terceiro-dia-de-entrega-dos-cupons-da-cesta-de-pascoa\/#article\",\"isPartOf\":{\"@id\":\"https:\/\/compartilhabahia.com.br\/index.php\/2025\/04\/06\/organizacao-e-agilidade-marcam-terceiro-dia-de-entrega-dos-cupons-da-cesta-de-pascoa\/\"},\"author\":{\"name\":\"admin\",\"@id\":\"https:\/\/compartilhabahia.com.br\/#\/schema\/person\/9b4f0c3178793b8248d6686732521c04\"},\"headline\":\"Organiza\u00e7\u00e3o e agilidade marcam terceiro dia de entrega dos cupons da Cesta de P\u00e1scoa\",\"datePublished\":\"2025-04-07T01:57:19+00:00\",\"dateModified\":\"2025-04-07T01:57:20+00:00\",\"mainEntityOfPage\":{\"@id\":\"https:\/\/compartilhabahia.com.br\/index.php\/2025\/04\/06\/organizacao-e-agilidade-marcam-terceiro-dia-de-entrega-dos-cupons-da-cesta-de-pascoa\/\"},\"wordCount\":1182,\"commentCount\":0,\"publisher\":{\"@id\":\"https:\/\/compartilhabahia.com.br\/#organization\"},\"articleSection\":[\"Cama\u00e7ari\"],\"inLanguage\":\"pt-BR\",\"potentialAction\":[{\"@type\":\"CommentAction\",\"name\":\"Comment\",\"target\":[\"https:\/\/compartilhabahia.com.br\/index.php\/2025\/04\/06\/organizacao-e-agilidade-marcam-terceiro-dia-de-entrega-dos-cupons-da-cesta-de-pascoa\/#respond\"]}]},{\"@type\":\"WebPage\",\"@id\":\"https:\/\/compartilhabahia.com.br\/index.php\/2025\/04\/06\/organizacao-e-agilidade-marcam-terceiro-dia-de-entrega-dos-cupons-da-cesta-de-pascoa\/\",\"url\":\"https:\/\/compartilhabahia.com.br\/index.php\/2025\/04\/06\/organizacao-e-agilidade-marcam-terceiro-dia-de-entrega-dos-cupons-da-cesta-de-pascoa\/\",\"name\":\"Organiza\u00e7\u00e3o e agilidade marcam terceiro dia de entrega dos cupons da Cesta de P\u00e1scoa - Compartilha Bahia\",\"isPartOf\":{\"@id\":\"https:\/\/compartilhabahia.com.br\/#website\"},\"datePublished\":\"2025-04-07T01:57:19+00:00\",\"dateModified\":\"2025-04-07T01:57:20+00:00\",\"breadcrumb\":{\"@id\":\"https:\/\/compartilhabahia.com.br\/index.php\/2025\/04\/06\/organizacao-e-agilidade-marcam-terceiro-dia-de-entrega-dos-cupons-da-cesta-de-pascoa\/#breadcrumb\"},\"inLanguage\":\"pt-BR\",\"potentialAction\":[{\"@type\":\"ReadAction\",\"target\":[\"https:\/\/compartilhabahia.com.br\/index.php\/2025\/04\/06\/organizacao-e-agilidade-marcam-terceiro-dia-de-entrega-dos-cupons-da-cesta-de-pascoa\/\"]}]},{\"@type\":\"BreadcrumbList\",\"@id\":\"https:\/\/compartilhabahia.com.br\/index.php\/2025\/04\/06\/organizacao-e-agilidade-marcam-terceiro-dia-de-entrega-dos-cupons-da-cesta-de-pascoa\/#breadcrumb\",\"itemListElement\":[{\"@type\":\"ListItem\",\"position\":1,\"name\":\"In\u00edcio\",\"item\":\"https:\/\/compartilhabahia.com.br\/\"},{\"@type\":\"ListItem\",\"position\":2,\"name\":\"Organiza\u00e7\u00e3o e agilidade marcam terceiro dia de entrega dos cupons da Cesta de P\u00e1scoa\"}]},{\"@type\":\"WebSite\",\"@id\":\"https:\/\/compartilhabahia.com.br\/#website\",\"url\":\"https:\/\/compartilhabahia.com.br\/\",\"name\":\"Compartilha Bahia\",\"description\":\"\",\"publisher\":{\"@id\":\"https:\/\/compartilhabahia.com.br\/#organization\"},\"potentialAction\":[{\"@type\":\"SearchAction\",\"target\":{\"@type\":\"EntryPoint\",\"urlTemplate\":\"https:\/\/compartilhabahia.com.br\/?s={search_term_string}\"},\"query-input\":\"required name=search_term_string\"}],\"inLanguage\":\"pt-BR\"},{\"@type\":\"Organization\",\"@id\":\"https:\/\/compartilhabahia.com.br\/#organization\",\"name\":\"Compartilha Bahia\",\"url\":\"https:\/\/compartilhabahia.com.br\/\",\"logo\":{\"@type\":\"ImageObject\",\"inLanguage\":\"pt-BR\",\"@id\":\"https:\/\/compartilhabahia.com.br\/#\/schema\/logo\/image\/\",\"url\":\"https:\/\/compartilhabahia.com.br\/wp-content\/uploads\/2023\/12\/cropped-logo.png\",\"contentUrl\":\"https:\/\/compartilhabahia.com.br\/wp-content\/uploads\/2023\/12\/cropped-logo.png\",\"width\":300,\"height\":106,\"caption\":\"Compartilha Bahia\"},\"image\":{\"@id\":\"https:\/\/compartilhabahia.com.br\/#\/schema\/logo\/image\/\"},\"sameAs\":[\"https:\/\/web.facebook.com\/compartilhabahia\",\"https:\/\/www.instagram.com\/compartilhabahia\/\"]},{\"@type\":\"Person\",\"@id\":\"https:\/\/compartilhabahia.com.br\/#\/schema\/person\/9b4f0c3178793b8248d6686732521c04\",\"name\":\"admin\",\"image\":{\"@type\":\"ImageObject\",\"inLanguage\":\"pt-BR\",\"@id\":\"https:\/\/compartilhabahia.com.br\/#\/schema\/person\/image\/\",\"url\":\"https:\/\/secure.gravatar.com\/avatar\/9600df58751c5acbe914c538c03390ef649ea088cb65f84ba09c7ce66988eed6?s=96&d=mm&r=g\",\"contentUrl\":\"https:\/\/secure.gravatar.com\/avatar\/9600df58751c5acbe914c538c03390ef649ea088cb65f84ba09c7ce66988eed6?s=96&d=mm&r=g\",\"caption\":\"admin\"},\"sameAs\":[\"https:\/\/compartilhabahia.com.br\"],\"url\":\"https:\/\/compartilhabahia.com.br\/index.php\/author\/compartilhabahia\/\"}]}<\/script>\n<!-- \/ Yoast SEO plugin. -->","yoast_head_json":{"title":"Organiza\u00e7\u00e3o e agilidade marcam terceiro dia de entrega dos cupons da Cesta de P\u00e1scoa - Compartilha Bahia","robots":{"index":"index","follow":"follow","max-snippet":"max-snippet:-1","max-image-preview":"max-image-preview:large","max-video-preview":"max-video-preview:-1"},"canonical":"https:\/\/compartilhabahia.com.br\/index.php\/2025\/04\/06\/organizacao-e-agilidade-marcam-terceiro-dia-de-entrega-dos-cupons-da-cesta-de-pascoa\/","og_locale":"pt_BR","og_type":"article","og_title":"Organiza\u00e7\u00e3o e agilidade marcam terceiro dia de entrega dos cupons da Cesta de P\u00e1scoa - Compartilha Bahia","og_description":"Atendimento r\u00e1pido e organizado. Assim est\u00e1 sendo a entrega dos cupons que d\u00e3o direito \u00e0 Cesta de P\u00e1scoa 2025. Realizada pela Prefeitura de Cama\u00e7ari, por interm\u00e9dio da Secretaria de Desenvolvimento Social e Cidadania (Sedes), a iniciativa visa proporcionar uma mesa farta, com alimentos de qualidade, para fam\u00edlias em situa\u00e7\u00e3o de vulnerabilidade social durante a Semana [&hellip;]","og_url":"https:\/\/compartilhabahia.com.br\/index.php\/2025\/04\/06\/organizacao-e-agilidade-marcam-terceiro-dia-de-entrega-dos-cupons-da-cesta-de-pascoa\/","og_site_name":"Compartilha Bahia","article_publisher":"https:\/\/web.facebook.com\/compartilhabahia","article_published_time":"2025-04-07T01:57:19+00:00","article_modified_time":"2025-04-07T01:57:20+00:00","og_image":[{"width":800,"height":535,"url":"https:\/\/compartilhabahia.com.br\/wp-content\/uploads\/2025\/04\/moradora.jpg","type":"image\/jpeg"}],"author":"admin","twitter_card":"summary_large_image","twitter_misc":{"Escrito por":"admin","Est. tempo de leitura":"7 minutos"},"schema":{"@context":"https:\/\/schema.org","@graph":[{"@type":"Article","@id":"https:\/\/compartilhabahia.com.br\/index.php\/2025\/04\/06\/organizacao-e-agilidade-marcam-terceiro-dia-de-entrega-dos-cupons-da-cesta-de-pascoa\/#article","isPartOf":{"@id":"https:\/\/compartilhabahia.com.br\/index.php\/2025\/04\/06\/organizacao-e-agilidade-marcam-terceiro-dia-de-entrega-dos-cupons-da-cesta-de-pascoa\/"},"author":{"name":"admin","@id":"https:\/\/compartilhabahia.com.br\/#\/schema\/person\/9b4f0c3178793b8248d6686732521c04"},"headline":"Organiza\u00e7\u00e3o e agilidade marcam terceiro dia de entrega dos cupons da Cesta de P\u00e1scoa","datePublished":"2025-04-07T01:57:19+00:00","dateModified":"2025-04-07T01:57:20+00:00","mainEntityOfPage":{"@id":"https:\/\/compartilhabahia.com.br\/index.php\/2025\/04\/06\/organizacao-e-agilidade-marcam-terceiro-dia-de-entrega-dos-cupons-da-cesta-de-pascoa\/"},"wordCount":1182,"commentCount":0,"publisher":{"@id":"https:\/\/compartilhabahia.com.br\/#organization"},"articleSection":["Cama\u00e7ari"],"inLanguage":"pt-BR","potentialAction":[{"@type":"CommentAction","name":"Comment","target":["https:\/\/compartilhabahia.com.br\/index.php\/2025\/04\/06\/organizacao-e-agilidade-marcam-terceiro-dia-de-entrega-dos-cupons-da-cesta-de-pascoa\/#respond"]}]},{"@type":"WebPage","@id":"https:\/\/compartilhabahia.com.br\/index.php\/2025\/04\/06\/organizacao-e-agilidade-marcam-terceiro-dia-de-entrega-dos-cupons-da-cesta-de-pascoa\/","url":"https:\/\/compartilhabahia.com.br\/index.php\/2025\/04\/06\/organizacao-e-agilidade-marcam-terceiro-dia-de-entrega-dos-cupons-da-cesta-de-pascoa\/","name":"Organiza\u00e7\u00e3o e agilidade marcam terceiro dia de entrega dos cupons da Cesta de P\u00e1scoa - Compartilha Bahia","isPartOf":{"@id":"https:\/\/compartilhabahia.com.br\/#website"},"datePublished":"2025-04-07T01:57:19+00:00","dateModified":"2025-04-07T01:57:20+00:00","breadcrumb":{"@id":"https:\/\/compartilhabahia.com.br\/index.php\/2025\/04\/06\/organizacao-e-agilidade-marcam-terceiro-dia-de-entrega-dos-cupons-da-cesta-de-pascoa\/#breadcrumb"},"inLanguage":"pt-BR","potentialAction":[{"@type":"ReadAction","target":["https:\/\/compartilhabahia.com.br\/index.php\/2025\/04\/06\/organizacao-e-agilidade-marcam-terceiro-dia-de-entrega-dos-cupons-da-cesta-de-pascoa\/"]}]},{"@type":"BreadcrumbList","@id":"https:\/\/compartilhabahia.com.br\/index.php\/2025\/04\/06\/organizacao-e-agilidade-marcam-terceiro-dia-de-entrega-dos-cupons-da-cesta-de-pascoa\/#breadcrumb","itemListElement":[{"@type":"ListItem","position":1,"name":"In\u00edcio","item":"https:\/\/compartilhabahia.com.br\/"},{"@type":"ListItem","position":2,"name":"Organiza\u00e7\u00e3o e agilidade marcam terceiro dia de entrega dos cupons da Cesta de P\u00e1scoa"}]},{"@type":"WebSite","@id":"https:\/\/compartilhabahia.com.br\/#website","url":"https:\/\/compartilhabahia.com.br\/","name":"Compartilha Bahia","description":"","publisher":{"@id":"https:\/\/compartilhabahia.com.br\/#organization"},"potentialAction":[{"@type":"SearchAction","target":{"@type":"EntryPoint","urlTemplate":"https:\/\/compartilhabahia.com.br\/?s={search_term_string}"},"query-input":"required name=search_term_string"}],"inLanguage":"pt-BR"},{"@type":"Organization","@id":"https:\/\/compartilhabahia.com.br\/#organization","name":"Compartilha Bahia","url":"https:\/\/compartilhabahia.com.br\/","logo":{"@type":"ImageObject","inLanguage":"pt-BR","@id":"https:\/\/compartilhabahia.com.br\/#\/schema\/logo\/image\/","url":"https:\/\/compartilhabahia.com.br\/wp-content\/uploads\/2023\/12\/cropped-logo.png","contentUrl":"https:\/\/compartilhabahia.com.br\/wp-content\/uploads\/2023\/12\/cropped-logo.png","width":300,"height":106,"caption":"Compartilha Bahia"},"image":{"@id":"https:\/\/compartilhabahia.com.br\/#\/schema\/logo\/image\/"},"sameAs":["https:\/\/web.facebook.com\/compartilhabahia","https:\/\/www.instagram.com\/compartilhabahia\/"]},{"@type":"Person","@id":"https:\/\/compartilhabahia.com.br\/#\/schema\/person\/9b4f0c3178793b8248d6686732521c04","name":"admin","image":{"@type":"ImageObject","inLanguage":"pt-BR","@id":"https:\/\/compartilhabahia.com.br\/#\/schema\/person\/image\/","url":"https:\/\/secure.gravatar.com\/avatar\/9600df58751c5acbe914c538c03390ef649ea088cb65f84ba09c7ce66988eed6?s=96&d=mm&r=g","contentUrl":"https:\/\/secure.gravatar.com\/avatar\/9600df58751c5acbe914c538c03390ef649ea088cb65f84ba09c7ce66988eed6?s=96&d=mm&r=g","caption":"admin"},"sameAs":["https:\/\/compartilhabahia.com.br"],"url":"https:\/\/compartilhabahia.com.br\/index.php\/author\/compartilhabahia\/"}]}},"_links":{"self":[{"href":"https:\/\/compartilhabahia.com.br\/index.php\/wp-json\/wp\/v2\/posts\/5912","targetHints":{"allow":["GET"]}}],"collection":[{"href":"https:\/\/compartilhabahia.com.br\/index.php\/wp-json\/wp\/v2\/posts"}],"about":[{"href":"https:\/\/compartilhabahia.com.br\/index.php\/wp-json\/wp\/v2\/types\/post"}],"author":[{"embeddable":true,"href":"https:\/\/compartilhabahia.com.br\/index.php\/wp-json\/wp\/v2\/users\/1"}],"replies":[{"embeddable":true,"href":"https:\/\/compartilhabahia.com.br\/index.php\/wp-json\/wp\/v2\/comments?post=5912"}],"version-history":[{"count":1,"href":"https:\/\/compartilhabahia.com.br\/index.php\/wp-json\/wp\/v2\/posts\/5912\/revisions"}],"predecessor-version":[{"id":5915,"href":"https:\/\/compartilhabahia.com.br\/index.php\/wp-json\/wp\/v2\/posts\/5912\/revisions\/5915"}],"wp:featuredmedia":[{"embeddable":true,"href":"https:\/\/compartilhabahia.com.br\/index.php\/wp-json\/wp\/v2\/media\/5913"}],"wp:attachment":[{"href":"https:\/\/compartilhabahia.com.br\/index.php\/wp-json\/wp\/v2\/media?parent=5912"}],"wp:term":[{"taxonomy":"category","embeddable":true,"href":"https:\/\/compartilhabahia.com.br\/index.php\/wp-json\/wp\/v2\/categories?post=5912"},{"taxonomy":"post_tag","embeddable":true,"href":"https:\/\/compartilhabahia.com.br\/index.php\/wp-json\/wp\/v2\/tags?post=5912"}],"curies":[{"name":"wp","href":"https:\/\/api.w.org\/{rel}","templated":true}]}}