{"id":571,"date":"2024-01-12T15:47:15","date_gmt":"2024-01-12T15:47:15","guid":{"rendered":"https:\/\/compartilhabahia.com.br\/?p=571"},"modified":"2024-01-12T15:47:18","modified_gmt":"2024-01-12T15:47:18","slug":"show-de-magica-agita-a-programacao-de-ferias-no-boulevard","status":"publish","type":"post","link":"https:\/\/compartilhabahia.com.br\/index.php\/2024\/01\/12\/show-de-magica-agita-a-programacao-de-ferias-no-boulevard\/","title":{"rendered":"Show de m\u00e1gica agita a programa\u00e7\u00e3o\u00a0de\u00a0F\u00e9rias\u00a0no\u00a0Boulevard\u00a0"},"content":{"rendered":"\n<p>Neste domingo (14), o Boulevard Shopping Cama\u00e7ari se transformar\u00e1 em um palco de magia e encanto. Como parte da programa\u00e7\u00e3o de f\u00e9rias, o M\u00e1gico Lorran retorna ao empreendimento para uma apresenta\u00e7\u00e3o que promete envolver crian\u00e7as e adultos em um espet\u00e1culo repleto de truques fascinantes.<\/p>\n\n\n\n<p>O evento se divide em dois momentos. Na primeira parte, o palco montado na pra\u00e7a de alimenta\u00e7\u00e3o se iluminar\u00e1 com um show musical, onde o M\u00e1gico Lorran realizar\u00e1 n\u00fameros de levita\u00e7\u00e3o, ilusionismo, mentalismo e leitura de mentes, acompanhado por uma trilha sonora pra l\u00e1 de animada.<\/p>\n\n\n\n<p>No segundo momento, a performance art\u00edstica se transformar\u00e1 em uma experi\u00eancia interativa, onde o p\u00fablico participar\u00e1 ativamente do show de ventriloquia do boneco Juquinha, com um repert\u00f3rio preparado especialmente para fazer a alegria da plateia. O evento \u00e9 gratuito e acontecer\u00e1 das 16h \u00e0s 17h30.&nbsp;<\/p>\n","protected":false},"excerpt":{"rendered":"<p>Neste domingo (14), o Boulevard Shopping Cama\u00e7ari se transformar\u00e1 em um palco de magia e encanto. Como parte da programa\u00e7\u00e3o de f\u00e9rias, o M\u00e1gico Lorran retorna ao empreendimento para uma apresenta\u00e7\u00e3o que promete envolver crian\u00e7as e adultos em um espet\u00e1culo repleto de truques fascinantes. O evento se divide em dois momentos. Na primeira parte, o [&hellip;]<\/p>\n","protected":false},"author":1,"featured_media":572,"comment_status":"open","ping_status":"open","sticky":false,"template":"","format":"standard","meta":{"footnotes":""},"categories":[8],"tags":[],"class_list":["post-571","post","type-post","status-publish","format-standard","has-post-thumbnail","hentry","category-camacari"],"yoast_head":"<!-- This site is optimized with the Yoast SEO plugin v21.7 - https:\/\/yoast.com\/wordpress\/plugins\/seo\/ -->\n<title>Show de m\u00e1gica agita a programa\u00e7\u00e3o\u00a0de\u00a0F\u00e9rias\u00a0no\u00a0Boulevard\u00a0 - Compartilha Bahia<\/title>\n<meta name=\"robots\" content=\"index, follow, max-snippet:-1, max-image-preview:large, max-video-preview:-1\" \/>\n<link rel=\"canonical\" href=\"https:\/\/compartilhabahia.com.br\/index.php\/2024\/01\/12\/show-de-magica-agita-a-programacao-de-ferias-no-boulevard\/\" \/>\n<meta property=\"og:locale\" content=\"pt_BR\" \/>\n<meta property=\"og:type\" content=\"article\" \/>\n<meta property=\"og:title\" content=\"Show de m\u00e1gica agita a programa\u00e7\u00e3o\u00a0de\u00a0F\u00e9rias\u00a0no\u00a0Boulevard\u00a0 - Compartilha Bahia\" \/>\n<meta property=\"og:description\" content=\"Neste domingo (14), o Boulevard Shopping Cama\u00e7ari se transformar\u00e1 em um palco de magia e encanto. Como parte da programa\u00e7\u00e3o de f\u00e9rias, o M\u00e1gico Lorran retorna ao empreendimento para uma apresenta\u00e7\u00e3o que promete envolver crian\u00e7as e adultos em um espet\u00e1culo repleto de truques fascinantes. O evento se divide em dois momentos. Na primeira parte, o [&hellip;]\" \/>\n<meta property=\"og:url\" content=\"https:\/\/compartilhabahia.com.br\/index.php\/2024\/01\/12\/show-de-magica-agita-a-programacao-de-ferias-no-boulevard\/\" \/>\n<meta property=\"og:site_name\" content=\"Compartilha Bahia\" \/>\n<meta property=\"article:publisher\" content=\"https:\/\/web.facebook.com\/compartilhabahia\" \/>\n<meta property=\"article:published_time\" content=\"2024-01-12T15:47:15+00:00\" \/>\n<meta property=\"article:modified_time\" content=\"2024-01-12T15:47:18+00:00\" \/>\n<meta property=\"og:image\" content=\"https:\/\/compartilhabahia.com.br\/wp-content\/uploads\/2024\/01\/fernanda-maia.jpg\" \/>\n\t<meta property=\"og:image:width\" content=\"1040\" \/>\n\t<meta property=\"og:image:height\" content=\"718\" \/>\n\t<meta property=\"og:image:type\" content=\"image\/jpeg\" \/>\n<meta name=\"author\" content=\"admin\" \/>\n<meta name=\"twitter:card\" content=\"summary_large_image\" \/>\n<meta name=\"twitter:label1\" content=\"Escrito por\" \/>\n\t<meta name=\"twitter:data1\" content=\"admin\" \/>\n\t<meta name=\"twitter:label2\" content=\"Est. tempo de leitura\" \/>\n\t<meta name=\"twitter:data2\" content=\"1 minuto\" \/>\n<script type=\"application\/ld+json\" class=\"yoast-schema-graph\">{\"@context\":\"https:\/\/schema.org\",\"@graph\":[{\"@type\":\"Article\",\"@id\":\"https:\/\/compartilhabahia.com.br\/index.php\/2024\/01\/12\/show-de-magica-agita-a-programacao-de-ferias-no-boulevard\/#article\",\"isPartOf\":{\"@id\":\"https:\/\/compartilhabahia.com.br\/index.php\/2024\/01\/12\/show-de-magica-agita-a-programacao-de-ferias-no-boulevard\/\"},\"author\":{\"name\":\"admin\",\"@id\":\"https:\/\/compartilhabahia.com.br\/#\/schema\/person\/9b4f0c3178793b8248d6686732521c04\"},\"headline\":\"Show de m\u00e1gica agita a programa\u00e7\u00e3o\u00a0de\u00a0F\u00e9rias\u00a0no\u00a0Boulevard\u00a0\",\"datePublished\":\"2024-01-12T15:47:15+00:00\",\"dateModified\":\"2024-01-12T15:47:18+00:00\",\"mainEntityOfPage\":{\"@id\":\"https:\/\/compartilhabahia.com.br\/index.php\/2024\/01\/12\/show-de-magica-agita-a-programacao-de-ferias-no-boulevard\/\"},\"wordCount\":163,\"commentCount\":0,\"publisher\":{\"@id\":\"https:\/\/compartilhabahia.com.br\/#organization\"},\"articleSection\":[\"Cama\u00e7ari\"],\"inLanguage\":\"pt-BR\",\"potentialAction\":[{\"@type\":\"CommentAction\",\"name\":\"Comment\",\"target\":[\"https:\/\/compartilhabahia.com.br\/index.php\/2024\/01\/12\/show-de-magica-agita-a-programacao-de-ferias-no-boulevard\/#respond\"]}]},{\"@type\":\"WebPage\",\"@id\":\"https:\/\/compartilhabahia.com.br\/index.php\/2024\/01\/12\/show-de-magica-agita-a-programacao-de-ferias-no-boulevard\/\",\"url\":\"https:\/\/compartilhabahia.com.br\/index.php\/2024\/01\/12\/show-de-magica-agita-a-programacao-de-ferias-no-boulevard\/\",\"name\":\"Show de m\u00e1gica agita a programa\u00e7\u00e3o\u00a0de\u00a0F\u00e9rias\u00a0no\u00a0Boulevard\u00a0 - Compartilha Bahia\",\"isPartOf\":{\"@id\":\"https:\/\/compartilhabahia.com.br\/#website\"},\"datePublished\":\"2024-01-12T15:47:15+00:00\",\"dateModified\":\"2024-01-12T15:47:18+00:00\",\"breadcrumb\":{\"@id\":\"https:\/\/compartilhabahia.com.br\/index.php\/2024\/01\/12\/show-de-magica-agita-a-programacao-de-ferias-no-boulevard\/#breadcrumb\"},\"inLanguage\":\"pt-BR\",\"potentialAction\":[{\"@type\":\"ReadAction\",\"target\":[\"https:\/\/compartilhabahia.com.br\/index.php\/2024\/01\/12\/show-de-magica-agita-a-programacao-de-ferias-no-boulevard\/\"]}]},{\"@type\":\"BreadcrumbList\",\"@id\":\"https:\/\/compartilhabahia.com.br\/index.php\/2024\/01\/12\/show-de-magica-agita-a-programacao-de-ferias-no-boulevard\/#breadcrumb\",\"itemListElement\":[{\"@type\":\"ListItem\",\"position\":1,\"name\":\"In\u00edcio\",\"item\":\"https:\/\/compartilhabahia.com.br\/\"},{\"@type\":\"ListItem\",\"position\":2,\"name\":\"Show de m\u00e1gica agita a programa\u00e7\u00e3o\u00a0de\u00a0F\u00e9rias\u00a0no\u00a0Boulevard\u00a0\"}]},{\"@type\":\"WebSite\",\"@id\":\"https:\/\/compartilhabahia.com.br\/#website\",\"url\":\"https:\/\/compartilhabahia.com.br\/\",\"name\":\"Compartilha Bahia\",\"description\":\"\",\"publisher\":{\"@id\":\"https:\/\/compartilhabahia.com.br\/#organization\"},\"potentialAction\":[{\"@type\":\"SearchAction\",\"target\":{\"@type\":\"EntryPoint\",\"urlTemplate\":\"https:\/\/compartilhabahia.com.br\/?s={search_term_string}\"},\"query-input\":\"required name=search_term_string\"}],\"inLanguage\":\"pt-BR\"},{\"@type\":\"Organization\",\"@id\":\"https:\/\/compartilhabahia.com.br\/#organization\",\"name\":\"Compartilha Bahia\",\"url\":\"https:\/\/compartilhabahia.com.br\/\",\"logo\":{\"@type\":\"ImageObject\",\"inLanguage\":\"pt-BR\",\"@id\":\"https:\/\/compartilhabahia.com.br\/#\/schema\/logo\/image\/\",\"url\":\"https:\/\/compartilhabahia.com.br\/wp-content\/uploads\/2023\/12\/cropped-logo.png\",\"contentUrl\":\"https:\/\/compartilhabahia.com.br\/wp-content\/uploads\/2023\/12\/cropped-logo.png\",\"width\":300,\"height\":106,\"caption\":\"Compartilha Bahia\"},\"image\":{\"@id\":\"https:\/\/compartilhabahia.com.br\/#\/schema\/logo\/image\/\"},\"sameAs\":[\"https:\/\/web.facebook.com\/compartilhabahia\",\"https:\/\/www.instagram.com\/compartilhabahia\/\"]},{\"@type\":\"Person\",\"@id\":\"https:\/\/compartilhabahia.com.br\/#\/schema\/person\/9b4f0c3178793b8248d6686732521c04\",\"name\":\"admin\",\"image\":{\"@type\":\"ImageObject\",\"inLanguage\":\"pt-BR\",\"@id\":\"https:\/\/compartilhabahia.com.br\/#\/schema\/person\/image\/\",\"url\":\"https:\/\/secure.gravatar.com\/avatar\/9600df58751c5acbe914c538c03390ef649ea088cb65f84ba09c7ce66988eed6?s=96&d=mm&r=g\",\"contentUrl\":\"https:\/\/secure.gravatar.com\/avatar\/9600df58751c5acbe914c538c03390ef649ea088cb65f84ba09c7ce66988eed6?s=96&d=mm&r=g\",\"caption\":\"admin\"},\"sameAs\":[\"https:\/\/compartilhabahia.com.br\"],\"url\":\"https:\/\/compartilhabahia.com.br\/index.php\/author\/compartilhabahia\/\"}]}<\/script>\n<!-- \/ Yoast SEO plugin. -->","yoast_head_json":{"title":"Show de m\u00e1gica agita a programa\u00e7\u00e3o\u00a0de\u00a0F\u00e9rias\u00a0no\u00a0Boulevard\u00a0 - Compartilha Bahia","robots":{"index":"index","follow":"follow","max-snippet":"max-snippet:-1","max-image-preview":"max-image-preview:large","max-video-preview":"max-video-preview:-1"},"canonical":"https:\/\/compartilhabahia.com.br\/index.php\/2024\/01\/12\/show-de-magica-agita-a-programacao-de-ferias-no-boulevard\/","og_locale":"pt_BR","og_type":"article","og_title":"Show de m\u00e1gica agita a programa\u00e7\u00e3o\u00a0de\u00a0F\u00e9rias\u00a0no\u00a0Boulevard\u00a0 - Compartilha Bahia","og_description":"Neste domingo (14), o Boulevard Shopping Cama\u00e7ari se transformar\u00e1 em um palco de magia e encanto. Como parte da programa\u00e7\u00e3o de f\u00e9rias, o M\u00e1gico Lorran retorna ao empreendimento para uma apresenta\u00e7\u00e3o que promete envolver crian\u00e7as e adultos em um espet\u00e1culo repleto de truques fascinantes. O evento se divide em dois momentos. Na primeira parte, o [&hellip;]","og_url":"https:\/\/compartilhabahia.com.br\/index.php\/2024\/01\/12\/show-de-magica-agita-a-programacao-de-ferias-no-boulevard\/","og_site_name":"Compartilha Bahia","article_publisher":"https:\/\/web.facebook.com\/compartilhabahia","article_published_time":"2024-01-12T15:47:15+00:00","article_modified_time":"2024-01-12T15:47:18+00:00","og_image":[{"width":1040,"height":718,"url":"https:\/\/compartilhabahia.com.br\/wp-content\/uploads\/2024\/01\/fernanda-maia.jpg","type":"image\/jpeg"}],"author":"admin","twitter_card":"summary_large_image","twitter_misc":{"Escrito por":"admin","Est. tempo de leitura":"1 minuto"},"schema":{"@context":"https:\/\/schema.org","@graph":[{"@type":"Article","@id":"https:\/\/compartilhabahia.com.br\/index.php\/2024\/01\/12\/show-de-magica-agita-a-programacao-de-ferias-no-boulevard\/#article","isPartOf":{"@id":"https:\/\/compartilhabahia.com.br\/index.php\/2024\/01\/12\/show-de-magica-agita-a-programacao-de-ferias-no-boulevard\/"},"author":{"name":"admin","@id":"https:\/\/compartilhabahia.com.br\/#\/schema\/person\/9b4f0c3178793b8248d6686732521c04"},"headline":"Show de m\u00e1gica agita a programa\u00e7\u00e3o\u00a0de\u00a0F\u00e9rias\u00a0no\u00a0Boulevard\u00a0","datePublished":"2024-01-12T15:47:15+00:00","dateModified":"2024-01-12T15:47:18+00:00","mainEntityOfPage":{"@id":"https:\/\/compartilhabahia.com.br\/index.php\/2024\/01\/12\/show-de-magica-agita-a-programacao-de-ferias-no-boulevard\/"},"wordCount":163,"commentCount":0,"publisher":{"@id":"https:\/\/compartilhabahia.com.br\/#organization"},"articleSection":["Cama\u00e7ari"],"inLanguage":"pt-BR","potentialAction":[{"@type":"CommentAction","name":"Comment","target":["https:\/\/compartilhabahia.com.br\/index.php\/2024\/01\/12\/show-de-magica-agita-a-programacao-de-ferias-no-boulevard\/#respond"]}]},{"@type":"WebPage","@id":"https:\/\/compartilhabahia.com.br\/index.php\/2024\/01\/12\/show-de-magica-agita-a-programacao-de-ferias-no-boulevard\/","url":"https:\/\/compartilhabahia.com.br\/index.php\/2024\/01\/12\/show-de-magica-agita-a-programacao-de-ferias-no-boulevard\/","name":"Show de m\u00e1gica agita a programa\u00e7\u00e3o\u00a0de\u00a0F\u00e9rias\u00a0no\u00a0Boulevard\u00a0 - Compartilha Bahia","isPartOf":{"@id":"https:\/\/compartilhabahia.com.br\/#website"},"datePublished":"2024-01-12T15:47:15+00:00","dateModified":"2024-01-12T15:47:18+00:00","breadcrumb":{"@id":"https:\/\/compartilhabahia.com.br\/index.php\/2024\/01\/12\/show-de-magica-agita-a-programacao-de-ferias-no-boulevard\/#breadcrumb"},"inLanguage":"pt-BR","potentialAction":[{"@type":"ReadAction","target":["https:\/\/compartilhabahia.com.br\/index.php\/2024\/01\/12\/show-de-magica-agita-a-programacao-de-ferias-no-boulevard\/"]}]},{"@type":"BreadcrumbList","@id":"https:\/\/compartilhabahia.com.br\/index.php\/2024\/01\/12\/show-de-magica-agita-a-programacao-de-ferias-no-boulevard\/#breadcrumb","itemListElement":[{"@type":"ListItem","position":1,"name":"In\u00edcio","item":"https:\/\/compartilhabahia.com.br\/"},{"@type":"ListItem","position":2,"name":"Show de m\u00e1gica agita a programa\u00e7\u00e3o\u00a0de\u00a0F\u00e9rias\u00a0no\u00a0Boulevard\u00a0"}]},{"@type":"WebSite","@id":"https:\/\/compartilhabahia.com.br\/#website","url":"https:\/\/compartilhabahia.com.br\/","name":"Compartilha Bahia","description":"","publisher":{"@id":"https:\/\/compartilhabahia.com.br\/#organization"},"potentialAction":[{"@type":"SearchAction","target":{"@type":"EntryPoint","urlTemplate":"https:\/\/compartilhabahia.com.br\/?s={search_term_string}"},"query-input":"required name=search_term_string"}],"inLanguage":"pt-BR"},{"@type":"Organization","@id":"https:\/\/compartilhabahia.com.br\/#organization","name":"Compartilha Bahia","url":"https:\/\/compartilhabahia.com.br\/","logo":{"@type":"ImageObject","inLanguage":"pt-BR","@id":"https:\/\/compartilhabahia.com.br\/#\/schema\/logo\/image\/","url":"https:\/\/compartilhabahia.com.br\/wp-content\/uploads\/2023\/12\/cropped-logo.png","contentUrl":"https:\/\/compartilhabahia.com.br\/wp-content\/uploads\/2023\/12\/cropped-logo.png","width":300,"height":106,"caption":"Compartilha Bahia"},"image":{"@id":"https:\/\/compartilhabahia.com.br\/#\/schema\/logo\/image\/"},"sameAs":["https:\/\/web.facebook.com\/compartilhabahia","https:\/\/www.instagram.com\/compartilhabahia\/"]},{"@type":"Person","@id":"https:\/\/compartilhabahia.com.br\/#\/schema\/person\/9b4f0c3178793b8248d6686732521c04","name":"admin","image":{"@type":"ImageObject","inLanguage":"pt-BR","@id":"https:\/\/compartilhabahia.com.br\/#\/schema\/person\/image\/","url":"https:\/\/secure.gravatar.com\/avatar\/9600df58751c5acbe914c538c03390ef649ea088cb65f84ba09c7ce66988eed6?s=96&d=mm&r=g","contentUrl":"https:\/\/secure.gravatar.com\/avatar\/9600df58751c5acbe914c538c03390ef649ea088cb65f84ba09c7ce66988eed6?s=96&d=mm&r=g","caption":"admin"},"sameAs":["https:\/\/compartilhabahia.com.br"],"url":"https:\/\/compartilhabahia.com.br\/index.php\/author\/compartilhabahia\/"}]}},"_links":{"self":[{"href":"https:\/\/compartilhabahia.com.br\/index.php\/wp-json\/wp\/v2\/posts\/571","targetHints":{"allow":["GET"]}}],"collection":[{"href":"https:\/\/compartilhabahia.com.br\/index.php\/wp-json\/wp\/v2\/posts"}],"about":[{"href":"https:\/\/compartilhabahia.com.br\/index.php\/wp-json\/wp\/v2\/types\/post"}],"author":[{"embeddable":true,"href":"https:\/\/compartilhabahia.com.br\/index.php\/wp-json\/wp\/v2\/users\/1"}],"replies":[{"embeddable":true,"href":"https:\/\/compartilhabahia.com.br\/index.php\/wp-json\/wp\/v2\/comments?post=571"}],"version-history":[{"count":1,"href":"https:\/\/compartilhabahia.com.br\/index.php\/wp-json\/wp\/v2\/posts\/571\/revisions"}],"predecessor-version":[{"id":573,"href":"https:\/\/compartilhabahia.com.br\/index.php\/wp-json\/wp\/v2\/posts\/571\/revisions\/573"}],"wp:featuredmedia":[{"embeddable":true,"href":"https:\/\/compartilhabahia.com.br\/index.php\/wp-json\/wp\/v2\/media\/572"}],"wp:attachment":[{"href":"https:\/\/compartilhabahia.com.br\/index.php\/wp-json\/wp\/v2\/media?parent=571"}],"wp:term":[{"taxonomy":"category","embeddable":true,"href":"https:\/\/compartilhabahia.com.br\/index.php\/wp-json\/wp\/v2\/categories?post=571"},{"taxonomy":"post_tag","embeddable":true,"href":"https:\/\/compartilhabahia.com.br\/index.php\/wp-json\/wp\/v2\/tags?post=571"}],"curies":[{"name":"wp","href":"https:\/\/api.w.org\/{rel}","templated":true}]}}