{"id":5692,"date":"2025-03-18T14:10:07","date_gmt":"2025-03-18T17:10:07","guid":{"rendered":"https:\/\/compartilhabahia.com.br\/?p=5692"},"modified":"2025-03-18T14:10:09","modified_gmt":"2025-03-18T17:10:09","slug":"justica-concede-liminar-para-prefeitura-remanejar-verbas-e-destravar-orcamento-de-camacari","status":"publish","type":"post","link":"https:\/\/compartilhabahia.com.br\/index.php\/2025\/03\/18\/justica-concede-liminar-para-prefeitura-remanejar-verbas-e-destravar-orcamento-de-camacari\/","title":{"rendered":"Justi\u00e7a concede liminar para Prefeitura remanejar verbas e destravar or\u00e7amento de Cama\u00e7ari"},"content":{"rendered":"\n<p><\/p>\n\n\n\n<p>O Tribunal de Justi\u00e7a da Bahia (TJ-BA) concedeu liminar favor\u00e1vel ao Munic\u00edpio de Cama\u00e7ari permitindo que a gest\u00e3o municipal tenha flexibilidade na execu\u00e7\u00e3o do or\u00e7amento para 2025. A decis\u00e3o suspende a restri\u00e7\u00e3o imposta pela C\u00e2mara Municipal, que havia reduzido drasticamente o percentual de abertura de cr\u00e9ditos suplementares de 100% para apenas 2%.<\/p>\n\n\n\n<p>A medida foi tomada no \u00e2mbito da A\u00e7\u00e3o Direta de Inconstitucionalidade movida pelo prefeito contra o dispositivo da Lei Or\u00e7ament\u00e1ria Anual que limitava de forma in\u00e9dita a execu\u00e7\u00e3o do or\u00e7amento pelo chefe do executivo municipal. A relatora do caso, desembargadora N\u00e1gila Maria Sales Brito, considerou que a limita\u00e7\u00e3o imposta pelo Legislativo municipal comprometia a efici\u00eancia administrativa e a execu\u00e7\u00e3o de pol\u00edticas p\u00fablicas.<\/p>\n\n\n\n<p>Na a\u00e7\u00e3o, a gest\u00e3o municipal sustentou que a modifica\u00e7\u00e3o violava princ\u00edpios constitucionais, como a separa\u00e7\u00e3o dos poderes e a razoabilidade na execu\u00e7\u00e3o or\u00e7ament\u00e1ria. Al\u00e9m disso, alegou que as emendas, aprovadas ainda pela legislatura passada, n\u00e3o passaram por um estudo pr\u00e9vio de impacto financeiro.<\/p>\n\n\n\n<p>A Procuradoria-Geral de Justi\u00e7a (PGJ) destacou no processo que \u201chouve ofensa ao art. 113 do Ato das Disposi\u00e7\u00f5es Constitucionais Transit\u00f3rias da CF\/88, na medida em que as emendas legislativas n\u00e3o foram precedidas de estudo de impacto financeiro, o que justifica a concess\u00e3o parcial da cautelar da limita\u00e7\u00e3o de 2%.\u201d<\/p>\n\n\n\n<p>\u201cRestringir a abertura de cr\u00e9ditos suplementares ao montante de 2% representa, na pr\u00e1tica, a aus\u00eancia quase total de flexibilidade \u00e0 execu\u00e7\u00e3o or\u00e7ament\u00e1ria, fundamental para a viabilidade do desempenho das fun\u00e7\u00f5es t\u00edpicas do Poder Executivo Municipal, malferindo o princ\u00edpio constitucional da efici\u00eancia\u201d, afirmou a desembargadora na decis\u00e3o.<\/p>\n","protected":false},"excerpt":{"rendered":"<p>O Tribunal de Justi\u00e7a da Bahia (TJ-BA) concedeu liminar favor\u00e1vel ao Munic\u00edpio de Cama\u00e7ari permitindo que a gest\u00e3o municipal tenha flexibilidade na execu\u00e7\u00e3o do or\u00e7amento para 2025. A decis\u00e3o suspende a restri\u00e7\u00e3o imposta pela C\u00e2mara Municipal, que havia reduzido drasticamente o percentual de abertura de cr\u00e9ditos suplementares de 100% para apenas 2%. A medida foi [&hellip;]<\/p>\n","protected":false},"author":1,"featured_media":5693,"comment_status":"open","ping_status":"open","sticky":false,"template":"","format":"standard","meta":{"footnotes":""},"categories":[8],"tags":[],"class_list":["post-5692","post","type-post","status-publish","format-standard","has-post-thumbnail","hentry","category-camacari"],"yoast_head":"<!-- This site is optimized with the Yoast SEO plugin v21.7 - https:\/\/yoast.com\/wordpress\/plugins\/seo\/ -->\n<title>Justi\u00e7a concede liminar para Prefeitura remanejar verbas e destravar or\u00e7amento de Cama\u00e7ari - Compartilha Bahia<\/title>\n<meta name=\"robots\" content=\"index, follow, max-snippet:-1, max-image-preview:large, max-video-preview:-1\" \/>\n<link rel=\"canonical\" href=\"https:\/\/compartilhabahia.com.br\/index.php\/2025\/03\/18\/justica-concede-liminar-para-prefeitura-remanejar-verbas-e-destravar-orcamento-de-camacari\/\" \/>\n<meta property=\"og:locale\" content=\"pt_BR\" \/>\n<meta property=\"og:type\" content=\"article\" \/>\n<meta property=\"og:title\" content=\"Justi\u00e7a concede liminar para Prefeitura remanejar verbas e destravar or\u00e7amento de Cama\u00e7ari - Compartilha Bahia\" \/>\n<meta property=\"og:description\" content=\"O Tribunal de Justi\u00e7a da Bahia (TJ-BA) concedeu liminar favor\u00e1vel ao Munic\u00edpio de Cama\u00e7ari permitindo que a gest\u00e3o municipal tenha flexibilidade na execu\u00e7\u00e3o do or\u00e7amento para 2025. A decis\u00e3o suspende a restri\u00e7\u00e3o imposta pela C\u00e2mara Municipal, que havia reduzido drasticamente o percentual de abertura de cr\u00e9ditos suplementares de 100% para apenas 2%. A medida foi [&hellip;]\" \/>\n<meta property=\"og:url\" content=\"https:\/\/compartilhabahia.com.br\/index.php\/2025\/03\/18\/justica-concede-liminar-para-prefeitura-remanejar-verbas-e-destravar-orcamento-de-camacari\/\" \/>\n<meta property=\"og:site_name\" content=\"Compartilha Bahia\" \/>\n<meta property=\"article:publisher\" content=\"https:\/\/web.facebook.com\/compartilhabahia\" \/>\n<meta property=\"article:published_time\" content=\"2025-03-18T17:10:07+00:00\" \/>\n<meta property=\"article:modified_time\" content=\"2025-03-18T17:10:09+00:00\" \/>\n<meta property=\"og:image\" content=\"https:\/\/compartilhabahia.com.br\/wp-content\/uploads\/2025\/03\/caetanoassinandodois.jpg\" \/>\n\t<meta property=\"og:image:width\" content=\"1170\" \/>\n\t<meta property=\"og:image:height\" content=\"784\" \/>\n\t<meta property=\"og:image:type\" content=\"image\/jpeg\" \/>\n<meta name=\"author\" content=\"admin\" \/>\n<meta name=\"twitter:card\" content=\"summary_large_image\" \/>\n<meta name=\"twitter:label1\" content=\"Escrito por\" \/>\n\t<meta name=\"twitter:data1\" content=\"admin\" \/>\n\t<meta name=\"twitter:label2\" content=\"Est. tempo de leitura\" \/>\n\t<meta name=\"twitter:data2\" content=\"2 minutos\" \/>\n<script type=\"application\/ld+json\" class=\"yoast-schema-graph\">{\"@context\":\"https:\/\/schema.org\",\"@graph\":[{\"@type\":\"Article\",\"@id\":\"https:\/\/compartilhabahia.com.br\/index.php\/2025\/03\/18\/justica-concede-liminar-para-prefeitura-remanejar-verbas-e-destravar-orcamento-de-camacari\/#article\",\"isPartOf\":{\"@id\":\"https:\/\/compartilhabahia.com.br\/index.php\/2025\/03\/18\/justica-concede-liminar-para-prefeitura-remanejar-verbas-e-destravar-orcamento-de-camacari\/\"},\"author\":{\"name\":\"admin\",\"@id\":\"https:\/\/compartilhabahia.com.br\/#\/schema\/person\/9b4f0c3178793b8248d6686732521c04\"},\"headline\":\"Justi\u00e7a concede liminar para Prefeitura remanejar verbas e destravar or\u00e7amento de Cama\u00e7ari\",\"datePublished\":\"2025-03-18T17:10:07+00:00\",\"dateModified\":\"2025-03-18T17:10:09+00:00\",\"mainEntityOfPage\":{\"@id\":\"https:\/\/compartilhabahia.com.br\/index.php\/2025\/03\/18\/justica-concede-liminar-para-prefeitura-remanejar-verbas-e-destravar-orcamento-de-camacari\/\"},\"wordCount\":311,\"commentCount\":0,\"publisher\":{\"@id\":\"https:\/\/compartilhabahia.com.br\/#organization\"},\"articleSection\":[\"Cama\u00e7ari\"],\"inLanguage\":\"pt-BR\",\"potentialAction\":[{\"@type\":\"CommentAction\",\"name\":\"Comment\",\"target\":[\"https:\/\/compartilhabahia.com.br\/index.php\/2025\/03\/18\/justica-concede-liminar-para-prefeitura-remanejar-verbas-e-destravar-orcamento-de-camacari\/#respond\"]}]},{\"@type\":\"WebPage\",\"@id\":\"https:\/\/compartilhabahia.com.br\/index.php\/2025\/03\/18\/justica-concede-liminar-para-prefeitura-remanejar-verbas-e-destravar-orcamento-de-camacari\/\",\"url\":\"https:\/\/compartilhabahia.com.br\/index.php\/2025\/03\/18\/justica-concede-liminar-para-prefeitura-remanejar-verbas-e-destravar-orcamento-de-camacari\/\",\"name\":\"Justi\u00e7a concede liminar para Prefeitura remanejar verbas e destravar or\u00e7amento de Cama\u00e7ari - Compartilha Bahia\",\"isPartOf\":{\"@id\":\"https:\/\/compartilhabahia.com.br\/#website\"},\"datePublished\":\"2025-03-18T17:10:07+00:00\",\"dateModified\":\"2025-03-18T17:10:09+00:00\",\"breadcrumb\":{\"@id\":\"https:\/\/compartilhabahia.com.br\/index.php\/2025\/03\/18\/justica-concede-liminar-para-prefeitura-remanejar-verbas-e-destravar-orcamento-de-camacari\/#breadcrumb\"},\"inLanguage\":\"pt-BR\",\"potentialAction\":[{\"@type\":\"ReadAction\",\"target\":[\"https:\/\/compartilhabahia.com.br\/index.php\/2025\/03\/18\/justica-concede-liminar-para-prefeitura-remanejar-verbas-e-destravar-orcamento-de-camacari\/\"]}]},{\"@type\":\"BreadcrumbList\",\"@id\":\"https:\/\/compartilhabahia.com.br\/index.php\/2025\/03\/18\/justica-concede-liminar-para-prefeitura-remanejar-verbas-e-destravar-orcamento-de-camacari\/#breadcrumb\",\"itemListElement\":[{\"@type\":\"ListItem\",\"position\":1,\"name\":\"In\u00edcio\",\"item\":\"https:\/\/compartilhabahia.com.br\/\"},{\"@type\":\"ListItem\",\"position\":2,\"name\":\"Justi\u00e7a concede liminar para Prefeitura remanejar verbas e destravar or\u00e7amento de Cama\u00e7ari\"}]},{\"@type\":\"WebSite\",\"@id\":\"https:\/\/compartilhabahia.com.br\/#website\",\"url\":\"https:\/\/compartilhabahia.com.br\/\",\"name\":\"Compartilha Bahia\",\"description\":\"\",\"publisher\":{\"@id\":\"https:\/\/compartilhabahia.com.br\/#organization\"},\"potentialAction\":[{\"@type\":\"SearchAction\",\"target\":{\"@type\":\"EntryPoint\",\"urlTemplate\":\"https:\/\/compartilhabahia.com.br\/?s={search_term_string}\"},\"query-input\":\"required name=search_term_string\"}],\"inLanguage\":\"pt-BR\"},{\"@type\":\"Organization\",\"@id\":\"https:\/\/compartilhabahia.com.br\/#organization\",\"name\":\"Compartilha Bahia\",\"url\":\"https:\/\/compartilhabahia.com.br\/\",\"logo\":{\"@type\":\"ImageObject\",\"inLanguage\":\"pt-BR\",\"@id\":\"https:\/\/compartilhabahia.com.br\/#\/schema\/logo\/image\/\",\"url\":\"https:\/\/compartilhabahia.com.br\/wp-content\/uploads\/2023\/12\/cropped-logo.png\",\"contentUrl\":\"https:\/\/compartilhabahia.com.br\/wp-content\/uploads\/2023\/12\/cropped-logo.png\",\"width\":300,\"height\":106,\"caption\":\"Compartilha Bahia\"},\"image\":{\"@id\":\"https:\/\/compartilhabahia.com.br\/#\/schema\/logo\/image\/\"},\"sameAs\":[\"https:\/\/web.facebook.com\/compartilhabahia\",\"https:\/\/www.instagram.com\/compartilhabahia\/\"]},{\"@type\":\"Person\",\"@id\":\"https:\/\/compartilhabahia.com.br\/#\/schema\/person\/9b4f0c3178793b8248d6686732521c04\",\"name\":\"admin\",\"image\":{\"@type\":\"ImageObject\",\"inLanguage\":\"pt-BR\",\"@id\":\"https:\/\/compartilhabahia.com.br\/#\/schema\/person\/image\/\",\"url\":\"https:\/\/secure.gravatar.com\/avatar\/9600df58751c5acbe914c538c03390ef649ea088cb65f84ba09c7ce66988eed6?s=96&d=mm&r=g\",\"contentUrl\":\"https:\/\/secure.gravatar.com\/avatar\/9600df58751c5acbe914c538c03390ef649ea088cb65f84ba09c7ce66988eed6?s=96&d=mm&r=g\",\"caption\":\"admin\"},\"sameAs\":[\"https:\/\/compartilhabahia.com.br\"],\"url\":\"https:\/\/compartilhabahia.com.br\/index.php\/author\/compartilhabahia\/\"}]}<\/script>\n<!-- \/ Yoast SEO plugin. -->","yoast_head_json":{"title":"Justi\u00e7a concede liminar para Prefeitura remanejar verbas e destravar or\u00e7amento de Cama\u00e7ari - Compartilha Bahia","robots":{"index":"index","follow":"follow","max-snippet":"max-snippet:-1","max-image-preview":"max-image-preview:large","max-video-preview":"max-video-preview:-1"},"canonical":"https:\/\/compartilhabahia.com.br\/index.php\/2025\/03\/18\/justica-concede-liminar-para-prefeitura-remanejar-verbas-e-destravar-orcamento-de-camacari\/","og_locale":"pt_BR","og_type":"article","og_title":"Justi\u00e7a concede liminar para Prefeitura remanejar verbas e destravar or\u00e7amento de Cama\u00e7ari - Compartilha Bahia","og_description":"O Tribunal de Justi\u00e7a da Bahia (TJ-BA) concedeu liminar favor\u00e1vel ao Munic\u00edpio de Cama\u00e7ari permitindo que a gest\u00e3o municipal tenha flexibilidade na execu\u00e7\u00e3o do or\u00e7amento para 2025. A decis\u00e3o suspende a restri\u00e7\u00e3o imposta pela C\u00e2mara Municipal, que havia reduzido drasticamente o percentual de abertura de cr\u00e9ditos suplementares de 100% para apenas 2%. A medida foi [&hellip;]","og_url":"https:\/\/compartilhabahia.com.br\/index.php\/2025\/03\/18\/justica-concede-liminar-para-prefeitura-remanejar-verbas-e-destravar-orcamento-de-camacari\/","og_site_name":"Compartilha Bahia","article_publisher":"https:\/\/web.facebook.com\/compartilhabahia","article_published_time":"2025-03-18T17:10:07+00:00","article_modified_time":"2025-03-18T17:10:09+00:00","og_image":[{"width":1170,"height":784,"url":"https:\/\/compartilhabahia.com.br\/wp-content\/uploads\/2025\/03\/caetanoassinandodois.jpg","type":"image\/jpeg"}],"author":"admin","twitter_card":"summary_large_image","twitter_misc":{"Escrito por":"admin","Est. tempo de leitura":"2 minutos"},"schema":{"@context":"https:\/\/schema.org","@graph":[{"@type":"Article","@id":"https:\/\/compartilhabahia.com.br\/index.php\/2025\/03\/18\/justica-concede-liminar-para-prefeitura-remanejar-verbas-e-destravar-orcamento-de-camacari\/#article","isPartOf":{"@id":"https:\/\/compartilhabahia.com.br\/index.php\/2025\/03\/18\/justica-concede-liminar-para-prefeitura-remanejar-verbas-e-destravar-orcamento-de-camacari\/"},"author":{"name":"admin","@id":"https:\/\/compartilhabahia.com.br\/#\/schema\/person\/9b4f0c3178793b8248d6686732521c04"},"headline":"Justi\u00e7a concede liminar para Prefeitura remanejar verbas e destravar or\u00e7amento de Cama\u00e7ari","datePublished":"2025-03-18T17:10:07+00:00","dateModified":"2025-03-18T17:10:09+00:00","mainEntityOfPage":{"@id":"https:\/\/compartilhabahia.com.br\/index.php\/2025\/03\/18\/justica-concede-liminar-para-prefeitura-remanejar-verbas-e-destravar-orcamento-de-camacari\/"},"wordCount":311,"commentCount":0,"publisher":{"@id":"https:\/\/compartilhabahia.com.br\/#organization"},"articleSection":["Cama\u00e7ari"],"inLanguage":"pt-BR","potentialAction":[{"@type":"CommentAction","name":"Comment","target":["https:\/\/compartilhabahia.com.br\/index.php\/2025\/03\/18\/justica-concede-liminar-para-prefeitura-remanejar-verbas-e-destravar-orcamento-de-camacari\/#respond"]}]},{"@type":"WebPage","@id":"https:\/\/compartilhabahia.com.br\/index.php\/2025\/03\/18\/justica-concede-liminar-para-prefeitura-remanejar-verbas-e-destravar-orcamento-de-camacari\/","url":"https:\/\/compartilhabahia.com.br\/index.php\/2025\/03\/18\/justica-concede-liminar-para-prefeitura-remanejar-verbas-e-destravar-orcamento-de-camacari\/","name":"Justi\u00e7a concede liminar para Prefeitura remanejar verbas e destravar or\u00e7amento de Cama\u00e7ari - Compartilha Bahia","isPartOf":{"@id":"https:\/\/compartilhabahia.com.br\/#website"},"datePublished":"2025-03-18T17:10:07+00:00","dateModified":"2025-03-18T17:10:09+00:00","breadcrumb":{"@id":"https:\/\/compartilhabahia.com.br\/index.php\/2025\/03\/18\/justica-concede-liminar-para-prefeitura-remanejar-verbas-e-destravar-orcamento-de-camacari\/#breadcrumb"},"inLanguage":"pt-BR","potentialAction":[{"@type":"ReadAction","target":["https:\/\/compartilhabahia.com.br\/index.php\/2025\/03\/18\/justica-concede-liminar-para-prefeitura-remanejar-verbas-e-destravar-orcamento-de-camacari\/"]}]},{"@type":"BreadcrumbList","@id":"https:\/\/compartilhabahia.com.br\/index.php\/2025\/03\/18\/justica-concede-liminar-para-prefeitura-remanejar-verbas-e-destravar-orcamento-de-camacari\/#breadcrumb","itemListElement":[{"@type":"ListItem","position":1,"name":"In\u00edcio","item":"https:\/\/compartilhabahia.com.br\/"},{"@type":"ListItem","position":2,"name":"Justi\u00e7a concede liminar para Prefeitura remanejar verbas e destravar or\u00e7amento de Cama\u00e7ari"}]},{"@type":"WebSite","@id":"https:\/\/compartilhabahia.com.br\/#website","url":"https:\/\/compartilhabahia.com.br\/","name":"Compartilha Bahia","description":"","publisher":{"@id":"https:\/\/compartilhabahia.com.br\/#organization"},"potentialAction":[{"@type":"SearchAction","target":{"@type":"EntryPoint","urlTemplate":"https:\/\/compartilhabahia.com.br\/?s={search_term_string}"},"query-input":"required name=search_term_string"}],"inLanguage":"pt-BR"},{"@type":"Organization","@id":"https:\/\/compartilhabahia.com.br\/#organization","name":"Compartilha Bahia","url":"https:\/\/compartilhabahia.com.br\/","logo":{"@type":"ImageObject","inLanguage":"pt-BR","@id":"https:\/\/compartilhabahia.com.br\/#\/schema\/logo\/image\/","url":"https:\/\/compartilhabahia.com.br\/wp-content\/uploads\/2023\/12\/cropped-logo.png","contentUrl":"https:\/\/compartilhabahia.com.br\/wp-content\/uploads\/2023\/12\/cropped-logo.png","width":300,"height":106,"caption":"Compartilha Bahia"},"image":{"@id":"https:\/\/compartilhabahia.com.br\/#\/schema\/logo\/image\/"},"sameAs":["https:\/\/web.facebook.com\/compartilhabahia","https:\/\/www.instagram.com\/compartilhabahia\/"]},{"@type":"Person","@id":"https:\/\/compartilhabahia.com.br\/#\/schema\/person\/9b4f0c3178793b8248d6686732521c04","name":"admin","image":{"@type":"ImageObject","inLanguage":"pt-BR","@id":"https:\/\/compartilhabahia.com.br\/#\/schema\/person\/image\/","url":"https:\/\/secure.gravatar.com\/avatar\/9600df58751c5acbe914c538c03390ef649ea088cb65f84ba09c7ce66988eed6?s=96&d=mm&r=g","contentUrl":"https:\/\/secure.gravatar.com\/avatar\/9600df58751c5acbe914c538c03390ef649ea088cb65f84ba09c7ce66988eed6?s=96&d=mm&r=g","caption":"admin"},"sameAs":["https:\/\/compartilhabahia.com.br"],"url":"https:\/\/compartilhabahia.com.br\/index.php\/author\/compartilhabahia\/"}]}},"_links":{"self":[{"href":"https:\/\/compartilhabahia.com.br\/index.php\/wp-json\/wp\/v2\/posts\/5692","targetHints":{"allow":["GET"]}}],"collection":[{"href":"https:\/\/compartilhabahia.com.br\/index.php\/wp-json\/wp\/v2\/posts"}],"about":[{"href":"https:\/\/compartilhabahia.com.br\/index.php\/wp-json\/wp\/v2\/types\/post"}],"author":[{"embeddable":true,"href":"https:\/\/compartilhabahia.com.br\/index.php\/wp-json\/wp\/v2\/users\/1"}],"replies":[{"embeddable":true,"href":"https:\/\/compartilhabahia.com.br\/index.php\/wp-json\/wp\/v2\/comments?post=5692"}],"version-history":[{"count":1,"href":"https:\/\/compartilhabahia.com.br\/index.php\/wp-json\/wp\/v2\/posts\/5692\/revisions"}],"predecessor-version":[{"id":5694,"href":"https:\/\/compartilhabahia.com.br\/index.php\/wp-json\/wp\/v2\/posts\/5692\/revisions\/5694"}],"wp:featuredmedia":[{"embeddable":true,"href":"https:\/\/compartilhabahia.com.br\/index.php\/wp-json\/wp\/v2\/media\/5693"}],"wp:attachment":[{"href":"https:\/\/compartilhabahia.com.br\/index.php\/wp-json\/wp\/v2\/media?parent=5692"}],"wp:term":[{"taxonomy":"category","embeddable":true,"href":"https:\/\/compartilhabahia.com.br\/index.php\/wp-json\/wp\/v2\/categories?post=5692"},{"taxonomy":"post_tag","embeddable":true,"href":"https:\/\/compartilhabahia.com.br\/index.php\/wp-json\/wp\/v2\/tags?post=5692"}],"curies":[{"name":"wp","href":"https:\/\/api.w.org\/{rel}","templated":true}]}}