{"id":5664,"date":"2025-03-15T18:12:54","date_gmt":"2025-03-15T21:12:54","guid":{"rendered":"https:\/\/compartilhabahia.com.br\/?p=5664"},"modified":"2025-03-15T18:12:55","modified_gmt":"2025-03-15T21:12:55","slug":"caetano-reabre-horto-florestal-de-camacari-linaldo-silva","status":"publish","type":"post","link":"https:\/\/compartilhabahia.com.br\/index.php\/2025\/03\/15\/caetano-reabre-horto-florestal-de-camacari-linaldo-silva\/","title":{"rendered":"Caetano reabre Horto Florestal de Cama\u00e7ari Linaldo Silva"},"content":{"rendered":"\n<p><strong>Popula\u00e7\u00e3o celebra abertura do Horto de Cama\u00e7ari<\/strong><\/p>\n\n\n\n<p>O clima foi de alegria e reencontro na manh\u00e3 deste s\u00e1bado (15) com a abertura do Horto de Cama\u00e7ari Linaldo da Silva. Ap\u00f3s passar por manuten\u00e7\u00e3o e melhorias em sua estrutura, o espa\u00e7o voltou a receber a comunidade, que celebrou a oportunidade de desfrutar novamente da \u00e1rea verde no cora\u00e7\u00e3o da cidade.<\/p>\n\n\n\n<p>A expectativa dos moradores para esse dia era grande. A moradora do bairro Gleba B, Roseane Assis, por exemplo, chegou cedo para reviver momentos de conex\u00e3o com a natureza. \u201cEst\u00e1vamos com muita saudade desse ambiente verde, de contemplar a natureza e de trazer minha filha para brincar aqui\u201d, contou.<\/p>\n\n\n\n<p>Para o estudante Jo\u00e3o Gabriel, de 20 anos, morador da Gleba B, foi a primeira visita ao local, mas certamente n\u00e3o ser\u00e1 a \u00faltima. \u201cFiquei sabendo do evento pelas redes sociais e o lugar me encantou! \u00c9 arborizado, bonito e perfeito para reunir os amigos, conversar ou at\u00e9 organizar eventos\u201d, afirmou.<\/p>\n\n\n\n<p>A moradora Eliene Vit\u00f3ria, que levou o filho para aproveitar o dia, tamb\u00e9m comemorou a abertura. \u201cO Horto \u00e9 um ref\u00fagio para as fam\u00edlias que querem lazer em um ambiente tranquilo, longe do agito da cidade. Espero que ele continue sempre dispon\u00edvel para a popula\u00e7\u00e3o\u201d, pontuou.<\/p>\n\n\n\n<p>O evento contou com a presen\u00e7a do prefeito Luiz Caetano, que destacou o compromisso da gest\u00e3o municipal com a preserva\u00e7\u00e3o e revitaliza\u00e7\u00e3o de \u00e1reas de conviv\u00eancia para a popula\u00e7\u00e3o. \u201cO Horto representa muito para a nossa cidade. Ele est\u00e1 de volta e permanecer\u00e1 aberto para o nosso povo. Nossa gest\u00e3o \u00e9 voltada para o bem-estar da popula\u00e7\u00e3o, garantindo espa\u00e7os de lazer e conex\u00e3o com a natureza\u201d, afirmou.<\/p>\n\n\n\n<p>A abertura do Horto contou ainda com a presen\u00e7a da vice-prefeita Pastora D\u00e9a Santos e da primeira-dama e deputada federal, Ivoneide Caetano.<\/p>\n\n\n\n<figure class=\"wp-block-image size-large is-resized\"><img loading=\"lazy\" decoding=\"async\" width=\"768\" height=\"1024\" src=\"https:\/\/compartilhabahia.com.br\/wp-content\/uploads\/2025\/03\/roseane-sofia_sedur_aberto-horto-de-camacari_foto-juliano-sarraf-768x1024.jpeg\" alt=\"\" class=\"wp-image-5666\" style=\"width:485px;height:auto\" srcset=\"https:\/\/compartilhabahia.com.br\/wp-content\/uploads\/2025\/03\/roseane-sofia_sedur_aberto-horto-de-camacari_foto-juliano-sarraf-768x1024.jpeg 768w, https:\/\/compartilhabahia.com.br\/wp-content\/uploads\/2025\/03\/roseane-sofia_sedur_aberto-horto-de-camacari_foto-juliano-sarraf-225x300.jpeg 225w, https:\/\/compartilhabahia.com.br\/wp-content\/uploads\/2025\/03\/roseane-sofia_sedur_aberto-horto-de-camacari_foto-juliano-sarraf-1152x1536.jpeg 1152w, https:\/\/compartilhabahia.com.br\/wp-content\/uploads\/2025\/03\/roseane-sofia_sedur_aberto-horto-de-camacari_foto-juliano-sarraf-1536x2048.jpeg 1536w, https:\/\/compartilhabahia.com.br\/wp-content\/uploads\/2025\/03\/roseane-sofia_sedur_aberto-horto-de-camacari_foto-juliano-sarraf-scaled.jpeg 1920w\" sizes=\"auto, (max-width: 768px) 100vw, 768px\" \/><\/figure>\n\n\n\n<p>O secret\u00e1rio de Desenvolvimento Urbano e Meio Ambiente (Sedur), Rodrigo Nogueira, celebrou a abertura e refor\u00e7ou a import\u00e2ncia do espa\u00e7o como um patrim\u00f4nio coletivo. \u201cEsse espa\u00e7o \u00e9 da cidade. Ele n\u00e3o pertence a uma \u00fanica pessoa, mas a todo o povo de Cama\u00e7ari. \u00c9 uma alegria enorme devolv\u00ea-lo \u00e0 popula\u00e7\u00e3o\u201d, ressaltou.<\/p>\n\n\n\n<figure class=\"wp-block-image size-large\"><img loading=\"lazy\" decoding=\"async\" width=\"1024\" height=\"682\" src=\"https:\/\/compartilhabahia.com.br\/wp-content\/uploads\/2025\/03\/sedur_aberto-horto-de-camacari_foto-juliano-sarraf_31-1024x682.jpeg\" alt=\"\" class=\"wp-image-5667\" srcset=\"https:\/\/compartilhabahia.com.br\/wp-content\/uploads\/2025\/03\/sedur_aberto-horto-de-camacari_foto-juliano-sarraf_31-1024x682.jpeg 1024w, https:\/\/compartilhabahia.com.br\/wp-content\/uploads\/2025\/03\/sedur_aberto-horto-de-camacari_foto-juliano-sarraf_31-300x200.jpeg 300w, https:\/\/compartilhabahia.com.br\/wp-content\/uploads\/2025\/03\/sedur_aberto-horto-de-camacari_foto-juliano-sarraf_31-768x512.jpeg 768w, https:\/\/compartilhabahia.com.br\/wp-content\/uploads\/2025\/03\/sedur_aberto-horto-de-camacari_foto-juliano-sarraf_31-1536x1023.jpeg 1536w, https:\/\/compartilhabahia.com.br\/wp-content\/uploads\/2025\/03\/sedur_aberto-horto-de-camacari_foto-juliano-sarraf_31-1200x800.jpeg 1200w, https:\/\/compartilhabahia.com.br\/wp-content\/uploads\/2025\/03\/sedur_aberto-horto-de-camacari_foto-juliano-sarraf_31.jpeg 1600w\" sizes=\"auto, (max-width: 1024px) 100vw, 1024px\" \/><\/figure>\n\n\n\n<p>Para oferecer mais seguran\u00e7a e conforto aos visitantes, o Horto passou por servi\u00e7os de manuten\u00e7\u00e3o, ro\u00e7agem, limpeza, poda, melhorias na parte el\u00e9trica, pintura das estruturas e instala\u00e7\u00e3o de nova sinaliza\u00e7\u00e3o, em parceria com as Secretarias de Servi\u00e7os P\u00fablicos (Sesp) e Infraestrutura (Seinfra).<\/p>\n\n\n\n<p>O espa\u00e7o funciona de ter\u00e7a a domingo, das 8h \u00e0s 17h, e pode ser utilizado para anivers\u00e1rios, piqueniques, encontros e reuni\u00f5es. Para agendar atividades nas estruturas dispon\u00edveis, os interessados podem entrar em contato com a administra\u00e7\u00e3o pelo telefone (71) 99142-2230 (Alzenira Pimentel).<\/p>\n\n\n\n<p><strong>Festival do Dend\u00ea<\/strong><\/p>\n\n\n\n<p>O Horto de Cama\u00e7ari tamb\u00e9m recebe neste final de semana o 4\u00ba Festival do Dend\u00ea, evento gastron\u00f4mico idealizado pela chef Solange Borges. O festival re\u00fane grandes nomes da gastronomia, como Fabr\u00edcio Lemos, Lisiane Arouca, Katrin e Dante Bassi, Eliane Dias, L\u00e9o Modesto, Peu Mesquita, Tcris e Jo\u00e3o Victor.<\/p>\n\n\n\n<p>Neste s\u00e1bado, o evento segue at\u00e9 as 20h e no domingo acontece das 9h \u00e0s 16h, com uma programa\u00e7\u00e3o variada, incluindo cozinha-show, oficinas, pain\u00e9is, palestras, Feira de Sabores e Saberes, apresenta\u00e7\u00f5es culturais e uma vila gastron\u00f4mica. O espa\u00e7o ainda conta com uma \u00e1rea dedicada \u00e0s crian\u00e7as, garantindo divers\u00e3o para toda a fam\u00edlia.<\/p>\n\n\n\n<p>Foto: Juliano Sarraf<\/p>\n","protected":false},"excerpt":{"rendered":"<p>Popula\u00e7\u00e3o celebra abertura do Horto de Cama\u00e7ari O clima foi de alegria e reencontro na manh\u00e3 deste s\u00e1bado (15) com a abertura do Horto de Cama\u00e7ari Linaldo da Silva. Ap\u00f3s passar por manuten\u00e7\u00e3o e melhorias em sua estrutura, o espa\u00e7o voltou a receber a comunidade, que celebrou a oportunidade de desfrutar novamente da \u00e1rea verde [&hellip;]<\/p>\n","protected":false},"author":1,"featured_media":5665,"comment_status":"open","ping_status":"open","sticky":false,"template":"","format":"standard","meta":{"footnotes":""},"categories":[8],"tags":[],"class_list":["post-5664","post","type-post","status-publish","format-standard","has-post-thumbnail","hentry","category-camacari"],"yoast_head":"<!-- This site is optimized with the Yoast SEO plugin v21.7 - https:\/\/yoast.com\/wordpress\/plugins\/seo\/ -->\n<title>Caetano reabre Horto Florestal de Cama\u00e7ari Linaldo Silva - Compartilha Bahia<\/title>\n<meta name=\"robots\" content=\"index, follow, max-snippet:-1, max-image-preview:large, max-video-preview:-1\" \/>\n<link rel=\"canonical\" href=\"https:\/\/compartilhabahia.com.br\/index.php\/2025\/03\/15\/caetano-reabre-horto-florestal-de-camacari-linaldo-silva\/\" \/>\n<meta property=\"og:locale\" content=\"pt_BR\" \/>\n<meta property=\"og:type\" content=\"article\" \/>\n<meta property=\"og:title\" content=\"Caetano reabre Horto Florestal de Cama\u00e7ari Linaldo Silva - Compartilha Bahia\" \/>\n<meta property=\"og:description\" content=\"Popula\u00e7\u00e3o celebra abertura do Horto de Cama\u00e7ari O clima foi de alegria e reencontro na manh\u00e3 deste s\u00e1bado (15) com a abertura do Horto de Cama\u00e7ari Linaldo da Silva. Ap\u00f3s passar por manuten\u00e7\u00e3o e melhorias em sua estrutura, o espa\u00e7o voltou a receber a comunidade, que celebrou a oportunidade de desfrutar novamente da \u00e1rea verde [&hellip;]\" \/>\n<meta property=\"og:url\" content=\"https:\/\/compartilhabahia.com.br\/index.php\/2025\/03\/15\/caetano-reabre-horto-florestal-de-camacari-linaldo-silva\/\" \/>\n<meta property=\"og:site_name\" content=\"Compartilha Bahia\" \/>\n<meta property=\"article:publisher\" content=\"https:\/\/web.facebook.com\/compartilhabahia\" \/>\n<meta property=\"article:published_time\" content=\"2025-03-15T21:12:54+00:00\" \/>\n<meta property=\"article:modified_time\" content=\"2025-03-15T21:12:55+00:00\" \/>\n<meta property=\"og:image\" content=\"https:\/\/compartilhabahia.com.br\/wp-content\/uploads\/2025\/03\/hortolinaldosilva.jpg\" \/>\n\t<meta property=\"og:image:width\" content=\"800\" \/>\n\t<meta property=\"og:image:height\" content=\"533\" \/>\n\t<meta property=\"og:image:type\" content=\"image\/jpeg\" \/>\n<meta name=\"author\" content=\"admin\" \/>\n<meta name=\"twitter:card\" content=\"summary_large_image\" \/>\n<meta name=\"twitter:label1\" content=\"Escrito por\" \/>\n\t<meta name=\"twitter:data1\" content=\"admin\" \/>\n\t<meta name=\"twitter:label2\" content=\"Est. tempo de leitura\" \/>\n\t<meta name=\"twitter:data2\" content=\"4 minutos\" \/>\n<script type=\"application\/ld+json\" class=\"yoast-schema-graph\">{\"@context\":\"https:\/\/schema.org\",\"@graph\":[{\"@type\":\"Article\",\"@id\":\"https:\/\/compartilhabahia.com.br\/index.php\/2025\/03\/15\/caetano-reabre-horto-florestal-de-camacari-linaldo-silva\/#article\",\"isPartOf\":{\"@id\":\"https:\/\/compartilhabahia.com.br\/index.php\/2025\/03\/15\/caetano-reabre-horto-florestal-de-camacari-linaldo-silva\/\"},\"author\":{\"name\":\"admin\",\"@id\":\"https:\/\/compartilhabahia.com.br\/#\/schema\/person\/9b4f0c3178793b8248d6686732521c04\"},\"headline\":\"Caetano reabre Horto Florestal de Cama\u00e7ari Linaldo Silva\",\"datePublished\":\"2025-03-15T21:12:54+00:00\",\"dateModified\":\"2025-03-15T21:12:55+00:00\",\"mainEntityOfPage\":{\"@id\":\"https:\/\/compartilhabahia.com.br\/index.php\/2025\/03\/15\/caetano-reabre-horto-florestal-de-camacari-linaldo-silva\/\"},\"wordCount\":605,\"commentCount\":0,\"publisher\":{\"@id\":\"https:\/\/compartilhabahia.com.br\/#organization\"},\"articleSection\":[\"Cama\u00e7ari\"],\"inLanguage\":\"pt-BR\",\"potentialAction\":[{\"@type\":\"CommentAction\",\"name\":\"Comment\",\"target\":[\"https:\/\/compartilhabahia.com.br\/index.php\/2025\/03\/15\/caetano-reabre-horto-florestal-de-camacari-linaldo-silva\/#respond\"]}]},{\"@type\":\"WebPage\",\"@id\":\"https:\/\/compartilhabahia.com.br\/index.php\/2025\/03\/15\/caetano-reabre-horto-florestal-de-camacari-linaldo-silva\/\",\"url\":\"https:\/\/compartilhabahia.com.br\/index.php\/2025\/03\/15\/caetano-reabre-horto-florestal-de-camacari-linaldo-silva\/\",\"name\":\"Caetano reabre Horto Florestal de Cama\u00e7ari Linaldo Silva - Compartilha Bahia\",\"isPartOf\":{\"@id\":\"https:\/\/compartilhabahia.com.br\/#website\"},\"datePublished\":\"2025-03-15T21:12:54+00:00\",\"dateModified\":\"2025-03-15T21:12:55+00:00\",\"breadcrumb\":{\"@id\":\"https:\/\/compartilhabahia.com.br\/index.php\/2025\/03\/15\/caetano-reabre-horto-florestal-de-camacari-linaldo-silva\/#breadcrumb\"},\"inLanguage\":\"pt-BR\",\"potentialAction\":[{\"@type\":\"ReadAction\",\"target\":[\"https:\/\/compartilhabahia.com.br\/index.php\/2025\/03\/15\/caetano-reabre-horto-florestal-de-camacari-linaldo-silva\/\"]}]},{\"@type\":\"BreadcrumbList\",\"@id\":\"https:\/\/compartilhabahia.com.br\/index.php\/2025\/03\/15\/caetano-reabre-horto-florestal-de-camacari-linaldo-silva\/#breadcrumb\",\"itemListElement\":[{\"@type\":\"ListItem\",\"position\":1,\"name\":\"In\u00edcio\",\"item\":\"https:\/\/compartilhabahia.com.br\/\"},{\"@type\":\"ListItem\",\"position\":2,\"name\":\"Caetano reabre Horto Florestal de Cama\u00e7ari Linaldo Silva\"}]},{\"@type\":\"WebSite\",\"@id\":\"https:\/\/compartilhabahia.com.br\/#website\",\"url\":\"https:\/\/compartilhabahia.com.br\/\",\"name\":\"Compartilha Bahia\",\"description\":\"\",\"publisher\":{\"@id\":\"https:\/\/compartilhabahia.com.br\/#organization\"},\"potentialAction\":[{\"@type\":\"SearchAction\",\"target\":{\"@type\":\"EntryPoint\",\"urlTemplate\":\"https:\/\/compartilhabahia.com.br\/?s={search_term_string}\"},\"query-input\":\"required name=search_term_string\"}],\"inLanguage\":\"pt-BR\"},{\"@type\":\"Organization\",\"@id\":\"https:\/\/compartilhabahia.com.br\/#organization\",\"name\":\"Compartilha Bahia\",\"url\":\"https:\/\/compartilhabahia.com.br\/\",\"logo\":{\"@type\":\"ImageObject\",\"inLanguage\":\"pt-BR\",\"@id\":\"https:\/\/compartilhabahia.com.br\/#\/schema\/logo\/image\/\",\"url\":\"https:\/\/compartilhabahia.com.br\/wp-content\/uploads\/2023\/12\/cropped-logo.png\",\"contentUrl\":\"https:\/\/compartilhabahia.com.br\/wp-content\/uploads\/2023\/12\/cropped-logo.png\",\"width\":300,\"height\":106,\"caption\":\"Compartilha Bahia\"},\"image\":{\"@id\":\"https:\/\/compartilhabahia.com.br\/#\/schema\/logo\/image\/\"},\"sameAs\":[\"https:\/\/web.facebook.com\/compartilhabahia\",\"https:\/\/www.instagram.com\/compartilhabahia\/\"]},{\"@type\":\"Person\",\"@id\":\"https:\/\/compartilhabahia.com.br\/#\/schema\/person\/9b4f0c3178793b8248d6686732521c04\",\"name\":\"admin\",\"image\":{\"@type\":\"ImageObject\",\"inLanguage\":\"pt-BR\",\"@id\":\"https:\/\/compartilhabahia.com.br\/#\/schema\/person\/image\/\",\"url\":\"https:\/\/secure.gravatar.com\/avatar\/9600df58751c5acbe914c538c03390ef649ea088cb65f84ba09c7ce66988eed6?s=96&d=mm&r=g\",\"contentUrl\":\"https:\/\/secure.gravatar.com\/avatar\/9600df58751c5acbe914c538c03390ef649ea088cb65f84ba09c7ce66988eed6?s=96&d=mm&r=g\",\"caption\":\"admin\"},\"sameAs\":[\"https:\/\/compartilhabahia.com.br\"],\"url\":\"https:\/\/compartilhabahia.com.br\/index.php\/author\/compartilhabahia\/\"}]}<\/script>\n<!-- \/ Yoast SEO plugin. -->","yoast_head_json":{"title":"Caetano reabre Horto Florestal de Cama\u00e7ari Linaldo Silva - Compartilha Bahia","robots":{"index":"index","follow":"follow","max-snippet":"max-snippet:-1","max-image-preview":"max-image-preview:large","max-video-preview":"max-video-preview:-1"},"canonical":"https:\/\/compartilhabahia.com.br\/index.php\/2025\/03\/15\/caetano-reabre-horto-florestal-de-camacari-linaldo-silva\/","og_locale":"pt_BR","og_type":"article","og_title":"Caetano reabre Horto Florestal de Cama\u00e7ari Linaldo Silva - Compartilha Bahia","og_description":"Popula\u00e7\u00e3o celebra abertura do Horto de Cama\u00e7ari O clima foi de alegria e reencontro na manh\u00e3 deste s\u00e1bado (15) com a abertura do Horto de Cama\u00e7ari Linaldo da Silva. Ap\u00f3s passar por manuten\u00e7\u00e3o e melhorias em sua estrutura, o espa\u00e7o voltou a receber a comunidade, que celebrou a oportunidade de desfrutar novamente da \u00e1rea verde [&hellip;]","og_url":"https:\/\/compartilhabahia.com.br\/index.php\/2025\/03\/15\/caetano-reabre-horto-florestal-de-camacari-linaldo-silva\/","og_site_name":"Compartilha Bahia","article_publisher":"https:\/\/web.facebook.com\/compartilhabahia","article_published_time":"2025-03-15T21:12:54+00:00","article_modified_time":"2025-03-15T21:12:55+00:00","og_image":[{"width":800,"height":533,"url":"https:\/\/compartilhabahia.com.br\/wp-content\/uploads\/2025\/03\/hortolinaldosilva.jpg","type":"image\/jpeg"}],"author":"admin","twitter_card":"summary_large_image","twitter_misc":{"Escrito por":"admin","Est. tempo de leitura":"4 minutos"},"schema":{"@context":"https:\/\/schema.org","@graph":[{"@type":"Article","@id":"https:\/\/compartilhabahia.com.br\/index.php\/2025\/03\/15\/caetano-reabre-horto-florestal-de-camacari-linaldo-silva\/#article","isPartOf":{"@id":"https:\/\/compartilhabahia.com.br\/index.php\/2025\/03\/15\/caetano-reabre-horto-florestal-de-camacari-linaldo-silva\/"},"author":{"name":"admin","@id":"https:\/\/compartilhabahia.com.br\/#\/schema\/person\/9b4f0c3178793b8248d6686732521c04"},"headline":"Caetano reabre Horto Florestal de Cama\u00e7ari Linaldo Silva","datePublished":"2025-03-15T21:12:54+00:00","dateModified":"2025-03-15T21:12:55+00:00","mainEntityOfPage":{"@id":"https:\/\/compartilhabahia.com.br\/index.php\/2025\/03\/15\/caetano-reabre-horto-florestal-de-camacari-linaldo-silva\/"},"wordCount":605,"commentCount":0,"publisher":{"@id":"https:\/\/compartilhabahia.com.br\/#organization"},"articleSection":["Cama\u00e7ari"],"inLanguage":"pt-BR","potentialAction":[{"@type":"CommentAction","name":"Comment","target":["https:\/\/compartilhabahia.com.br\/index.php\/2025\/03\/15\/caetano-reabre-horto-florestal-de-camacari-linaldo-silva\/#respond"]}]},{"@type":"WebPage","@id":"https:\/\/compartilhabahia.com.br\/index.php\/2025\/03\/15\/caetano-reabre-horto-florestal-de-camacari-linaldo-silva\/","url":"https:\/\/compartilhabahia.com.br\/index.php\/2025\/03\/15\/caetano-reabre-horto-florestal-de-camacari-linaldo-silva\/","name":"Caetano reabre Horto Florestal de Cama\u00e7ari Linaldo Silva - Compartilha Bahia","isPartOf":{"@id":"https:\/\/compartilhabahia.com.br\/#website"},"datePublished":"2025-03-15T21:12:54+00:00","dateModified":"2025-03-15T21:12:55+00:00","breadcrumb":{"@id":"https:\/\/compartilhabahia.com.br\/index.php\/2025\/03\/15\/caetano-reabre-horto-florestal-de-camacari-linaldo-silva\/#breadcrumb"},"inLanguage":"pt-BR","potentialAction":[{"@type":"ReadAction","target":["https:\/\/compartilhabahia.com.br\/index.php\/2025\/03\/15\/caetano-reabre-horto-florestal-de-camacari-linaldo-silva\/"]}]},{"@type":"BreadcrumbList","@id":"https:\/\/compartilhabahia.com.br\/index.php\/2025\/03\/15\/caetano-reabre-horto-florestal-de-camacari-linaldo-silva\/#breadcrumb","itemListElement":[{"@type":"ListItem","position":1,"name":"In\u00edcio","item":"https:\/\/compartilhabahia.com.br\/"},{"@type":"ListItem","position":2,"name":"Caetano reabre Horto Florestal de Cama\u00e7ari Linaldo Silva"}]},{"@type":"WebSite","@id":"https:\/\/compartilhabahia.com.br\/#website","url":"https:\/\/compartilhabahia.com.br\/","name":"Compartilha Bahia","description":"","publisher":{"@id":"https:\/\/compartilhabahia.com.br\/#organization"},"potentialAction":[{"@type":"SearchAction","target":{"@type":"EntryPoint","urlTemplate":"https:\/\/compartilhabahia.com.br\/?s={search_term_string}"},"query-input":"required name=search_term_string"}],"inLanguage":"pt-BR"},{"@type":"Organization","@id":"https:\/\/compartilhabahia.com.br\/#organization","name":"Compartilha Bahia","url":"https:\/\/compartilhabahia.com.br\/","logo":{"@type":"ImageObject","inLanguage":"pt-BR","@id":"https:\/\/compartilhabahia.com.br\/#\/schema\/logo\/image\/","url":"https:\/\/compartilhabahia.com.br\/wp-content\/uploads\/2023\/12\/cropped-logo.png","contentUrl":"https:\/\/compartilhabahia.com.br\/wp-content\/uploads\/2023\/12\/cropped-logo.png","width":300,"height":106,"caption":"Compartilha Bahia"},"image":{"@id":"https:\/\/compartilhabahia.com.br\/#\/schema\/logo\/image\/"},"sameAs":["https:\/\/web.facebook.com\/compartilhabahia","https:\/\/www.instagram.com\/compartilhabahia\/"]},{"@type":"Person","@id":"https:\/\/compartilhabahia.com.br\/#\/schema\/person\/9b4f0c3178793b8248d6686732521c04","name":"admin","image":{"@type":"ImageObject","inLanguage":"pt-BR","@id":"https:\/\/compartilhabahia.com.br\/#\/schema\/person\/image\/","url":"https:\/\/secure.gravatar.com\/avatar\/9600df58751c5acbe914c538c03390ef649ea088cb65f84ba09c7ce66988eed6?s=96&d=mm&r=g","contentUrl":"https:\/\/secure.gravatar.com\/avatar\/9600df58751c5acbe914c538c03390ef649ea088cb65f84ba09c7ce66988eed6?s=96&d=mm&r=g","caption":"admin"},"sameAs":["https:\/\/compartilhabahia.com.br"],"url":"https:\/\/compartilhabahia.com.br\/index.php\/author\/compartilhabahia\/"}]}},"_links":{"self":[{"href":"https:\/\/compartilhabahia.com.br\/index.php\/wp-json\/wp\/v2\/posts\/5664","targetHints":{"allow":["GET"]}}],"collection":[{"href":"https:\/\/compartilhabahia.com.br\/index.php\/wp-json\/wp\/v2\/posts"}],"about":[{"href":"https:\/\/compartilhabahia.com.br\/index.php\/wp-json\/wp\/v2\/types\/post"}],"author":[{"embeddable":true,"href":"https:\/\/compartilhabahia.com.br\/index.php\/wp-json\/wp\/v2\/users\/1"}],"replies":[{"embeddable":true,"href":"https:\/\/compartilhabahia.com.br\/index.php\/wp-json\/wp\/v2\/comments?post=5664"}],"version-history":[{"count":1,"href":"https:\/\/compartilhabahia.com.br\/index.php\/wp-json\/wp\/v2\/posts\/5664\/revisions"}],"predecessor-version":[{"id":5668,"href":"https:\/\/compartilhabahia.com.br\/index.php\/wp-json\/wp\/v2\/posts\/5664\/revisions\/5668"}],"wp:featuredmedia":[{"embeddable":true,"href":"https:\/\/compartilhabahia.com.br\/index.php\/wp-json\/wp\/v2\/media\/5665"}],"wp:attachment":[{"href":"https:\/\/compartilhabahia.com.br\/index.php\/wp-json\/wp\/v2\/media?parent=5664"}],"wp:term":[{"taxonomy":"category","embeddable":true,"href":"https:\/\/compartilhabahia.com.br\/index.php\/wp-json\/wp\/v2\/categories?post=5664"},{"taxonomy":"post_tag","embeddable":true,"href":"https:\/\/compartilhabahia.com.br\/index.php\/wp-json\/wp\/v2\/tags?post=5664"}],"curies":[{"name":"wp","href":"https:\/\/api.w.org\/{rel}","templated":true}]}}