{"id":5561,"date":"2025-03-03T12:24:29","date_gmt":"2025-03-03T15:24:29","guid":{"rendered":"https:\/\/compartilhabahia.com.br\/?p=5561"},"modified":"2025-03-03T12:24:30","modified_gmt":"2025-03-03T15:24:30","slug":"ecologia-integral-e-tema-da-campanha-da-fraternidade-2025","status":"publish","type":"post","link":"https:\/\/compartilhabahia.com.br\/index.php\/2025\/03\/03\/ecologia-integral-e-tema-da-campanha-da-fraternidade-2025\/","title":{"rendered":"Ecologia Integral \u00e9 tema da Campanha da Fraternidade 2025"},"content":{"rendered":"\n<p><\/p>\n\n\n\n<p><em>* J\u00e9ssica Mar\u00e7al<\/em><\/p>\n\n\n\n<p>\u201cLouvado seja o meu Senhor\u201d \u00e9 a express\u00e3o que S\u00e3o Francisco de Assis encontrou para louvar e agradecer a Deus por toda a cria\u00e7\u00e3o: pelo sol, pela lua, pelo ar e vento, pela \u00e1gua, pelo fogo. Manifesta\u00e7\u00e3o que se materializou no C\u00e2ntico das Criaturas composto h\u00e1 800 anos pelo santo, que, admirador da natureza, via nela a manifesta\u00e7\u00e3o do amor de Deus.&nbsp;<\/p>\n\n\n\n<p>O mesmo louvor foi escolhido pelo Papa Francisco para iniciar e dar nome a um dos documentos mais emblem\u00e1ticos do seu pontificado. A enc\u00edclica&nbsp;<em>Laudato si\u2019<\/em>, que neste ano completa 10 anos de publica\u00e7\u00e3o, come\u00e7a justamente citando o C\u00e2ntico das Criaturas, recordando a figura do pobrezinho de Assis, que tamb\u00e9m inspirou o nome de pontificado escolhido pelo Cardeal Bergoglio. Francisco Papa recorre ao exemplo do Francisco santo para oferecer ao mundo uma tem\u00e1tica t\u00e3o importante, talvez mais do que nunca: a necessidade de uma ecologia integral, visando ao cuidado da Casa comum.&nbsp;<\/p>\n\n\n\n<p>Mas por que propor este tema? O pr\u00f3prio Papa traz algumas indica\u00e7\u00f5es no seu documento ao abordar o que est\u00e1 acontecendo com o planeta: polui\u00e7\u00e3o, cultura do descarte, perda da biodiversidade, desigualdade planet\u00e1ria, mudan\u00e7as clim\u00e1ticas, s\u00f3 para citar alguns exemplos. Este \u00faltimo ponto, inclusive, tem sido alvo de debate internacional h\u00e1 tempos e, dada sua relev\u00e2ncia, recebeu um olhar ainda mais atento tamb\u00e9m do Papa Francisco, que publicou, em outubro de 2023 \u2013 precisamente no dia 4, festa de S\u00e3o Francisco de Assis \u2013 a Exorta\u00e7\u00e3o Apost\u00f3lica&nbsp;<em>Laudate Deum<\/em>, sobre a crise clim\u00e1tica.&nbsp;<\/p>\n\n\n\n<p>Mas quais os efeitos disso tudo? Por que precisamos falar e refletir a respeito? Pode parecer \u00f3bvio, mas tamb\u00e9m o \u00f3bvio precisa ser dito. Est\u00e1 ficando cada vez mais dif\u00edcil respirar, literalmente, mesmo que n\u00e3o se perceba. Um recente estudo do Minist\u00e9rio da Sa\u00fade em parceria com o Minist\u00e9rio do Meio Ambiente (Painel Vigiar, 2024) mostrou que quase toda a popula\u00e7\u00e3o do Brasil est\u00e1 respirando um ar polu\u00eddo, com n\u00edveis de polui\u00e7\u00e3o acima do que \u00e9 recomendado pela Organiza\u00e7\u00e3o Mundial de Sa\u00fade. As ondas de calor est\u00e3o cada vez mais frequentes e percept\u00edveis. Quem n\u00e3o tem sentido na pele o \u201ccalor\u00e3o\u201d que, na cidade do Rio de Janeiro, por exemplo, s\u00f3 no in\u00edcio de 2025, levou mais de cinco mil pessoas a buscar atendimento m\u00e9dico? E n\u00e3o para na capital fluminense, tradicionalmente quente. At\u00e9 o sul do pa\u00eds t\u00eam sentido as altas temperaturas: a cidade ga\u00facha de Quara\u00ed, na fronteira com o Uruguai, chegou a registrar 43,8\u00b0C em fevereiro de 2025, maior temperatura j\u00e1 verificada no estado desde o come\u00e7o do s\u00e9culo 20. O mesmo estado sofreu as consequ\u00eancias de enchentes catastr\u00f3ficas em maio de 2024. \u00c9\u2026 a cria\u00e7\u00e3o, talvez como nunca antes, \u201cgeme em dores de parto\u201d (Rm 8,22).&nbsp;<\/p>\n\n\n\n<p>Diante de eventos cada vez mais extremos no planeta, \u00e9 preciso ecoar o pedido do Papa em prol de uma ecologia integral, n\u00e3o h\u00e1 d\u00favidas. E \u00e9 nessa vertente que se insere a Campanha da Fraternidade de 2025, que prop\u00f5e o tema \u201cFraternidade e Ecologia Integral\u201d e o lema: \u201cDeus viu que tudo era muito bom\u201d (Gn 1,31), ilustrados pela figura do santo de Assis. A Campanha \u00e9 uma iniciativa da Igreja no Brasil que, anualmente, no tempo lit\u00fargico da Quaresma, elege um tema e um lema para mobilizar as pessoas em torno de alguma situa\u00e7\u00e3o na qual a sociedade precisa de convers\u00e3o, pelo bem de todos.<\/p>\n\n\n\n<p>Para 2025, a proposta \u00e9 promover \u201cum processo de convers\u00e3o integral, ouvindo o grito dos pobres e da Terra\u201d, explica-se no site oficial. A ecologia, inclusive, \u00e9 o tema mais tratado pela Campanha, tendo sido abordada oito vezes desde que a iniciativa come\u00e7ou, h\u00e1 61 anos.&nbsp;<\/p>\n\n\n\n<p>Tema recorrente na Campanha da Fraternidade, assunto que est\u00e1 \u201cna boca do povo\u201d, desejo do cora\u00e7\u00e3o do Papa. A ecologia integral diz respeito a todos e requer mudan\u00e7as de atitude em v\u00e1rios n\u00edveis \u2013 individual, coletivo, empresarial, educativo, governamental &#8211; visando ao cuidado da Casa comum, como nos pede o Francisco Papa. Assim, poderemos, tamb\u00e9m n\u00f3s, seguir as pegadas do Francisco santo e dizer \u201cLouvado seja o meu Senhor\u201d pelo planeta onde habitamos, onde a vida acontece.&nbsp;<\/p>\n\n\n\n<p><strong><em>* J\u00e9ssica Mar\u00e7al<\/em><\/strong>&nbsp;<em>\u00e9 jornalista e coordenadora de conte\u00fado web do Jornalismo Can\u00e7\u00e3o Nova. Com especializa\u00e7\u00e3o em Gest\u00e3o da Comunica\u00e7\u00e3o em M\u00eddias Digitais, trabalha com jornalismo digital e cobertura religiosa h\u00e1 13 anos.<\/em><\/p>\n","protected":false},"excerpt":{"rendered":"<p>* J\u00e9ssica Mar\u00e7al \u201cLouvado seja o meu Senhor\u201d \u00e9 a express\u00e3o que S\u00e3o Francisco de Assis encontrou para louvar e agradecer a Deus por toda a cria\u00e7\u00e3o: pelo sol, pela lua, pelo ar e vento, pela \u00e1gua, pelo fogo. Manifesta\u00e7\u00e3o que se materializou no C\u00e2ntico das Criaturas composto h\u00e1 800 anos pelo santo, que, admirador [&hellip;]<\/p>\n","protected":false},"author":1,"featured_media":5562,"comment_status":"open","ping_status":"open","sticky":false,"template":"","format":"standard","meta":{"footnotes":""},"categories":[4],"tags":[],"class_list":["post-5561","post","type-post","status-publish","format-standard","has-post-thumbnail","hentry","category-brasil"],"yoast_head":"<!-- This site is optimized with the Yoast SEO plugin v21.7 - https:\/\/yoast.com\/wordpress\/plugins\/seo\/ -->\n<title>Ecologia Integral \u00e9 tema da Campanha da Fraternidade 2025 - Compartilha Bahia<\/title>\n<meta name=\"robots\" content=\"index, follow, max-snippet:-1, max-image-preview:large, max-video-preview:-1\" \/>\n<link rel=\"canonical\" href=\"https:\/\/compartilhabahia.com.br\/index.php\/2025\/03\/03\/ecologia-integral-e-tema-da-campanha-da-fraternidade-2025\/\" \/>\n<meta property=\"og:locale\" content=\"pt_BR\" \/>\n<meta property=\"og:type\" content=\"article\" \/>\n<meta property=\"og:title\" content=\"Ecologia Integral \u00e9 tema da Campanha da Fraternidade 2025 - Compartilha Bahia\" \/>\n<meta property=\"og:description\" content=\"* J\u00e9ssica Mar\u00e7al \u201cLouvado seja o meu Senhor\u201d \u00e9 a express\u00e3o que S\u00e3o Francisco de Assis encontrou para louvar e agradecer a Deus por toda a cria\u00e7\u00e3o: pelo sol, pela lua, pelo ar e vento, pela \u00e1gua, pelo fogo. Manifesta\u00e7\u00e3o que se materializou no C\u00e2ntico das Criaturas composto h\u00e1 800 anos pelo santo, que, admirador [&hellip;]\" \/>\n<meta property=\"og:url\" content=\"https:\/\/compartilhabahia.com.br\/index.php\/2025\/03\/03\/ecologia-integral-e-tema-da-campanha-da-fraternidade-2025\/\" \/>\n<meta property=\"og:site_name\" content=\"Compartilha Bahia\" \/>\n<meta property=\"article:publisher\" content=\"https:\/\/web.facebook.com\/compartilhabahia\" \/>\n<meta property=\"article:published_time\" content=\"2025-03-03T15:24:29+00:00\" \/>\n<meta property=\"article:modified_time\" content=\"2025-03-03T15:24:30+00:00\" \/>\n<meta property=\"og:image\" content=\"https:\/\/compartilhabahia.com.br\/wp-content\/uploads\/2025\/03\/jess.jpg\" \/>\n\t<meta property=\"og:image:width\" content=\"746\" \/>\n\t<meta property=\"og:image:height\" content=\"543\" \/>\n\t<meta property=\"og:image:type\" content=\"image\/jpeg\" \/>\n<meta name=\"author\" content=\"admin\" \/>\n<meta name=\"twitter:card\" content=\"summary_large_image\" \/>\n<meta name=\"twitter:label1\" content=\"Escrito por\" \/>\n\t<meta name=\"twitter:data1\" content=\"admin\" \/>\n\t<meta name=\"twitter:label2\" content=\"Est. tempo de leitura\" \/>\n\t<meta name=\"twitter:data2\" content=\"5 minutos\" \/>\n<script type=\"application\/ld+json\" class=\"yoast-schema-graph\">{\"@context\":\"https:\/\/schema.org\",\"@graph\":[{\"@type\":\"Article\",\"@id\":\"https:\/\/compartilhabahia.com.br\/index.php\/2025\/03\/03\/ecologia-integral-e-tema-da-campanha-da-fraternidade-2025\/#article\",\"isPartOf\":{\"@id\":\"https:\/\/compartilhabahia.com.br\/index.php\/2025\/03\/03\/ecologia-integral-e-tema-da-campanha-da-fraternidade-2025\/\"},\"author\":{\"name\":\"admin\",\"@id\":\"https:\/\/compartilhabahia.com.br\/#\/schema\/person\/9b4f0c3178793b8248d6686732521c04\"},\"headline\":\"Ecologia Integral \u00e9 tema da Campanha da Fraternidade 2025\",\"datePublished\":\"2025-03-03T15:24:29+00:00\",\"dateModified\":\"2025-03-03T15:24:30+00:00\",\"mainEntityOfPage\":{\"@id\":\"https:\/\/compartilhabahia.com.br\/index.php\/2025\/03\/03\/ecologia-integral-e-tema-da-campanha-da-fraternidade-2025\/\"},\"wordCount\":777,\"commentCount\":0,\"publisher\":{\"@id\":\"https:\/\/compartilhabahia.com.br\/#organization\"},\"articleSection\":[\"Brasil\"],\"inLanguage\":\"pt-BR\",\"potentialAction\":[{\"@type\":\"CommentAction\",\"name\":\"Comment\",\"target\":[\"https:\/\/compartilhabahia.com.br\/index.php\/2025\/03\/03\/ecologia-integral-e-tema-da-campanha-da-fraternidade-2025\/#respond\"]}]},{\"@type\":\"WebPage\",\"@id\":\"https:\/\/compartilhabahia.com.br\/index.php\/2025\/03\/03\/ecologia-integral-e-tema-da-campanha-da-fraternidade-2025\/\",\"url\":\"https:\/\/compartilhabahia.com.br\/index.php\/2025\/03\/03\/ecologia-integral-e-tema-da-campanha-da-fraternidade-2025\/\",\"name\":\"Ecologia Integral \u00e9 tema da Campanha da Fraternidade 2025 - Compartilha Bahia\",\"isPartOf\":{\"@id\":\"https:\/\/compartilhabahia.com.br\/#website\"},\"datePublished\":\"2025-03-03T15:24:29+00:00\",\"dateModified\":\"2025-03-03T15:24:30+00:00\",\"breadcrumb\":{\"@id\":\"https:\/\/compartilhabahia.com.br\/index.php\/2025\/03\/03\/ecologia-integral-e-tema-da-campanha-da-fraternidade-2025\/#breadcrumb\"},\"inLanguage\":\"pt-BR\",\"potentialAction\":[{\"@type\":\"ReadAction\",\"target\":[\"https:\/\/compartilhabahia.com.br\/index.php\/2025\/03\/03\/ecologia-integral-e-tema-da-campanha-da-fraternidade-2025\/\"]}]},{\"@type\":\"BreadcrumbList\",\"@id\":\"https:\/\/compartilhabahia.com.br\/index.php\/2025\/03\/03\/ecologia-integral-e-tema-da-campanha-da-fraternidade-2025\/#breadcrumb\",\"itemListElement\":[{\"@type\":\"ListItem\",\"position\":1,\"name\":\"In\u00edcio\",\"item\":\"https:\/\/compartilhabahia.com.br\/\"},{\"@type\":\"ListItem\",\"position\":2,\"name\":\"Ecologia Integral \u00e9 tema da Campanha da Fraternidade 2025\"}]},{\"@type\":\"WebSite\",\"@id\":\"https:\/\/compartilhabahia.com.br\/#website\",\"url\":\"https:\/\/compartilhabahia.com.br\/\",\"name\":\"Compartilha Bahia\",\"description\":\"\",\"publisher\":{\"@id\":\"https:\/\/compartilhabahia.com.br\/#organization\"},\"potentialAction\":[{\"@type\":\"SearchAction\",\"target\":{\"@type\":\"EntryPoint\",\"urlTemplate\":\"https:\/\/compartilhabahia.com.br\/?s={search_term_string}\"},\"query-input\":\"required name=search_term_string\"}],\"inLanguage\":\"pt-BR\"},{\"@type\":\"Organization\",\"@id\":\"https:\/\/compartilhabahia.com.br\/#organization\",\"name\":\"Compartilha Bahia\",\"url\":\"https:\/\/compartilhabahia.com.br\/\",\"logo\":{\"@type\":\"ImageObject\",\"inLanguage\":\"pt-BR\",\"@id\":\"https:\/\/compartilhabahia.com.br\/#\/schema\/logo\/image\/\",\"url\":\"https:\/\/compartilhabahia.com.br\/wp-content\/uploads\/2023\/12\/cropped-logo.png\",\"contentUrl\":\"https:\/\/compartilhabahia.com.br\/wp-content\/uploads\/2023\/12\/cropped-logo.png\",\"width\":300,\"height\":106,\"caption\":\"Compartilha Bahia\"},\"image\":{\"@id\":\"https:\/\/compartilhabahia.com.br\/#\/schema\/logo\/image\/\"},\"sameAs\":[\"https:\/\/web.facebook.com\/compartilhabahia\",\"https:\/\/www.instagram.com\/compartilhabahia\/\"]},{\"@type\":\"Person\",\"@id\":\"https:\/\/compartilhabahia.com.br\/#\/schema\/person\/9b4f0c3178793b8248d6686732521c04\",\"name\":\"admin\",\"image\":{\"@type\":\"ImageObject\",\"inLanguage\":\"pt-BR\",\"@id\":\"https:\/\/compartilhabahia.com.br\/#\/schema\/person\/image\/\",\"url\":\"https:\/\/secure.gravatar.com\/avatar\/9600df58751c5acbe914c538c03390ef649ea088cb65f84ba09c7ce66988eed6?s=96&d=mm&r=g\",\"contentUrl\":\"https:\/\/secure.gravatar.com\/avatar\/9600df58751c5acbe914c538c03390ef649ea088cb65f84ba09c7ce66988eed6?s=96&d=mm&r=g\",\"caption\":\"admin\"},\"sameAs\":[\"https:\/\/compartilhabahia.com.br\"],\"url\":\"https:\/\/compartilhabahia.com.br\/index.php\/author\/compartilhabahia\/\"}]}<\/script>\n<!-- \/ Yoast SEO plugin. -->","yoast_head_json":{"title":"Ecologia Integral \u00e9 tema da Campanha da Fraternidade 2025 - Compartilha Bahia","robots":{"index":"index","follow":"follow","max-snippet":"max-snippet:-1","max-image-preview":"max-image-preview:large","max-video-preview":"max-video-preview:-1"},"canonical":"https:\/\/compartilhabahia.com.br\/index.php\/2025\/03\/03\/ecologia-integral-e-tema-da-campanha-da-fraternidade-2025\/","og_locale":"pt_BR","og_type":"article","og_title":"Ecologia Integral \u00e9 tema da Campanha da Fraternidade 2025 - Compartilha Bahia","og_description":"* J\u00e9ssica Mar\u00e7al \u201cLouvado seja o meu Senhor\u201d \u00e9 a express\u00e3o que S\u00e3o Francisco de Assis encontrou para louvar e agradecer a Deus por toda a cria\u00e7\u00e3o: pelo sol, pela lua, pelo ar e vento, pela \u00e1gua, pelo fogo. Manifesta\u00e7\u00e3o que se materializou no C\u00e2ntico das Criaturas composto h\u00e1 800 anos pelo santo, que, admirador [&hellip;]","og_url":"https:\/\/compartilhabahia.com.br\/index.php\/2025\/03\/03\/ecologia-integral-e-tema-da-campanha-da-fraternidade-2025\/","og_site_name":"Compartilha Bahia","article_publisher":"https:\/\/web.facebook.com\/compartilhabahia","article_published_time":"2025-03-03T15:24:29+00:00","article_modified_time":"2025-03-03T15:24:30+00:00","og_image":[{"width":746,"height":543,"url":"https:\/\/compartilhabahia.com.br\/wp-content\/uploads\/2025\/03\/jess.jpg","type":"image\/jpeg"}],"author":"admin","twitter_card":"summary_large_image","twitter_misc":{"Escrito por":"admin","Est. tempo de leitura":"5 minutos"},"schema":{"@context":"https:\/\/schema.org","@graph":[{"@type":"Article","@id":"https:\/\/compartilhabahia.com.br\/index.php\/2025\/03\/03\/ecologia-integral-e-tema-da-campanha-da-fraternidade-2025\/#article","isPartOf":{"@id":"https:\/\/compartilhabahia.com.br\/index.php\/2025\/03\/03\/ecologia-integral-e-tema-da-campanha-da-fraternidade-2025\/"},"author":{"name":"admin","@id":"https:\/\/compartilhabahia.com.br\/#\/schema\/person\/9b4f0c3178793b8248d6686732521c04"},"headline":"Ecologia Integral \u00e9 tema da Campanha da Fraternidade 2025","datePublished":"2025-03-03T15:24:29+00:00","dateModified":"2025-03-03T15:24:30+00:00","mainEntityOfPage":{"@id":"https:\/\/compartilhabahia.com.br\/index.php\/2025\/03\/03\/ecologia-integral-e-tema-da-campanha-da-fraternidade-2025\/"},"wordCount":777,"commentCount":0,"publisher":{"@id":"https:\/\/compartilhabahia.com.br\/#organization"},"articleSection":["Brasil"],"inLanguage":"pt-BR","potentialAction":[{"@type":"CommentAction","name":"Comment","target":["https:\/\/compartilhabahia.com.br\/index.php\/2025\/03\/03\/ecologia-integral-e-tema-da-campanha-da-fraternidade-2025\/#respond"]}]},{"@type":"WebPage","@id":"https:\/\/compartilhabahia.com.br\/index.php\/2025\/03\/03\/ecologia-integral-e-tema-da-campanha-da-fraternidade-2025\/","url":"https:\/\/compartilhabahia.com.br\/index.php\/2025\/03\/03\/ecologia-integral-e-tema-da-campanha-da-fraternidade-2025\/","name":"Ecologia Integral \u00e9 tema da Campanha da Fraternidade 2025 - Compartilha Bahia","isPartOf":{"@id":"https:\/\/compartilhabahia.com.br\/#website"},"datePublished":"2025-03-03T15:24:29+00:00","dateModified":"2025-03-03T15:24:30+00:00","breadcrumb":{"@id":"https:\/\/compartilhabahia.com.br\/index.php\/2025\/03\/03\/ecologia-integral-e-tema-da-campanha-da-fraternidade-2025\/#breadcrumb"},"inLanguage":"pt-BR","potentialAction":[{"@type":"ReadAction","target":["https:\/\/compartilhabahia.com.br\/index.php\/2025\/03\/03\/ecologia-integral-e-tema-da-campanha-da-fraternidade-2025\/"]}]},{"@type":"BreadcrumbList","@id":"https:\/\/compartilhabahia.com.br\/index.php\/2025\/03\/03\/ecologia-integral-e-tema-da-campanha-da-fraternidade-2025\/#breadcrumb","itemListElement":[{"@type":"ListItem","position":1,"name":"In\u00edcio","item":"https:\/\/compartilhabahia.com.br\/"},{"@type":"ListItem","position":2,"name":"Ecologia Integral \u00e9 tema da Campanha da Fraternidade 2025"}]},{"@type":"WebSite","@id":"https:\/\/compartilhabahia.com.br\/#website","url":"https:\/\/compartilhabahia.com.br\/","name":"Compartilha Bahia","description":"","publisher":{"@id":"https:\/\/compartilhabahia.com.br\/#organization"},"potentialAction":[{"@type":"SearchAction","target":{"@type":"EntryPoint","urlTemplate":"https:\/\/compartilhabahia.com.br\/?s={search_term_string}"},"query-input":"required name=search_term_string"}],"inLanguage":"pt-BR"},{"@type":"Organization","@id":"https:\/\/compartilhabahia.com.br\/#organization","name":"Compartilha Bahia","url":"https:\/\/compartilhabahia.com.br\/","logo":{"@type":"ImageObject","inLanguage":"pt-BR","@id":"https:\/\/compartilhabahia.com.br\/#\/schema\/logo\/image\/","url":"https:\/\/compartilhabahia.com.br\/wp-content\/uploads\/2023\/12\/cropped-logo.png","contentUrl":"https:\/\/compartilhabahia.com.br\/wp-content\/uploads\/2023\/12\/cropped-logo.png","width":300,"height":106,"caption":"Compartilha Bahia"},"image":{"@id":"https:\/\/compartilhabahia.com.br\/#\/schema\/logo\/image\/"},"sameAs":["https:\/\/web.facebook.com\/compartilhabahia","https:\/\/www.instagram.com\/compartilhabahia\/"]},{"@type":"Person","@id":"https:\/\/compartilhabahia.com.br\/#\/schema\/person\/9b4f0c3178793b8248d6686732521c04","name":"admin","image":{"@type":"ImageObject","inLanguage":"pt-BR","@id":"https:\/\/compartilhabahia.com.br\/#\/schema\/person\/image\/","url":"https:\/\/secure.gravatar.com\/avatar\/9600df58751c5acbe914c538c03390ef649ea088cb65f84ba09c7ce66988eed6?s=96&d=mm&r=g","contentUrl":"https:\/\/secure.gravatar.com\/avatar\/9600df58751c5acbe914c538c03390ef649ea088cb65f84ba09c7ce66988eed6?s=96&d=mm&r=g","caption":"admin"},"sameAs":["https:\/\/compartilhabahia.com.br"],"url":"https:\/\/compartilhabahia.com.br\/index.php\/author\/compartilhabahia\/"}]}},"_links":{"self":[{"href":"https:\/\/compartilhabahia.com.br\/index.php\/wp-json\/wp\/v2\/posts\/5561","targetHints":{"allow":["GET"]}}],"collection":[{"href":"https:\/\/compartilhabahia.com.br\/index.php\/wp-json\/wp\/v2\/posts"}],"about":[{"href":"https:\/\/compartilhabahia.com.br\/index.php\/wp-json\/wp\/v2\/types\/post"}],"author":[{"embeddable":true,"href":"https:\/\/compartilhabahia.com.br\/index.php\/wp-json\/wp\/v2\/users\/1"}],"replies":[{"embeddable":true,"href":"https:\/\/compartilhabahia.com.br\/index.php\/wp-json\/wp\/v2\/comments?post=5561"}],"version-history":[{"count":1,"href":"https:\/\/compartilhabahia.com.br\/index.php\/wp-json\/wp\/v2\/posts\/5561\/revisions"}],"predecessor-version":[{"id":5563,"href":"https:\/\/compartilhabahia.com.br\/index.php\/wp-json\/wp\/v2\/posts\/5561\/revisions\/5563"}],"wp:featuredmedia":[{"embeddable":true,"href":"https:\/\/compartilhabahia.com.br\/index.php\/wp-json\/wp\/v2\/media\/5562"}],"wp:attachment":[{"href":"https:\/\/compartilhabahia.com.br\/index.php\/wp-json\/wp\/v2\/media?parent=5561"}],"wp:term":[{"taxonomy":"category","embeddable":true,"href":"https:\/\/compartilhabahia.com.br\/index.php\/wp-json\/wp\/v2\/categories?post=5561"},{"taxonomy":"post_tag","embeddable":true,"href":"https:\/\/compartilhabahia.com.br\/index.php\/wp-json\/wp\/v2\/tags?post=5561"}],"curies":[{"name":"wp","href":"https:\/\/api.w.org\/{rel}","templated":true}]}}