{"id":5474,"date":"2025-02-24T13:33:25","date_gmt":"2025-02-24T13:33:25","guid":{"rendered":"https:\/\/compartilhabahia.com.br\/?p=5474"},"modified":"2025-02-24T14:49:09","modified_gmt":"2025-02-24T14:49:09","slug":"estadio-municipal-de-camacari-sera-reformado-e-pode-ser-passado-ao-e-c-bahia","status":"publish","type":"post","link":"https:\/\/compartilhabahia.com.br\/index.php\/2025\/02\/24\/estadio-municipal-de-camacari-sera-reformado-e-pode-ser-passado-ao-e-c-bahia\/","title":{"rendered":"Est\u00e1dio municipal de Cama\u00e7ari ser\u00e1 reformado e pode ser passado ao E. C. Bahia"},"content":{"rendered":"\n<p>Segundo informa\u00e7\u00f5es, extraoficiais, h\u00e1 interesse da dire\u00e7\u00e3o do Esporte Clube Bahia em assumir a dire\u00e7\u00e3o do est\u00e1dio municipal de Cama\u00e7ari, para jogos e treinos. Obviamente, que para isso acontecer, e o clube e o Munic\u00edpio realmente tenham interesse nessa parceria, ser\u00e1 preciso autoriza\u00e7\u00e3o da C\u00e2mara Municipal e a realiza\u00e7\u00e3o de um processo licitat\u00f3rio.<\/p>\n\n\n\n<p><strong>Sudesb vistoria Est\u00e1dio Municipal Fernando Ferreira Lopes<\/strong><\/p>\n\n\n\n<p><a><\/a>O Est\u00e1dio&nbsp;Municipal Fernando Ferreira Lopes&nbsp;recebeu visita t\u00e9cnica da Superintend\u00eancia dos Desportos do Estado da Bahia (Sudesb). A vistoria, que aconteceu de forma conjunta com a equipe de engenharia da Secretaria de Esporte, Lazer e Juventude (Sejuv), avaliou as condi\u00e7\u00f5es estruturais do equipamento p\u00fablico, e fez o levantamento das necessidades que v\u00e3o compor o planejamento de interven\u00e7\u00e3o e requalifica\u00e7\u00e3o do espa\u00e7o.<\/p>\n\n\n\n<p>Como medida emergencial, o est\u00e1dio municipal est\u00e1 interditado. Com isso, as atividades administrativas da Sejuv, que ainda aconteciam por l\u00e1, ser\u00e3o transferidas para um im\u00f3vel localizado na Avenida Deputado Lu\u00eds Eduardo Magalh\u00e3es, no Centro. Al\u00e9m da coordena\u00e7\u00e3o administrativa e do gabinete do secret\u00e1rio da Sejuv, funcionar\u00e3o nesse local os setores de marketing, de projetos, o corpo t\u00e9cnico da pasta e a sala de professores.<\/p>\n\n\n\n<p>Tamb\u00e9m ser\u00e3o transferidas para o endere\u00e7o tempor\u00e1rio a academia de muscula\u00e7\u00e3o e a sala de dan\u00e7a, atividades que voltar\u00e3o \u00e0 ativa t\u00e3o logo o novo espa\u00e7o tenha condi\u00e7\u00f5es de acolher as respectivas pr\u00e1ticas, de modo a garantir uma presta\u00e7\u00e3o de servi\u00e7o qualificada aliada ao bem-estar dos servidores e da comunidade atendida.<\/p>\n\n\n\n<p>Essa primeira vistoria realizada pela&nbsp;Sudesb&nbsp;aconteceu na ter\u00e7a-feira (18).&nbsp;O Est\u00e1dio Municipal&nbsp;Fernando Ferreira Lopes&nbsp;passar\u00e1 por nova inspe\u00e7\u00e3o, com equipe ampliada de engenharia, que envolver\u00e1 especialistas do Estado e do munic\u00edpio.&nbsp;<\/p>\n","protected":false},"excerpt":{"rendered":"<p>Segundo informa\u00e7\u00f5es, extraoficiais, h\u00e1 interesse da dire\u00e7\u00e3o do Esporte Clube Bahia em assumir a dire\u00e7\u00e3o do est\u00e1dio municipal de Cama\u00e7ari, para jogos e treinos. Obviamente, que para isso acontecer, e o clube e o Munic\u00edpio realmente tenham interesse nessa parceria, ser\u00e1 preciso autoriza\u00e7\u00e3o da C\u00e2mara Municipal e a realiza\u00e7\u00e3o de um processo licitat\u00f3rio. Sudesb vistoria [&hellip;]<\/p>\n","protected":false},"author":1,"featured_media":5344,"comment_status":"open","ping_status":"open","sticky":false,"template":"","format":"standard","meta":{"footnotes":""},"categories":[10,8],"tags":[],"class_list":["post-5474","post","type-post","status-publish","format-standard","has-post-thumbnail","hentry","category-bahia","category-camacari"],"yoast_head":"<!-- This site is optimized with the Yoast SEO plugin v21.7 - https:\/\/yoast.com\/wordpress\/plugins\/seo\/ -->\n<title>Est\u00e1dio municipal de Cama\u00e7ari ser\u00e1 reformado e pode ser passado ao E. C. Bahia - Compartilha Bahia<\/title>\n<meta name=\"robots\" content=\"index, follow, max-snippet:-1, max-image-preview:large, max-video-preview:-1\" \/>\n<link rel=\"canonical\" href=\"https:\/\/compartilhabahia.com.br\/index.php\/2025\/02\/24\/estadio-municipal-de-camacari-sera-reformado-e-pode-ser-passado-ao-e-c-bahia\/\" \/>\n<meta property=\"og:locale\" content=\"pt_BR\" \/>\n<meta property=\"og:type\" content=\"article\" \/>\n<meta property=\"og:title\" content=\"Est\u00e1dio municipal de Cama\u00e7ari ser\u00e1 reformado e pode ser passado ao E. C. Bahia - Compartilha Bahia\" \/>\n<meta property=\"og:description\" content=\"Segundo informa\u00e7\u00f5es, extraoficiais, h\u00e1 interesse da dire\u00e7\u00e3o do Esporte Clube Bahia em assumir a dire\u00e7\u00e3o do est\u00e1dio municipal de Cama\u00e7ari, para jogos e treinos. Obviamente, que para isso acontecer, e o clube e o Munic\u00edpio realmente tenham interesse nessa parceria, ser\u00e1 preciso autoriza\u00e7\u00e3o da C\u00e2mara Municipal e a realiza\u00e7\u00e3o de um processo licitat\u00f3rio. Sudesb vistoria [&hellip;]\" \/>\n<meta property=\"og:url\" content=\"https:\/\/compartilhabahia.com.br\/index.php\/2025\/02\/24\/estadio-municipal-de-camacari-sera-reformado-e-pode-ser-passado-ao-e-c-bahia\/\" \/>\n<meta property=\"og:site_name\" content=\"Compartilha Bahia\" \/>\n<meta property=\"article:publisher\" content=\"https:\/\/web.facebook.com\/compartilhabahia\" \/>\n<meta property=\"article:published_time\" content=\"2025-02-24T13:33:25+00:00\" \/>\n<meta property=\"article:modified_time\" content=\"2025-02-24T14:49:09+00:00\" \/>\n<meta property=\"og:image\" content=\"https:\/\/compartilhabahia.com.br\/wp-content\/uploads\/2025\/02\/futebol.jpg\" \/>\n\t<meta property=\"og:image:width\" content=\"474\" \/>\n\t<meta property=\"og:image:height\" content=\"315\" \/>\n\t<meta property=\"og:image:type\" content=\"image\/jpeg\" \/>\n<meta name=\"author\" content=\"admin\" \/>\n<meta name=\"twitter:card\" content=\"summary_large_image\" \/>\n<meta name=\"twitter:label1\" content=\"Escrito por\" \/>\n\t<meta name=\"twitter:data1\" content=\"admin\" \/>\n\t<meta name=\"twitter:label2\" content=\"Est. tempo de leitura\" \/>\n\t<meta name=\"twitter:data2\" content=\"2 minutos\" \/>\n<script type=\"application\/ld+json\" class=\"yoast-schema-graph\">{\"@context\":\"https:\/\/schema.org\",\"@graph\":[{\"@type\":\"Article\",\"@id\":\"https:\/\/compartilhabahia.com.br\/index.php\/2025\/02\/24\/estadio-municipal-de-camacari-sera-reformado-e-pode-ser-passado-ao-e-c-bahia\/#article\",\"isPartOf\":{\"@id\":\"https:\/\/compartilhabahia.com.br\/index.php\/2025\/02\/24\/estadio-municipal-de-camacari-sera-reformado-e-pode-ser-passado-ao-e-c-bahia\/\"},\"author\":{\"name\":\"admin\",\"@id\":\"https:\/\/compartilhabahia.com.br\/#\/schema\/person\/9b4f0c3178793b8248d6686732521c04\"},\"headline\":\"Est\u00e1dio municipal de Cama\u00e7ari ser\u00e1 reformado e pode ser passado ao E. C. Bahia\",\"datePublished\":\"2025-02-24T13:33:25+00:00\",\"dateModified\":\"2025-02-24T14:49:09+00:00\",\"mainEntityOfPage\":{\"@id\":\"https:\/\/compartilhabahia.com.br\/index.php\/2025\/02\/24\/estadio-municipal-de-camacari-sera-reformado-e-pode-ser-passado-ao-e-c-bahia\/\"},\"wordCount\":339,\"commentCount\":0,\"publisher\":{\"@id\":\"https:\/\/compartilhabahia.com.br\/#organization\"},\"articleSection\":[\"Bahia\",\"Cama\u00e7ari\"],\"inLanguage\":\"pt-BR\",\"potentialAction\":[{\"@type\":\"CommentAction\",\"name\":\"Comment\",\"target\":[\"https:\/\/compartilhabahia.com.br\/index.php\/2025\/02\/24\/estadio-municipal-de-camacari-sera-reformado-e-pode-ser-passado-ao-e-c-bahia\/#respond\"]}]},{\"@type\":\"WebPage\",\"@id\":\"https:\/\/compartilhabahia.com.br\/index.php\/2025\/02\/24\/estadio-municipal-de-camacari-sera-reformado-e-pode-ser-passado-ao-e-c-bahia\/\",\"url\":\"https:\/\/compartilhabahia.com.br\/index.php\/2025\/02\/24\/estadio-municipal-de-camacari-sera-reformado-e-pode-ser-passado-ao-e-c-bahia\/\",\"name\":\"Est\u00e1dio municipal de Cama\u00e7ari ser\u00e1 reformado e pode ser passado ao E. C. Bahia - Compartilha Bahia\",\"isPartOf\":{\"@id\":\"https:\/\/compartilhabahia.com.br\/#website\"},\"datePublished\":\"2025-02-24T13:33:25+00:00\",\"dateModified\":\"2025-02-24T14:49:09+00:00\",\"breadcrumb\":{\"@id\":\"https:\/\/compartilhabahia.com.br\/index.php\/2025\/02\/24\/estadio-municipal-de-camacari-sera-reformado-e-pode-ser-passado-ao-e-c-bahia\/#breadcrumb\"},\"inLanguage\":\"pt-BR\",\"potentialAction\":[{\"@type\":\"ReadAction\",\"target\":[\"https:\/\/compartilhabahia.com.br\/index.php\/2025\/02\/24\/estadio-municipal-de-camacari-sera-reformado-e-pode-ser-passado-ao-e-c-bahia\/\"]}]},{\"@type\":\"BreadcrumbList\",\"@id\":\"https:\/\/compartilhabahia.com.br\/index.php\/2025\/02\/24\/estadio-municipal-de-camacari-sera-reformado-e-pode-ser-passado-ao-e-c-bahia\/#breadcrumb\",\"itemListElement\":[{\"@type\":\"ListItem\",\"position\":1,\"name\":\"In\u00edcio\",\"item\":\"https:\/\/compartilhabahia.com.br\/\"},{\"@type\":\"ListItem\",\"position\":2,\"name\":\"Est\u00e1dio municipal de Cama\u00e7ari ser\u00e1 reformado e pode ser passado ao E. C. Bahia\"}]},{\"@type\":\"WebSite\",\"@id\":\"https:\/\/compartilhabahia.com.br\/#website\",\"url\":\"https:\/\/compartilhabahia.com.br\/\",\"name\":\"Compartilha Bahia\",\"description\":\"\",\"publisher\":{\"@id\":\"https:\/\/compartilhabahia.com.br\/#organization\"},\"potentialAction\":[{\"@type\":\"SearchAction\",\"target\":{\"@type\":\"EntryPoint\",\"urlTemplate\":\"https:\/\/compartilhabahia.com.br\/?s={search_term_string}\"},\"query-input\":\"required name=search_term_string\"}],\"inLanguage\":\"pt-BR\"},{\"@type\":\"Organization\",\"@id\":\"https:\/\/compartilhabahia.com.br\/#organization\",\"name\":\"Compartilha Bahia\",\"url\":\"https:\/\/compartilhabahia.com.br\/\",\"logo\":{\"@type\":\"ImageObject\",\"inLanguage\":\"pt-BR\",\"@id\":\"https:\/\/compartilhabahia.com.br\/#\/schema\/logo\/image\/\",\"url\":\"https:\/\/compartilhabahia.com.br\/wp-content\/uploads\/2023\/12\/cropped-logo.png\",\"contentUrl\":\"https:\/\/compartilhabahia.com.br\/wp-content\/uploads\/2023\/12\/cropped-logo.png\",\"width\":300,\"height\":106,\"caption\":\"Compartilha Bahia\"},\"image\":{\"@id\":\"https:\/\/compartilhabahia.com.br\/#\/schema\/logo\/image\/\"},\"sameAs\":[\"https:\/\/web.facebook.com\/compartilhabahia\",\"https:\/\/www.instagram.com\/compartilhabahia\/\"]},{\"@type\":\"Person\",\"@id\":\"https:\/\/compartilhabahia.com.br\/#\/schema\/person\/9b4f0c3178793b8248d6686732521c04\",\"name\":\"admin\",\"image\":{\"@type\":\"ImageObject\",\"inLanguage\":\"pt-BR\",\"@id\":\"https:\/\/compartilhabahia.com.br\/#\/schema\/person\/image\/\",\"url\":\"https:\/\/secure.gravatar.com\/avatar\/9600df58751c5acbe914c538c03390ef649ea088cb65f84ba09c7ce66988eed6?s=96&d=mm&r=g\",\"contentUrl\":\"https:\/\/secure.gravatar.com\/avatar\/9600df58751c5acbe914c538c03390ef649ea088cb65f84ba09c7ce66988eed6?s=96&d=mm&r=g\",\"caption\":\"admin\"},\"sameAs\":[\"https:\/\/compartilhabahia.com.br\"],\"url\":\"https:\/\/compartilhabahia.com.br\/index.php\/author\/compartilhabahia\/\"}]}<\/script>\n<!-- \/ Yoast SEO plugin. -->","yoast_head_json":{"title":"Est\u00e1dio municipal de Cama\u00e7ari ser\u00e1 reformado e pode ser passado ao E. C. Bahia - Compartilha Bahia","robots":{"index":"index","follow":"follow","max-snippet":"max-snippet:-1","max-image-preview":"max-image-preview:large","max-video-preview":"max-video-preview:-1"},"canonical":"https:\/\/compartilhabahia.com.br\/index.php\/2025\/02\/24\/estadio-municipal-de-camacari-sera-reformado-e-pode-ser-passado-ao-e-c-bahia\/","og_locale":"pt_BR","og_type":"article","og_title":"Est\u00e1dio municipal de Cama\u00e7ari ser\u00e1 reformado e pode ser passado ao E. C. Bahia - Compartilha Bahia","og_description":"Segundo informa\u00e7\u00f5es, extraoficiais, h\u00e1 interesse da dire\u00e7\u00e3o do Esporte Clube Bahia em assumir a dire\u00e7\u00e3o do est\u00e1dio municipal de Cama\u00e7ari, para jogos e treinos. Obviamente, que para isso acontecer, e o clube e o Munic\u00edpio realmente tenham interesse nessa parceria, ser\u00e1 preciso autoriza\u00e7\u00e3o da C\u00e2mara Municipal e a realiza\u00e7\u00e3o de um processo licitat\u00f3rio. Sudesb vistoria [&hellip;]","og_url":"https:\/\/compartilhabahia.com.br\/index.php\/2025\/02\/24\/estadio-municipal-de-camacari-sera-reformado-e-pode-ser-passado-ao-e-c-bahia\/","og_site_name":"Compartilha Bahia","article_publisher":"https:\/\/web.facebook.com\/compartilhabahia","article_published_time":"2025-02-24T13:33:25+00:00","article_modified_time":"2025-02-24T14:49:09+00:00","og_image":[{"width":474,"height":315,"url":"https:\/\/compartilhabahia.com.br\/wp-content\/uploads\/2025\/02\/futebol.jpg","type":"image\/jpeg"}],"author":"admin","twitter_card":"summary_large_image","twitter_misc":{"Escrito por":"admin","Est. tempo de leitura":"2 minutos"},"schema":{"@context":"https:\/\/schema.org","@graph":[{"@type":"Article","@id":"https:\/\/compartilhabahia.com.br\/index.php\/2025\/02\/24\/estadio-municipal-de-camacari-sera-reformado-e-pode-ser-passado-ao-e-c-bahia\/#article","isPartOf":{"@id":"https:\/\/compartilhabahia.com.br\/index.php\/2025\/02\/24\/estadio-municipal-de-camacari-sera-reformado-e-pode-ser-passado-ao-e-c-bahia\/"},"author":{"name":"admin","@id":"https:\/\/compartilhabahia.com.br\/#\/schema\/person\/9b4f0c3178793b8248d6686732521c04"},"headline":"Est\u00e1dio municipal de Cama\u00e7ari ser\u00e1 reformado e pode ser passado ao E. C. Bahia","datePublished":"2025-02-24T13:33:25+00:00","dateModified":"2025-02-24T14:49:09+00:00","mainEntityOfPage":{"@id":"https:\/\/compartilhabahia.com.br\/index.php\/2025\/02\/24\/estadio-municipal-de-camacari-sera-reformado-e-pode-ser-passado-ao-e-c-bahia\/"},"wordCount":339,"commentCount":0,"publisher":{"@id":"https:\/\/compartilhabahia.com.br\/#organization"},"articleSection":["Bahia","Cama\u00e7ari"],"inLanguage":"pt-BR","potentialAction":[{"@type":"CommentAction","name":"Comment","target":["https:\/\/compartilhabahia.com.br\/index.php\/2025\/02\/24\/estadio-municipal-de-camacari-sera-reformado-e-pode-ser-passado-ao-e-c-bahia\/#respond"]}]},{"@type":"WebPage","@id":"https:\/\/compartilhabahia.com.br\/index.php\/2025\/02\/24\/estadio-municipal-de-camacari-sera-reformado-e-pode-ser-passado-ao-e-c-bahia\/","url":"https:\/\/compartilhabahia.com.br\/index.php\/2025\/02\/24\/estadio-municipal-de-camacari-sera-reformado-e-pode-ser-passado-ao-e-c-bahia\/","name":"Est\u00e1dio municipal de Cama\u00e7ari ser\u00e1 reformado e pode ser passado ao E. C. Bahia - Compartilha Bahia","isPartOf":{"@id":"https:\/\/compartilhabahia.com.br\/#website"},"datePublished":"2025-02-24T13:33:25+00:00","dateModified":"2025-02-24T14:49:09+00:00","breadcrumb":{"@id":"https:\/\/compartilhabahia.com.br\/index.php\/2025\/02\/24\/estadio-municipal-de-camacari-sera-reformado-e-pode-ser-passado-ao-e-c-bahia\/#breadcrumb"},"inLanguage":"pt-BR","potentialAction":[{"@type":"ReadAction","target":["https:\/\/compartilhabahia.com.br\/index.php\/2025\/02\/24\/estadio-municipal-de-camacari-sera-reformado-e-pode-ser-passado-ao-e-c-bahia\/"]}]},{"@type":"BreadcrumbList","@id":"https:\/\/compartilhabahia.com.br\/index.php\/2025\/02\/24\/estadio-municipal-de-camacari-sera-reformado-e-pode-ser-passado-ao-e-c-bahia\/#breadcrumb","itemListElement":[{"@type":"ListItem","position":1,"name":"In\u00edcio","item":"https:\/\/compartilhabahia.com.br\/"},{"@type":"ListItem","position":2,"name":"Est\u00e1dio municipal de Cama\u00e7ari ser\u00e1 reformado e pode ser passado ao E. C. Bahia"}]},{"@type":"WebSite","@id":"https:\/\/compartilhabahia.com.br\/#website","url":"https:\/\/compartilhabahia.com.br\/","name":"Compartilha Bahia","description":"","publisher":{"@id":"https:\/\/compartilhabahia.com.br\/#organization"},"potentialAction":[{"@type":"SearchAction","target":{"@type":"EntryPoint","urlTemplate":"https:\/\/compartilhabahia.com.br\/?s={search_term_string}"},"query-input":"required name=search_term_string"}],"inLanguage":"pt-BR"},{"@type":"Organization","@id":"https:\/\/compartilhabahia.com.br\/#organization","name":"Compartilha Bahia","url":"https:\/\/compartilhabahia.com.br\/","logo":{"@type":"ImageObject","inLanguage":"pt-BR","@id":"https:\/\/compartilhabahia.com.br\/#\/schema\/logo\/image\/","url":"https:\/\/compartilhabahia.com.br\/wp-content\/uploads\/2023\/12\/cropped-logo.png","contentUrl":"https:\/\/compartilhabahia.com.br\/wp-content\/uploads\/2023\/12\/cropped-logo.png","width":300,"height":106,"caption":"Compartilha Bahia"},"image":{"@id":"https:\/\/compartilhabahia.com.br\/#\/schema\/logo\/image\/"},"sameAs":["https:\/\/web.facebook.com\/compartilhabahia","https:\/\/www.instagram.com\/compartilhabahia\/"]},{"@type":"Person","@id":"https:\/\/compartilhabahia.com.br\/#\/schema\/person\/9b4f0c3178793b8248d6686732521c04","name":"admin","image":{"@type":"ImageObject","inLanguage":"pt-BR","@id":"https:\/\/compartilhabahia.com.br\/#\/schema\/person\/image\/","url":"https:\/\/secure.gravatar.com\/avatar\/9600df58751c5acbe914c538c03390ef649ea088cb65f84ba09c7ce66988eed6?s=96&d=mm&r=g","contentUrl":"https:\/\/secure.gravatar.com\/avatar\/9600df58751c5acbe914c538c03390ef649ea088cb65f84ba09c7ce66988eed6?s=96&d=mm&r=g","caption":"admin"},"sameAs":["https:\/\/compartilhabahia.com.br"],"url":"https:\/\/compartilhabahia.com.br\/index.php\/author\/compartilhabahia\/"}]}},"_links":{"self":[{"href":"https:\/\/compartilhabahia.com.br\/index.php\/wp-json\/wp\/v2\/posts\/5474","targetHints":{"allow":["GET"]}}],"collection":[{"href":"https:\/\/compartilhabahia.com.br\/index.php\/wp-json\/wp\/v2\/posts"}],"about":[{"href":"https:\/\/compartilhabahia.com.br\/index.php\/wp-json\/wp\/v2\/types\/post"}],"author":[{"embeddable":true,"href":"https:\/\/compartilhabahia.com.br\/index.php\/wp-json\/wp\/v2\/users\/1"}],"replies":[{"embeddable":true,"href":"https:\/\/compartilhabahia.com.br\/index.php\/wp-json\/wp\/v2\/comments?post=5474"}],"version-history":[{"count":3,"href":"https:\/\/compartilhabahia.com.br\/index.php\/wp-json\/wp\/v2\/posts\/5474\/revisions"}],"predecessor-version":[{"id":5480,"href":"https:\/\/compartilhabahia.com.br\/index.php\/wp-json\/wp\/v2\/posts\/5474\/revisions\/5480"}],"wp:featuredmedia":[{"embeddable":true,"href":"https:\/\/compartilhabahia.com.br\/index.php\/wp-json\/wp\/v2\/media\/5344"}],"wp:attachment":[{"href":"https:\/\/compartilhabahia.com.br\/index.php\/wp-json\/wp\/v2\/media?parent=5474"}],"wp:term":[{"taxonomy":"category","embeddable":true,"href":"https:\/\/compartilhabahia.com.br\/index.php\/wp-json\/wp\/v2\/categories?post=5474"},{"taxonomy":"post_tag","embeddable":true,"href":"https:\/\/compartilhabahia.com.br\/index.php\/wp-json\/wp\/v2\/tags?post=5474"}],"curies":[{"name":"wp","href":"https:\/\/api.w.org\/{rel}","templated":true}]}}