{"id":5441,"date":"2025-02-21T23:11:01","date_gmt":"2025-02-21T23:11:01","guid":{"rendered":"https:\/\/compartilhabahia.com.br\/?p=5441"},"modified":"2025-02-21T23:11:02","modified_gmt":"2025-02-21T23:11:02","slug":"com-projeto-aprovado-transporte-coletivo-de-camacari-tem-tudo-pra-dar-certo","status":"publish","type":"post","link":"https:\/\/compartilhabahia.com.br\/index.php\/2025\/02\/21\/com-projeto-aprovado-transporte-coletivo-de-camacari-tem-tudo-pra-dar-certo\/","title":{"rendered":"Com projeto aprovado Transporte Coletivo de Cama\u00e7ari tem tudo pra dar certo"},"content":{"rendered":"\n<p><strong>De autoria do Executivo, projetos sobre&nbsp;transporte s\u00e3o aprovados na C\u00e2mara<\/strong><\/p>\n\n\n\n<p>Fruto do compromisso assumido pela Prefeitura de Cama\u00e7ari para solucionar a quest\u00e3o do transporte p\u00fablico municipal, os projetos de lei (PL)&nbsp;n.<sup>os<\/sup><sup>&nbsp;<\/sup>1.175 e 1.177\/2025, de autoria do Poder Executivo,&nbsp;foram aprovados por unanimidade, em dois turnos, nesta sexta-feira (21), durante sess\u00f5es extraordin\u00e1rias na C\u00e2mara Municipal de Vereadores.<\/p>\n\n\n\n<p>O primeiro PL autoriza o repasse financeiro do Tesouro Municipal e a concess\u00e3o de subs\u00eddio tarif\u00e1rio mensal ao transporte p\u00fablico coletivo. J\u00e1 o segundo, abre ao Or\u00e7amento Fiscal do Munic\u00edpio cr\u00e9dito adicional especial at\u00e9 o valor de aproximadamente&nbsp;R$ 40,7 milh\u00f5es para ser utilizado na implanta\u00e7\u00e3o do sistema de transporte.<\/p>\n\n\n\n<p><a><\/a>Ambos os&nbsp;projetos receberam emendas,&nbsp;respectivamente,&nbsp;das&nbsp;comiss\u00f5es&nbsp;de Finan\u00e7as e Or\u00e7amento e de&nbsp;Constitui\u00e7\u00e3o e Justi\u00e7a&nbsp;da Casa Legislativa.&nbsp;Ap\u00f3s a aprova\u00e7\u00e3o, os projetos retornam ao Executivo municipal para san\u00e7\u00e3o&nbsp;do prefeito.<\/p>\n\n\n\n<p>Em janeiro, durante reuni\u00e3o entre representantes da&nbsp;prefeitura&nbsp;e do Minist\u00e9rio P\u00fablico da Bahia (MP-BA), foi feita uma estimativa de que 45 ve\u00edculos passem a rodar na cidade, percorrendo 27 linhas entre a sede e a orla do munic\u00edpio.<\/p>\n\n\n\n<p>Inicialmente, a opera\u00e7\u00e3o, de car\u00e1ter emergencial, dever\u00e1 atuar por seis meses, podendo se estender por mais seis, at\u00e9 que sejam desenvolvidos pelo Executivo municipal estudos t\u00e9cnicos e de demanda mais aprofundados para fazer a concess\u00e3o do servi\u00e7o.<\/p>\n","protected":false},"excerpt":{"rendered":"<p>De autoria do Executivo, projetos sobre&nbsp;transporte s\u00e3o aprovados na C\u00e2mara Fruto do compromisso assumido pela Prefeitura de Cama\u00e7ari para solucionar a quest\u00e3o do transporte p\u00fablico municipal, os projetos de lei (PL)&nbsp;n.os&nbsp;1.175 e 1.177\/2025, de autoria do Poder Executivo,&nbsp;foram aprovados por unanimidade, em dois turnos, nesta sexta-feira (21), durante sess\u00f5es extraordin\u00e1rias na C\u00e2mara Municipal de Vereadores. [&hellip;]<\/p>\n","protected":false},"author":1,"featured_media":5114,"comment_status":"open","ping_status":"open","sticky":false,"template":"","format":"standard","meta":{"footnotes":""},"categories":[8],"tags":[],"class_list":["post-5441","post","type-post","status-publish","format-standard","has-post-thumbnail","hentry","category-camacari"],"yoast_head":"<!-- This site is optimized with the Yoast SEO plugin v21.7 - https:\/\/yoast.com\/wordpress\/plugins\/seo\/ -->\n<title>Com projeto aprovado Transporte Coletivo de Cama\u00e7ari tem tudo pra dar certo - Compartilha Bahia<\/title>\n<meta name=\"robots\" content=\"index, follow, max-snippet:-1, max-image-preview:large, max-video-preview:-1\" \/>\n<link rel=\"canonical\" href=\"https:\/\/compartilhabahia.com.br\/index.php\/2025\/02\/21\/com-projeto-aprovado-transporte-coletivo-de-camacari-tem-tudo-pra-dar-certo\/\" \/>\n<meta property=\"og:locale\" content=\"pt_BR\" \/>\n<meta property=\"og:type\" content=\"article\" \/>\n<meta property=\"og:title\" content=\"Com projeto aprovado Transporte Coletivo de Cama\u00e7ari tem tudo pra dar certo - Compartilha Bahia\" \/>\n<meta property=\"og:description\" content=\"De autoria do Executivo, projetos sobre&nbsp;transporte s\u00e3o aprovados na C\u00e2mara Fruto do compromisso assumido pela Prefeitura de Cama\u00e7ari para solucionar a quest\u00e3o do transporte p\u00fablico municipal, os projetos de lei (PL)&nbsp;n.os&nbsp;1.175 e 1.177\/2025, de autoria do Poder Executivo,&nbsp;foram aprovados por unanimidade, em dois turnos, nesta sexta-feira (21), durante sess\u00f5es extraordin\u00e1rias na C\u00e2mara Municipal de Vereadores. [&hellip;]\" \/>\n<meta property=\"og:url\" content=\"https:\/\/compartilhabahia.com.br\/index.php\/2025\/02\/21\/com-projeto-aprovado-transporte-coletivo-de-camacari-tem-tudo-pra-dar-certo\/\" \/>\n<meta property=\"og:site_name\" content=\"Compartilha Bahia\" \/>\n<meta property=\"article:publisher\" content=\"https:\/\/web.facebook.com\/compartilhabahia\" \/>\n<meta property=\"article:published_time\" content=\"2025-02-21T23:11:01+00:00\" \/>\n<meta property=\"article:modified_time\" content=\"2025-02-21T23:11:02+00:00\" \/>\n<meta property=\"og:image\" content=\"https:\/\/compartilhabahia.com.br\/wp-content\/uploads\/2025\/01\/upanova2-1.jpg\" \/>\n\t<meta property=\"og:image:width\" content=\"958\" \/>\n\t<meta property=\"og:image:height\" content=\"564\" \/>\n\t<meta property=\"og:image:type\" content=\"image\/jpeg\" \/>\n<meta name=\"author\" content=\"admin\" \/>\n<meta name=\"twitter:card\" content=\"summary_large_image\" \/>\n<meta name=\"twitter:label1\" content=\"Escrito por\" \/>\n\t<meta name=\"twitter:data1\" content=\"admin\" \/>\n\t<meta name=\"twitter:label2\" content=\"Est. tempo de leitura\" \/>\n\t<meta name=\"twitter:data2\" content=\"2 minutos\" \/>\n<script type=\"application\/ld+json\" class=\"yoast-schema-graph\">{\"@context\":\"https:\/\/schema.org\",\"@graph\":[{\"@type\":\"Article\",\"@id\":\"https:\/\/compartilhabahia.com.br\/index.php\/2025\/02\/21\/com-projeto-aprovado-transporte-coletivo-de-camacari-tem-tudo-pra-dar-certo\/#article\",\"isPartOf\":{\"@id\":\"https:\/\/compartilhabahia.com.br\/index.php\/2025\/02\/21\/com-projeto-aprovado-transporte-coletivo-de-camacari-tem-tudo-pra-dar-certo\/\"},\"author\":{\"name\":\"admin\",\"@id\":\"https:\/\/compartilhabahia.com.br\/#\/schema\/person\/9b4f0c3178793b8248d6686732521c04\"},\"headline\":\"Com projeto aprovado Transporte Coletivo de Cama\u00e7ari tem tudo pra dar certo\",\"datePublished\":\"2025-02-21T23:11:01+00:00\",\"dateModified\":\"2025-02-21T23:11:02+00:00\",\"mainEntityOfPage\":{\"@id\":\"https:\/\/compartilhabahia.com.br\/index.php\/2025\/02\/21\/com-projeto-aprovado-transporte-coletivo-de-camacari-tem-tudo-pra-dar-certo\/\"},\"wordCount\":277,\"commentCount\":0,\"publisher\":{\"@id\":\"https:\/\/compartilhabahia.com.br\/#organization\"},\"articleSection\":[\"Cama\u00e7ari\"],\"inLanguage\":\"pt-BR\",\"potentialAction\":[{\"@type\":\"CommentAction\",\"name\":\"Comment\",\"target\":[\"https:\/\/compartilhabahia.com.br\/index.php\/2025\/02\/21\/com-projeto-aprovado-transporte-coletivo-de-camacari-tem-tudo-pra-dar-certo\/#respond\"]}]},{\"@type\":\"WebPage\",\"@id\":\"https:\/\/compartilhabahia.com.br\/index.php\/2025\/02\/21\/com-projeto-aprovado-transporte-coletivo-de-camacari-tem-tudo-pra-dar-certo\/\",\"url\":\"https:\/\/compartilhabahia.com.br\/index.php\/2025\/02\/21\/com-projeto-aprovado-transporte-coletivo-de-camacari-tem-tudo-pra-dar-certo\/\",\"name\":\"Com projeto aprovado Transporte Coletivo de Cama\u00e7ari tem tudo pra dar certo - Compartilha Bahia\",\"isPartOf\":{\"@id\":\"https:\/\/compartilhabahia.com.br\/#website\"},\"datePublished\":\"2025-02-21T23:11:01+00:00\",\"dateModified\":\"2025-02-21T23:11:02+00:00\",\"breadcrumb\":{\"@id\":\"https:\/\/compartilhabahia.com.br\/index.php\/2025\/02\/21\/com-projeto-aprovado-transporte-coletivo-de-camacari-tem-tudo-pra-dar-certo\/#breadcrumb\"},\"inLanguage\":\"pt-BR\",\"potentialAction\":[{\"@type\":\"ReadAction\",\"target\":[\"https:\/\/compartilhabahia.com.br\/index.php\/2025\/02\/21\/com-projeto-aprovado-transporte-coletivo-de-camacari-tem-tudo-pra-dar-certo\/\"]}]},{\"@type\":\"BreadcrumbList\",\"@id\":\"https:\/\/compartilhabahia.com.br\/index.php\/2025\/02\/21\/com-projeto-aprovado-transporte-coletivo-de-camacari-tem-tudo-pra-dar-certo\/#breadcrumb\",\"itemListElement\":[{\"@type\":\"ListItem\",\"position\":1,\"name\":\"In\u00edcio\",\"item\":\"https:\/\/compartilhabahia.com.br\/\"},{\"@type\":\"ListItem\",\"position\":2,\"name\":\"Com projeto aprovado Transporte Coletivo de Cama\u00e7ari tem tudo pra dar certo\"}]},{\"@type\":\"WebSite\",\"@id\":\"https:\/\/compartilhabahia.com.br\/#website\",\"url\":\"https:\/\/compartilhabahia.com.br\/\",\"name\":\"Compartilha Bahia\",\"description\":\"\",\"publisher\":{\"@id\":\"https:\/\/compartilhabahia.com.br\/#organization\"},\"potentialAction\":[{\"@type\":\"SearchAction\",\"target\":{\"@type\":\"EntryPoint\",\"urlTemplate\":\"https:\/\/compartilhabahia.com.br\/?s={search_term_string}\"},\"query-input\":\"required name=search_term_string\"}],\"inLanguage\":\"pt-BR\"},{\"@type\":\"Organization\",\"@id\":\"https:\/\/compartilhabahia.com.br\/#organization\",\"name\":\"Compartilha Bahia\",\"url\":\"https:\/\/compartilhabahia.com.br\/\",\"logo\":{\"@type\":\"ImageObject\",\"inLanguage\":\"pt-BR\",\"@id\":\"https:\/\/compartilhabahia.com.br\/#\/schema\/logo\/image\/\",\"url\":\"https:\/\/compartilhabahia.com.br\/wp-content\/uploads\/2023\/12\/cropped-logo.png\",\"contentUrl\":\"https:\/\/compartilhabahia.com.br\/wp-content\/uploads\/2023\/12\/cropped-logo.png\",\"width\":300,\"height\":106,\"caption\":\"Compartilha Bahia\"},\"image\":{\"@id\":\"https:\/\/compartilhabahia.com.br\/#\/schema\/logo\/image\/\"},\"sameAs\":[\"https:\/\/web.facebook.com\/compartilhabahia\",\"https:\/\/www.instagram.com\/compartilhabahia\/\"]},{\"@type\":\"Person\",\"@id\":\"https:\/\/compartilhabahia.com.br\/#\/schema\/person\/9b4f0c3178793b8248d6686732521c04\",\"name\":\"admin\",\"image\":{\"@type\":\"ImageObject\",\"inLanguage\":\"pt-BR\",\"@id\":\"https:\/\/compartilhabahia.com.br\/#\/schema\/person\/image\/\",\"url\":\"https:\/\/secure.gravatar.com\/avatar\/9600df58751c5acbe914c538c03390ef649ea088cb65f84ba09c7ce66988eed6?s=96&d=mm&r=g\",\"contentUrl\":\"https:\/\/secure.gravatar.com\/avatar\/9600df58751c5acbe914c538c03390ef649ea088cb65f84ba09c7ce66988eed6?s=96&d=mm&r=g\",\"caption\":\"admin\"},\"sameAs\":[\"https:\/\/compartilhabahia.com.br\"],\"url\":\"https:\/\/compartilhabahia.com.br\/index.php\/author\/compartilhabahia\/\"}]}<\/script>\n<!-- \/ Yoast SEO plugin. -->","yoast_head_json":{"title":"Com projeto aprovado Transporte Coletivo de Cama\u00e7ari tem tudo pra dar certo - Compartilha Bahia","robots":{"index":"index","follow":"follow","max-snippet":"max-snippet:-1","max-image-preview":"max-image-preview:large","max-video-preview":"max-video-preview:-1"},"canonical":"https:\/\/compartilhabahia.com.br\/index.php\/2025\/02\/21\/com-projeto-aprovado-transporte-coletivo-de-camacari-tem-tudo-pra-dar-certo\/","og_locale":"pt_BR","og_type":"article","og_title":"Com projeto aprovado Transporte Coletivo de Cama\u00e7ari tem tudo pra dar certo - Compartilha Bahia","og_description":"De autoria do Executivo, projetos sobre&nbsp;transporte s\u00e3o aprovados na C\u00e2mara Fruto do compromisso assumido pela Prefeitura de Cama\u00e7ari para solucionar a quest\u00e3o do transporte p\u00fablico municipal, os projetos de lei (PL)&nbsp;n.os&nbsp;1.175 e 1.177\/2025, de autoria do Poder Executivo,&nbsp;foram aprovados por unanimidade, em dois turnos, nesta sexta-feira (21), durante sess\u00f5es extraordin\u00e1rias na C\u00e2mara Municipal de Vereadores. [&hellip;]","og_url":"https:\/\/compartilhabahia.com.br\/index.php\/2025\/02\/21\/com-projeto-aprovado-transporte-coletivo-de-camacari-tem-tudo-pra-dar-certo\/","og_site_name":"Compartilha Bahia","article_publisher":"https:\/\/web.facebook.com\/compartilhabahia","article_published_time":"2025-02-21T23:11:01+00:00","article_modified_time":"2025-02-21T23:11:02+00:00","og_image":[{"width":958,"height":564,"url":"https:\/\/compartilhabahia.com.br\/wp-content\/uploads\/2025\/01\/upanova2-1.jpg","type":"image\/jpeg"}],"author":"admin","twitter_card":"summary_large_image","twitter_misc":{"Escrito por":"admin","Est. tempo de leitura":"2 minutos"},"schema":{"@context":"https:\/\/schema.org","@graph":[{"@type":"Article","@id":"https:\/\/compartilhabahia.com.br\/index.php\/2025\/02\/21\/com-projeto-aprovado-transporte-coletivo-de-camacari-tem-tudo-pra-dar-certo\/#article","isPartOf":{"@id":"https:\/\/compartilhabahia.com.br\/index.php\/2025\/02\/21\/com-projeto-aprovado-transporte-coletivo-de-camacari-tem-tudo-pra-dar-certo\/"},"author":{"name":"admin","@id":"https:\/\/compartilhabahia.com.br\/#\/schema\/person\/9b4f0c3178793b8248d6686732521c04"},"headline":"Com projeto aprovado Transporte Coletivo de Cama\u00e7ari tem tudo pra dar certo","datePublished":"2025-02-21T23:11:01+00:00","dateModified":"2025-02-21T23:11:02+00:00","mainEntityOfPage":{"@id":"https:\/\/compartilhabahia.com.br\/index.php\/2025\/02\/21\/com-projeto-aprovado-transporte-coletivo-de-camacari-tem-tudo-pra-dar-certo\/"},"wordCount":277,"commentCount":0,"publisher":{"@id":"https:\/\/compartilhabahia.com.br\/#organization"},"articleSection":["Cama\u00e7ari"],"inLanguage":"pt-BR","potentialAction":[{"@type":"CommentAction","name":"Comment","target":["https:\/\/compartilhabahia.com.br\/index.php\/2025\/02\/21\/com-projeto-aprovado-transporte-coletivo-de-camacari-tem-tudo-pra-dar-certo\/#respond"]}]},{"@type":"WebPage","@id":"https:\/\/compartilhabahia.com.br\/index.php\/2025\/02\/21\/com-projeto-aprovado-transporte-coletivo-de-camacari-tem-tudo-pra-dar-certo\/","url":"https:\/\/compartilhabahia.com.br\/index.php\/2025\/02\/21\/com-projeto-aprovado-transporte-coletivo-de-camacari-tem-tudo-pra-dar-certo\/","name":"Com projeto aprovado Transporte Coletivo de Cama\u00e7ari tem tudo pra dar certo - Compartilha Bahia","isPartOf":{"@id":"https:\/\/compartilhabahia.com.br\/#website"},"datePublished":"2025-02-21T23:11:01+00:00","dateModified":"2025-02-21T23:11:02+00:00","breadcrumb":{"@id":"https:\/\/compartilhabahia.com.br\/index.php\/2025\/02\/21\/com-projeto-aprovado-transporte-coletivo-de-camacari-tem-tudo-pra-dar-certo\/#breadcrumb"},"inLanguage":"pt-BR","potentialAction":[{"@type":"ReadAction","target":["https:\/\/compartilhabahia.com.br\/index.php\/2025\/02\/21\/com-projeto-aprovado-transporte-coletivo-de-camacari-tem-tudo-pra-dar-certo\/"]}]},{"@type":"BreadcrumbList","@id":"https:\/\/compartilhabahia.com.br\/index.php\/2025\/02\/21\/com-projeto-aprovado-transporte-coletivo-de-camacari-tem-tudo-pra-dar-certo\/#breadcrumb","itemListElement":[{"@type":"ListItem","position":1,"name":"In\u00edcio","item":"https:\/\/compartilhabahia.com.br\/"},{"@type":"ListItem","position":2,"name":"Com projeto aprovado Transporte Coletivo de Cama\u00e7ari tem tudo pra dar certo"}]},{"@type":"WebSite","@id":"https:\/\/compartilhabahia.com.br\/#website","url":"https:\/\/compartilhabahia.com.br\/","name":"Compartilha Bahia","description":"","publisher":{"@id":"https:\/\/compartilhabahia.com.br\/#organization"},"potentialAction":[{"@type":"SearchAction","target":{"@type":"EntryPoint","urlTemplate":"https:\/\/compartilhabahia.com.br\/?s={search_term_string}"},"query-input":"required name=search_term_string"}],"inLanguage":"pt-BR"},{"@type":"Organization","@id":"https:\/\/compartilhabahia.com.br\/#organization","name":"Compartilha Bahia","url":"https:\/\/compartilhabahia.com.br\/","logo":{"@type":"ImageObject","inLanguage":"pt-BR","@id":"https:\/\/compartilhabahia.com.br\/#\/schema\/logo\/image\/","url":"https:\/\/compartilhabahia.com.br\/wp-content\/uploads\/2023\/12\/cropped-logo.png","contentUrl":"https:\/\/compartilhabahia.com.br\/wp-content\/uploads\/2023\/12\/cropped-logo.png","width":300,"height":106,"caption":"Compartilha Bahia"},"image":{"@id":"https:\/\/compartilhabahia.com.br\/#\/schema\/logo\/image\/"},"sameAs":["https:\/\/web.facebook.com\/compartilhabahia","https:\/\/www.instagram.com\/compartilhabahia\/"]},{"@type":"Person","@id":"https:\/\/compartilhabahia.com.br\/#\/schema\/person\/9b4f0c3178793b8248d6686732521c04","name":"admin","image":{"@type":"ImageObject","inLanguage":"pt-BR","@id":"https:\/\/compartilhabahia.com.br\/#\/schema\/person\/image\/","url":"https:\/\/secure.gravatar.com\/avatar\/9600df58751c5acbe914c538c03390ef649ea088cb65f84ba09c7ce66988eed6?s=96&d=mm&r=g","contentUrl":"https:\/\/secure.gravatar.com\/avatar\/9600df58751c5acbe914c538c03390ef649ea088cb65f84ba09c7ce66988eed6?s=96&d=mm&r=g","caption":"admin"},"sameAs":["https:\/\/compartilhabahia.com.br"],"url":"https:\/\/compartilhabahia.com.br\/index.php\/author\/compartilhabahia\/"}]}},"_links":{"self":[{"href":"https:\/\/compartilhabahia.com.br\/index.php\/wp-json\/wp\/v2\/posts\/5441","targetHints":{"allow":["GET"]}}],"collection":[{"href":"https:\/\/compartilhabahia.com.br\/index.php\/wp-json\/wp\/v2\/posts"}],"about":[{"href":"https:\/\/compartilhabahia.com.br\/index.php\/wp-json\/wp\/v2\/types\/post"}],"author":[{"embeddable":true,"href":"https:\/\/compartilhabahia.com.br\/index.php\/wp-json\/wp\/v2\/users\/1"}],"replies":[{"embeddable":true,"href":"https:\/\/compartilhabahia.com.br\/index.php\/wp-json\/wp\/v2\/comments?post=5441"}],"version-history":[{"count":1,"href":"https:\/\/compartilhabahia.com.br\/index.php\/wp-json\/wp\/v2\/posts\/5441\/revisions"}],"predecessor-version":[{"id":5442,"href":"https:\/\/compartilhabahia.com.br\/index.php\/wp-json\/wp\/v2\/posts\/5441\/revisions\/5442"}],"wp:featuredmedia":[{"embeddable":true,"href":"https:\/\/compartilhabahia.com.br\/index.php\/wp-json\/wp\/v2\/media\/5114"}],"wp:attachment":[{"href":"https:\/\/compartilhabahia.com.br\/index.php\/wp-json\/wp\/v2\/media?parent=5441"}],"wp:term":[{"taxonomy":"category","embeddable":true,"href":"https:\/\/compartilhabahia.com.br\/index.php\/wp-json\/wp\/v2\/categories?post=5441"},{"taxonomy":"post_tag","embeddable":true,"href":"https:\/\/compartilhabahia.com.br\/index.php\/wp-json\/wp\/v2\/tags?post=5441"}],"curies":[{"name":"wp","href":"https:\/\/api.w.org\/{rel}","templated":true}]}}