{"id":537,"date":"2024-01-10T00:24:22","date_gmt":"2024-01-10T00:24:22","guid":{"rendered":"https:\/\/compartilhabahia.com.br\/?p=537"},"modified":"2024-01-10T00:30:45","modified_gmt":"2024-01-10T00:30:45","slug":"homem-morre-na-upa-glebaa-lotada-e-com-com-enfermeiros-sobrecarregados","status":"publish","type":"post","link":"https:\/\/compartilhabahia.com.br\/index.php\/2024\/01\/10\/homem-morre-na-upa-glebaa-lotada-e-com-com-enfermeiros-sobrecarregados\/","title":{"rendered":"Homem morre na UPA\/GlebaA &#8211; lotada e com com enfermeiros sobrecarregados"},"content":{"rendered":"\n<p><\/p>\n\n\n\n<p>Em um v\u00eddeo que circula na internet \u00e9 poss\u00edvel perceber que tentaram socorrer um homem na UPA da Gleba A, inclusive realizando no ch\u00e3o da recep\u00e7\u00e3o da unidade, por uma agente do SAMU a manobra de reanima\u00e7\u00e3o card\u00edaca, na tarde desta ter\u00e7a-feira (09\/01\/24), por\u00e9m, sem sucesso, pois segundo informa\u00e7\u00f5es a v\u00edtima evoluiu para \u00f3bito.<\/p>\n\n\n\n<p>Uma servidora da sa\u00fade municipal que observou o v\u00eddeo, a pedido do site Compartilha Bahia, disse que chega ser revoltante, pois ela sabe que no in\u00edcio do ano, crescer\u00e1 a procura por essa \u00fanica e insuficiente UPA, que atende a popula\u00e7\u00e3o do distrito sede de Cama\u00e7ari. O que j\u00e1 estava um caos, caminhar\u00e1 para uma situa\u00e7\u00e3o catastr\u00f3fica. Depois das festas a tendencia \u00e9 piorar com doen\u00e7as respirat\u00f3rias, mas a SESAU n\u00e3o monta uma estrat\u00e9gia para evitar as mortes.<\/p>\n\n\n\n<p>Outra servidora chama os titulares da Secretaria de Sa\u00fade no Munic\u00edpio de hip\u00f3critas, que enchem a boca para dizer que a situa\u00e7\u00e3o est\u00e1 \u201ctoda linda\u201d.<\/p>\n\n\n\n<p><\/p>\n\n\n\n<p>Para piorar a situa\u00e7\u00e3o, os profissionais de enfermagem acabam pagando um alto pre\u00e7o por isso, pois os pacientes e familiares j\u00e1 chegam na porta da UPA agredindo com palavras de baixo cal\u00e3o. Cada dia que passa, \u00e9 mais dif\u00edcil trabalhar na Gleba A.<\/p>\n\n\n\n<p>Nem mesmo a remunera\u00e7\u00e3o do Piso Nacional que os funcion\u00e1rios de enfermagem tem direito eles n\u00e3o recebem, pois mesmo com o governo federal mandando os valores retroativos, a prefeitura n\u00e3o repassa aos servidores.<\/p>\n\n\n\n<p>Eles, os servidores da sa\u00fade, sofrem sobrecarga de trabalho, estresse, agress\u00f5es todos os dias, e v\u00e1rios profissionais est\u00e3o desenvolvendo a S\u00edndrome de Burnout, transtornos psicol\u00f3gicos, revelando uma dura realidade de trabalho.<\/p>\n\n\n\n<p><\/p>\n\n\n\n<p>\u201cGrandes verdades, somos cobrados todos os dias, pela popula\u00e7\u00e3o que \u00e9 enganada em todas as m\u00eddias sociais pela prefeitura, que n\u00e3o d\u00e1 conta da\u00a0regula\u00e7\u00e3o, da fila zero, das farm\u00e1cias do SUS no munic\u00edpio&#8230; e diz que est\u00e1 tudo bem. Pura mentira. As pessoas n\u00e3o cobram deles. Cobram dos funcion\u00e1rios,\u00a0que vivem de milagres. Todos os dias um funcion\u00e1rio faz um milagre, seja na UBS, PSF, PA ,UPA. Mas faz o milagre, porque a condi\u00e7\u00e3o de trabalho n\u00e3o temos\u201d\u00a0<\/p>\n","protected":false},"excerpt":{"rendered":"<p>Em um v\u00eddeo que circula na internet \u00e9 poss\u00edvel perceber que tentaram socorrer um homem na UPA da Gleba A, inclusive realizando no ch\u00e3o da recep\u00e7\u00e3o da unidade, por uma agente do SAMU a manobra de reanima\u00e7\u00e3o card\u00edaca, na tarde desta ter\u00e7a-feira (09\/01\/24), por\u00e9m, sem sucesso, pois segundo informa\u00e7\u00f5es a v\u00edtima evoluiu para \u00f3bito. Uma [&hellip;]<\/p>\n","protected":false},"author":1,"featured_media":538,"comment_status":"open","ping_status":"open","sticky":false,"template":"","format":"standard","meta":{"footnotes":""},"categories":[8],"tags":[],"class_list":["post-537","post","type-post","status-publish","format-standard","has-post-thumbnail","hentry","category-camacari"],"yoast_head":"<!-- This site is optimized with the Yoast SEO plugin v21.7 - https:\/\/yoast.com\/wordpress\/plugins\/seo\/ -->\n<title>Homem morre na UPA\/GlebaA - lotada e com com enfermeiros sobrecarregados - Compartilha Bahia<\/title>\n<meta name=\"robots\" content=\"index, follow, max-snippet:-1, max-image-preview:large, max-video-preview:-1\" \/>\n<link rel=\"canonical\" href=\"https:\/\/compartilhabahia.com.br\/index.php\/2024\/01\/10\/homem-morre-na-upa-glebaa-lotada-e-com-com-enfermeiros-sobrecarregados\/\" \/>\n<meta property=\"og:locale\" content=\"pt_BR\" \/>\n<meta property=\"og:type\" content=\"article\" \/>\n<meta property=\"og:title\" content=\"Homem morre na UPA\/GlebaA - lotada e com com enfermeiros sobrecarregados - Compartilha Bahia\" \/>\n<meta property=\"og:description\" content=\"Em um v\u00eddeo que circula na internet \u00e9 poss\u00edvel perceber que tentaram socorrer um homem na UPA da Gleba A, inclusive realizando no ch\u00e3o da recep\u00e7\u00e3o da unidade, por uma agente do SAMU a manobra de reanima\u00e7\u00e3o card\u00edaca, na tarde desta ter\u00e7a-feira (09\/01\/24), por\u00e9m, sem sucesso, pois segundo informa\u00e7\u00f5es a v\u00edtima evoluiu para \u00f3bito. Uma [&hellip;]\" \/>\n<meta property=\"og:url\" content=\"https:\/\/compartilhabahia.com.br\/index.php\/2024\/01\/10\/homem-morre-na-upa-glebaa-lotada-e-com-com-enfermeiros-sobrecarregados\/\" \/>\n<meta property=\"og:site_name\" content=\"Compartilha Bahia\" \/>\n<meta property=\"article:publisher\" content=\"https:\/\/web.facebook.com\/compartilhabahia\" \/>\n<meta property=\"article:published_time\" content=\"2024-01-10T00:24:22+00:00\" \/>\n<meta property=\"article:modified_time\" content=\"2024-01-10T00:30:45+00:00\" \/>\n<meta property=\"og:image\" content=\"https:\/\/compartilhabahia.com.br\/wp-content\/uploads\/2024\/01\/socorro.jpg\" \/>\n\t<meta property=\"og:image:width\" content=\"996\" \/>\n\t<meta property=\"og:image:height\" content=\"557\" \/>\n\t<meta property=\"og:image:type\" content=\"image\/jpeg\" \/>\n<meta name=\"author\" content=\"admin\" \/>\n<meta name=\"twitter:card\" content=\"summary_large_image\" \/>\n<meta name=\"twitter:label1\" content=\"Escrito por\" \/>\n\t<meta name=\"twitter:data1\" content=\"admin\" \/>\n\t<meta name=\"twitter:label2\" content=\"Est. tempo de leitura\" \/>\n\t<meta name=\"twitter:data2\" content=\"3 minutos\" \/>\n<script type=\"application\/ld+json\" class=\"yoast-schema-graph\">{\"@context\":\"https:\/\/schema.org\",\"@graph\":[{\"@type\":\"Article\",\"@id\":\"https:\/\/compartilhabahia.com.br\/index.php\/2024\/01\/10\/homem-morre-na-upa-glebaa-lotada-e-com-com-enfermeiros-sobrecarregados\/#article\",\"isPartOf\":{\"@id\":\"https:\/\/compartilhabahia.com.br\/index.php\/2024\/01\/10\/homem-morre-na-upa-glebaa-lotada-e-com-com-enfermeiros-sobrecarregados\/\"},\"author\":{\"name\":\"admin\",\"@id\":\"https:\/\/compartilhabahia.com.br\/#\/schema\/person\/9b4f0c3178793b8248d6686732521c04\"},\"headline\":\"Homem morre na UPA\/GlebaA &#8211; lotada e com com enfermeiros sobrecarregados\",\"datePublished\":\"2024-01-10T00:24:22+00:00\",\"dateModified\":\"2024-01-10T00:30:45+00:00\",\"mainEntityOfPage\":{\"@id\":\"https:\/\/compartilhabahia.com.br\/index.php\/2024\/01\/10\/homem-morre-na-upa-glebaa-lotada-e-com-com-enfermeiros-sobrecarregados\/\"},\"wordCount\":400,\"commentCount\":0,\"publisher\":{\"@id\":\"https:\/\/compartilhabahia.com.br\/#organization\"},\"articleSection\":[\"Cama\u00e7ari\"],\"inLanguage\":\"pt-BR\",\"potentialAction\":[{\"@type\":\"CommentAction\",\"name\":\"Comment\",\"target\":[\"https:\/\/compartilhabahia.com.br\/index.php\/2024\/01\/10\/homem-morre-na-upa-glebaa-lotada-e-com-com-enfermeiros-sobrecarregados\/#respond\"]}]},{\"@type\":\"WebPage\",\"@id\":\"https:\/\/compartilhabahia.com.br\/index.php\/2024\/01\/10\/homem-morre-na-upa-glebaa-lotada-e-com-com-enfermeiros-sobrecarregados\/\",\"url\":\"https:\/\/compartilhabahia.com.br\/index.php\/2024\/01\/10\/homem-morre-na-upa-glebaa-lotada-e-com-com-enfermeiros-sobrecarregados\/\",\"name\":\"Homem morre na UPA\/GlebaA - lotada e com com enfermeiros sobrecarregados - Compartilha Bahia\",\"isPartOf\":{\"@id\":\"https:\/\/compartilhabahia.com.br\/#website\"},\"datePublished\":\"2024-01-10T00:24:22+00:00\",\"dateModified\":\"2024-01-10T00:30:45+00:00\",\"breadcrumb\":{\"@id\":\"https:\/\/compartilhabahia.com.br\/index.php\/2024\/01\/10\/homem-morre-na-upa-glebaa-lotada-e-com-com-enfermeiros-sobrecarregados\/#breadcrumb\"},\"inLanguage\":\"pt-BR\",\"potentialAction\":[{\"@type\":\"ReadAction\",\"target\":[\"https:\/\/compartilhabahia.com.br\/index.php\/2024\/01\/10\/homem-morre-na-upa-glebaa-lotada-e-com-com-enfermeiros-sobrecarregados\/\"]}]},{\"@type\":\"BreadcrumbList\",\"@id\":\"https:\/\/compartilhabahia.com.br\/index.php\/2024\/01\/10\/homem-morre-na-upa-glebaa-lotada-e-com-com-enfermeiros-sobrecarregados\/#breadcrumb\",\"itemListElement\":[{\"@type\":\"ListItem\",\"position\":1,\"name\":\"In\u00edcio\",\"item\":\"https:\/\/compartilhabahia.com.br\/\"},{\"@type\":\"ListItem\",\"position\":2,\"name\":\"Homem morre na UPA\/GlebaA &#8211; lotada e com com enfermeiros sobrecarregados\"}]},{\"@type\":\"WebSite\",\"@id\":\"https:\/\/compartilhabahia.com.br\/#website\",\"url\":\"https:\/\/compartilhabahia.com.br\/\",\"name\":\"Compartilha Bahia\",\"description\":\"\",\"publisher\":{\"@id\":\"https:\/\/compartilhabahia.com.br\/#organization\"},\"potentialAction\":[{\"@type\":\"SearchAction\",\"target\":{\"@type\":\"EntryPoint\",\"urlTemplate\":\"https:\/\/compartilhabahia.com.br\/?s={search_term_string}\"},\"query-input\":\"required name=search_term_string\"}],\"inLanguage\":\"pt-BR\"},{\"@type\":\"Organization\",\"@id\":\"https:\/\/compartilhabahia.com.br\/#organization\",\"name\":\"Compartilha Bahia\",\"url\":\"https:\/\/compartilhabahia.com.br\/\",\"logo\":{\"@type\":\"ImageObject\",\"inLanguage\":\"pt-BR\",\"@id\":\"https:\/\/compartilhabahia.com.br\/#\/schema\/logo\/image\/\",\"url\":\"https:\/\/compartilhabahia.com.br\/wp-content\/uploads\/2023\/12\/cropped-logo.png\",\"contentUrl\":\"https:\/\/compartilhabahia.com.br\/wp-content\/uploads\/2023\/12\/cropped-logo.png\",\"width\":300,\"height\":106,\"caption\":\"Compartilha Bahia\"},\"image\":{\"@id\":\"https:\/\/compartilhabahia.com.br\/#\/schema\/logo\/image\/\"},\"sameAs\":[\"https:\/\/web.facebook.com\/compartilhabahia\",\"https:\/\/www.instagram.com\/compartilhabahia\/\"]},{\"@type\":\"Person\",\"@id\":\"https:\/\/compartilhabahia.com.br\/#\/schema\/person\/9b4f0c3178793b8248d6686732521c04\",\"name\":\"admin\",\"image\":{\"@type\":\"ImageObject\",\"inLanguage\":\"pt-BR\",\"@id\":\"https:\/\/compartilhabahia.com.br\/#\/schema\/person\/image\/\",\"url\":\"https:\/\/secure.gravatar.com\/avatar\/9600df58751c5acbe914c538c03390ef649ea088cb65f84ba09c7ce66988eed6?s=96&d=mm&r=g\",\"contentUrl\":\"https:\/\/secure.gravatar.com\/avatar\/9600df58751c5acbe914c538c03390ef649ea088cb65f84ba09c7ce66988eed6?s=96&d=mm&r=g\",\"caption\":\"admin\"},\"sameAs\":[\"https:\/\/compartilhabahia.com.br\"],\"url\":\"https:\/\/compartilhabahia.com.br\/index.php\/author\/compartilhabahia\/\"}]}<\/script>\n<!-- \/ Yoast SEO plugin. -->","yoast_head_json":{"title":"Homem morre na UPA\/GlebaA - lotada e com com enfermeiros sobrecarregados - Compartilha Bahia","robots":{"index":"index","follow":"follow","max-snippet":"max-snippet:-1","max-image-preview":"max-image-preview:large","max-video-preview":"max-video-preview:-1"},"canonical":"https:\/\/compartilhabahia.com.br\/index.php\/2024\/01\/10\/homem-morre-na-upa-glebaa-lotada-e-com-com-enfermeiros-sobrecarregados\/","og_locale":"pt_BR","og_type":"article","og_title":"Homem morre na UPA\/GlebaA - lotada e com com enfermeiros sobrecarregados - Compartilha Bahia","og_description":"Em um v\u00eddeo que circula na internet \u00e9 poss\u00edvel perceber que tentaram socorrer um homem na UPA da Gleba A, inclusive realizando no ch\u00e3o da recep\u00e7\u00e3o da unidade, por uma agente do SAMU a manobra de reanima\u00e7\u00e3o card\u00edaca, na tarde desta ter\u00e7a-feira (09\/01\/24), por\u00e9m, sem sucesso, pois segundo informa\u00e7\u00f5es a v\u00edtima evoluiu para \u00f3bito. Uma [&hellip;]","og_url":"https:\/\/compartilhabahia.com.br\/index.php\/2024\/01\/10\/homem-morre-na-upa-glebaa-lotada-e-com-com-enfermeiros-sobrecarregados\/","og_site_name":"Compartilha Bahia","article_publisher":"https:\/\/web.facebook.com\/compartilhabahia","article_published_time":"2024-01-10T00:24:22+00:00","article_modified_time":"2024-01-10T00:30:45+00:00","og_image":[{"width":996,"height":557,"url":"https:\/\/compartilhabahia.com.br\/wp-content\/uploads\/2024\/01\/socorro.jpg","type":"image\/jpeg"}],"author":"admin","twitter_card":"summary_large_image","twitter_misc":{"Escrito por":"admin","Est. tempo de leitura":"3 minutos"},"schema":{"@context":"https:\/\/schema.org","@graph":[{"@type":"Article","@id":"https:\/\/compartilhabahia.com.br\/index.php\/2024\/01\/10\/homem-morre-na-upa-glebaa-lotada-e-com-com-enfermeiros-sobrecarregados\/#article","isPartOf":{"@id":"https:\/\/compartilhabahia.com.br\/index.php\/2024\/01\/10\/homem-morre-na-upa-glebaa-lotada-e-com-com-enfermeiros-sobrecarregados\/"},"author":{"name":"admin","@id":"https:\/\/compartilhabahia.com.br\/#\/schema\/person\/9b4f0c3178793b8248d6686732521c04"},"headline":"Homem morre na UPA\/GlebaA &#8211; lotada e com com enfermeiros sobrecarregados","datePublished":"2024-01-10T00:24:22+00:00","dateModified":"2024-01-10T00:30:45+00:00","mainEntityOfPage":{"@id":"https:\/\/compartilhabahia.com.br\/index.php\/2024\/01\/10\/homem-morre-na-upa-glebaa-lotada-e-com-com-enfermeiros-sobrecarregados\/"},"wordCount":400,"commentCount":0,"publisher":{"@id":"https:\/\/compartilhabahia.com.br\/#organization"},"articleSection":["Cama\u00e7ari"],"inLanguage":"pt-BR","potentialAction":[{"@type":"CommentAction","name":"Comment","target":["https:\/\/compartilhabahia.com.br\/index.php\/2024\/01\/10\/homem-morre-na-upa-glebaa-lotada-e-com-com-enfermeiros-sobrecarregados\/#respond"]}]},{"@type":"WebPage","@id":"https:\/\/compartilhabahia.com.br\/index.php\/2024\/01\/10\/homem-morre-na-upa-glebaa-lotada-e-com-com-enfermeiros-sobrecarregados\/","url":"https:\/\/compartilhabahia.com.br\/index.php\/2024\/01\/10\/homem-morre-na-upa-glebaa-lotada-e-com-com-enfermeiros-sobrecarregados\/","name":"Homem morre na UPA\/GlebaA - lotada e com com enfermeiros sobrecarregados - Compartilha Bahia","isPartOf":{"@id":"https:\/\/compartilhabahia.com.br\/#website"},"datePublished":"2024-01-10T00:24:22+00:00","dateModified":"2024-01-10T00:30:45+00:00","breadcrumb":{"@id":"https:\/\/compartilhabahia.com.br\/index.php\/2024\/01\/10\/homem-morre-na-upa-glebaa-lotada-e-com-com-enfermeiros-sobrecarregados\/#breadcrumb"},"inLanguage":"pt-BR","potentialAction":[{"@type":"ReadAction","target":["https:\/\/compartilhabahia.com.br\/index.php\/2024\/01\/10\/homem-morre-na-upa-glebaa-lotada-e-com-com-enfermeiros-sobrecarregados\/"]}]},{"@type":"BreadcrumbList","@id":"https:\/\/compartilhabahia.com.br\/index.php\/2024\/01\/10\/homem-morre-na-upa-glebaa-lotada-e-com-com-enfermeiros-sobrecarregados\/#breadcrumb","itemListElement":[{"@type":"ListItem","position":1,"name":"In\u00edcio","item":"https:\/\/compartilhabahia.com.br\/"},{"@type":"ListItem","position":2,"name":"Homem morre na UPA\/GlebaA &#8211; lotada e com com enfermeiros sobrecarregados"}]},{"@type":"WebSite","@id":"https:\/\/compartilhabahia.com.br\/#website","url":"https:\/\/compartilhabahia.com.br\/","name":"Compartilha Bahia","description":"","publisher":{"@id":"https:\/\/compartilhabahia.com.br\/#organization"},"potentialAction":[{"@type":"SearchAction","target":{"@type":"EntryPoint","urlTemplate":"https:\/\/compartilhabahia.com.br\/?s={search_term_string}"},"query-input":"required name=search_term_string"}],"inLanguage":"pt-BR"},{"@type":"Organization","@id":"https:\/\/compartilhabahia.com.br\/#organization","name":"Compartilha Bahia","url":"https:\/\/compartilhabahia.com.br\/","logo":{"@type":"ImageObject","inLanguage":"pt-BR","@id":"https:\/\/compartilhabahia.com.br\/#\/schema\/logo\/image\/","url":"https:\/\/compartilhabahia.com.br\/wp-content\/uploads\/2023\/12\/cropped-logo.png","contentUrl":"https:\/\/compartilhabahia.com.br\/wp-content\/uploads\/2023\/12\/cropped-logo.png","width":300,"height":106,"caption":"Compartilha Bahia"},"image":{"@id":"https:\/\/compartilhabahia.com.br\/#\/schema\/logo\/image\/"},"sameAs":["https:\/\/web.facebook.com\/compartilhabahia","https:\/\/www.instagram.com\/compartilhabahia\/"]},{"@type":"Person","@id":"https:\/\/compartilhabahia.com.br\/#\/schema\/person\/9b4f0c3178793b8248d6686732521c04","name":"admin","image":{"@type":"ImageObject","inLanguage":"pt-BR","@id":"https:\/\/compartilhabahia.com.br\/#\/schema\/person\/image\/","url":"https:\/\/secure.gravatar.com\/avatar\/9600df58751c5acbe914c538c03390ef649ea088cb65f84ba09c7ce66988eed6?s=96&d=mm&r=g","contentUrl":"https:\/\/secure.gravatar.com\/avatar\/9600df58751c5acbe914c538c03390ef649ea088cb65f84ba09c7ce66988eed6?s=96&d=mm&r=g","caption":"admin"},"sameAs":["https:\/\/compartilhabahia.com.br"],"url":"https:\/\/compartilhabahia.com.br\/index.php\/author\/compartilhabahia\/"}]}},"_links":{"self":[{"href":"https:\/\/compartilhabahia.com.br\/index.php\/wp-json\/wp\/v2\/posts\/537","targetHints":{"allow":["GET"]}}],"collection":[{"href":"https:\/\/compartilhabahia.com.br\/index.php\/wp-json\/wp\/v2\/posts"}],"about":[{"href":"https:\/\/compartilhabahia.com.br\/index.php\/wp-json\/wp\/v2\/types\/post"}],"author":[{"embeddable":true,"href":"https:\/\/compartilhabahia.com.br\/index.php\/wp-json\/wp\/v2\/users\/1"}],"replies":[{"embeddable":true,"href":"https:\/\/compartilhabahia.com.br\/index.php\/wp-json\/wp\/v2\/comments?post=537"}],"version-history":[{"count":2,"href":"https:\/\/compartilhabahia.com.br\/index.php\/wp-json\/wp\/v2\/posts\/537\/revisions"}],"predecessor-version":[{"id":540,"href":"https:\/\/compartilhabahia.com.br\/index.php\/wp-json\/wp\/v2\/posts\/537\/revisions\/540"}],"wp:featuredmedia":[{"embeddable":true,"href":"https:\/\/compartilhabahia.com.br\/index.php\/wp-json\/wp\/v2\/media\/538"}],"wp:attachment":[{"href":"https:\/\/compartilhabahia.com.br\/index.php\/wp-json\/wp\/v2\/media?parent=537"}],"wp:term":[{"taxonomy":"category","embeddable":true,"href":"https:\/\/compartilhabahia.com.br\/index.php\/wp-json\/wp\/v2\/categories?post=537"},{"taxonomy":"post_tag","embeddable":true,"href":"https:\/\/compartilhabahia.com.br\/index.php\/wp-json\/wp\/v2\/tags?post=537"}],"curies":[{"name":"wp","href":"https:\/\/api.w.org\/{rel}","templated":true}]}}