{"id":5356,"date":"2025-02-16T18:28:35","date_gmt":"2025-02-16T18:28:35","guid":{"rendered":"https:\/\/compartilhabahia.com.br\/?p=5356"},"modified":"2025-02-16T18:33:39","modified_gmt":"2025-02-16T18:33:39","slug":"opiniao-com-sinceridade-quem-mais-se-surpreendeu-com-agilidade-da-setur","status":"publish","type":"post","link":"https:\/\/compartilhabahia.com.br\/index.php\/2025\/02\/16\/opiniao-com-sinceridade-quem-mais-se-surpreendeu-com-agilidade-da-setur\/","title":{"rendered":"Opini\u00e3o: &#8220;quem mais se surpreendeu com agilidade da Setur de Cama\u00e7ari?&#8221;"},"content":{"rendered":"\n<p>Algumas pessoas ficaram surpresas ao ver em apenas 44 dias de gest\u00e3o do prefeito Caetano (PT),  a Secretaria de Turismo (Setur),  colocar para funcionar, totalmente requalificado e remodelado, o Posto de Atendimento ao Turista de Arembepe, que estava sucateado haviam tr\u00eas anos. A agilidade do secret\u00e1rio Patr\u00edcio Oliveira, sua equipe e parceiros, esta acima da m\u00e9dia.<\/p>\n\n\n\n<p><\/p>\n\n\n\n<p><strong>Posto de Atendimento ao Turista inicia atividades em Arembepe<br><\/strong><br>A Prefeitura de Cama\u00e7ari, por meio da Secretaria de Turismo (Setur), abriu nesta sexta-feira (14) o Posto de Atendimento ao Turista, localizado em Arembepe, um dos principais destinos tur\u00edsticos do litoral da Bahia, conhecido pelas riquezas naturais e praias paradis\u00edacas.<\/p>\n\n\n\n<p>Instalado em uma localiza\u00e7\u00e3o estrat\u00e9gica, na entrada da localidade, o posto ter\u00e1 funcionamento presencial de domingo a domingo, das 9h \u00e0s 17h, e, tamb\u00e9m, pelo n\u00famero (71) 3624-3338. A Setur enfatiza que, em breve, ser\u00e1 disponibilizado um novo contato via WhatsApp.<\/p>\n\n\n\n<p>Sobre os servi\u00e7os disponibilizados no posto, os visitantes ir\u00e3o contar com materiais ilustrativos e informa\u00e7\u00f5es em diversos setores, desde dicas de roteiros, passeios, gastronomia local, melhores op\u00e7\u00f5es de hospedagem, at\u00e9 servi\u00e7os de t\u00e1xi, transporte por aplicativo, motot\u00e1xi, reparos residenciais e servi\u00e7os dom\u00e9sticos, dentre outras demandas, buscando assim atingir aqueles que chegam ao munic\u00edpio e alugam im\u00f3veis para veraneio.<\/p>\n\n\n\n<p>Presente no evento, o prefeito Luiz Caetano destacou que Cama\u00e7ari est\u00e1 passando por um per\u00edodo importante de reestrutura\u00e7\u00e3o.<\/p>\n\n\n\n<p>\u201cQuem governa tem que ter essa responsabilidade de pensar nas pessoas, de buscar cada vez mais criar condi\u00e7\u00f5es para que as coisas aconte\u00e7am a contento para nossa cidade, para nosso povo. Estamos vivendo um novo momento no turismo, isso aqui \u00e9 uma prova\u201d, pontuou o chefe do executivo municipal.<\/p>\n\n\n\n<p>Para o secret\u00e1rio de Turismo, Patr\u00edcio Oliveira, a retomada do equipamento ir\u00e1 contribuir significativamente com um dos principais objetivos da pasta: tornar Cama\u00e7ari um polo tur\u00edstico reconhecido mundialmente.<\/p>\n\n\n\n<p>\u201cContamos com um corpo t\u00e9cnico, pessoas dispostas a transformar o turismo de Cama\u00e7ari em uma mola propulsora do desenvolvimento. Que cada um possa desfrutar e cuidar desse espa\u00e7o. Lembro como foi emocionante ver a reforma desse lugar, o envolvimento dos moradores. As pessoas passavam por aqui e diziam \u2018que bom, que maravilha que vai reabrir\u2019, isso anima a gente\u201d, enalteceu o secret\u00e1rio.<\/p>\n\n\n\n<p>A Setur ainda ressaltou que para entender o perfil dos turistas, est\u00e1 trabalhando no levantamento de dados, atrav\u00e9s do gerenciamento de pesquisas. Dentro dessa realidade, a retomada do posto vai auxiliar, sobretudo, em per\u00edodos de alta esta\u00e7\u00e3o e grandes eventos na sede e orla da cidade.<\/p>\n\n\n\n<p>Participaram do ato de abertura diversas autoridades municipais, grupos culturais, baianas e artistas locais.<\/p>\n\n\n\n<p>A reestrutura\u00e7\u00e3o emergencial do posto, que estava fechado h\u00e1 cerca de tr\u00eas anos, contou com o apoio de diversas secretarias, a exemplo da pasta de Desenvolvimento Urbano e Meio Ambiente (Sedur), de Servi\u00e7os P\u00fablicos (Sesp), bem como da Superintend\u00eancia de Tr\u00e2nsito e Transporte P\u00fablico (STT), al\u00e9m da parceria p\u00fablico-privada (PPP) com institui\u00e7\u00f5es, como a Associa\u00e7\u00e3o dos Moradores e Condom\u00ednios de Guarajuba (Ascon), e o Conselho Municipal de Turismo de Cama\u00e7ari (Comtur), bem como de comerciantes locais.<\/p>\n\n\n\n<p>Fotos: Patrick Abreu<\/p>\n","protected":false},"excerpt":{"rendered":"<p>Algumas pessoas ficaram surpresas ao ver em apenas 44 dias de gest\u00e3o do prefeito Caetano (PT), a Secretaria de Turismo (Setur), colocar para funcionar, totalmente requalificado e remodelado, o Posto de Atendimento ao Turista de Arembepe, que estava sucateado haviam tr\u00eas anos. A agilidade do secret\u00e1rio Patr\u00edcio Oliveira, sua equipe e parceiros, esta acima da [&hellip;]<\/p>\n","protected":false},"author":1,"featured_media":5357,"comment_status":"open","ping_status":"open","sticky":false,"template":"","format":"standard","meta":{"footnotes":""},"categories":[8],"tags":[],"class_list":["post-5356","post","type-post","status-publish","format-standard","has-post-thumbnail","hentry","category-camacari"],"yoast_head":"<!-- This site is optimized with the Yoast SEO plugin v21.7 - https:\/\/yoast.com\/wordpress\/plugins\/seo\/ -->\n<title>Opini\u00e3o: &quot;quem mais se surpreendeu com agilidade da Setur de Cama\u00e7ari?&quot; - Compartilha Bahia<\/title>\n<meta name=\"robots\" content=\"index, follow, max-snippet:-1, max-image-preview:large, max-video-preview:-1\" \/>\n<link rel=\"canonical\" href=\"https:\/\/compartilhabahia.com.br\/index.php\/2025\/02\/16\/opiniao-com-sinceridade-quem-mais-se-surpreendeu-com-agilidade-da-setur\/\" \/>\n<meta property=\"og:locale\" content=\"pt_BR\" \/>\n<meta property=\"og:type\" content=\"article\" \/>\n<meta property=\"og:title\" content=\"Opini\u00e3o: &quot;quem mais se surpreendeu com agilidade da Setur de Cama\u00e7ari?&quot; - Compartilha Bahia\" \/>\n<meta property=\"og:description\" content=\"Algumas pessoas ficaram surpresas ao ver em apenas 44 dias de gest\u00e3o do prefeito Caetano (PT), a Secretaria de Turismo (Setur), colocar para funcionar, totalmente requalificado e remodelado, o Posto de Atendimento ao Turista de Arembepe, que estava sucateado haviam tr\u00eas anos. A agilidade do secret\u00e1rio Patr\u00edcio Oliveira, sua equipe e parceiros, esta acima da [&hellip;]\" \/>\n<meta property=\"og:url\" content=\"https:\/\/compartilhabahia.com.br\/index.php\/2025\/02\/16\/opiniao-com-sinceridade-quem-mais-se-surpreendeu-com-agilidade-da-setur\/\" \/>\n<meta property=\"og:site_name\" content=\"Compartilha Bahia\" \/>\n<meta property=\"article:publisher\" content=\"https:\/\/web.facebook.com\/compartilhabahia\" \/>\n<meta property=\"article:published_time\" content=\"2025-02-16T18:28:35+00:00\" \/>\n<meta property=\"article:modified_time\" content=\"2025-02-16T18:33:39+00:00\" \/>\n<meta property=\"og:image\" content=\"https:\/\/compartilhabahia.com.br\/wp-content\/uploads\/2025\/02\/abertura_posto-de-atendimento-ao-turista-arembepe_Foto-Patrick-Abreu_1.jpeg\" \/>\n\t<meta property=\"og:image:width\" content=\"800\" \/>\n\t<meta property=\"og:image:height\" content=\"533\" \/>\n\t<meta property=\"og:image:type\" content=\"image\/jpeg\" \/>\n<meta name=\"author\" content=\"admin\" \/>\n<meta name=\"twitter:card\" content=\"summary_large_image\" \/>\n<meta name=\"twitter:label1\" content=\"Escrito por\" \/>\n\t<meta name=\"twitter:data1\" content=\"admin\" \/>\n\t<meta name=\"twitter:label2\" content=\"Est. tempo de leitura\" \/>\n\t<meta name=\"twitter:data2\" content=\"3 minutos\" \/>\n<script type=\"application\/ld+json\" class=\"yoast-schema-graph\">{\"@context\":\"https:\/\/schema.org\",\"@graph\":[{\"@type\":\"Article\",\"@id\":\"https:\/\/compartilhabahia.com.br\/index.php\/2025\/02\/16\/opiniao-com-sinceridade-quem-mais-se-surpreendeu-com-agilidade-da-setur\/#article\",\"isPartOf\":{\"@id\":\"https:\/\/compartilhabahia.com.br\/index.php\/2025\/02\/16\/opiniao-com-sinceridade-quem-mais-se-surpreendeu-com-agilidade-da-setur\/\"},\"author\":{\"name\":\"admin\",\"@id\":\"https:\/\/compartilhabahia.com.br\/#\/schema\/person\/9b4f0c3178793b8248d6686732521c04\"},\"headline\":\"Opini\u00e3o: &#8220;quem mais se surpreendeu com agilidade da Setur de Cama\u00e7ari?&#8221;\",\"datePublished\":\"2025-02-16T18:28:35+00:00\",\"dateModified\":\"2025-02-16T18:33:39+00:00\",\"mainEntityOfPage\":{\"@id\":\"https:\/\/compartilhabahia.com.br\/index.php\/2025\/02\/16\/opiniao-com-sinceridade-quem-mais-se-surpreendeu-com-agilidade-da-setur\/\"},\"wordCount\":561,\"commentCount\":0,\"publisher\":{\"@id\":\"https:\/\/compartilhabahia.com.br\/#organization\"},\"articleSection\":[\"Cama\u00e7ari\"],\"inLanguage\":\"pt-BR\",\"potentialAction\":[{\"@type\":\"CommentAction\",\"name\":\"Comment\",\"target\":[\"https:\/\/compartilhabahia.com.br\/index.php\/2025\/02\/16\/opiniao-com-sinceridade-quem-mais-se-surpreendeu-com-agilidade-da-setur\/#respond\"]}]},{\"@type\":\"WebPage\",\"@id\":\"https:\/\/compartilhabahia.com.br\/index.php\/2025\/02\/16\/opiniao-com-sinceridade-quem-mais-se-surpreendeu-com-agilidade-da-setur\/\",\"url\":\"https:\/\/compartilhabahia.com.br\/index.php\/2025\/02\/16\/opiniao-com-sinceridade-quem-mais-se-surpreendeu-com-agilidade-da-setur\/\",\"name\":\"Opini\u00e3o: \\\"quem mais se surpreendeu com agilidade da Setur de Cama\u00e7ari?\\\" - Compartilha Bahia\",\"isPartOf\":{\"@id\":\"https:\/\/compartilhabahia.com.br\/#website\"},\"datePublished\":\"2025-02-16T18:28:35+00:00\",\"dateModified\":\"2025-02-16T18:33:39+00:00\",\"breadcrumb\":{\"@id\":\"https:\/\/compartilhabahia.com.br\/index.php\/2025\/02\/16\/opiniao-com-sinceridade-quem-mais-se-surpreendeu-com-agilidade-da-setur\/#breadcrumb\"},\"inLanguage\":\"pt-BR\",\"potentialAction\":[{\"@type\":\"ReadAction\",\"target\":[\"https:\/\/compartilhabahia.com.br\/index.php\/2025\/02\/16\/opiniao-com-sinceridade-quem-mais-se-surpreendeu-com-agilidade-da-setur\/\"]}]},{\"@type\":\"BreadcrumbList\",\"@id\":\"https:\/\/compartilhabahia.com.br\/index.php\/2025\/02\/16\/opiniao-com-sinceridade-quem-mais-se-surpreendeu-com-agilidade-da-setur\/#breadcrumb\",\"itemListElement\":[{\"@type\":\"ListItem\",\"position\":1,\"name\":\"In\u00edcio\",\"item\":\"https:\/\/compartilhabahia.com.br\/\"},{\"@type\":\"ListItem\",\"position\":2,\"name\":\"Opini\u00e3o: &#8220;quem mais se surpreendeu com agilidade da Setur de Cama\u00e7ari?&#8221;\"}]},{\"@type\":\"WebSite\",\"@id\":\"https:\/\/compartilhabahia.com.br\/#website\",\"url\":\"https:\/\/compartilhabahia.com.br\/\",\"name\":\"Compartilha Bahia\",\"description\":\"\",\"publisher\":{\"@id\":\"https:\/\/compartilhabahia.com.br\/#organization\"},\"potentialAction\":[{\"@type\":\"SearchAction\",\"target\":{\"@type\":\"EntryPoint\",\"urlTemplate\":\"https:\/\/compartilhabahia.com.br\/?s={search_term_string}\"},\"query-input\":\"required name=search_term_string\"}],\"inLanguage\":\"pt-BR\"},{\"@type\":\"Organization\",\"@id\":\"https:\/\/compartilhabahia.com.br\/#organization\",\"name\":\"Compartilha Bahia\",\"url\":\"https:\/\/compartilhabahia.com.br\/\",\"logo\":{\"@type\":\"ImageObject\",\"inLanguage\":\"pt-BR\",\"@id\":\"https:\/\/compartilhabahia.com.br\/#\/schema\/logo\/image\/\",\"url\":\"https:\/\/compartilhabahia.com.br\/wp-content\/uploads\/2023\/12\/cropped-logo.png\",\"contentUrl\":\"https:\/\/compartilhabahia.com.br\/wp-content\/uploads\/2023\/12\/cropped-logo.png\",\"width\":300,\"height\":106,\"caption\":\"Compartilha Bahia\"},\"image\":{\"@id\":\"https:\/\/compartilhabahia.com.br\/#\/schema\/logo\/image\/\"},\"sameAs\":[\"https:\/\/web.facebook.com\/compartilhabahia\",\"https:\/\/www.instagram.com\/compartilhabahia\/\"]},{\"@type\":\"Person\",\"@id\":\"https:\/\/compartilhabahia.com.br\/#\/schema\/person\/9b4f0c3178793b8248d6686732521c04\",\"name\":\"admin\",\"image\":{\"@type\":\"ImageObject\",\"inLanguage\":\"pt-BR\",\"@id\":\"https:\/\/compartilhabahia.com.br\/#\/schema\/person\/image\/\",\"url\":\"https:\/\/secure.gravatar.com\/avatar\/9600df58751c5acbe914c538c03390ef649ea088cb65f84ba09c7ce66988eed6?s=96&d=mm&r=g\",\"contentUrl\":\"https:\/\/secure.gravatar.com\/avatar\/9600df58751c5acbe914c538c03390ef649ea088cb65f84ba09c7ce66988eed6?s=96&d=mm&r=g\",\"caption\":\"admin\"},\"sameAs\":[\"https:\/\/compartilhabahia.com.br\"],\"url\":\"https:\/\/compartilhabahia.com.br\/index.php\/author\/compartilhabahia\/\"}]}<\/script>\n<!-- \/ Yoast SEO plugin. -->","yoast_head_json":{"title":"Opini\u00e3o: \"quem mais se surpreendeu com agilidade da Setur de Cama\u00e7ari?\" - Compartilha Bahia","robots":{"index":"index","follow":"follow","max-snippet":"max-snippet:-1","max-image-preview":"max-image-preview:large","max-video-preview":"max-video-preview:-1"},"canonical":"https:\/\/compartilhabahia.com.br\/index.php\/2025\/02\/16\/opiniao-com-sinceridade-quem-mais-se-surpreendeu-com-agilidade-da-setur\/","og_locale":"pt_BR","og_type":"article","og_title":"Opini\u00e3o: \"quem mais se surpreendeu com agilidade da Setur de Cama\u00e7ari?\" - Compartilha Bahia","og_description":"Algumas pessoas ficaram surpresas ao ver em apenas 44 dias de gest\u00e3o do prefeito Caetano (PT), a Secretaria de Turismo (Setur), colocar para funcionar, totalmente requalificado e remodelado, o Posto de Atendimento ao Turista de Arembepe, que estava sucateado haviam tr\u00eas anos. A agilidade do secret\u00e1rio Patr\u00edcio Oliveira, sua equipe e parceiros, esta acima da [&hellip;]","og_url":"https:\/\/compartilhabahia.com.br\/index.php\/2025\/02\/16\/opiniao-com-sinceridade-quem-mais-se-surpreendeu-com-agilidade-da-setur\/","og_site_name":"Compartilha Bahia","article_publisher":"https:\/\/web.facebook.com\/compartilhabahia","article_published_time":"2025-02-16T18:28:35+00:00","article_modified_time":"2025-02-16T18:33:39+00:00","og_image":[{"width":800,"height":533,"url":"https:\/\/compartilhabahia.com.br\/wp-content\/uploads\/2025\/02\/abertura_posto-de-atendimento-ao-turista-arembepe_Foto-Patrick-Abreu_1.jpeg","type":"image\/jpeg"}],"author":"admin","twitter_card":"summary_large_image","twitter_misc":{"Escrito por":"admin","Est. tempo de leitura":"3 minutos"},"schema":{"@context":"https:\/\/schema.org","@graph":[{"@type":"Article","@id":"https:\/\/compartilhabahia.com.br\/index.php\/2025\/02\/16\/opiniao-com-sinceridade-quem-mais-se-surpreendeu-com-agilidade-da-setur\/#article","isPartOf":{"@id":"https:\/\/compartilhabahia.com.br\/index.php\/2025\/02\/16\/opiniao-com-sinceridade-quem-mais-se-surpreendeu-com-agilidade-da-setur\/"},"author":{"name":"admin","@id":"https:\/\/compartilhabahia.com.br\/#\/schema\/person\/9b4f0c3178793b8248d6686732521c04"},"headline":"Opini\u00e3o: &#8220;quem mais se surpreendeu com agilidade da Setur de Cama\u00e7ari?&#8221;","datePublished":"2025-02-16T18:28:35+00:00","dateModified":"2025-02-16T18:33:39+00:00","mainEntityOfPage":{"@id":"https:\/\/compartilhabahia.com.br\/index.php\/2025\/02\/16\/opiniao-com-sinceridade-quem-mais-se-surpreendeu-com-agilidade-da-setur\/"},"wordCount":561,"commentCount":0,"publisher":{"@id":"https:\/\/compartilhabahia.com.br\/#organization"},"articleSection":["Cama\u00e7ari"],"inLanguage":"pt-BR","potentialAction":[{"@type":"CommentAction","name":"Comment","target":["https:\/\/compartilhabahia.com.br\/index.php\/2025\/02\/16\/opiniao-com-sinceridade-quem-mais-se-surpreendeu-com-agilidade-da-setur\/#respond"]}]},{"@type":"WebPage","@id":"https:\/\/compartilhabahia.com.br\/index.php\/2025\/02\/16\/opiniao-com-sinceridade-quem-mais-se-surpreendeu-com-agilidade-da-setur\/","url":"https:\/\/compartilhabahia.com.br\/index.php\/2025\/02\/16\/opiniao-com-sinceridade-quem-mais-se-surpreendeu-com-agilidade-da-setur\/","name":"Opini\u00e3o: \"quem mais se surpreendeu com agilidade da Setur de Cama\u00e7ari?\" - Compartilha Bahia","isPartOf":{"@id":"https:\/\/compartilhabahia.com.br\/#website"},"datePublished":"2025-02-16T18:28:35+00:00","dateModified":"2025-02-16T18:33:39+00:00","breadcrumb":{"@id":"https:\/\/compartilhabahia.com.br\/index.php\/2025\/02\/16\/opiniao-com-sinceridade-quem-mais-se-surpreendeu-com-agilidade-da-setur\/#breadcrumb"},"inLanguage":"pt-BR","potentialAction":[{"@type":"ReadAction","target":["https:\/\/compartilhabahia.com.br\/index.php\/2025\/02\/16\/opiniao-com-sinceridade-quem-mais-se-surpreendeu-com-agilidade-da-setur\/"]}]},{"@type":"BreadcrumbList","@id":"https:\/\/compartilhabahia.com.br\/index.php\/2025\/02\/16\/opiniao-com-sinceridade-quem-mais-se-surpreendeu-com-agilidade-da-setur\/#breadcrumb","itemListElement":[{"@type":"ListItem","position":1,"name":"In\u00edcio","item":"https:\/\/compartilhabahia.com.br\/"},{"@type":"ListItem","position":2,"name":"Opini\u00e3o: &#8220;quem mais se surpreendeu com agilidade da Setur de Cama\u00e7ari?&#8221;"}]},{"@type":"WebSite","@id":"https:\/\/compartilhabahia.com.br\/#website","url":"https:\/\/compartilhabahia.com.br\/","name":"Compartilha Bahia","description":"","publisher":{"@id":"https:\/\/compartilhabahia.com.br\/#organization"},"potentialAction":[{"@type":"SearchAction","target":{"@type":"EntryPoint","urlTemplate":"https:\/\/compartilhabahia.com.br\/?s={search_term_string}"},"query-input":"required name=search_term_string"}],"inLanguage":"pt-BR"},{"@type":"Organization","@id":"https:\/\/compartilhabahia.com.br\/#organization","name":"Compartilha Bahia","url":"https:\/\/compartilhabahia.com.br\/","logo":{"@type":"ImageObject","inLanguage":"pt-BR","@id":"https:\/\/compartilhabahia.com.br\/#\/schema\/logo\/image\/","url":"https:\/\/compartilhabahia.com.br\/wp-content\/uploads\/2023\/12\/cropped-logo.png","contentUrl":"https:\/\/compartilhabahia.com.br\/wp-content\/uploads\/2023\/12\/cropped-logo.png","width":300,"height":106,"caption":"Compartilha Bahia"},"image":{"@id":"https:\/\/compartilhabahia.com.br\/#\/schema\/logo\/image\/"},"sameAs":["https:\/\/web.facebook.com\/compartilhabahia","https:\/\/www.instagram.com\/compartilhabahia\/"]},{"@type":"Person","@id":"https:\/\/compartilhabahia.com.br\/#\/schema\/person\/9b4f0c3178793b8248d6686732521c04","name":"admin","image":{"@type":"ImageObject","inLanguage":"pt-BR","@id":"https:\/\/compartilhabahia.com.br\/#\/schema\/person\/image\/","url":"https:\/\/secure.gravatar.com\/avatar\/9600df58751c5acbe914c538c03390ef649ea088cb65f84ba09c7ce66988eed6?s=96&d=mm&r=g","contentUrl":"https:\/\/secure.gravatar.com\/avatar\/9600df58751c5acbe914c538c03390ef649ea088cb65f84ba09c7ce66988eed6?s=96&d=mm&r=g","caption":"admin"},"sameAs":["https:\/\/compartilhabahia.com.br"],"url":"https:\/\/compartilhabahia.com.br\/index.php\/author\/compartilhabahia\/"}]}},"_links":{"self":[{"href":"https:\/\/compartilhabahia.com.br\/index.php\/wp-json\/wp\/v2\/posts\/5356","targetHints":{"allow":["GET"]}}],"collection":[{"href":"https:\/\/compartilhabahia.com.br\/index.php\/wp-json\/wp\/v2\/posts"}],"about":[{"href":"https:\/\/compartilhabahia.com.br\/index.php\/wp-json\/wp\/v2\/types\/post"}],"author":[{"embeddable":true,"href":"https:\/\/compartilhabahia.com.br\/index.php\/wp-json\/wp\/v2\/users\/1"}],"replies":[{"embeddable":true,"href":"https:\/\/compartilhabahia.com.br\/index.php\/wp-json\/wp\/v2\/comments?post=5356"}],"version-history":[{"count":3,"href":"https:\/\/compartilhabahia.com.br\/index.php\/wp-json\/wp\/v2\/posts\/5356\/revisions"}],"predecessor-version":[{"id":5361,"href":"https:\/\/compartilhabahia.com.br\/index.php\/wp-json\/wp\/v2\/posts\/5356\/revisions\/5361"}],"wp:featuredmedia":[{"embeddable":true,"href":"https:\/\/compartilhabahia.com.br\/index.php\/wp-json\/wp\/v2\/media\/5357"}],"wp:attachment":[{"href":"https:\/\/compartilhabahia.com.br\/index.php\/wp-json\/wp\/v2\/media?parent=5356"}],"wp:term":[{"taxonomy":"category","embeddable":true,"href":"https:\/\/compartilhabahia.com.br\/index.php\/wp-json\/wp\/v2\/categories?post=5356"},{"taxonomy":"post_tag","embeddable":true,"href":"https:\/\/compartilhabahia.com.br\/index.php\/wp-json\/wp\/v2\/tags?post=5356"}],"curies":[{"name":"wp","href":"https:\/\/api.w.org\/{rel}","templated":true}]}}