{"id":531,"date":"2024-01-09T18:38:03","date_gmt":"2024-01-09T18:38:03","guid":{"rendered":"https:\/\/compartilhabahia.com.br\/?p=531"},"modified":"2024-01-09T18:39:43","modified_gmt":"2024-01-09T18:39:43","slug":"visitantes-que-vem-de-onibus-para-camacari-sao-tratados-em-video-institucional-do-municipio-como-turismo-predatorio","status":"publish","type":"post","link":"https:\/\/compartilhabahia.com.br\/index.php\/2024\/01\/09\/visitantes-que-vem-de-onibus-para-camacari-sao-tratados-em-video-institucional-do-municipio-como-turismo-predatorio\/","title":{"rendered":"Visitantes que v\u00eam de \u00f4nibus para Cama\u00e7ari s\u00e3o mal tratados, em v\u00eddeo institucional"},"content":{"rendered":"\n<p><\/p>\n\n\n\n<p>Pessoas que arriscam suas vidas, para virem de suas cidades visitar Cama\u00e7ari (BA), infelizmente s\u00e3o tratadas como poss\u00edveis turistas predat\u00f3rios em um v\u00eddeo institucional, que circula pela internet. (veja no link abaixo).&nbsp;<\/p>\n\n\n\n<p>O acidente que matou 25 pessoas no domingo (7), envolvendo um micro\u00f4nibus levando justamente um grupo de turistas do munic\u00edpio de Jacobina, que esteve no litoral de Cama\u00e7ari, ascende uma quest\u00e3o \u00e9tica. &nbsp;<\/p>\n\n\n\n<p>Como esses visitantes s\u00e3o tratados, quando chegam em nossa cidade? &nbsp;<\/p>\n\n\n\n<p>Como os motoristas desses \u00f4nibus s\u00e3o recebidos? &nbsp;<\/p>\n\n\n\n<p>Os motoristas possuem um acolhimento, um local adequado para poder descansar e depois levar os turistas de volta com seguran\u00e7a? &nbsp;<\/p>\n\n\n\n<p>Cama\u00e7ari n\u00e3o pode levantar\u00a0muros e nem cancelas a exemplo das que est\u00e3o sendo constru\u00eddas pela prefeitura em Guarajuba e Itacimirim. Cama\u00e7ari deve ser receptiva e agrad\u00e1vel, como a natureza \u00e9 com todos n\u00f3s.\u00a0<\/p>\n\n\n\n<p>Clique abaixo e veja o v\u00eddeo.<\/p>\n\n\n\n<p><a href=\"https:\/\/fb.watch\/ptiYQtLH8F\/\">https:\/\/fb.watch\/ptiYQtLH8F\/<\/a><\/p>\n\n\n\n<figure class=\"wp-block-image size-large\"><img loading=\"lazy\" decoding=\"async\" width=\"1024\" height=\"576\" src=\"https:\/\/compartilhabahia.com.br\/wp-content\/uploads\/2024\/01\/WhatsApp-Image-2024-01-09-at-15.35.35-1024x576.jpeg\" alt=\"\" class=\"wp-image-533\" srcset=\"https:\/\/compartilhabahia.com.br\/wp-content\/uploads\/2024\/01\/WhatsApp-Image-2024-01-09-at-15.35.35-1024x576.jpeg 1024w, https:\/\/compartilhabahia.com.br\/wp-content\/uploads\/2024\/01\/WhatsApp-Image-2024-01-09-at-15.35.35-300x169.jpeg 300w, https:\/\/compartilhabahia.com.br\/wp-content\/uploads\/2024\/01\/WhatsApp-Image-2024-01-09-at-15.35.35-768x432.jpeg 768w, https:\/\/compartilhabahia.com.br\/wp-content\/uploads\/2024\/01\/WhatsApp-Image-2024-01-09-at-15.35.35.jpeg 1366w\" sizes=\"auto, (max-width: 1024px) 100vw, 1024px\" \/><\/figure>\n","protected":false},"excerpt":{"rendered":"<p>Pessoas que arriscam suas vidas, para virem de suas cidades visitar Cama\u00e7ari (BA), infelizmente s\u00e3o tratadas como poss\u00edveis turistas predat\u00f3rios em um v\u00eddeo institucional, que circula pela internet. (veja no link abaixo).&nbsp; O acidente que matou 25 pessoas no domingo (7), envolvendo um micro\u00f4nibus levando justamente um grupo de turistas do munic\u00edpio de Jacobina, que [&hellip;]<\/p>\n","protected":false},"author":1,"featured_media":532,"comment_status":"open","ping_status":"open","sticky":false,"template":"","format":"standard","meta":{"footnotes":""},"categories":[8],"tags":[],"class_list":["post-531","post","type-post","status-publish","format-standard","has-post-thumbnail","hentry","category-camacari"],"yoast_head":"<!-- This site is optimized with the Yoast SEO plugin v21.7 - https:\/\/yoast.com\/wordpress\/plugins\/seo\/ -->\n<title>Visitantes que v\u00eam de \u00f4nibus para Cama\u00e7ari s\u00e3o mal tratados, em v\u00eddeo institucional - Compartilha Bahia<\/title>\n<meta name=\"robots\" content=\"index, follow, max-snippet:-1, max-image-preview:large, max-video-preview:-1\" \/>\n<link rel=\"canonical\" href=\"https:\/\/compartilhabahia.com.br\/index.php\/2024\/01\/09\/visitantes-que-vem-de-onibus-para-camacari-sao-tratados-em-video-institucional-do-municipio-como-turismo-predatorio\/\" \/>\n<meta property=\"og:locale\" content=\"pt_BR\" \/>\n<meta property=\"og:type\" content=\"article\" \/>\n<meta property=\"og:title\" content=\"Visitantes que v\u00eam de \u00f4nibus para Cama\u00e7ari s\u00e3o mal tratados, em v\u00eddeo institucional - Compartilha Bahia\" \/>\n<meta property=\"og:description\" content=\"Pessoas que arriscam suas vidas, para virem de suas cidades visitar Cama\u00e7ari (BA), infelizmente s\u00e3o tratadas como poss\u00edveis turistas predat\u00f3rios em um v\u00eddeo institucional, que circula pela internet. (veja no link abaixo).&nbsp; O acidente que matou 25 pessoas no domingo (7), envolvendo um micro\u00f4nibus levando justamente um grupo de turistas do munic\u00edpio de Jacobina, que [&hellip;]\" \/>\n<meta property=\"og:url\" content=\"https:\/\/compartilhabahia.com.br\/index.php\/2024\/01\/09\/visitantes-que-vem-de-onibus-para-camacari-sao-tratados-em-video-institucional-do-municipio-como-turismo-predatorio\/\" \/>\n<meta property=\"og:site_name\" content=\"Compartilha Bahia\" \/>\n<meta property=\"article:publisher\" content=\"https:\/\/web.facebook.com\/compartilhabahia\" \/>\n<meta property=\"article:published_time\" content=\"2024-01-09T18:38:03+00:00\" \/>\n<meta property=\"article:modified_time\" content=\"2024-01-09T18:39:43+00:00\" \/>\n<meta property=\"og:image\" content=\"https:\/\/compartilhabahia.com.br\/wp-content\/uploads\/2024\/01\/e630120f-3747-47fe-bf89-e40cb85e0006.jpg\" \/>\n\t<meta property=\"og:image:width\" content=\"1366\" \/>\n\t<meta property=\"og:image:height\" content=\"768\" \/>\n\t<meta property=\"og:image:type\" content=\"image\/jpeg\" \/>\n<meta name=\"author\" content=\"admin\" \/>\n<meta name=\"twitter:card\" content=\"summary_large_image\" \/>\n<meta name=\"twitter:label1\" content=\"Escrito por\" \/>\n\t<meta name=\"twitter:data1\" content=\"admin\" \/>\n\t<meta name=\"twitter:label2\" content=\"Est. tempo de leitura\" \/>\n\t<meta name=\"twitter:data2\" content=\"2 minutos\" \/>\n<script type=\"application\/ld+json\" class=\"yoast-schema-graph\">{\"@context\":\"https:\/\/schema.org\",\"@graph\":[{\"@type\":\"Article\",\"@id\":\"https:\/\/compartilhabahia.com.br\/index.php\/2024\/01\/09\/visitantes-que-vem-de-onibus-para-camacari-sao-tratados-em-video-institucional-do-municipio-como-turismo-predatorio\/#article\",\"isPartOf\":{\"@id\":\"https:\/\/compartilhabahia.com.br\/index.php\/2024\/01\/09\/visitantes-que-vem-de-onibus-para-camacari-sao-tratados-em-video-institucional-do-municipio-como-turismo-predatorio\/\"},\"author\":{\"name\":\"admin\",\"@id\":\"https:\/\/compartilhabahia.com.br\/#\/schema\/person\/9b4f0c3178793b8248d6686732521c04\"},\"headline\":\"Visitantes que v\u00eam de \u00f4nibus para Cama\u00e7ari s\u00e3o mal tratados, em v\u00eddeo institucional\",\"datePublished\":\"2024-01-09T18:38:03+00:00\",\"dateModified\":\"2024-01-09T18:39:43+00:00\",\"mainEntityOfPage\":{\"@id\":\"https:\/\/compartilhabahia.com.br\/index.php\/2024\/01\/09\/visitantes-que-vem-de-onibus-para-camacari-sao-tratados-em-video-institucional-do-municipio-como-turismo-predatorio\/\"},\"wordCount\":185,\"commentCount\":0,\"publisher\":{\"@id\":\"https:\/\/compartilhabahia.com.br\/#organization\"},\"articleSection\":[\"Cama\u00e7ari\"],\"inLanguage\":\"pt-BR\",\"potentialAction\":[{\"@type\":\"CommentAction\",\"name\":\"Comment\",\"target\":[\"https:\/\/compartilhabahia.com.br\/index.php\/2024\/01\/09\/visitantes-que-vem-de-onibus-para-camacari-sao-tratados-em-video-institucional-do-municipio-como-turismo-predatorio\/#respond\"]}]},{\"@type\":\"WebPage\",\"@id\":\"https:\/\/compartilhabahia.com.br\/index.php\/2024\/01\/09\/visitantes-que-vem-de-onibus-para-camacari-sao-tratados-em-video-institucional-do-municipio-como-turismo-predatorio\/\",\"url\":\"https:\/\/compartilhabahia.com.br\/index.php\/2024\/01\/09\/visitantes-que-vem-de-onibus-para-camacari-sao-tratados-em-video-institucional-do-municipio-como-turismo-predatorio\/\",\"name\":\"Visitantes que v\u00eam de \u00f4nibus para Cama\u00e7ari s\u00e3o mal tratados, em v\u00eddeo institucional - Compartilha Bahia\",\"isPartOf\":{\"@id\":\"https:\/\/compartilhabahia.com.br\/#website\"},\"datePublished\":\"2024-01-09T18:38:03+00:00\",\"dateModified\":\"2024-01-09T18:39:43+00:00\",\"breadcrumb\":{\"@id\":\"https:\/\/compartilhabahia.com.br\/index.php\/2024\/01\/09\/visitantes-que-vem-de-onibus-para-camacari-sao-tratados-em-video-institucional-do-municipio-como-turismo-predatorio\/#breadcrumb\"},\"inLanguage\":\"pt-BR\",\"potentialAction\":[{\"@type\":\"ReadAction\",\"target\":[\"https:\/\/compartilhabahia.com.br\/index.php\/2024\/01\/09\/visitantes-que-vem-de-onibus-para-camacari-sao-tratados-em-video-institucional-do-municipio-como-turismo-predatorio\/\"]}]},{\"@type\":\"BreadcrumbList\",\"@id\":\"https:\/\/compartilhabahia.com.br\/index.php\/2024\/01\/09\/visitantes-que-vem-de-onibus-para-camacari-sao-tratados-em-video-institucional-do-municipio-como-turismo-predatorio\/#breadcrumb\",\"itemListElement\":[{\"@type\":\"ListItem\",\"position\":1,\"name\":\"In\u00edcio\",\"item\":\"https:\/\/compartilhabahia.com.br\/\"},{\"@type\":\"ListItem\",\"position\":2,\"name\":\"Visitantes que v\u00eam de \u00f4nibus para Cama\u00e7ari s\u00e3o mal tratados, em v\u00eddeo institucional\"}]},{\"@type\":\"WebSite\",\"@id\":\"https:\/\/compartilhabahia.com.br\/#website\",\"url\":\"https:\/\/compartilhabahia.com.br\/\",\"name\":\"Compartilha Bahia\",\"description\":\"\",\"publisher\":{\"@id\":\"https:\/\/compartilhabahia.com.br\/#organization\"},\"potentialAction\":[{\"@type\":\"SearchAction\",\"target\":{\"@type\":\"EntryPoint\",\"urlTemplate\":\"https:\/\/compartilhabahia.com.br\/?s={search_term_string}\"},\"query-input\":\"required name=search_term_string\"}],\"inLanguage\":\"pt-BR\"},{\"@type\":\"Organization\",\"@id\":\"https:\/\/compartilhabahia.com.br\/#organization\",\"name\":\"Compartilha Bahia\",\"url\":\"https:\/\/compartilhabahia.com.br\/\",\"logo\":{\"@type\":\"ImageObject\",\"inLanguage\":\"pt-BR\",\"@id\":\"https:\/\/compartilhabahia.com.br\/#\/schema\/logo\/image\/\",\"url\":\"https:\/\/compartilhabahia.com.br\/wp-content\/uploads\/2023\/12\/cropped-logo.png\",\"contentUrl\":\"https:\/\/compartilhabahia.com.br\/wp-content\/uploads\/2023\/12\/cropped-logo.png\",\"width\":300,\"height\":106,\"caption\":\"Compartilha Bahia\"},\"image\":{\"@id\":\"https:\/\/compartilhabahia.com.br\/#\/schema\/logo\/image\/\"},\"sameAs\":[\"https:\/\/web.facebook.com\/compartilhabahia\",\"https:\/\/www.instagram.com\/compartilhabahia\/\"]},{\"@type\":\"Person\",\"@id\":\"https:\/\/compartilhabahia.com.br\/#\/schema\/person\/9b4f0c3178793b8248d6686732521c04\",\"name\":\"admin\",\"image\":{\"@type\":\"ImageObject\",\"inLanguage\":\"pt-BR\",\"@id\":\"https:\/\/compartilhabahia.com.br\/#\/schema\/person\/image\/\",\"url\":\"https:\/\/secure.gravatar.com\/avatar\/9600df58751c5acbe914c538c03390ef649ea088cb65f84ba09c7ce66988eed6?s=96&d=mm&r=g\",\"contentUrl\":\"https:\/\/secure.gravatar.com\/avatar\/9600df58751c5acbe914c538c03390ef649ea088cb65f84ba09c7ce66988eed6?s=96&d=mm&r=g\",\"caption\":\"admin\"},\"sameAs\":[\"https:\/\/compartilhabahia.com.br\"],\"url\":\"https:\/\/compartilhabahia.com.br\/index.php\/author\/compartilhabahia\/\"}]}<\/script>\n<!-- \/ Yoast SEO plugin. -->","yoast_head_json":{"title":"Visitantes que v\u00eam de \u00f4nibus para Cama\u00e7ari s\u00e3o mal tratados, em v\u00eddeo institucional - Compartilha Bahia","robots":{"index":"index","follow":"follow","max-snippet":"max-snippet:-1","max-image-preview":"max-image-preview:large","max-video-preview":"max-video-preview:-1"},"canonical":"https:\/\/compartilhabahia.com.br\/index.php\/2024\/01\/09\/visitantes-que-vem-de-onibus-para-camacari-sao-tratados-em-video-institucional-do-municipio-como-turismo-predatorio\/","og_locale":"pt_BR","og_type":"article","og_title":"Visitantes que v\u00eam de \u00f4nibus para Cama\u00e7ari s\u00e3o mal tratados, em v\u00eddeo institucional - Compartilha Bahia","og_description":"Pessoas que arriscam suas vidas, para virem de suas cidades visitar Cama\u00e7ari (BA), infelizmente s\u00e3o tratadas como poss\u00edveis turistas predat\u00f3rios em um v\u00eddeo institucional, que circula pela internet. (veja no link abaixo).&nbsp; O acidente que matou 25 pessoas no domingo (7), envolvendo um micro\u00f4nibus levando justamente um grupo de turistas do munic\u00edpio de Jacobina, que [&hellip;]","og_url":"https:\/\/compartilhabahia.com.br\/index.php\/2024\/01\/09\/visitantes-que-vem-de-onibus-para-camacari-sao-tratados-em-video-institucional-do-municipio-como-turismo-predatorio\/","og_site_name":"Compartilha Bahia","article_publisher":"https:\/\/web.facebook.com\/compartilhabahia","article_published_time":"2024-01-09T18:38:03+00:00","article_modified_time":"2024-01-09T18:39:43+00:00","og_image":[{"width":1366,"height":768,"url":"https:\/\/compartilhabahia.com.br\/wp-content\/uploads\/2024\/01\/e630120f-3747-47fe-bf89-e40cb85e0006.jpg","type":"image\/jpeg"}],"author":"admin","twitter_card":"summary_large_image","twitter_misc":{"Escrito por":"admin","Est. tempo de leitura":"2 minutos"},"schema":{"@context":"https:\/\/schema.org","@graph":[{"@type":"Article","@id":"https:\/\/compartilhabahia.com.br\/index.php\/2024\/01\/09\/visitantes-que-vem-de-onibus-para-camacari-sao-tratados-em-video-institucional-do-municipio-como-turismo-predatorio\/#article","isPartOf":{"@id":"https:\/\/compartilhabahia.com.br\/index.php\/2024\/01\/09\/visitantes-que-vem-de-onibus-para-camacari-sao-tratados-em-video-institucional-do-municipio-como-turismo-predatorio\/"},"author":{"name":"admin","@id":"https:\/\/compartilhabahia.com.br\/#\/schema\/person\/9b4f0c3178793b8248d6686732521c04"},"headline":"Visitantes que v\u00eam de \u00f4nibus para Cama\u00e7ari s\u00e3o mal tratados, em v\u00eddeo institucional","datePublished":"2024-01-09T18:38:03+00:00","dateModified":"2024-01-09T18:39:43+00:00","mainEntityOfPage":{"@id":"https:\/\/compartilhabahia.com.br\/index.php\/2024\/01\/09\/visitantes-que-vem-de-onibus-para-camacari-sao-tratados-em-video-institucional-do-municipio-como-turismo-predatorio\/"},"wordCount":185,"commentCount":0,"publisher":{"@id":"https:\/\/compartilhabahia.com.br\/#organization"},"articleSection":["Cama\u00e7ari"],"inLanguage":"pt-BR","potentialAction":[{"@type":"CommentAction","name":"Comment","target":["https:\/\/compartilhabahia.com.br\/index.php\/2024\/01\/09\/visitantes-que-vem-de-onibus-para-camacari-sao-tratados-em-video-institucional-do-municipio-como-turismo-predatorio\/#respond"]}]},{"@type":"WebPage","@id":"https:\/\/compartilhabahia.com.br\/index.php\/2024\/01\/09\/visitantes-que-vem-de-onibus-para-camacari-sao-tratados-em-video-institucional-do-municipio-como-turismo-predatorio\/","url":"https:\/\/compartilhabahia.com.br\/index.php\/2024\/01\/09\/visitantes-que-vem-de-onibus-para-camacari-sao-tratados-em-video-institucional-do-municipio-como-turismo-predatorio\/","name":"Visitantes que v\u00eam de \u00f4nibus para Cama\u00e7ari s\u00e3o mal tratados, em v\u00eddeo institucional - Compartilha Bahia","isPartOf":{"@id":"https:\/\/compartilhabahia.com.br\/#website"},"datePublished":"2024-01-09T18:38:03+00:00","dateModified":"2024-01-09T18:39:43+00:00","breadcrumb":{"@id":"https:\/\/compartilhabahia.com.br\/index.php\/2024\/01\/09\/visitantes-que-vem-de-onibus-para-camacari-sao-tratados-em-video-institucional-do-municipio-como-turismo-predatorio\/#breadcrumb"},"inLanguage":"pt-BR","potentialAction":[{"@type":"ReadAction","target":["https:\/\/compartilhabahia.com.br\/index.php\/2024\/01\/09\/visitantes-que-vem-de-onibus-para-camacari-sao-tratados-em-video-institucional-do-municipio-como-turismo-predatorio\/"]}]},{"@type":"BreadcrumbList","@id":"https:\/\/compartilhabahia.com.br\/index.php\/2024\/01\/09\/visitantes-que-vem-de-onibus-para-camacari-sao-tratados-em-video-institucional-do-municipio-como-turismo-predatorio\/#breadcrumb","itemListElement":[{"@type":"ListItem","position":1,"name":"In\u00edcio","item":"https:\/\/compartilhabahia.com.br\/"},{"@type":"ListItem","position":2,"name":"Visitantes que v\u00eam de \u00f4nibus para Cama\u00e7ari s\u00e3o mal tratados, em v\u00eddeo institucional"}]},{"@type":"WebSite","@id":"https:\/\/compartilhabahia.com.br\/#website","url":"https:\/\/compartilhabahia.com.br\/","name":"Compartilha Bahia","description":"","publisher":{"@id":"https:\/\/compartilhabahia.com.br\/#organization"},"potentialAction":[{"@type":"SearchAction","target":{"@type":"EntryPoint","urlTemplate":"https:\/\/compartilhabahia.com.br\/?s={search_term_string}"},"query-input":"required name=search_term_string"}],"inLanguage":"pt-BR"},{"@type":"Organization","@id":"https:\/\/compartilhabahia.com.br\/#organization","name":"Compartilha Bahia","url":"https:\/\/compartilhabahia.com.br\/","logo":{"@type":"ImageObject","inLanguage":"pt-BR","@id":"https:\/\/compartilhabahia.com.br\/#\/schema\/logo\/image\/","url":"https:\/\/compartilhabahia.com.br\/wp-content\/uploads\/2023\/12\/cropped-logo.png","contentUrl":"https:\/\/compartilhabahia.com.br\/wp-content\/uploads\/2023\/12\/cropped-logo.png","width":300,"height":106,"caption":"Compartilha Bahia"},"image":{"@id":"https:\/\/compartilhabahia.com.br\/#\/schema\/logo\/image\/"},"sameAs":["https:\/\/web.facebook.com\/compartilhabahia","https:\/\/www.instagram.com\/compartilhabahia\/"]},{"@type":"Person","@id":"https:\/\/compartilhabahia.com.br\/#\/schema\/person\/9b4f0c3178793b8248d6686732521c04","name":"admin","image":{"@type":"ImageObject","inLanguage":"pt-BR","@id":"https:\/\/compartilhabahia.com.br\/#\/schema\/person\/image\/","url":"https:\/\/secure.gravatar.com\/avatar\/9600df58751c5acbe914c538c03390ef649ea088cb65f84ba09c7ce66988eed6?s=96&d=mm&r=g","contentUrl":"https:\/\/secure.gravatar.com\/avatar\/9600df58751c5acbe914c538c03390ef649ea088cb65f84ba09c7ce66988eed6?s=96&d=mm&r=g","caption":"admin"},"sameAs":["https:\/\/compartilhabahia.com.br"],"url":"https:\/\/compartilhabahia.com.br\/index.php\/author\/compartilhabahia\/"}]}},"_links":{"self":[{"href":"https:\/\/compartilhabahia.com.br\/index.php\/wp-json\/wp\/v2\/posts\/531","targetHints":{"allow":["GET"]}}],"collection":[{"href":"https:\/\/compartilhabahia.com.br\/index.php\/wp-json\/wp\/v2\/posts"}],"about":[{"href":"https:\/\/compartilhabahia.com.br\/index.php\/wp-json\/wp\/v2\/types\/post"}],"author":[{"embeddable":true,"href":"https:\/\/compartilhabahia.com.br\/index.php\/wp-json\/wp\/v2\/users\/1"}],"replies":[{"embeddable":true,"href":"https:\/\/compartilhabahia.com.br\/index.php\/wp-json\/wp\/v2\/comments?post=531"}],"version-history":[{"count":2,"href":"https:\/\/compartilhabahia.com.br\/index.php\/wp-json\/wp\/v2\/posts\/531\/revisions"}],"predecessor-version":[{"id":535,"href":"https:\/\/compartilhabahia.com.br\/index.php\/wp-json\/wp\/v2\/posts\/531\/revisions\/535"}],"wp:featuredmedia":[{"embeddable":true,"href":"https:\/\/compartilhabahia.com.br\/index.php\/wp-json\/wp\/v2\/media\/532"}],"wp:attachment":[{"href":"https:\/\/compartilhabahia.com.br\/index.php\/wp-json\/wp\/v2\/media?parent=531"}],"wp:term":[{"taxonomy":"category","embeddable":true,"href":"https:\/\/compartilhabahia.com.br\/index.php\/wp-json\/wp\/v2\/categories?post=531"},{"taxonomy":"post_tag","embeddable":true,"href":"https:\/\/compartilhabahia.com.br\/index.php\/wp-json\/wp\/v2\/tags?post=531"}],"curies":[{"name":"wp","href":"https:\/\/api.w.org\/{rel}","templated":true}]}}