{"id":53,"date":"2023-12-15T10:24:13","date_gmt":"2023-12-15T10:24:13","guid":{"rendered":"https:\/\/compartilhabahia.com.br\/?p=53"},"modified":"2023-12-15T15:32:43","modified_gmt":"2023-12-15T15:32:43","slug":"em-sessao-ordinaria-marcada-por-manifestacoes-camara-aprova-loa-2024-pddu-s-e-codigos-municipais","status":"publish","type":"post","link":"https:\/\/compartilhabahia.com.br\/index.php\/2023\/12\/15\/em-sessao-ordinaria-marcada-por-manifestacoes-camara-aprova-loa-2024-pddu-s-e-codigos-municipais\/","title":{"rendered":"Em sess\u00e3o ordin\u00e1ria marcada por manifesta\u00e7\u00f5es, C\u00e2mara aprova LOA 2024, PDDU-S e c\u00f3digos municipais"},"content":{"rendered":"\n<figure class=\"wp-block-image size-large\"><img loading=\"lazy\" decoding=\"async\" width=\"1024\" height=\"576\" src=\"https:\/\/compartilhabahia.com.br\/wp-content\/uploads\/2023\/12\/WhatsApp-Image-2023-12-14-at-14.41.58-1024x576.jpeg\" alt=\"\" class=\"wp-image-54\" srcset=\"https:\/\/compartilhabahia.com.br\/wp-content\/uploads\/2023\/12\/WhatsApp-Image-2023-12-14-at-14.41.58-1024x576.jpeg 1024w, https:\/\/compartilhabahia.com.br\/wp-content\/uploads\/2023\/12\/WhatsApp-Image-2023-12-14-at-14.41.58-300x169.jpeg 300w, https:\/\/compartilhabahia.com.br\/wp-content\/uploads\/2023\/12\/WhatsApp-Image-2023-12-14-at-14.41.58-768x432.jpeg 768w, https:\/\/compartilhabahia.com.br\/wp-content\/uploads\/2023\/12\/WhatsApp-Image-2023-12-14-at-14.41.58.jpeg 1280w\" sizes=\"auto, (max-width: 1024px) 100vw, 1024px\" \/><\/figure>\n\n\n\n<p>Na manh\u00e3 desta quinta-feira (14\/12), a C\u00e2mara de Cama\u00e7ari realizou a 31\u00aa Sess\u00e3o Ordin\u00e1ria, marcada por grande presen\u00e7a de p\u00fablico em plen\u00e1rio. A sess\u00e3o foi iniciada no modelo presencial e, por causa de manifesta\u00e7\u00f5es realizadas contra a aprova\u00e7\u00e3o de projetos contidos na pauta, precisou ser interrompida. Sua continuidade s\u00f3 foi poss\u00edvel depois de ser convertida no formato virtual, garantindo a integridade de parlamentares e popula\u00e7\u00e3o presentes.<\/p>\n\n\n\n<p>Ainda enquanto acontecia com a presen\u00e7a dos vereadores em plen\u00e1rio, foi lida a Proposta de Emenda \u00e0 Lei Org\u00e2nica No 004\/2023 e encaminhada para an\u00e1lise da Comiss\u00e3o de Constitui\u00e7\u00e3o e Justi\u00e7a. Em primeiro turno, foi aprovado o Projeto de Lei do Executivo No 1153\/2023, que prev\u00ea redu\u00e7\u00e3o na base de c\u00e1lculo de IPTU. J\u00e1 em segundo turno foi aprovado o Projeto de Lei Complementar No 1147\/2023, tamb\u00e9m de autoria do Executivo, que trata do Plano Diretor de Desenvolvimento Urbano Sustent\u00e1vel (PDDU-S). O projeto recebeu 14 votos a favor e tr\u00eas votos contr\u00e1rios, estes dos vereadores da Bancada da Oposi\u00e7\u00e3o, Dentinho do Sindicato (PT), Tagner (PT) e Vavau (PSB). Foi a aprova\u00e7\u00e3o deste projeto que deu origem \u00e0 manifesta\u00e7\u00e3o contr\u00e1ria de pessoas presentes no plen\u00e1rio, culminando na suspens\u00e3o da sess\u00e3o.<\/p>\n\n\n\n<p>Ap\u00f3s a sess\u00e3o ser retomada, agora em modelo virtual, foram aprovados pela maioria os projetos de lei complementar N\u00ba 1148\/2023, que trata do C\u00f3digo Urban\u00edstico; N\u00ba1149\/2023, que institui o C\u00f3digo de Meio Ambiente; e o N\u00ba1150\/2023, que trata do C\u00f3digo de Obras e Edifica\u00e7\u00f5es do Munic\u00edpio. Ainda em pauta, foram aprovadas outras mat\u00e9rias, dentre elas uma que trata do or\u00e7amento municipal para o pr\u00f3ximo ano. O Projeto de Lei No 1143\/2023, que trata da Lei Or\u00e7ament\u00e1ria Anual (LOA) 2024 foi aprovado, desta vez por unanimidade. Ainda na lista estiveram projetos de autoria do Poder Legislativo, sendo eles o PL N\u00ba082\/2023, que apresenta nova estrutura, consolida a carreira e estabelece compet\u00eancias para a Procuradoria da C\u00e2mara Municipal e o PL N\u00ba083\/2023, que estabelece o aux\u00edlio-sa\u00fade para os servidores da C\u00e2mara Municipal.<\/p>\n\n\n\n<p>Os trabalhos foram conduzidos pelo vice-presidente da Casa, vereador Niltinho (PSDB), que destacou a import\u00e2ncia das mat\u00e9rias aprovadas pelos parlamentares. \u201cEsta \u00e9 uma Casa aberta \u00e0 participa\u00e7\u00e3o popular, uma Casa que trabalha com transpar\u00eancia e compromisso com a cidade. Os projetos aprovados hoje s\u00e3o fundamentais para melhorar a vida das pessoas e garantir o crescimento sustent\u00e1vel da nossa cidade. Contamos com a participa\u00e7\u00e3o da popula\u00e7\u00e3o em todo o processo de debate dos projetos, especialmente o projeto do PDDU-S, que contemplou diversas audi\u00eancias p\u00fablicas feitas pelo Executivo e tamb\u00e9m aqui na C\u00e2mara. Tudo isso garantindo a presen\u00e7a da comunidade e decidindo com a popula\u00e7\u00e3o o melhor caminho para Cama\u00e7ari\u201d, afirmou o vereador.<\/p>\n\n\n\n<p>A Bancada da Oposi\u00e7\u00e3o posicionou-se contra a realiza\u00e7\u00e3o da sess\u00e3o virtual, informando que n\u00e3o participaram da mesma por n\u00e3o permitir a participa\u00e7\u00e3o da comunidade. \u201cO povo ocupou a C\u00e2mara hoje porque discorda do formato em que o PDDU foi discutido. Este debate deveria ter feito garantindo maior participa\u00e7\u00e3o popular na discuss\u00e3o de uma mat\u00e9ria t\u00e3o importante para a cidade. O PDDU \u00e9 para definir o futuro da cidade e precisa contar com a participa\u00e7\u00e3o de diversos segmentos, zona rural, segmentos organizados, popula\u00e7\u00e3o em geral\u201d, pontuou o vereador Tagner (PT).<\/p>\n\n\n\n<p>Ap\u00f3s a sess\u00e3o ordin\u00e1ria, foi realizada ainda uma sess\u00e3o extraordin\u00e1ria, tamb\u00e9m em formato virtual, na qual foi aprovado em segundo turno o Projeto de Lei do Executivo No 1153\/2023, que prev\u00ea redu\u00e7\u00e3o na base de c\u00e1lculo de IPTU.<\/p>\n\n\n\n\n\n\n","protected":false},"excerpt":{"rendered":"<p>Na manh\u00e3 desta quinta-feira (14\/12), a C\u00e2mara de Cama\u00e7ari realizou a 31\u00aa Sess\u00e3o Ordin\u00e1ria, marcada por grande presen\u00e7a de p\u00fablico em plen\u00e1rio. A sess\u00e3o foi iniciada no modelo presencial e, por causa de manifesta\u00e7\u00f5es realizadas contra a aprova\u00e7\u00e3o de projetos contidos na pauta, precisou ser interrompida. Sua continuidade s\u00f3 foi poss\u00edvel depois de ser convertida [&hellip;]<\/p>\n","protected":false},"author":1,"featured_media":54,"comment_status":"open","ping_status":"open","sticky":false,"template":"","format":"standard","meta":{"footnotes":""},"categories":[1],"tags":[],"class_list":["post-53","post","type-post","status-publish","format-standard","has-post-thumbnail","hentry","category-mundo"],"yoast_head":"<!-- This site is optimized with the Yoast SEO plugin v21.7 - https:\/\/yoast.com\/wordpress\/plugins\/seo\/ -->\n<title>Em sess\u00e3o ordin\u00e1ria marcada por manifesta\u00e7\u00f5es, C\u00e2mara aprova LOA 2024, PDDU-S e c\u00f3digos municipais - Compartilha Bahia<\/title>\n<meta name=\"robots\" content=\"index, follow, max-snippet:-1, max-image-preview:large, max-video-preview:-1\" \/>\n<link rel=\"canonical\" href=\"https:\/\/compartilhabahia.com.br\/index.php\/2023\/12\/15\/em-sessao-ordinaria-marcada-por-manifestacoes-camara-aprova-loa-2024-pddu-s-e-codigos-municipais\/\" \/>\n<meta property=\"og:locale\" content=\"pt_BR\" \/>\n<meta property=\"og:type\" content=\"article\" \/>\n<meta property=\"og:title\" content=\"Em sess\u00e3o ordin\u00e1ria marcada por manifesta\u00e7\u00f5es, C\u00e2mara aprova LOA 2024, PDDU-S e c\u00f3digos municipais - Compartilha Bahia\" \/>\n<meta property=\"og:description\" content=\"Na manh\u00e3 desta quinta-feira (14\/12), a C\u00e2mara de Cama\u00e7ari realizou a 31\u00aa Sess\u00e3o Ordin\u00e1ria, marcada por grande presen\u00e7a de p\u00fablico em plen\u00e1rio. A sess\u00e3o foi iniciada no modelo presencial e, por causa de manifesta\u00e7\u00f5es realizadas contra a aprova\u00e7\u00e3o de projetos contidos na pauta, precisou ser interrompida. Sua continuidade s\u00f3 foi poss\u00edvel depois de ser convertida [&hellip;]\" \/>\n<meta property=\"og:url\" content=\"https:\/\/compartilhabahia.com.br\/index.php\/2023\/12\/15\/em-sessao-ordinaria-marcada-por-manifestacoes-camara-aprova-loa-2024-pddu-s-e-codigos-municipais\/\" \/>\n<meta property=\"og:site_name\" content=\"Compartilha Bahia\" \/>\n<meta property=\"article:publisher\" content=\"https:\/\/web.facebook.com\/compartilhabahia\" \/>\n<meta property=\"article:published_time\" content=\"2023-12-15T10:24:13+00:00\" \/>\n<meta property=\"article:modified_time\" content=\"2023-12-15T15:32:43+00:00\" \/>\n<meta property=\"og:image\" content=\"https:\/\/compartilhabahia.com.br\/wp-content\/uploads\/2023\/12\/WhatsApp-Image-2023-12-14-at-14.41.58.jpeg\" \/>\n\t<meta property=\"og:image:width\" content=\"1280\" \/>\n\t<meta property=\"og:image:height\" content=\"720\" \/>\n\t<meta property=\"og:image:type\" content=\"image\/jpeg\" \/>\n<meta name=\"author\" content=\"admin\" \/>\n<meta name=\"twitter:card\" content=\"summary_large_image\" \/>\n<meta name=\"twitter:label1\" content=\"Escrito por\" \/>\n\t<meta name=\"twitter:data1\" content=\"admin\" \/>\n\t<meta name=\"twitter:label2\" content=\"Est. tempo de leitura\" \/>\n\t<meta name=\"twitter:data2\" content=\"3 minutos\" \/>\n<script type=\"application\/ld+json\" class=\"yoast-schema-graph\">{\"@context\":\"https:\/\/schema.org\",\"@graph\":[{\"@type\":\"Article\",\"@id\":\"https:\/\/compartilhabahia.com.br\/index.php\/2023\/12\/15\/em-sessao-ordinaria-marcada-por-manifestacoes-camara-aprova-loa-2024-pddu-s-e-codigos-municipais\/#article\",\"isPartOf\":{\"@id\":\"https:\/\/compartilhabahia.com.br\/index.php\/2023\/12\/15\/em-sessao-ordinaria-marcada-por-manifestacoes-camara-aprova-loa-2024-pddu-s-e-codigos-municipais\/\"},\"author\":{\"name\":\"admin\",\"@id\":\"https:\/\/compartilhabahia.com.br\/#\/schema\/person\/9b4f0c3178793b8248d6686732521c04\"},\"headline\":\"Em sess\u00e3o ordin\u00e1ria marcada por manifesta\u00e7\u00f5es, C\u00e2mara aprova LOA 2024, PDDU-S e c\u00f3digos municipais\",\"datePublished\":\"2023-12-15T10:24:13+00:00\",\"dateModified\":\"2023-12-15T15:32:43+00:00\",\"mainEntityOfPage\":{\"@id\":\"https:\/\/compartilhabahia.com.br\/index.php\/2023\/12\/15\/em-sessao-ordinaria-marcada-por-manifestacoes-camara-aprova-loa-2024-pddu-s-e-codigos-municipais\/\"},\"wordCount\":652,\"commentCount\":0,\"publisher\":{\"@id\":\"https:\/\/compartilhabahia.com.br\/#organization\"},\"articleSection\":[\"Mundo\"],\"inLanguage\":\"pt-BR\",\"potentialAction\":[{\"@type\":\"CommentAction\",\"name\":\"Comment\",\"target\":[\"https:\/\/compartilhabahia.com.br\/index.php\/2023\/12\/15\/em-sessao-ordinaria-marcada-por-manifestacoes-camara-aprova-loa-2024-pddu-s-e-codigos-municipais\/#respond\"]}]},{\"@type\":\"WebPage\",\"@id\":\"https:\/\/compartilhabahia.com.br\/index.php\/2023\/12\/15\/em-sessao-ordinaria-marcada-por-manifestacoes-camara-aprova-loa-2024-pddu-s-e-codigos-municipais\/\",\"url\":\"https:\/\/compartilhabahia.com.br\/index.php\/2023\/12\/15\/em-sessao-ordinaria-marcada-por-manifestacoes-camara-aprova-loa-2024-pddu-s-e-codigos-municipais\/\",\"name\":\"Em sess\u00e3o ordin\u00e1ria marcada por manifesta\u00e7\u00f5es, C\u00e2mara aprova LOA 2024, PDDU-S e c\u00f3digos municipais - Compartilha Bahia\",\"isPartOf\":{\"@id\":\"https:\/\/compartilhabahia.com.br\/#website\"},\"datePublished\":\"2023-12-15T10:24:13+00:00\",\"dateModified\":\"2023-12-15T15:32:43+00:00\",\"breadcrumb\":{\"@id\":\"https:\/\/compartilhabahia.com.br\/index.php\/2023\/12\/15\/em-sessao-ordinaria-marcada-por-manifestacoes-camara-aprova-loa-2024-pddu-s-e-codigos-municipais\/#breadcrumb\"},\"inLanguage\":\"pt-BR\",\"potentialAction\":[{\"@type\":\"ReadAction\",\"target\":[\"https:\/\/compartilhabahia.com.br\/index.php\/2023\/12\/15\/em-sessao-ordinaria-marcada-por-manifestacoes-camara-aprova-loa-2024-pddu-s-e-codigos-municipais\/\"]}]},{\"@type\":\"BreadcrumbList\",\"@id\":\"https:\/\/compartilhabahia.com.br\/index.php\/2023\/12\/15\/em-sessao-ordinaria-marcada-por-manifestacoes-camara-aprova-loa-2024-pddu-s-e-codigos-municipais\/#breadcrumb\",\"itemListElement\":[{\"@type\":\"ListItem\",\"position\":1,\"name\":\"In\u00edcio\",\"item\":\"https:\/\/compartilhabahia.com.br\/\"},{\"@type\":\"ListItem\",\"position\":2,\"name\":\"Em sess\u00e3o ordin\u00e1ria marcada por manifesta\u00e7\u00f5es, C\u00e2mara aprova LOA 2024, PDDU-S e c\u00f3digos municipais\"}]},{\"@type\":\"WebSite\",\"@id\":\"https:\/\/compartilhabahia.com.br\/#website\",\"url\":\"https:\/\/compartilhabahia.com.br\/\",\"name\":\"Compartilha Bahia\",\"description\":\"\",\"publisher\":{\"@id\":\"https:\/\/compartilhabahia.com.br\/#organization\"},\"potentialAction\":[{\"@type\":\"SearchAction\",\"target\":{\"@type\":\"EntryPoint\",\"urlTemplate\":\"https:\/\/compartilhabahia.com.br\/?s={search_term_string}\"},\"query-input\":\"required name=search_term_string\"}],\"inLanguage\":\"pt-BR\"},{\"@type\":\"Organization\",\"@id\":\"https:\/\/compartilhabahia.com.br\/#organization\",\"name\":\"Compartilha Bahia\",\"url\":\"https:\/\/compartilhabahia.com.br\/\",\"logo\":{\"@type\":\"ImageObject\",\"inLanguage\":\"pt-BR\",\"@id\":\"https:\/\/compartilhabahia.com.br\/#\/schema\/logo\/image\/\",\"url\":\"https:\/\/compartilhabahia.com.br\/wp-content\/uploads\/2023\/12\/cropped-logo.png\",\"contentUrl\":\"https:\/\/compartilhabahia.com.br\/wp-content\/uploads\/2023\/12\/cropped-logo.png\",\"width\":300,\"height\":106,\"caption\":\"Compartilha Bahia\"},\"image\":{\"@id\":\"https:\/\/compartilhabahia.com.br\/#\/schema\/logo\/image\/\"},\"sameAs\":[\"https:\/\/web.facebook.com\/compartilhabahia\",\"https:\/\/www.instagram.com\/compartilhabahia\/\"]},{\"@type\":\"Person\",\"@id\":\"https:\/\/compartilhabahia.com.br\/#\/schema\/person\/9b4f0c3178793b8248d6686732521c04\",\"name\":\"admin\",\"image\":{\"@type\":\"ImageObject\",\"inLanguage\":\"pt-BR\",\"@id\":\"https:\/\/compartilhabahia.com.br\/#\/schema\/person\/image\/\",\"url\":\"https:\/\/secure.gravatar.com\/avatar\/9600df58751c5acbe914c538c03390ef649ea088cb65f84ba09c7ce66988eed6?s=96&d=mm&r=g\",\"contentUrl\":\"https:\/\/secure.gravatar.com\/avatar\/9600df58751c5acbe914c538c03390ef649ea088cb65f84ba09c7ce66988eed6?s=96&d=mm&r=g\",\"caption\":\"admin\"},\"sameAs\":[\"https:\/\/compartilhabahia.com.br\"],\"url\":\"https:\/\/compartilhabahia.com.br\/index.php\/author\/compartilhabahia\/\"}]}<\/script>\n<!-- \/ Yoast SEO plugin. -->","yoast_head_json":{"title":"Em sess\u00e3o ordin\u00e1ria marcada por manifesta\u00e7\u00f5es, C\u00e2mara aprova LOA 2024, PDDU-S e c\u00f3digos municipais - Compartilha Bahia","robots":{"index":"index","follow":"follow","max-snippet":"max-snippet:-1","max-image-preview":"max-image-preview:large","max-video-preview":"max-video-preview:-1"},"canonical":"https:\/\/compartilhabahia.com.br\/index.php\/2023\/12\/15\/em-sessao-ordinaria-marcada-por-manifestacoes-camara-aprova-loa-2024-pddu-s-e-codigos-municipais\/","og_locale":"pt_BR","og_type":"article","og_title":"Em sess\u00e3o ordin\u00e1ria marcada por manifesta\u00e7\u00f5es, C\u00e2mara aprova LOA 2024, PDDU-S e c\u00f3digos municipais - Compartilha Bahia","og_description":"Na manh\u00e3 desta quinta-feira (14\/12), a C\u00e2mara de Cama\u00e7ari realizou a 31\u00aa Sess\u00e3o Ordin\u00e1ria, marcada por grande presen\u00e7a de p\u00fablico em plen\u00e1rio. A sess\u00e3o foi iniciada no modelo presencial e, por causa de manifesta\u00e7\u00f5es realizadas contra a aprova\u00e7\u00e3o de projetos contidos na pauta, precisou ser interrompida. Sua continuidade s\u00f3 foi poss\u00edvel depois de ser convertida [&hellip;]","og_url":"https:\/\/compartilhabahia.com.br\/index.php\/2023\/12\/15\/em-sessao-ordinaria-marcada-por-manifestacoes-camara-aprova-loa-2024-pddu-s-e-codigos-municipais\/","og_site_name":"Compartilha Bahia","article_publisher":"https:\/\/web.facebook.com\/compartilhabahia","article_published_time":"2023-12-15T10:24:13+00:00","article_modified_time":"2023-12-15T15:32:43+00:00","og_image":[{"width":1280,"height":720,"url":"https:\/\/compartilhabahia.com.br\/wp-content\/uploads\/2023\/12\/WhatsApp-Image-2023-12-14-at-14.41.58.jpeg","type":"image\/jpeg"}],"author":"admin","twitter_card":"summary_large_image","twitter_misc":{"Escrito por":"admin","Est. tempo de leitura":"3 minutos"},"schema":{"@context":"https:\/\/schema.org","@graph":[{"@type":"Article","@id":"https:\/\/compartilhabahia.com.br\/index.php\/2023\/12\/15\/em-sessao-ordinaria-marcada-por-manifestacoes-camara-aprova-loa-2024-pddu-s-e-codigos-municipais\/#article","isPartOf":{"@id":"https:\/\/compartilhabahia.com.br\/index.php\/2023\/12\/15\/em-sessao-ordinaria-marcada-por-manifestacoes-camara-aprova-loa-2024-pddu-s-e-codigos-municipais\/"},"author":{"name":"admin","@id":"https:\/\/compartilhabahia.com.br\/#\/schema\/person\/9b4f0c3178793b8248d6686732521c04"},"headline":"Em sess\u00e3o ordin\u00e1ria marcada por manifesta\u00e7\u00f5es, C\u00e2mara aprova LOA 2024, PDDU-S e c\u00f3digos municipais","datePublished":"2023-12-15T10:24:13+00:00","dateModified":"2023-12-15T15:32:43+00:00","mainEntityOfPage":{"@id":"https:\/\/compartilhabahia.com.br\/index.php\/2023\/12\/15\/em-sessao-ordinaria-marcada-por-manifestacoes-camara-aprova-loa-2024-pddu-s-e-codigos-municipais\/"},"wordCount":652,"commentCount":0,"publisher":{"@id":"https:\/\/compartilhabahia.com.br\/#organization"},"articleSection":["Mundo"],"inLanguage":"pt-BR","potentialAction":[{"@type":"CommentAction","name":"Comment","target":["https:\/\/compartilhabahia.com.br\/index.php\/2023\/12\/15\/em-sessao-ordinaria-marcada-por-manifestacoes-camara-aprova-loa-2024-pddu-s-e-codigos-municipais\/#respond"]}]},{"@type":"WebPage","@id":"https:\/\/compartilhabahia.com.br\/index.php\/2023\/12\/15\/em-sessao-ordinaria-marcada-por-manifestacoes-camara-aprova-loa-2024-pddu-s-e-codigos-municipais\/","url":"https:\/\/compartilhabahia.com.br\/index.php\/2023\/12\/15\/em-sessao-ordinaria-marcada-por-manifestacoes-camara-aprova-loa-2024-pddu-s-e-codigos-municipais\/","name":"Em sess\u00e3o ordin\u00e1ria marcada por manifesta\u00e7\u00f5es, C\u00e2mara aprova LOA 2024, PDDU-S e c\u00f3digos municipais - Compartilha Bahia","isPartOf":{"@id":"https:\/\/compartilhabahia.com.br\/#website"},"datePublished":"2023-12-15T10:24:13+00:00","dateModified":"2023-12-15T15:32:43+00:00","breadcrumb":{"@id":"https:\/\/compartilhabahia.com.br\/index.php\/2023\/12\/15\/em-sessao-ordinaria-marcada-por-manifestacoes-camara-aprova-loa-2024-pddu-s-e-codigos-municipais\/#breadcrumb"},"inLanguage":"pt-BR","potentialAction":[{"@type":"ReadAction","target":["https:\/\/compartilhabahia.com.br\/index.php\/2023\/12\/15\/em-sessao-ordinaria-marcada-por-manifestacoes-camara-aprova-loa-2024-pddu-s-e-codigos-municipais\/"]}]},{"@type":"BreadcrumbList","@id":"https:\/\/compartilhabahia.com.br\/index.php\/2023\/12\/15\/em-sessao-ordinaria-marcada-por-manifestacoes-camara-aprova-loa-2024-pddu-s-e-codigos-municipais\/#breadcrumb","itemListElement":[{"@type":"ListItem","position":1,"name":"In\u00edcio","item":"https:\/\/compartilhabahia.com.br\/"},{"@type":"ListItem","position":2,"name":"Em sess\u00e3o ordin\u00e1ria marcada por manifesta\u00e7\u00f5es, C\u00e2mara aprova LOA 2024, PDDU-S e c\u00f3digos municipais"}]},{"@type":"WebSite","@id":"https:\/\/compartilhabahia.com.br\/#website","url":"https:\/\/compartilhabahia.com.br\/","name":"Compartilha Bahia","description":"","publisher":{"@id":"https:\/\/compartilhabahia.com.br\/#organization"},"potentialAction":[{"@type":"SearchAction","target":{"@type":"EntryPoint","urlTemplate":"https:\/\/compartilhabahia.com.br\/?s={search_term_string}"},"query-input":"required name=search_term_string"}],"inLanguage":"pt-BR"},{"@type":"Organization","@id":"https:\/\/compartilhabahia.com.br\/#organization","name":"Compartilha Bahia","url":"https:\/\/compartilhabahia.com.br\/","logo":{"@type":"ImageObject","inLanguage":"pt-BR","@id":"https:\/\/compartilhabahia.com.br\/#\/schema\/logo\/image\/","url":"https:\/\/compartilhabahia.com.br\/wp-content\/uploads\/2023\/12\/cropped-logo.png","contentUrl":"https:\/\/compartilhabahia.com.br\/wp-content\/uploads\/2023\/12\/cropped-logo.png","width":300,"height":106,"caption":"Compartilha Bahia"},"image":{"@id":"https:\/\/compartilhabahia.com.br\/#\/schema\/logo\/image\/"},"sameAs":["https:\/\/web.facebook.com\/compartilhabahia","https:\/\/www.instagram.com\/compartilhabahia\/"]},{"@type":"Person","@id":"https:\/\/compartilhabahia.com.br\/#\/schema\/person\/9b4f0c3178793b8248d6686732521c04","name":"admin","image":{"@type":"ImageObject","inLanguage":"pt-BR","@id":"https:\/\/compartilhabahia.com.br\/#\/schema\/person\/image\/","url":"https:\/\/secure.gravatar.com\/avatar\/9600df58751c5acbe914c538c03390ef649ea088cb65f84ba09c7ce66988eed6?s=96&d=mm&r=g","contentUrl":"https:\/\/secure.gravatar.com\/avatar\/9600df58751c5acbe914c538c03390ef649ea088cb65f84ba09c7ce66988eed6?s=96&d=mm&r=g","caption":"admin"},"sameAs":["https:\/\/compartilhabahia.com.br"],"url":"https:\/\/compartilhabahia.com.br\/index.php\/author\/compartilhabahia\/"}]}},"_links":{"self":[{"href":"https:\/\/compartilhabahia.com.br\/index.php\/wp-json\/wp\/v2\/posts\/53","targetHints":{"allow":["GET"]}}],"collection":[{"href":"https:\/\/compartilhabahia.com.br\/index.php\/wp-json\/wp\/v2\/posts"}],"about":[{"href":"https:\/\/compartilhabahia.com.br\/index.php\/wp-json\/wp\/v2\/types\/post"}],"author":[{"embeddable":true,"href":"https:\/\/compartilhabahia.com.br\/index.php\/wp-json\/wp\/v2\/users\/1"}],"replies":[{"embeddable":true,"href":"https:\/\/compartilhabahia.com.br\/index.php\/wp-json\/wp\/v2\/comments?post=53"}],"version-history":[{"count":1,"href":"https:\/\/compartilhabahia.com.br\/index.php\/wp-json\/wp\/v2\/posts\/53\/revisions"}],"predecessor-version":[{"id":55,"href":"https:\/\/compartilhabahia.com.br\/index.php\/wp-json\/wp\/v2\/posts\/53\/revisions\/55"}],"wp:featuredmedia":[{"embeddable":true,"href":"https:\/\/compartilhabahia.com.br\/index.php\/wp-json\/wp\/v2\/media\/54"}],"wp:attachment":[{"href":"https:\/\/compartilhabahia.com.br\/index.php\/wp-json\/wp\/v2\/media?parent=53"}],"wp:term":[{"taxonomy":"category","embeddable":true,"href":"https:\/\/compartilhabahia.com.br\/index.php\/wp-json\/wp\/v2\/categories?post=53"},{"taxonomy":"post_tag","embeddable":true,"href":"https:\/\/compartilhabahia.com.br\/index.php\/wp-json\/wp\/v2\/tags?post=53"}],"curies":[{"name":"wp","href":"https:\/\/api.w.org\/{rel}","templated":true}]}}