{"id":5277,"date":"2025-02-10T13:39:04","date_gmt":"2025-02-10T13:39:04","guid":{"rendered":"https:\/\/compartilhabahia.com.br\/?p=5277"},"modified":"2025-02-10T13:39:06","modified_gmt":"2025-02-10T13:39:06","slug":"apos-tres-dias-de-buscas-jovem-e-encontrado-morto-com-marcas-de-tiros-em-camacari","status":"publish","type":"post","link":"https:\/\/compartilhabahia.com.br\/index.php\/2025\/02\/10\/apos-tres-dias-de-buscas-jovem-e-encontrado-morto-com-marcas-de-tiros-em-camacari\/","title":{"rendered":"Ap\u00f3s tr\u00eas dias de buscas jovem \u00e9 encontrado morto com marcas de tiros em Cama\u00e7ari"},"content":{"rendered":"\n<p>Cristian Luan, 16 anos, desaparecido h\u00e1 tr\u00eas dias da regi\u00e3o da Rua Maria Meire (Nova Vit\u00f3ria), em Cama\u00e7ari, foi encontrado morto as margens da Estrada da Biribeira, neste domingo (09). No corpo haviam marcas de tiros.<\/p>\n\n\n\n<p>A pol\u00edcia investiga o caso, mas at\u00e9 o momento n\u00e3o foi divulgado maiores informa\u00e7\u00f5es sobre a autoria e nem sobre a motiva\u00e7\u00e3o do crime.<\/p>\n","protected":false},"excerpt":{"rendered":"<p>Cristian Luan, 16 anos, desaparecido h\u00e1 tr\u00eas dias da regi\u00e3o da Rua Maria Meire (Nova Vit\u00f3ria), em Cama\u00e7ari, foi encontrado morto as margens da Estrada da Biribeira, neste domingo (09). No corpo haviam marcas de tiros. A pol\u00edcia investiga o caso, mas at\u00e9 o momento n\u00e3o foi divulgado maiores informa\u00e7\u00f5es sobre a autoria e nem [&hellip;]<\/p>\n","protected":false},"author":1,"featured_media":5278,"comment_status":"open","ping_status":"open","sticky":false,"template":"","format":"standard","meta":{"footnotes":""},"categories":[8],"tags":[],"class_list":["post-5277","post","type-post","status-publish","format-standard","has-post-thumbnail","hentry","category-camacari"],"yoast_head":"<!-- This site is optimized with the Yoast SEO plugin v21.7 - https:\/\/yoast.com\/wordpress\/plugins\/seo\/ -->\n<title>Ap\u00f3s tr\u00eas dias de buscas jovem \u00e9 encontrado morto com marcas de tiros em Cama\u00e7ari - Compartilha Bahia<\/title>\n<meta name=\"robots\" content=\"index, follow, max-snippet:-1, max-image-preview:large, max-video-preview:-1\" \/>\n<link rel=\"canonical\" href=\"https:\/\/compartilhabahia.com.br\/index.php\/2025\/02\/10\/apos-tres-dias-de-buscas-jovem-e-encontrado-morto-com-marcas-de-tiros-em-camacari\/\" \/>\n<meta property=\"og:locale\" content=\"pt_BR\" \/>\n<meta property=\"og:type\" content=\"article\" \/>\n<meta property=\"og:title\" content=\"Ap\u00f3s tr\u00eas dias de buscas jovem \u00e9 encontrado morto com marcas de tiros em Cama\u00e7ari - Compartilha Bahia\" \/>\n<meta property=\"og:description\" content=\"Cristian Luan, 16 anos, desaparecido h\u00e1 tr\u00eas dias da regi\u00e3o da Rua Maria Meire (Nova Vit\u00f3ria), em Cama\u00e7ari, foi encontrado morto as margens da Estrada da Biribeira, neste domingo (09). No corpo haviam marcas de tiros. A pol\u00edcia investiga o caso, mas at\u00e9 o momento n\u00e3o foi divulgado maiores informa\u00e7\u00f5es sobre a autoria e nem [&hellip;]\" \/>\n<meta property=\"og:url\" content=\"https:\/\/compartilhabahia.com.br\/index.php\/2025\/02\/10\/apos-tres-dias-de-buscas-jovem-e-encontrado-morto-com-marcas-de-tiros-em-camacari\/\" \/>\n<meta property=\"og:site_name\" content=\"Compartilha Bahia\" \/>\n<meta property=\"article:publisher\" content=\"https:\/\/web.facebook.com\/compartilhabahia\" \/>\n<meta property=\"article:published_time\" content=\"2025-02-10T13:39:04+00:00\" \/>\n<meta property=\"article:modified_time\" content=\"2025-02-10T13:39:06+00:00\" \/>\n<meta property=\"og:image\" content=\"https:\/\/compartilhabahia.com.br\/wp-content\/uploads\/2025\/02\/tiros-scaled.jpg\" \/>\n\t<meta property=\"og:image:width\" content=\"2560\" \/>\n\t<meta property=\"og:image:height\" content=\"1438\" \/>\n\t<meta property=\"og:image:type\" content=\"image\/jpeg\" \/>\n<meta name=\"author\" content=\"admin\" \/>\n<meta name=\"twitter:card\" content=\"summary_large_image\" \/>\n<meta name=\"twitter:label1\" content=\"Escrito por\" \/>\n\t<meta name=\"twitter:data1\" content=\"admin\" \/>\n\t<meta name=\"twitter:label2\" content=\"Est. tempo de leitura\" \/>\n\t<meta name=\"twitter:data2\" content=\"1 minuto\" \/>\n<script type=\"application\/ld+json\" class=\"yoast-schema-graph\">{\"@context\":\"https:\/\/schema.org\",\"@graph\":[{\"@type\":\"Article\",\"@id\":\"https:\/\/compartilhabahia.com.br\/index.php\/2025\/02\/10\/apos-tres-dias-de-buscas-jovem-e-encontrado-morto-com-marcas-de-tiros-em-camacari\/#article\",\"isPartOf\":{\"@id\":\"https:\/\/compartilhabahia.com.br\/index.php\/2025\/02\/10\/apos-tres-dias-de-buscas-jovem-e-encontrado-morto-com-marcas-de-tiros-em-camacari\/\"},\"author\":{\"name\":\"admin\",\"@id\":\"https:\/\/compartilhabahia.com.br\/#\/schema\/person\/9b4f0c3178793b8248d6686732521c04\"},\"headline\":\"Ap\u00f3s tr\u00eas dias de buscas jovem \u00e9 encontrado morto com marcas de tiros em Cama\u00e7ari\",\"datePublished\":\"2025-02-10T13:39:04+00:00\",\"dateModified\":\"2025-02-10T13:39:06+00:00\",\"mainEntityOfPage\":{\"@id\":\"https:\/\/compartilhabahia.com.br\/index.php\/2025\/02\/10\/apos-tres-dias-de-buscas-jovem-e-encontrado-morto-com-marcas-de-tiros-em-camacari\/\"},\"wordCount\":83,\"commentCount\":0,\"publisher\":{\"@id\":\"https:\/\/compartilhabahia.com.br\/#organization\"},\"articleSection\":[\"Cama\u00e7ari\"],\"inLanguage\":\"pt-BR\",\"potentialAction\":[{\"@type\":\"CommentAction\",\"name\":\"Comment\",\"target\":[\"https:\/\/compartilhabahia.com.br\/index.php\/2025\/02\/10\/apos-tres-dias-de-buscas-jovem-e-encontrado-morto-com-marcas-de-tiros-em-camacari\/#respond\"]}]},{\"@type\":\"WebPage\",\"@id\":\"https:\/\/compartilhabahia.com.br\/index.php\/2025\/02\/10\/apos-tres-dias-de-buscas-jovem-e-encontrado-morto-com-marcas-de-tiros-em-camacari\/\",\"url\":\"https:\/\/compartilhabahia.com.br\/index.php\/2025\/02\/10\/apos-tres-dias-de-buscas-jovem-e-encontrado-morto-com-marcas-de-tiros-em-camacari\/\",\"name\":\"Ap\u00f3s tr\u00eas dias de buscas jovem \u00e9 encontrado morto com marcas de tiros em Cama\u00e7ari - Compartilha Bahia\",\"isPartOf\":{\"@id\":\"https:\/\/compartilhabahia.com.br\/#website\"},\"datePublished\":\"2025-02-10T13:39:04+00:00\",\"dateModified\":\"2025-02-10T13:39:06+00:00\",\"breadcrumb\":{\"@id\":\"https:\/\/compartilhabahia.com.br\/index.php\/2025\/02\/10\/apos-tres-dias-de-buscas-jovem-e-encontrado-morto-com-marcas-de-tiros-em-camacari\/#breadcrumb\"},\"inLanguage\":\"pt-BR\",\"potentialAction\":[{\"@type\":\"ReadAction\",\"target\":[\"https:\/\/compartilhabahia.com.br\/index.php\/2025\/02\/10\/apos-tres-dias-de-buscas-jovem-e-encontrado-morto-com-marcas-de-tiros-em-camacari\/\"]}]},{\"@type\":\"BreadcrumbList\",\"@id\":\"https:\/\/compartilhabahia.com.br\/index.php\/2025\/02\/10\/apos-tres-dias-de-buscas-jovem-e-encontrado-morto-com-marcas-de-tiros-em-camacari\/#breadcrumb\",\"itemListElement\":[{\"@type\":\"ListItem\",\"position\":1,\"name\":\"In\u00edcio\",\"item\":\"https:\/\/compartilhabahia.com.br\/\"},{\"@type\":\"ListItem\",\"position\":2,\"name\":\"Ap\u00f3s tr\u00eas dias de buscas jovem \u00e9 encontrado morto com marcas de tiros em Cama\u00e7ari\"}]},{\"@type\":\"WebSite\",\"@id\":\"https:\/\/compartilhabahia.com.br\/#website\",\"url\":\"https:\/\/compartilhabahia.com.br\/\",\"name\":\"Compartilha Bahia\",\"description\":\"\",\"publisher\":{\"@id\":\"https:\/\/compartilhabahia.com.br\/#organization\"},\"potentialAction\":[{\"@type\":\"SearchAction\",\"target\":{\"@type\":\"EntryPoint\",\"urlTemplate\":\"https:\/\/compartilhabahia.com.br\/?s={search_term_string}\"},\"query-input\":\"required name=search_term_string\"}],\"inLanguage\":\"pt-BR\"},{\"@type\":\"Organization\",\"@id\":\"https:\/\/compartilhabahia.com.br\/#organization\",\"name\":\"Compartilha Bahia\",\"url\":\"https:\/\/compartilhabahia.com.br\/\",\"logo\":{\"@type\":\"ImageObject\",\"inLanguage\":\"pt-BR\",\"@id\":\"https:\/\/compartilhabahia.com.br\/#\/schema\/logo\/image\/\",\"url\":\"https:\/\/compartilhabahia.com.br\/wp-content\/uploads\/2023\/12\/cropped-logo.png\",\"contentUrl\":\"https:\/\/compartilhabahia.com.br\/wp-content\/uploads\/2023\/12\/cropped-logo.png\",\"width\":300,\"height\":106,\"caption\":\"Compartilha Bahia\"},\"image\":{\"@id\":\"https:\/\/compartilhabahia.com.br\/#\/schema\/logo\/image\/\"},\"sameAs\":[\"https:\/\/web.facebook.com\/compartilhabahia\",\"https:\/\/www.instagram.com\/compartilhabahia\/\"]},{\"@type\":\"Person\",\"@id\":\"https:\/\/compartilhabahia.com.br\/#\/schema\/person\/9b4f0c3178793b8248d6686732521c04\",\"name\":\"admin\",\"image\":{\"@type\":\"ImageObject\",\"inLanguage\":\"pt-BR\",\"@id\":\"https:\/\/compartilhabahia.com.br\/#\/schema\/person\/image\/\",\"url\":\"https:\/\/secure.gravatar.com\/avatar\/9600df58751c5acbe914c538c03390ef649ea088cb65f84ba09c7ce66988eed6?s=96&d=mm&r=g\",\"contentUrl\":\"https:\/\/secure.gravatar.com\/avatar\/9600df58751c5acbe914c538c03390ef649ea088cb65f84ba09c7ce66988eed6?s=96&d=mm&r=g\",\"caption\":\"admin\"},\"sameAs\":[\"https:\/\/compartilhabahia.com.br\"],\"url\":\"https:\/\/compartilhabahia.com.br\/index.php\/author\/compartilhabahia\/\"}]}<\/script>\n<!-- \/ Yoast SEO plugin. -->","yoast_head_json":{"title":"Ap\u00f3s tr\u00eas dias de buscas jovem \u00e9 encontrado morto com marcas de tiros em Cama\u00e7ari - Compartilha Bahia","robots":{"index":"index","follow":"follow","max-snippet":"max-snippet:-1","max-image-preview":"max-image-preview:large","max-video-preview":"max-video-preview:-1"},"canonical":"https:\/\/compartilhabahia.com.br\/index.php\/2025\/02\/10\/apos-tres-dias-de-buscas-jovem-e-encontrado-morto-com-marcas-de-tiros-em-camacari\/","og_locale":"pt_BR","og_type":"article","og_title":"Ap\u00f3s tr\u00eas dias de buscas jovem \u00e9 encontrado morto com marcas de tiros em Cama\u00e7ari - Compartilha Bahia","og_description":"Cristian Luan, 16 anos, desaparecido h\u00e1 tr\u00eas dias da regi\u00e3o da Rua Maria Meire (Nova Vit\u00f3ria), em Cama\u00e7ari, foi encontrado morto as margens da Estrada da Biribeira, neste domingo (09). No corpo haviam marcas de tiros. A pol\u00edcia investiga o caso, mas at\u00e9 o momento n\u00e3o foi divulgado maiores informa\u00e7\u00f5es sobre a autoria e nem [&hellip;]","og_url":"https:\/\/compartilhabahia.com.br\/index.php\/2025\/02\/10\/apos-tres-dias-de-buscas-jovem-e-encontrado-morto-com-marcas-de-tiros-em-camacari\/","og_site_name":"Compartilha Bahia","article_publisher":"https:\/\/web.facebook.com\/compartilhabahia","article_published_time":"2025-02-10T13:39:04+00:00","article_modified_time":"2025-02-10T13:39:06+00:00","og_image":[{"width":2560,"height":1438,"url":"https:\/\/compartilhabahia.com.br\/wp-content\/uploads\/2025\/02\/tiros-scaled.jpg","type":"image\/jpeg"}],"author":"admin","twitter_card":"summary_large_image","twitter_misc":{"Escrito por":"admin","Est. tempo de leitura":"1 minuto"},"schema":{"@context":"https:\/\/schema.org","@graph":[{"@type":"Article","@id":"https:\/\/compartilhabahia.com.br\/index.php\/2025\/02\/10\/apos-tres-dias-de-buscas-jovem-e-encontrado-morto-com-marcas-de-tiros-em-camacari\/#article","isPartOf":{"@id":"https:\/\/compartilhabahia.com.br\/index.php\/2025\/02\/10\/apos-tres-dias-de-buscas-jovem-e-encontrado-morto-com-marcas-de-tiros-em-camacari\/"},"author":{"name":"admin","@id":"https:\/\/compartilhabahia.com.br\/#\/schema\/person\/9b4f0c3178793b8248d6686732521c04"},"headline":"Ap\u00f3s tr\u00eas dias de buscas jovem \u00e9 encontrado morto com marcas de tiros em Cama\u00e7ari","datePublished":"2025-02-10T13:39:04+00:00","dateModified":"2025-02-10T13:39:06+00:00","mainEntityOfPage":{"@id":"https:\/\/compartilhabahia.com.br\/index.php\/2025\/02\/10\/apos-tres-dias-de-buscas-jovem-e-encontrado-morto-com-marcas-de-tiros-em-camacari\/"},"wordCount":83,"commentCount":0,"publisher":{"@id":"https:\/\/compartilhabahia.com.br\/#organization"},"articleSection":["Cama\u00e7ari"],"inLanguage":"pt-BR","potentialAction":[{"@type":"CommentAction","name":"Comment","target":["https:\/\/compartilhabahia.com.br\/index.php\/2025\/02\/10\/apos-tres-dias-de-buscas-jovem-e-encontrado-morto-com-marcas-de-tiros-em-camacari\/#respond"]}]},{"@type":"WebPage","@id":"https:\/\/compartilhabahia.com.br\/index.php\/2025\/02\/10\/apos-tres-dias-de-buscas-jovem-e-encontrado-morto-com-marcas-de-tiros-em-camacari\/","url":"https:\/\/compartilhabahia.com.br\/index.php\/2025\/02\/10\/apos-tres-dias-de-buscas-jovem-e-encontrado-morto-com-marcas-de-tiros-em-camacari\/","name":"Ap\u00f3s tr\u00eas dias de buscas jovem \u00e9 encontrado morto com marcas de tiros em Cama\u00e7ari - Compartilha Bahia","isPartOf":{"@id":"https:\/\/compartilhabahia.com.br\/#website"},"datePublished":"2025-02-10T13:39:04+00:00","dateModified":"2025-02-10T13:39:06+00:00","breadcrumb":{"@id":"https:\/\/compartilhabahia.com.br\/index.php\/2025\/02\/10\/apos-tres-dias-de-buscas-jovem-e-encontrado-morto-com-marcas-de-tiros-em-camacari\/#breadcrumb"},"inLanguage":"pt-BR","potentialAction":[{"@type":"ReadAction","target":["https:\/\/compartilhabahia.com.br\/index.php\/2025\/02\/10\/apos-tres-dias-de-buscas-jovem-e-encontrado-morto-com-marcas-de-tiros-em-camacari\/"]}]},{"@type":"BreadcrumbList","@id":"https:\/\/compartilhabahia.com.br\/index.php\/2025\/02\/10\/apos-tres-dias-de-buscas-jovem-e-encontrado-morto-com-marcas-de-tiros-em-camacari\/#breadcrumb","itemListElement":[{"@type":"ListItem","position":1,"name":"In\u00edcio","item":"https:\/\/compartilhabahia.com.br\/"},{"@type":"ListItem","position":2,"name":"Ap\u00f3s tr\u00eas dias de buscas jovem \u00e9 encontrado morto com marcas de tiros em Cama\u00e7ari"}]},{"@type":"WebSite","@id":"https:\/\/compartilhabahia.com.br\/#website","url":"https:\/\/compartilhabahia.com.br\/","name":"Compartilha Bahia","description":"","publisher":{"@id":"https:\/\/compartilhabahia.com.br\/#organization"},"potentialAction":[{"@type":"SearchAction","target":{"@type":"EntryPoint","urlTemplate":"https:\/\/compartilhabahia.com.br\/?s={search_term_string}"},"query-input":"required name=search_term_string"}],"inLanguage":"pt-BR"},{"@type":"Organization","@id":"https:\/\/compartilhabahia.com.br\/#organization","name":"Compartilha Bahia","url":"https:\/\/compartilhabahia.com.br\/","logo":{"@type":"ImageObject","inLanguage":"pt-BR","@id":"https:\/\/compartilhabahia.com.br\/#\/schema\/logo\/image\/","url":"https:\/\/compartilhabahia.com.br\/wp-content\/uploads\/2023\/12\/cropped-logo.png","contentUrl":"https:\/\/compartilhabahia.com.br\/wp-content\/uploads\/2023\/12\/cropped-logo.png","width":300,"height":106,"caption":"Compartilha Bahia"},"image":{"@id":"https:\/\/compartilhabahia.com.br\/#\/schema\/logo\/image\/"},"sameAs":["https:\/\/web.facebook.com\/compartilhabahia","https:\/\/www.instagram.com\/compartilhabahia\/"]},{"@type":"Person","@id":"https:\/\/compartilhabahia.com.br\/#\/schema\/person\/9b4f0c3178793b8248d6686732521c04","name":"admin","image":{"@type":"ImageObject","inLanguage":"pt-BR","@id":"https:\/\/compartilhabahia.com.br\/#\/schema\/person\/image\/","url":"https:\/\/secure.gravatar.com\/avatar\/9600df58751c5acbe914c538c03390ef649ea088cb65f84ba09c7ce66988eed6?s=96&d=mm&r=g","contentUrl":"https:\/\/secure.gravatar.com\/avatar\/9600df58751c5acbe914c538c03390ef649ea088cb65f84ba09c7ce66988eed6?s=96&d=mm&r=g","caption":"admin"},"sameAs":["https:\/\/compartilhabahia.com.br"],"url":"https:\/\/compartilhabahia.com.br\/index.php\/author\/compartilhabahia\/"}]}},"_links":{"self":[{"href":"https:\/\/compartilhabahia.com.br\/index.php\/wp-json\/wp\/v2\/posts\/5277","targetHints":{"allow":["GET"]}}],"collection":[{"href":"https:\/\/compartilhabahia.com.br\/index.php\/wp-json\/wp\/v2\/posts"}],"about":[{"href":"https:\/\/compartilhabahia.com.br\/index.php\/wp-json\/wp\/v2\/types\/post"}],"author":[{"embeddable":true,"href":"https:\/\/compartilhabahia.com.br\/index.php\/wp-json\/wp\/v2\/users\/1"}],"replies":[{"embeddable":true,"href":"https:\/\/compartilhabahia.com.br\/index.php\/wp-json\/wp\/v2\/comments?post=5277"}],"version-history":[{"count":1,"href":"https:\/\/compartilhabahia.com.br\/index.php\/wp-json\/wp\/v2\/posts\/5277\/revisions"}],"predecessor-version":[{"id":5279,"href":"https:\/\/compartilhabahia.com.br\/index.php\/wp-json\/wp\/v2\/posts\/5277\/revisions\/5279"}],"wp:featuredmedia":[{"embeddable":true,"href":"https:\/\/compartilhabahia.com.br\/index.php\/wp-json\/wp\/v2\/media\/5278"}],"wp:attachment":[{"href":"https:\/\/compartilhabahia.com.br\/index.php\/wp-json\/wp\/v2\/media?parent=5277"}],"wp:term":[{"taxonomy":"category","embeddable":true,"href":"https:\/\/compartilhabahia.com.br\/index.php\/wp-json\/wp\/v2\/categories?post=5277"},{"taxonomy":"post_tag","embeddable":true,"href":"https:\/\/compartilhabahia.com.br\/index.php\/wp-json\/wp\/v2\/tags?post=5277"}],"curies":[{"name":"wp","href":"https:\/\/api.w.org\/{rel}","templated":true}]}}