{"id":5226,"date":"2025-02-06T00:53:58","date_gmt":"2025-02-06T00:53:58","guid":{"rendered":"https:\/\/compartilhabahia.com.br\/?p=5226"},"modified":"2025-02-06T00:59:14","modified_gmt":"2025-02-06T00:59:14","slug":"populacao-e-empresarios-se-dizem-aliviados-com-ordenamento-do-centro-de-camacari","status":"publish","type":"post","link":"https:\/\/compartilhabahia.com.br\/index.php\/2025\/02\/06\/populacao-e-empresarios-se-dizem-aliviados-com-ordenamento-do-centro-de-camacari\/","title":{"rendered":"Popula\u00e7\u00e3o e empres\u00e1rios se dizem aliviados com ordenamento do Centro de Cama\u00e7ari"},"content":{"rendered":"\n<p>&#8220;Esta ficando muito mais livre, mais oxigenado o Centro de Cama\u00e7ari, espero que tamb\u00e9m diminua esse n\u00famero absurdo de carros em fila dupla, que param em lugar proibido para pegar passageiros e congestionam o tr\u00e2nsito.&#8221; Diz um morador de 65 anos, que aprova as novas medidas que visam organizar a cidade.<\/p>\n\n\n\n<p><\/p>\n\n\n\n<p><strong>Associa\u00e7\u00f5es representativas do com\u00e9rcio apoiam ordenamento do centro de Cama\u00e7ari<\/strong><\/p>\n\n\n\n<p>De forma organizada, o governo municipal realizou recentemente o realojamento de 106 vendedores ambulantes que ocupavam o espa\u00e7o p\u00fablico no Centro de Cama\u00e7ari. Os trabalhadores passaram, ent\u00e3o, a desenvolver suas atividades em um dos estacionamentos do Centro Comercial. O novo local, com prote\u00e7\u00e3o contra o sol e sanit\u00e1rios pr\u00f3ximos, proporciona melhores condi\u00e7\u00f5es de trabalho e foi sugerido pelos pr\u00f3prios trabalhadores.<\/p>\n\n\n\n<figure class=\"wp-block-image size-full\"><img loading=\"lazy\" decoding=\"async\" width=\"474\" height=\"404\" src=\"https:\/\/compartilhabahia.com.br\/wp-content\/uploads\/2025\/02\/OIP-25.jpg\" alt=\"\" class=\"wp-image-5229\" srcset=\"https:\/\/compartilhabahia.com.br\/wp-content\/uploads\/2025\/02\/OIP-25.jpg 474w, https:\/\/compartilhabahia.com.br\/wp-content\/uploads\/2025\/02\/OIP-25-300x256.jpg 300w\" sizes=\"auto, (max-width: 474px) 100vw, 474px\" \/><\/figure>\n\n\n\n<p>Na avalia\u00e7\u00e3o do Sindicato do Com\u00e9rcio Varejista de Cama\u00e7ari (Sicom\u00e9rcio), a iniciava do governo municipal foi acertada. \u201cO desenvolvimento demanda planejamento e coragem. A iniciativa da Prefeitura organiza o Centro e \u00e9 essencial para o fortalecimento da economia, gera\u00e7\u00e3o de emprego e renda\u201d, destaca a presidente Juranildes Ara\u00fajo.<\/p>\n\n\n\n<p>Ara\u00fajo ainda ressalta que a a\u00e7\u00e3o \u00e9 fundamental para preservar o direito \u00e0 acessibilidade. \u201cA medida tamb\u00e9m garante acesso \u00e0s rampas, cal\u00e7adas, pontos de \u00f4nibus, respeita os consumidores, comerciantes e valoriza os vendedores ambulantes\u201d, enfatiza.<\/p>\n\n\n\n<p>O novo espa\u00e7o foi definido em reuni\u00f5es realizadas entre os ambulantes e representantes da Secretaria de Servi\u00e7os P\u00fablicos (Sesp) ao longo do m\u00eas de janeiro.<\/p>\n\n\n\n<p>Para a presidente da Associa\u00e7\u00e3o Comercial e Empresarial de Cama\u00e7ari (ACEC), Manuelina Ferreira, a mobilidade da regi\u00e3o ser\u00e1 impactada diretamente, proporcionando bem-estar a todos que frequentam o centro do munic\u00edpio. \u201cExcelente. Agora os pedestres ter\u00e3o mais liberdade para circular, mais conforto e tranquilidade\u201d, frisa.<\/p>\n\n\n\n<figure class=\"wp-block-image size-large\"><img loading=\"lazy\" decoding=\"async\" width=\"1024\" height=\"576\" src=\"https:\/\/compartilhabahia.com.br\/wp-content\/uploads\/2025\/02\/maxresdefault-9-1024x576.jpg\" alt=\"\" class=\"wp-image-5230\" srcset=\"https:\/\/compartilhabahia.com.br\/wp-content\/uploads\/2025\/02\/maxresdefault-9-1024x576.jpg 1024w, https:\/\/compartilhabahia.com.br\/wp-content\/uploads\/2025\/02\/maxresdefault-9-300x169.jpg 300w, https:\/\/compartilhabahia.com.br\/wp-content\/uploads\/2025\/02\/maxresdefault-9-768x432.jpg 768w, https:\/\/compartilhabahia.com.br\/wp-content\/uploads\/2025\/02\/maxresdefault-9.jpg 1280w\" sizes=\"auto, (max-width: 1024px) 100vw, 1024px\" \/><\/figure>\n\n\n\n<p>Ferreira tamb\u00e9m enfatiza que a decis\u00e3o contempla pontos importantes das principais partes envolvidas. \u201cO ambulante, que movimenta a economia, ganha melhores condi\u00e7\u00f5es de trabalho, o lojista pode ter sua vitrine mais acess\u00edvel e o pedestre passa a ter mais espa\u00e7o para a circula\u00e7\u00e3o. Lembrando que o di\u00e1logo segue aberto com o governo, entidades e ambulantes para fortalecermos ainda mais o com\u00e9rcio\u201d, destaca.<\/p>\n","protected":false},"excerpt":{"rendered":"<p>&#8220;Esta ficando muito mais livre, mais oxigenado o Centro de Cama\u00e7ari, espero que tamb\u00e9m diminua esse n\u00famero absurdo de carros em fila dupla, que param em lugar proibido para pegar passageiros e congestionam o tr\u00e2nsito.&#8221; Diz um morador de 65 anos, que aprova as novas medidas que visam organizar a cidade. Associa\u00e7\u00f5es representativas do com\u00e9rcio [&hellip;]<\/p>\n","protected":false},"author":1,"featured_media":5230,"comment_status":"open","ping_status":"open","sticky":false,"template":"","format":"standard","meta":{"footnotes":""},"categories":[8],"tags":[],"class_list":["post-5226","post","type-post","status-publish","format-standard","has-post-thumbnail","hentry","category-camacari"],"yoast_head":"<!-- This site is optimized with the Yoast SEO plugin v21.7 - https:\/\/yoast.com\/wordpress\/plugins\/seo\/ -->\n<title>Popula\u00e7\u00e3o e empres\u00e1rios se dizem aliviados com ordenamento do Centro de Cama\u00e7ari - Compartilha Bahia<\/title>\n<meta name=\"robots\" content=\"index, follow, max-snippet:-1, max-image-preview:large, max-video-preview:-1\" \/>\n<link rel=\"canonical\" href=\"https:\/\/compartilhabahia.com.br\/index.php\/2025\/02\/06\/populacao-e-empresarios-se-dizem-aliviados-com-ordenamento-do-centro-de-camacari\/\" \/>\n<meta property=\"og:locale\" content=\"pt_BR\" \/>\n<meta property=\"og:type\" content=\"article\" \/>\n<meta property=\"og:title\" content=\"Popula\u00e7\u00e3o e empres\u00e1rios se dizem aliviados com ordenamento do Centro de Cama\u00e7ari - Compartilha Bahia\" \/>\n<meta property=\"og:description\" content=\"&#8220;Esta ficando muito mais livre, mais oxigenado o Centro de Cama\u00e7ari, espero que tamb\u00e9m diminua esse n\u00famero absurdo de carros em fila dupla, que param em lugar proibido para pegar passageiros e congestionam o tr\u00e2nsito.&#8221; Diz um morador de 65 anos, que aprova as novas medidas que visam organizar a cidade. Associa\u00e7\u00f5es representativas do com\u00e9rcio [&hellip;]\" \/>\n<meta property=\"og:url\" content=\"https:\/\/compartilhabahia.com.br\/index.php\/2025\/02\/06\/populacao-e-empresarios-se-dizem-aliviados-com-ordenamento-do-centro-de-camacari\/\" \/>\n<meta property=\"og:site_name\" content=\"Compartilha Bahia\" \/>\n<meta property=\"article:publisher\" content=\"https:\/\/web.facebook.com\/compartilhabahia\" \/>\n<meta property=\"article:published_time\" content=\"2025-02-06T00:53:58+00:00\" \/>\n<meta property=\"article:modified_time\" content=\"2025-02-06T00:59:14+00:00\" \/>\n<meta property=\"og:image\" content=\"https:\/\/compartilhabahia.com.br\/wp-content\/uploads\/2025\/02\/maxresdefault-9.jpg\" \/>\n\t<meta property=\"og:image:width\" content=\"1280\" \/>\n\t<meta property=\"og:image:height\" content=\"720\" \/>\n\t<meta property=\"og:image:type\" content=\"image\/jpeg\" \/>\n<meta name=\"author\" content=\"admin\" \/>\n<meta name=\"twitter:card\" content=\"summary_large_image\" \/>\n<meta name=\"twitter:label1\" content=\"Escrito por\" \/>\n\t<meta name=\"twitter:data1\" content=\"admin\" \/>\n\t<meta name=\"twitter:label2\" content=\"Est. tempo de leitura\" \/>\n\t<meta name=\"twitter:data2\" content=\"3 minutos\" \/>\n<script type=\"application\/ld+json\" class=\"yoast-schema-graph\">{\"@context\":\"https:\/\/schema.org\",\"@graph\":[{\"@type\":\"Article\",\"@id\":\"https:\/\/compartilhabahia.com.br\/index.php\/2025\/02\/06\/populacao-e-empresarios-se-dizem-aliviados-com-ordenamento-do-centro-de-camacari\/#article\",\"isPartOf\":{\"@id\":\"https:\/\/compartilhabahia.com.br\/index.php\/2025\/02\/06\/populacao-e-empresarios-se-dizem-aliviados-com-ordenamento-do-centro-de-camacari\/\"},\"author\":{\"name\":\"admin\",\"@id\":\"https:\/\/compartilhabahia.com.br\/#\/schema\/person\/9b4f0c3178793b8248d6686732521c04\"},\"headline\":\"Popula\u00e7\u00e3o e empres\u00e1rios se dizem aliviados com ordenamento do Centro de Cama\u00e7ari\",\"datePublished\":\"2025-02-06T00:53:58+00:00\",\"dateModified\":\"2025-02-06T00:59:14+00:00\",\"mainEntityOfPage\":{\"@id\":\"https:\/\/compartilhabahia.com.br\/index.php\/2025\/02\/06\/populacao-e-empresarios-se-dizem-aliviados-com-ordenamento-do-centro-de-camacari\/\"},\"wordCount\":389,\"commentCount\":0,\"publisher\":{\"@id\":\"https:\/\/compartilhabahia.com.br\/#organization\"},\"articleSection\":[\"Cama\u00e7ari\"],\"inLanguage\":\"pt-BR\",\"potentialAction\":[{\"@type\":\"CommentAction\",\"name\":\"Comment\",\"target\":[\"https:\/\/compartilhabahia.com.br\/index.php\/2025\/02\/06\/populacao-e-empresarios-se-dizem-aliviados-com-ordenamento-do-centro-de-camacari\/#respond\"]}]},{\"@type\":\"WebPage\",\"@id\":\"https:\/\/compartilhabahia.com.br\/index.php\/2025\/02\/06\/populacao-e-empresarios-se-dizem-aliviados-com-ordenamento-do-centro-de-camacari\/\",\"url\":\"https:\/\/compartilhabahia.com.br\/index.php\/2025\/02\/06\/populacao-e-empresarios-se-dizem-aliviados-com-ordenamento-do-centro-de-camacari\/\",\"name\":\"Popula\u00e7\u00e3o e empres\u00e1rios se dizem aliviados com ordenamento do Centro de Cama\u00e7ari - Compartilha Bahia\",\"isPartOf\":{\"@id\":\"https:\/\/compartilhabahia.com.br\/#website\"},\"datePublished\":\"2025-02-06T00:53:58+00:00\",\"dateModified\":\"2025-02-06T00:59:14+00:00\",\"breadcrumb\":{\"@id\":\"https:\/\/compartilhabahia.com.br\/index.php\/2025\/02\/06\/populacao-e-empresarios-se-dizem-aliviados-com-ordenamento-do-centro-de-camacari\/#breadcrumb\"},\"inLanguage\":\"pt-BR\",\"potentialAction\":[{\"@type\":\"ReadAction\",\"target\":[\"https:\/\/compartilhabahia.com.br\/index.php\/2025\/02\/06\/populacao-e-empresarios-se-dizem-aliviados-com-ordenamento-do-centro-de-camacari\/\"]}]},{\"@type\":\"BreadcrumbList\",\"@id\":\"https:\/\/compartilhabahia.com.br\/index.php\/2025\/02\/06\/populacao-e-empresarios-se-dizem-aliviados-com-ordenamento-do-centro-de-camacari\/#breadcrumb\",\"itemListElement\":[{\"@type\":\"ListItem\",\"position\":1,\"name\":\"In\u00edcio\",\"item\":\"https:\/\/compartilhabahia.com.br\/\"},{\"@type\":\"ListItem\",\"position\":2,\"name\":\"Popula\u00e7\u00e3o e empres\u00e1rios se dizem aliviados com ordenamento do Centro de Cama\u00e7ari\"}]},{\"@type\":\"WebSite\",\"@id\":\"https:\/\/compartilhabahia.com.br\/#website\",\"url\":\"https:\/\/compartilhabahia.com.br\/\",\"name\":\"Compartilha Bahia\",\"description\":\"\",\"publisher\":{\"@id\":\"https:\/\/compartilhabahia.com.br\/#organization\"},\"potentialAction\":[{\"@type\":\"SearchAction\",\"target\":{\"@type\":\"EntryPoint\",\"urlTemplate\":\"https:\/\/compartilhabahia.com.br\/?s={search_term_string}\"},\"query-input\":\"required name=search_term_string\"}],\"inLanguage\":\"pt-BR\"},{\"@type\":\"Organization\",\"@id\":\"https:\/\/compartilhabahia.com.br\/#organization\",\"name\":\"Compartilha Bahia\",\"url\":\"https:\/\/compartilhabahia.com.br\/\",\"logo\":{\"@type\":\"ImageObject\",\"inLanguage\":\"pt-BR\",\"@id\":\"https:\/\/compartilhabahia.com.br\/#\/schema\/logo\/image\/\",\"url\":\"https:\/\/compartilhabahia.com.br\/wp-content\/uploads\/2023\/12\/cropped-logo.png\",\"contentUrl\":\"https:\/\/compartilhabahia.com.br\/wp-content\/uploads\/2023\/12\/cropped-logo.png\",\"width\":300,\"height\":106,\"caption\":\"Compartilha Bahia\"},\"image\":{\"@id\":\"https:\/\/compartilhabahia.com.br\/#\/schema\/logo\/image\/\"},\"sameAs\":[\"https:\/\/web.facebook.com\/compartilhabahia\",\"https:\/\/www.instagram.com\/compartilhabahia\/\"]},{\"@type\":\"Person\",\"@id\":\"https:\/\/compartilhabahia.com.br\/#\/schema\/person\/9b4f0c3178793b8248d6686732521c04\",\"name\":\"admin\",\"image\":{\"@type\":\"ImageObject\",\"inLanguage\":\"pt-BR\",\"@id\":\"https:\/\/compartilhabahia.com.br\/#\/schema\/person\/image\/\",\"url\":\"https:\/\/secure.gravatar.com\/avatar\/9600df58751c5acbe914c538c03390ef649ea088cb65f84ba09c7ce66988eed6?s=96&d=mm&r=g\",\"contentUrl\":\"https:\/\/secure.gravatar.com\/avatar\/9600df58751c5acbe914c538c03390ef649ea088cb65f84ba09c7ce66988eed6?s=96&d=mm&r=g\",\"caption\":\"admin\"},\"sameAs\":[\"https:\/\/compartilhabahia.com.br\"],\"url\":\"https:\/\/compartilhabahia.com.br\/index.php\/author\/compartilhabahia\/\"}]}<\/script>\n<!-- \/ Yoast SEO plugin. -->","yoast_head_json":{"title":"Popula\u00e7\u00e3o e empres\u00e1rios se dizem aliviados com ordenamento do Centro de Cama\u00e7ari - Compartilha Bahia","robots":{"index":"index","follow":"follow","max-snippet":"max-snippet:-1","max-image-preview":"max-image-preview:large","max-video-preview":"max-video-preview:-1"},"canonical":"https:\/\/compartilhabahia.com.br\/index.php\/2025\/02\/06\/populacao-e-empresarios-se-dizem-aliviados-com-ordenamento-do-centro-de-camacari\/","og_locale":"pt_BR","og_type":"article","og_title":"Popula\u00e7\u00e3o e empres\u00e1rios se dizem aliviados com ordenamento do Centro de Cama\u00e7ari - Compartilha Bahia","og_description":"&#8220;Esta ficando muito mais livre, mais oxigenado o Centro de Cama\u00e7ari, espero que tamb\u00e9m diminua esse n\u00famero absurdo de carros em fila dupla, que param em lugar proibido para pegar passageiros e congestionam o tr\u00e2nsito.&#8221; Diz um morador de 65 anos, que aprova as novas medidas que visam organizar a cidade. Associa\u00e7\u00f5es representativas do com\u00e9rcio [&hellip;]","og_url":"https:\/\/compartilhabahia.com.br\/index.php\/2025\/02\/06\/populacao-e-empresarios-se-dizem-aliviados-com-ordenamento-do-centro-de-camacari\/","og_site_name":"Compartilha Bahia","article_publisher":"https:\/\/web.facebook.com\/compartilhabahia","article_published_time":"2025-02-06T00:53:58+00:00","article_modified_time":"2025-02-06T00:59:14+00:00","og_image":[{"width":1280,"height":720,"url":"https:\/\/compartilhabahia.com.br\/wp-content\/uploads\/2025\/02\/maxresdefault-9.jpg","type":"image\/jpeg"}],"author":"admin","twitter_card":"summary_large_image","twitter_misc":{"Escrito por":"admin","Est. tempo de leitura":"3 minutos"},"schema":{"@context":"https:\/\/schema.org","@graph":[{"@type":"Article","@id":"https:\/\/compartilhabahia.com.br\/index.php\/2025\/02\/06\/populacao-e-empresarios-se-dizem-aliviados-com-ordenamento-do-centro-de-camacari\/#article","isPartOf":{"@id":"https:\/\/compartilhabahia.com.br\/index.php\/2025\/02\/06\/populacao-e-empresarios-se-dizem-aliviados-com-ordenamento-do-centro-de-camacari\/"},"author":{"name":"admin","@id":"https:\/\/compartilhabahia.com.br\/#\/schema\/person\/9b4f0c3178793b8248d6686732521c04"},"headline":"Popula\u00e7\u00e3o e empres\u00e1rios se dizem aliviados com ordenamento do Centro de Cama\u00e7ari","datePublished":"2025-02-06T00:53:58+00:00","dateModified":"2025-02-06T00:59:14+00:00","mainEntityOfPage":{"@id":"https:\/\/compartilhabahia.com.br\/index.php\/2025\/02\/06\/populacao-e-empresarios-se-dizem-aliviados-com-ordenamento-do-centro-de-camacari\/"},"wordCount":389,"commentCount":0,"publisher":{"@id":"https:\/\/compartilhabahia.com.br\/#organization"},"articleSection":["Cama\u00e7ari"],"inLanguage":"pt-BR","potentialAction":[{"@type":"CommentAction","name":"Comment","target":["https:\/\/compartilhabahia.com.br\/index.php\/2025\/02\/06\/populacao-e-empresarios-se-dizem-aliviados-com-ordenamento-do-centro-de-camacari\/#respond"]}]},{"@type":"WebPage","@id":"https:\/\/compartilhabahia.com.br\/index.php\/2025\/02\/06\/populacao-e-empresarios-se-dizem-aliviados-com-ordenamento-do-centro-de-camacari\/","url":"https:\/\/compartilhabahia.com.br\/index.php\/2025\/02\/06\/populacao-e-empresarios-se-dizem-aliviados-com-ordenamento-do-centro-de-camacari\/","name":"Popula\u00e7\u00e3o e empres\u00e1rios se dizem aliviados com ordenamento do Centro de Cama\u00e7ari - Compartilha Bahia","isPartOf":{"@id":"https:\/\/compartilhabahia.com.br\/#website"},"datePublished":"2025-02-06T00:53:58+00:00","dateModified":"2025-02-06T00:59:14+00:00","breadcrumb":{"@id":"https:\/\/compartilhabahia.com.br\/index.php\/2025\/02\/06\/populacao-e-empresarios-se-dizem-aliviados-com-ordenamento-do-centro-de-camacari\/#breadcrumb"},"inLanguage":"pt-BR","potentialAction":[{"@type":"ReadAction","target":["https:\/\/compartilhabahia.com.br\/index.php\/2025\/02\/06\/populacao-e-empresarios-se-dizem-aliviados-com-ordenamento-do-centro-de-camacari\/"]}]},{"@type":"BreadcrumbList","@id":"https:\/\/compartilhabahia.com.br\/index.php\/2025\/02\/06\/populacao-e-empresarios-se-dizem-aliviados-com-ordenamento-do-centro-de-camacari\/#breadcrumb","itemListElement":[{"@type":"ListItem","position":1,"name":"In\u00edcio","item":"https:\/\/compartilhabahia.com.br\/"},{"@type":"ListItem","position":2,"name":"Popula\u00e7\u00e3o e empres\u00e1rios se dizem aliviados com ordenamento do Centro de Cama\u00e7ari"}]},{"@type":"WebSite","@id":"https:\/\/compartilhabahia.com.br\/#website","url":"https:\/\/compartilhabahia.com.br\/","name":"Compartilha Bahia","description":"","publisher":{"@id":"https:\/\/compartilhabahia.com.br\/#organization"},"potentialAction":[{"@type":"SearchAction","target":{"@type":"EntryPoint","urlTemplate":"https:\/\/compartilhabahia.com.br\/?s={search_term_string}"},"query-input":"required name=search_term_string"}],"inLanguage":"pt-BR"},{"@type":"Organization","@id":"https:\/\/compartilhabahia.com.br\/#organization","name":"Compartilha Bahia","url":"https:\/\/compartilhabahia.com.br\/","logo":{"@type":"ImageObject","inLanguage":"pt-BR","@id":"https:\/\/compartilhabahia.com.br\/#\/schema\/logo\/image\/","url":"https:\/\/compartilhabahia.com.br\/wp-content\/uploads\/2023\/12\/cropped-logo.png","contentUrl":"https:\/\/compartilhabahia.com.br\/wp-content\/uploads\/2023\/12\/cropped-logo.png","width":300,"height":106,"caption":"Compartilha Bahia"},"image":{"@id":"https:\/\/compartilhabahia.com.br\/#\/schema\/logo\/image\/"},"sameAs":["https:\/\/web.facebook.com\/compartilhabahia","https:\/\/www.instagram.com\/compartilhabahia\/"]},{"@type":"Person","@id":"https:\/\/compartilhabahia.com.br\/#\/schema\/person\/9b4f0c3178793b8248d6686732521c04","name":"admin","image":{"@type":"ImageObject","inLanguage":"pt-BR","@id":"https:\/\/compartilhabahia.com.br\/#\/schema\/person\/image\/","url":"https:\/\/secure.gravatar.com\/avatar\/9600df58751c5acbe914c538c03390ef649ea088cb65f84ba09c7ce66988eed6?s=96&d=mm&r=g","contentUrl":"https:\/\/secure.gravatar.com\/avatar\/9600df58751c5acbe914c538c03390ef649ea088cb65f84ba09c7ce66988eed6?s=96&d=mm&r=g","caption":"admin"},"sameAs":["https:\/\/compartilhabahia.com.br"],"url":"https:\/\/compartilhabahia.com.br\/index.php\/author\/compartilhabahia\/"}]}},"_links":{"self":[{"href":"https:\/\/compartilhabahia.com.br\/index.php\/wp-json\/wp\/v2\/posts\/5226","targetHints":{"allow":["GET"]}}],"collection":[{"href":"https:\/\/compartilhabahia.com.br\/index.php\/wp-json\/wp\/v2\/posts"}],"about":[{"href":"https:\/\/compartilhabahia.com.br\/index.php\/wp-json\/wp\/v2\/types\/post"}],"author":[{"embeddable":true,"href":"https:\/\/compartilhabahia.com.br\/index.php\/wp-json\/wp\/v2\/users\/1"}],"replies":[{"embeddable":true,"href":"https:\/\/compartilhabahia.com.br\/index.php\/wp-json\/wp\/v2\/comments?post=5226"}],"version-history":[{"count":2,"href":"https:\/\/compartilhabahia.com.br\/index.php\/wp-json\/wp\/v2\/posts\/5226\/revisions"}],"predecessor-version":[{"id":5231,"href":"https:\/\/compartilhabahia.com.br\/index.php\/wp-json\/wp\/v2\/posts\/5226\/revisions\/5231"}],"wp:featuredmedia":[{"embeddable":true,"href":"https:\/\/compartilhabahia.com.br\/index.php\/wp-json\/wp\/v2\/media\/5230"}],"wp:attachment":[{"href":"https:\/\/compartilhabahia.com.br\/index.php\/wp-json\/wp\/v2\/media?parent=5226"}],"wp:term":[{"taxonomy":"category","embeddable":true,"href":"https:\/\/compartilhabahia.com.br\/index.php\/wp-json\/wp\/v2\/categories?post=5226"},{"taxonomy":"post_tag","embeddable":true,"href":"https:\/\/compartilhabahia.com.br\/index.php\/wp-json\/wp\/v2\/tags?post=5226"}],"curies":[{"name":"wp","href":"https:\/\/api.w.org\/{rel}","templated":true}]}}