{"id":5071,"date":"2025-01-28T00:25:02","date_gmt":"2025-01-28T00:25:02","guid":{"rendered":"https:\/\/compartilhabahia.com.br\/?p=5071"},"modified":"2025-01-28T00:25:40","modified_gmt":"2025-01-28T00:25:40","slug":"mutirao-reforca-preservacao-ambiental-na-praia-do-rio-vermelho-as-vesperas-da-festa-de-iemanja","status":"publish","type":"post","link":"https:\/\/compartilhabahia.com.br\/index.php\/2025\/01\/28\/mutirao-reforca-preservacao-ambiental-na-praia-do-rio-vermelho-as-vesperas-da-festa-de-iemanja\/","title":{"rendered":"Mutir\u00e3o refor\u00e7a preserva\u00e7\u00e3o ambiental na praia do Rio Vermelho \u00e0s v\u00e9speras da Festa de Iemanj\u00e1"},"content":{"rendered":"\n<h1 class=\"wp-block-heading\"><\/h1>\n\n\n\n<p>27\/01\/2025<\/p>\n\n\n\n<p>Nesta sexta-feira (31), \u00e0s v\u00e9speras da Festa de Iemanj\u00e1, o programa Bahia Mais Verde Ver\u00e3o 2025 realizar\u00e1 uma a\u00e7\u00e3o de mobiliza\u00e7\u00e3o ambiental e limpeza na praia do Rio Vermelho, pr\u00f3ximo \u00e0 Casa de Iemanj\u00e1. Das 7h \u00e0s 12h, volunt\u00e1rios ir\u00e3o participar de um mutir\u00e3o para a coleta de res\u00edduos s\u00f3lidos na areia e no mar. A a\u00e7\u00e3o \u00e9 organizada pela Secretaria do Meio Ambiente (Sema), com apoio do Instituto do Meio Ambiente e Recursos H\u00eddricos (Inema), da Secretaria de Turismo (Setur) e da Col\u00f4nia de Pescadores, com o objetivo de conscientizar sobre pr\u00e1ticas sustent\u00e1veis.<\/p>\n\n\n\n<p>A limpeza da praia contar\u00e1 com a participa\u00e7\u00e3o de servidores equipados com EPIs para a coleta na areia, enquanto mergulhadores far\u00e3o a remo\u00e7\u00e3o no mar. Todo material ser\u00e1 submetido \u00e0 triagem, priorizando a reciclagem e o descarte respons\u00e1vel. Paralelamente, jovens do Programa ECOguardi\u00f5es, formados por estagi\u00e1rios e colaboradores do Programa Primeiro Emprego, realizar\u00e3o atividades educativas para sensibilizar o p\u00fablico sobre os impactos do descarte inadequado e incentivando h\u00e1bitos sustent\u00e1veis.<\/p>\n\n\n\n<p>Parte dos res\u00edduos coletados ser\u00e1 transformada em uma obra de arte pelo artista pl\u00e1stico Andr\u00e9 Fernandes. A escultura, que ser\u00e1 exposta durante os festejos de Iemanj\u00e1, simbolizar\u00e1 a integra\u00e7\u00e3o entre cultura, sustentabilidade e preserva\u00e7\u00e3o ambiental, destacando a import\u00e2ncia de a\u00e7\u00f5es conscientes para proteger o meio ambiente. &nbsp;<\/p>\n\n\n\n<p>A a\u00e7\u00e3o de limpeza da praia integra a edi\u00e7\u00e3o especial do Bahia Mais Verde Ver\u00e3o, que visa intensificar as iniciativas de educa\u00e7\u00e3o ambiental durante o per\u00edodo de alta temporada. O programa tem a finalidade de envolver a sociedade, o poder p\u00fablico e a iniciativa privada na promo\u00e7\u00e3o de pr\u00e1ticas sustent\u00e1veis, contribuindo para a conserva\u00e7\u00e3o ambiental e o fortalecimento da consci\u00eancia ecol\u00f3gica.<\/p>\n\n\n\n<p><strong><em>Fonte: Ascom\/Inema<\/em><\/strong><\/p>\n","protected":false},"excerpt":{"rendered":"<p>27\/01\/2025 Nesta sexta-feira (31), \u00e0s v\u00e9speras da Festa de Iemanj\u00e1, o programa Bahia Mais Verde Ver\u00e3o 2025 realizar\u00e1 uma a\u00e7\u00e3o de mobiliza\u00e7\u00e3o ambiental e limpeza na praia do Rio Vermelho, pr\u00f3ximo \u00e0 Casa de Iemanj\u00e1. Das 7h \u00e0s 12h, volunt\u00e1rios ir\u00e3o participar de um mutir\u00e3o para a coleta de res\u00edduos s\u00f3lidos na areia e no [&hellip;]<\/p>\n","protected":false},"author":1,"featured_media":5072,"comment_status":"open","ping_status":"open","sticky":false,"template":"","format":"standard","meta":{"footnotes":""},"categories":[10],"tags":[],"class_list":["post-5071","post","type-post","status-publish","format-standard","has-post-thumbnail","hentry","category-bahia"],"yoast_head":"<!-- This site is optimized with the Yoast SEO plugin v21.7 - https:\/\/yoast.com\/wordpress\/plugins\/seo\/ -->\n<title>Mutir\u00e3o refor\u00e7a preserva\u00e7\u00e3o ambiental na praia do Rio Vermelho \u00e0s v\u00e9speras da Festa de Iemanj\u00e1 - Compartilha Bahia<\/title>\n<meta name=\"robots\" content=\"index, follow, max-snippet:-1, max-image-preview:large, max-video-preview:-1\" \/>\n<link rel=\"canonical\" href=\"https:\/\/compartilhabahia.com.br\/index.php\/2025\/01\/28\/mutirao-reforca-preservacao-ambiental-na-praia-do-rio-vermelho-as-vesperas-da-festa-de-iemanja\/\" \/>\n<meta property=\"og:locale\" content=\"pt_BR\" \/>\n<meta property=\"og:type\" content=\"article\" \/>\n<meta property=\"og:title\" content=\"Mutir\u00e3o refor\u00e7a preserva\u00e7\u00e3o ambiental na praia do Rio Vermelho \u00e0s v\u00e9speras da Festa de Iemanj\u00e1 - Compartilha Bahia\" \/>\n<meta property=\"og:description\" content=\"27\/01\/2025 Nesta sexta-feira (31), \u00e0s v\u00e9speras da Festa de Iemanj\u00e1, o programa Bahia Mais Verde Ver\u00e3o 2025 realizar\u00e1 uma a\u00e7\u00e3o de mobiliza\u00e7\u00e3o ambiental e limpeza na praia do Rio Vermelho, pr\u00f3ximo \u00e0 Casa de Iemanj\u00e1. Das 7h \u00e0s 12h, volunt\u00e1rios ir\u00e3o participar de um mutir\u00e3o para a coleta de res\u00edduos s\u00f3lidos na areia e no [&hellip;]\" \/>\n<meta property=\"og:url\" content=\"https:\/\/compartilhabahia.com.br\/index.php\/2025\/01\/28\/mutirao-reforca-preservacao-ambiental-na-praia-do-rio-vermelho-as-vesperas-da-festa-de-iemanja\/\" \/>\n<meta property=\"og:site_name\" content=\"Compartilha Bahia\" \/>\n<meta property=\"article:publisher\" content=\"https:\/\/web.facebook.com\/compartilhabahia\" \/>\n<meta property=\"article:published_time\" content=\"2025-01-28T00:25:02+00:00\" \/>\n<meta property=\"article:modified_time\" content=\"2025-01-28T00:25:40+00:00\" \/>\n<meta property=\"og:image\" content=\"https:\/\/compartilhabahia.com.br\/wp-content\/uploads\/2025\/01\/52665507690_b1c6b52370_o-900x600-1.webp\" \/>\n\t<meta property=\"og:image:width\" content=\"900\" \/>\n\t<meta property=\"og:image:height\" content=\"600\" \/>\n\t<meta property=\"og:image:type\" content=\"image\/webp\" \/>\n<meta name=\"author\" content=\"admin\" \/>\n<meta name=\"twitter:card\" content=\"summary_large_image\" \/>\n<meta name=\"twitter:label1\" content=\"Escrito por\" \/>\n\t<meta name=\"twitter:data1\" content=\"admin\" \/>\n\t<meta name=\"twitter:label2\" content=\"Est. tempo de leitura\" \/>\n\t<meta name=\"twitter:data2\" content=\"2 minutos\" \/>\n<script type=\"application\/ld+json\" class=\"yoast-schema-graph\">{\"@context\":\"https:\/\/schema.org\",\"@graph\":[{\"@type\":\"Article\",\"@id\":\"https:\/\/compartilhabahia.com.br\/index.php\/2025\/01\/28\/mutirao-reforca-preservacao-ambiental-na-praia-do-rio-vermelho-as-vesperas-da-festa-de-iemanja\/#article\",\"isPartOf\":{\"@id\":\"https:\/\/compartilhabahia.com.br\/index.php\/2025\/01\/28\/mutirao-reforca-preservacao-ambiental-na-praia-do-rio-vermelho-as-vesperas-da-festa-de-iemanja\/\"},\"author\":{\"name\":\"admin\",\"@id\":\"https:\/\/compartilhabahia.com.br\/#\/schema\/person\/9b4f0c3178793b8248d6686732521c04\"},\"headline\":\"Mutir\u00e3o refor\u00e7a preserva\u00e7\u00e3o ambiental na praia do Rio Vermelho \u00e0s v\u00e9speras da Festa de Iemanj\u00e1\",\"datePublished\":\"2025-01-28T00:25:02+00:00\",\"dateModified\":\"2025-01-28T00:25:40+00:00\",\"mainEntityOfPage\":{\"@id\":\"https:\/\/compartilhabahia.com.br\/index.php\/2025\/01\/28\/mutirao-reforca-preservacao-ambiental-na-praia-do-rio-vermelho-as-vesperas-da-festa-de-iemanja\/\"},\"wordCount\":331,\"commentCount\":0,\"publisher\":{\"@id\":\"https:\/\/compartilhabahia.com.br\/#organization\"},\"articleSection\":[\"Bahia\"],\"inLanguage\":\"pt-BR\",\"potentialAction\":[{\"@type\":\"CommentAction\",\"name\":\"Comment\",\"target\":[\"https:\/\/compartilhabahia.com.br\/index.php\/2025\/01\/28\/mutirao-reforca-preservacao-ambiental-na-praia-do-rio-vermelho-as-vesperas-da-festa-de-iemanja\/#respond\"]}]},{\"@type\":\"WebPage\",\"@id\":\"https:\/\/compartilhabahia.com.br\/index.php\/2025\/01\/28\/mutirao-reforca-preservacao-ambiental-na-praia-do-rio-vermelho-as-vesperas-da-festa-de-iemanja\/\",\"url\":\"https:\/\/compartilhabahia.com.br\/index.php\/2025\/01\/28\/mutirao-reforca-preservacao-ambiental-na-praia-do-rio-vermelho-as-vesperas-da-festa-de-iemanja\/\",\"name\":\"Mutir\u00e3o refor\u00e7a preserva\u00e7\u00e3o ambiental na praia do Rio Vermelho \u00e0s v\u00e9speras da Festa de Iemanj\u00e1 - Compartilha Bahia\",\"isPartOf\":{\"@id\":\"https:\/\/compartilhabahia.com.br\/#website\"},\"datePublished\":\"2025-01-28T00:25:02+00:00\",\"dateModified\":\"2025-01-28T00:25:40+00:00\",\"breadcrumb\":{\"@id\":\"https:\/\/compartilhabahia.com.br\/index.php\/2025\/01\/28\/mutirao-reforca-preservacao-ambiental-na-praia-do-rio-vermelho-as-vesperas-da-festa-de-iemanja\/#breadcrumb\"},\"inLanguage\":\"pt-BR\",\"potentialAction\":[{\"@type\":\"ReadAction\",\"target\":[\"https:\/\/compartilhabahia.com.br\/index.php\/2025\/01\/28\/mutirao-reforca-preservacao-ambiental-na-praia-do-rio-vermelho-as-vesperas-da-festa-de-iemanja\/\"]}]},{\"@type\":\"BreadcrumbList\",\"@id\":\"https:\/\/compartilhabahia.com.br\/index.php\/2025\/01\/28\/mutirao-reforca-preservacao-ambiental-na-praia-do-rio-vermelho-as-vesperas-da-festa-de-iemanja\/#breadcrumb\",\"itemListElement\":[{\"@type\":\"ListItem\",\"position\":1,\"name\":\"In\u00edcio\",\"item\":\"https:\/\/compartilhabahia.com.br\/\"},{\"@type\":\"ListItem\",\"position\":2,\"name\":\"Mutir\u00e3o refor\u00e7a preserva\u00e7\u00e3o ambiental na praia do Rio Vermelho \u00e0s v\u00e9speras da Festa de Iemanj\u00e1\"}]},{\"@type\":\"WebSite\",\"@id\":\"https:\/\/compartilhabahia.com.br\/#website\",\"url\":\"https:\/\/compartilhabahia.com.br\/\",\"name\":\"Compartilha Bahia\",\"description\":\"\",\"publisher\":{\"@id\":\"https:\/\/compartilhabahia.com.br\/#organization\"},\"potentialAction\":[{\"@type\":\"SearchAction\",\"target\":{\"@type\":\"EntryPoint\",\"urlTemplate\":\"https:\/\/compartilhabahia.com.br\/?s={search_term_string}\"},\"query-input\":\"required name=search_term_string\"}],\"inLanguage\":\"pt-BR\"},{\"@type\":\"Organization\",\"@id\":\"https:\/\/compartilhabahia.com.br\/#organization\",\"name\":\"Compartilha Bahia\",\"url\":\"https:\/\/compartilhabahia.com.br\/\",\"logo\":{\"@type\":\"ImageObject\",\"inLanguage\":\"pt-BR\",\"@id\":\"https:\/\/compartilhabahia.com.br\/#\/schema\/logo\/image\/\",\"url\":\"https:\/\/compartilhabahia.com.br\/wp-content\/uploads\/2023\/12\/cropped-logo.png\",\"contentUrl\":\"https:\/\/compartilhabahia.com.br\/wp-content\/uploads\/2023\/12\/cropped-logo.png\",\"width\":300,\"height\":106,\"caption\":\"Compartilha Bahia\"},\"image\":{\"@id\":\"https:\/\/compartilhabahia.com.br\/#\/schema\/logo\/image\/\"},\"sameAs\":[\"https:\/\/web.facebook.com\/compartilhabahia\",\"https:\/\/www.instagram.com\/compartilhabahia\/\"]},{\"@type\":\"Person\",\"@id\":\"https:\/\/compartilhabahia.com.br\/#\/schema\/person\/9b4f0c3178793b8248d6686732521c04\",\"name\":\"admin\",\"image\":{\"@type\":\"ImageObject\",\"inLanguage\":\"pt-BR\",\"@id\":\"https:\/\/compartilhabahia.com.br\/#\/schema\/person\/image\/\",\"url\":\"https:\/\/secure.gravatar.com\/avatar\/9600df58751c5acbe914c538c03390ef649ea088cb65f84ba09c7ce66988eed6?s=96&d=mm&r=g\",\"contentUrl\":\"https:\/\/secure.gravatar.com\/avatar\/9600df58751c5acbe914c538c03390ef649ea088cb65f84ba09c7ce66988eed6?s=96&d=mm&r=g\",\"caption\":\"admin\"},\"sameAs\":[\"https:\/\/compartilhabahia.com.br\"],\"url\":\"https:\/\/compartilhabahia.com.br\/index.php\/author\/compartilhabahia\/\"}]}<\/script>\n<!-- \/ Yoast SEO plugin. -->","yoast_head_json":{"title":"Mutir\u00e3o refor\u00e7a preserva\u00e7\u00e3o ambiental na praia do Rio Vermelho \u00e0s v\u00e9speras da Festa de Iemanj\u00e1 - Compartilha Bahia","robots":{"index":"index","follow":"follow","max-snippet":"max-snippet:-1","max-image-preview":"max-image-preview:large","max-video-preview":"max-video-preview:-1"},"canonical":"https:\/\/compartilhabahia.com.br\/index.php\/2025\/01\/28\/mutirao-reforca-preservacao-ambiental-na-praia-do-rio-vermelho-as-vesperas-da-festa-de-iemanja\/","og_locale":"pt_BR","og_type":"article","og_title":"Mutir\u00e3o refor\u00e7a preserva\u00e7\u00e3o ambiental na praia do Rio Vermelho \u00e0s v\u00e9speras da Festa de Iemanj\u00e1 - Compartilha Bahia","og_description":"27\/01\/2025 Nesta sexta-feira (31), \u00e0s v\u00e9speras da Festa de Iemanj\u00e1, o programa Bahia Mais Verde Ver\u00e3o 2025 realizar\u00e1 uma a\u00e7\u00e3o de mobiliza\u00e7\u00e3o ambiental e limpeza na praia do Rio Vermelho, pr\u00f3ximo \u00e0 Casa de Iemanj\u00e1. Das 7h \u00e0s 12h, volunt\u00e1rios ir\u00e3o participar de um mutir\u00e3o para a coleta de res\u00edduos s\u00f3lidos na areia e no [&hellip;]","og_url":"https:\/\/compartilhabahia.com.br\/index.php\/2025\/01\/28\/mutirao-reforca-preservacao-ambiental-na-praia-do-rio-vermelho-as-vesperas-da-festa-de-iemanja\/","og_site_name":"Compartilha Bahia","article_publisher":"https:\/\/web.facebook.com\/compartilhabahia","article_published_time":"2025-01-28T00:25:02+00:00","article_modified_time":"2025-01-28T00:25:40+00:00","og_image":[{"width":900,"height":600,"url":"https:\/\/compartilhabahia.com.br\/wp-content\/uploads\/2025\/01\/52665507690_b1c6b52370_o-900x600-1.webp","type":"image\/webp"}],"author":"admin","twitter_card":"summary_large_image","twitter_misc":{"Escrito por":"admin","Est. tempo de leitura":"2 minutos"},"schema":{"@context":"https:\/\/schema.org","@graph":[{"@type":"Article","@id":"https:\/\/compartilhabahia.com.br\/index.php\/2025\/01\/28\/mutirao-reforca-preservacao-ambiental-na-praia-do-rio-vermelho-as-vesperas-da-festa-de-iemanja\/#article","isPartOf":{"@id":"https:\/\/compartilhabahia.com.br\/index.php\/2025\/01\/28\/mutirao-reforca-preservacao-ambiental-na-praia-do-rio-vermelho-as-vesperas-da-festa-de-iemanja\/"},"author":{"name":"admin","@id":"https:\/\/compartilhabahia.com.br\/#\/schema\/person\/9b4f0c3178793b8248d6686732521c04"},"headline":"Mutir\u00e3o refor\u00e7a preserva\u00e7\u00e3o ambiental na praia do Rio Vermelho \u00e0s v\u00e9speras da Festa de Iemanj\u00e1","datePublished":"2025-01-28T00:25:02+00:00","dateModified":"2025-01-28T00:25:40+00:00","mainEntityOfPage":{"@id":"https:\/\/compartilhabahia.com.br\/index.php\/2025\/01\/28\/mutirao-reforca-preservacao-ambiental-na-praia-do-rio-vermelho-as-vesperas-da-festa-de-iemanja\/"},"wordCount":331,"commentCount":0,"publisher":{"@id":"https:\/\/compartilhabahia.com.br\/#organization"},"articleSection":["Bahia"],"inLanguage":"pt-BR","potentialAction":[{"@type":"CommentAction","name":"Comment","target":["https:\/\/compartilhabahia.com.br\/index.php\/2025\/01\/28\/mutirao-reforca-preservacao-ambiental-na-praia-do-rio-vermelho-as-vesperas-da-festa-de-iemanja\/#respond"]}]},{"@type":"WebPage","@id":"https:\/\/compartilhabahia.com.br\/index.php\/2025\/01\/28\/mutirao-reforca-preservacao-ambiental-na-praia-do-rio-vermelho-as-vesperas-da-festa-de-iemanja\/","url":"https:\/\/compartilhabahia.com.br\/index.php\/2025\/01\/28\/mutirao-reforca-preservacao-ambiental-na-praia-do-rio-vermelho-as-vesperas-da-festa-de-iemanja\/","name":"Mutir\u00e3o refor\u00e7a preserva\u00e7\u00e3o ambiental na praia do Rio Vermelho \u00e0s v\u00e9speras da Festa de Iemanj\u00e1 - Compartilha Bahia","isPartOf":{"@id":"https:\/\/compartilhabahia.com.br\/#website"},"datePublished":"2025-01-28T00:25:02+00:00","dateModified":"2025-01-28T00:25:40+00:00","breadcrumb":{"@id":"https:\/\/compartilhabahia.com.br\/index.php\/2025\/01\/28\/mutirao-reforca-preservacao-ambiental-na-praia-do-rio-vermelho-as-vesperas-da-festa-de-iemanja\/#breadcrumb"},"inLanguage":"pt-BR","potentialAction":[{"@type":"ReadAction","target":["https:\/\/compartilhabahia.com.br\/index.php\/2025\/01\/28\/mutirao-reforca-preservacao-ambiental-na-praia-do-rio-vermelho-as-vesperas-da-festa-de-iemanja\/"]}]},{"@type":"BreadcrumbList","@id":"https:\/\/compartilhabahia.com.br\/index.php\/2025\/01\/28\/mutirao-reforca-preservacao-ambiental-na-praia-do-rio-vermelho-as-vesperas-da-festa-de-iemanja\/#breadcrumb","itemListElement":[{"@type":"ListItem","position":1,"name":"In\u00edcio","item":"https:\/\/compartilhabahia.com.br\/"},{"@type":"ListItem","position":2,"name":"Mutir\u00e3o refor\u00e7a preserva\u00e7\u00e3o ambiental na praia do Rio Vermelho \u00e0s v\u00e9speras da Festa de Iemanj\u00e1"}]},{"@type":"WebSite","@id":"https:\/\/compartilhabahia.com.br\/#website","url":"https:\/\/compartilhabahia.com.br\/","name":"Compartilha Bahia","description":"","publisher":{"@id":"https:\/\/compartilhabahia.com.br\/#organization"},"potentialAction":[{"@type":"SearchAction","target":{"@type":"EntryPoint","urlTemplate":"https:\/\/compartilhabahia.com.br\/?s={search_term_string}"},"query-input":"required name=search_term_string"}],"inLanguage":"pt-BR"},{"@type":"Organization","@id":"https:\/\/compartilhabahia.com.br\/#organization","name":"Compartilha Bahia","url":"https:\/\/compartilhabahia.com.br\/","logo":{"@type":"ImageObject","inLanguage":"pt-BR","@id":"https:\/\/compartilhabahia.com.br\/#\/schema\/logo\/image\/","url":"https:\/\/compartilhabahia.com.br\/wp-content\/uploads\/2023\/12\/cropped-logo.png","contentUrl":"https:\/\/compartilhabahia.com.br\/wp-content\/uploads\/2023\/12\/cropped-logo.png","width":300,"height":106,"caption":"Compartilha Bahia"},"image":{"@id":"https:\/\/compartilhabahia.com.br\/#\/schema\/logo\/image\/"},"sameAs":["https:\/\/web.facebook.com\/compartilhabahia","https:\/\/www.instagram.com\/compartilhabahia\/"]},{"@type":"Person","@id":"https:\/\/compartilhabahia.com.br\/#\/schema\/person\/9b4f0c3178793b8248d6686732521c04","name":"admin","image":{"@type":"ImageObject","inLanguage":"pt-BR","@id":"https:\/\/compartilhabahia.com.br\/#\/schema\/person\/image\/","url":"https:\/\/secure.gravatar.com\/avatar\/9600df58751c5acbe914c538c03390ef649ea088cb65f84ba09c7ce66988eed6?s=96&d=mm&r=g","contentUrl":"https:\/\/secure.gravatar.com\/avatar\/9600df58751c5acbe914c538c03390ef649ea088cb65f84ba09c7ce66988eed6?s=96&d=mm&r=g","caption":"admin"},"sameAs":["https:\/\/compartilhabahia.com.br"],"url":"https:\/\/compartilhabahia.com.br\/index.php\/author\/compartilhabahia\/"}]}},"_links":{"self":[{"href":"https:\/\/compartilhabahia.com.br\/index.php\/wp-json\/wp\/v2\/posts\/5071","targetHints":{"allow":["GET"]}}],"collection":[{"href":"https:\/\/compartilhabahia.com.br\/index.php\/wp-json\/wp\/v2\/posts"}],"about":[{"href":"https:\/\/compartilhabahia.com.br\/index.php\/wp-json\/wp\/v2\/types\/post"}],"author":[{"embeddable":true,"href":"https:\/\/compartilhabahia.com.br\/index.php\/wp-json\/wp\/v2\/users\/1"}],"replies":[{"embeddable":true,"href":"https:\/\/compartilhabahia.com.br\/index.php\/wp-json\/wp\/v2\/comments?post=5071"}],"version-history":[{"count":1,"href":"https:\/\/compartilhabahia.com.br\/index.php\/wp-json\/wp\/v2\/posts\/5071\/revisions"}],"predecessor-version":[{"id":5073,"href":"https:\/\/compartilhabahia.com.br\/index.php\/wp-json\/wp\/v2\/posts\/5071\/revisions\/5073"}],"wp:featuredmedia":[{"embeddable":true,"href":"https:\/\/compartilhabahia.com.br\/index.php\/wp-json\/wp\/v2\/media\/5072"}],"wp:attachment":[{"href":"https:\/\/compartilhabahia.com.br\/index.php\/wp-json\/wp\/v2\/media?parent=5071"}],"wp:term":[{"taxonomy":"category","embeddable":true,"href":"https:\/\/compartilhabahia.com.br\/index.php\/wp-json\/wp\/v2\/categories?post=5071"},{"taxonomy":"post_tag","embeddable":true,"href":"https:\/\/compartilhabahia.com.br\/index.php\/wp-json\/wp\/v2\/tags?post=5071"}],"curies":[{"name":"wp","href":"https:\/\/api.w.org\/{rel}","templated":true}]}}