{"id":5066,"date":"2025-01-27T18:39:06","date_gmt":"2025-01-27T18:39:06","guid":{"rendered":"https:\/\/compartilhabahia.com.br\/?p=5066"},"modified":"2025-01-27T18:39:58","modified_gmt":"2025-01-27T18:39:58","slug":"caetano-entrega-upa-com-equipamentos-e-ambulancia-antiga-gestao-inaugurou-mas-nao-botou-para-funcionar","status":"publish","type":"post","link":"https:\/\/compartilhabahia.com.br\/index.php\/2025\/01\/27\/caetano-entrega-upa-com-equipamentos-e-ambulancia-antiga-gestao-inaugurou-mas-nao-botou-para-funcionar\/","title":{"rendered":"Caetano entrega UPA com equipamentos e ambul\u00e2ncia; antiga gest\u00e3o inaugurou, mas \u201cn\u00e3o botou para funcionar\u201d"},"content":{"rendered":"\n<p><\/p>\n\n\n\n<p>O prefeito Luiz Caetano entregou \u00e0 popula\u00e7\u00e3o nesta segunda-feira (27) a UPA dos Phocs, que estava fechada desde o dia 13 de janeiro ap\u00f3s ter sido alagada em fun\u00e7\u00e3o da falta de drenagem de um campo de futebol constru\u00eddo pela antiga gest\u00e3o ao lado da unidade de sa\u00fade, o que fez com que a forte chuva ocasionasse o alagamento. A antiga gest\u00e3o inaugurou o espa\u00e7o dia 25 de outubro, \u00e0s v\u00e9speras do segundo turno da elei\u00e7\u00e3o, faltando equipamentos e com funcionamento prec\u00e1rio.<\/p>\n\n\n\n<p>Acompanhado da secret\u00e1ria de Sa\u00fade, Ros\u00e2ngela Almeida, vereadores, secret\u00e1rios municipais e lideran\u00e7as, o prefeito pontuou que encontrou a sa\u00fade p\u00fablica do munic\u00edpio em estado cr\u00edtico, mas destacou o trabalho de sua equipe para resolver os problemas emergenciais e passar a oferecer um servi\u00e7o de qualidade \u00e0 popula\u00e7\u00e3o.<\/p>\n\n\n\n<p>&#8220;Eu nunca imaginei que a sa\u00fade p\u00fablica tivesse t\u00e3o maltratada como a gente encontrou. A UPA dos Phocs ficou oito anos fechada. Faltando cinco dias pra elei\u00e7\u00e3o, a antiga gest\u00e3o entregou a obra sem terminar, sem fazer a drenagem do entorno, bastou uma chuva forte pra \u00e1gua alagar tudo. Mas estamos entregando essa unidade, e a partir de agora a sede passa a contar com duas UPA`s funcionando\u201d, disse o prefeito.<\/p>\n\n\n\n<p>Ainda de acordo com Caetano, na orla de Cama\u00e7ari o desafio tamb\u00e9m \u00e9 grande: a gest\u00e3o municipal est\u00e1 procurando um local para transferir a UPA de Monte Gordo enquanto a nova sede \u00e9 constru\u00edda. &#8220;Estamos arrumando a casa e, ao mesmo tempo, colocando pra funcionar cada unidade de sa\u00fade do nosso munic\u00edpio. Sei que n\u00e3o \u00e9 f\u00e1cil, n\u00e3o \u00e9 simples, mas a nossa equipe est\u00e1 trabalhando duro&#8221;, destacou, citando os casos de Vila de Abrantes e Arembepe tamb\u00e9m como prioridades da gest\u00e3o.<\/p>\n\n\n\n<p>A UPA dos Phocs passa a funcionar 24 horas com atendimento de demandas de urg\u00eancia e emerg\u00eancia m\u00e9dica e odontol\u00f3gica. Al\u00e9m disso, na unidade, que conta com ambul\u00e2ncia equipada para os casos de pacientes com necessidade de regula\u00e7\u00e3o, s\u00e3o realizados exames como raio-X, eletrocardiograma (ECG) e de laborat\u00f3rio 24h.<\/p>\n\n\n\n<figure class=\"wp-block-image size-large\"><img loading=\"lazy\" decoding=\"async\" width=\"1024\" height=\"682\" src=\"https:\/\/compartilhabahia.com.br\/wp-content\/uploads\/2025\/01\/2cb56b7f-7d32-4da7-9b05-e55a33381416-1024x682.jpg\" alt=\"\" class=\"wp-image-5069\" srcset=\"https:\/\/compartilhabahia.com.br\/wp-content\/uploads\/2025\/01\/2cb56b7f-7d32-4da7-9b05-e55a33381416-1024x682.jpg 1024w, https:\/\/compartilhabahia.com.br\/wp-content\/uploads\/2025\/01\/2cb56b7f-7d32-4da7-9b05-e55a33381416-300x200.jpg 300w, https:\/\/compartilhabahia.com.br\/wp-content\/uploads\/2025\/01\/2cb56b7f-7d32-4da7-9b05-e55a33381416-768x512.jpg 768w, https:\/\/compartilhabahia.com.br\/wp-content\/uploads\/2025\/01\/2cb56b7f-7d32-4da7-9b05-e55a33381416-1200x800.jpg 1200w, https:\/\/compartilhabahia.com.br\/wp-content\/uploads\/2025\/01\/2cb56b7f-7d32-4da7-9b05-e55a33381416.jpg 1280w\" sizes=\"auto, (max-width: 1024px) 100vw, 1024px\" \/><\/figure>\n","protected":false},"excerpt":{"rendered":"<p>O prefeito Luiz Caetano entregou \u00e0 popula\u00e7\u00e3o nesta segunda-feira (27) a UPA dos Phocs, que estava fechada desde o dia 13 de janeiro ap\u00f3s ter sido alagada em fun\u00e7\u00e3o da falta de drenagem de um campo de futebol constru\u00eddo pela antiga gest\u00e3o ao lado da unidade de sa\u00fade, o que fez com que a forte [&hellip;]<\/p>\n","protected":false},"author":1,"featured_media":5067,"comment_status":"open","ping_status":"open","sticky":false,"template":"","format":"standard","meta":{"footnotes":""},"categories":[8],"tags":[],"class_list":["post-5066","post","type-post","status-publish","format-standard","has-post-thumbnail","hentry","category-camacari"],"yoast_head":"<!-- This site is optimized with the Yoast SEO plugin v21.7 - https:\/\/yoast.com\/wordpress\/plugins\/seo\/ -->\n<title>Caetano entrega UPA com equipamentos e ambul\u00e2ncia; antiga gest\u00e3o inaugurou, mas \u201cn\u00e3o botou para funcionar\u201d - Compartilha Bahia<\/title>\n<meta name=\"robots\" content=\"index, follow, max-snippet:-1, max-image-preview:large, max-video-preview:-1\" \/>\n<link rel=\"canonical\" href=\"https:\/\/compartilhabahia.com.br\/index.php\/2025\/01\/27\/caetano-entrega-upa-com-equipamentos-e-ambulancia-antiga-gestao-inaugurou-mas-nao-botou-para-funcionar\/\" \/>\n<meta property=\"og:locale\" content=\"pt_BR\" \/>\n<meta property=\"og:type\" content=\"article\" \/>\n<meta property=\"og:title\" content=\"Caetano entrega UPA com equipamentos e ambul\u00e2ncia; antiga gest\u00e3o inaugurou, mas \u201cn\u00e3o botou para funcionar\u201d - Compartilha Bahia\" \/>\n<meta property=\"og:description\" content=\"O prefeito Luiz Caetano entregou \u00e0 popula\u00e7\u00e3o nesta segunda-feira (27) a UPA dos Phocs, que estava fechada desde o dia 13 de janeiro ap\u00f3s ter sido alagada em fun\u00e7\u00e3o da falta de drenagem de um campo de futebol constru\u00eddo pela antiga gest\u00e3o ao lado da unidade de sa\u00fade, o que fez com que a forte [&hellip;]\" \/>\n<meta property=\"og:url\" content=\"https:\/\/compartilhabahia.com.br\/index.php\/2025\/01\/27\/caetano-entrega-upa-com-equipamentos-e-ambulancia-antiga-gestao-inaugurou-mas-nao-botou-para-funcionar\/\" \/>\n<meta property=\"og:site_name\" content=\"Compartilha Bahia\" \/>\n<meta property=\"article:publisher\" content=\"https:\/\/web.facebook.com\/compartilhabahia\" \/>\n<meta property=\"article:published_time\" content=\"2025-01-27T18:39:06+00:00\" \/>\n<meta property=\"article:modified_time\" content=\"2025-01-27T18:39:58+00:00\" \/>\n<meta property=\"og:image\" content=\"https:\/\/compartilhabahia.com.br\/wp-content\/uploads\/2025\/01\/WhatsApp-Image-2025-01-27-at-11.58.58.jpeg\" \/>\n\t<meta property=\"og:image:width\" content=\"1280\" \/>\n\t<meta property=\"og:image:height\" content=\"853\" \/>\n\t<meta property=\"og:image:type\" content=\"image\/jpeg\" \/>\n<meta name=\"author\" content=\"admin\" \/>\n<meta name=\"twitter:card\" content=\"summary_large_image\" \/>\n<meta name=\"twitter:label1\" content=\"Escrito por\" \/>\n\t<meta name=\"twitter:data1\" content=\"admin\" \/>\n\t<meta name=\"twitter:label2\" content=\"Est. tempo de leitura\" \/>\n\t<meta name=\"twitter:data2\" content=\"3 minutos\" \/>\n<script type=\"application\/ld+json\" class=\"yoast-schema-graph\">{\"@context\":\"https:\/\/schema.org\",\"@graph\":[{\"@type\":\"Article\",\"@id\":\"https:\/\/compartilhabahia.com.br\/index.php\/2025\/01\/27\/caetano-entrega-upa-com-equipamentos-e-ambulancia-antiga-gestao-inaugurou-mas-nao-botou-para-funcionar\/#article\",\"isPartOf\":{\"@id\":\"https:\/\/compartilhabahia.com.br\/index.php\/2025\/01\/27\/caetano-entrega-upa-com-equipamentos-e-ambulancia-antiga-gestao-inaugurou-mas-nao-botou-para-funcionar\/\"},\"author\":{\"name\":\"admin\",\"@id\":\"https:\/\/compartilhabahia.com.br\/#\/schema\/person\/9b4f0c3178793b8248d6686732521c04\"},\"headline\":\"Caetano entrega UPA com equipamentos e ambul\u00e2ncia; antiga gest\u00e3o inaugurou, mas \u201cn\u00e3o botou para funcionar\u201d\",\"datePublished\":\"2025-01-27T18:39:06+00:00\",\"dateModified\":\"2025-01-27T18:39:58+00:00\",\"mainEntityOfPage\":{\"@id\":\"https:\/\/compartilhabahia.com.br\/index.php\/2025\/01\/27\/caetano-entrega-upa-com-equipamentos-e-ambulancia-antiga-gestao-inaugurou-mas-nao-botou-para-funcionar\/\"},\"wordCount\":387,\"commentCount\":0,\"publisher\":{\"@id\":\"https:\/\/compartilhabahia.com.br\/#organization\"},\"articleSection\":[\"Cama\u00e7ari\"],\"inLanguage\":\"pt-BR\",\"potentialAction\":[{\"@type\":\"CommentAction\",\"name\":\"Comment\",\"target\":[\"https:\/\/compartilhabahia.com.br\/index.php\/2025\/01\/27\/caetano-entrega-upa-com-equipamentos-e-ambulancia-antiga-gestao-inaugurou-mas-nao-botou-para-funcionar\/#respond\"]}]},{\"@type\":\"WebPage\",\"@id\":\"https:\/\/compartilhabahia.com.br\/index.php\/2025\/01\/27\/caetano-entrega-upa-com-equipamentos-e-ambulancia-antiga-gestao-inaugurou-mas-nao-botou-para-funcionar\/\",\"url\":\"https:\/\/compartilhabahia.com.br\/index.php\/2025\/01\/27\/caetano-entrega-upa-com-equipamentos-e-ambulancia-antiga-gestao-inaugurou-mas-nao-botou-para-funcionar\/\",\"name\":\"Caetano entrega UPA com equipamentos e ambul\u00e2ncia; antiga gest\u00e3o inaugurou, mas \u201cn\u00e3o botou para funcionar\u201d - Compartilha Bahia\",\"isPartOf\":{\"@id\":\"https:\/\/compartilhabahia.com.br\/#website\"},\"datePublished\":\"2025-01-27T18:39:06+00:00\",\"dateModified\":\"2025-01-27T18:39:58+00:00\",\"breadcrumb\":{\"@id\":\"https:\/\/compartilhabahia.com.br\/index.php\/2025\/01\/27\/caetano-entrega-upa-com-equipamentos-e-ambulancia-antiga-gestao-inaugurou-mas-nao-botou-para-funcionar\/#breadcrumb\"},\"inLanguage\":\"pt-BR\",\"potentialAction\":[{\"@type\":\"ReadAction\",\"target\":[\"https:\/\/compartilhabahia.com.br\/index.php\/2025\/01\/27\/caetano-entrega-upa-com-equipamentos-e-ambulancia-antiga-gestao-inaugurou-mas-nao-botou-para-funcionar\/\"]}]},{\"@type\":\"BreadcrumbList\",\"@id\":\"https:\/\/compartilhabahia.com.br\/index.php\/2025\/01\/27\/caetano-entrega-upa-com-equipamentos-e-ambulancia-antiga-gestao-inaugurou-mas-nao-botou-para-funcionar\/#breadcrumb\",\"itemListElement\":[{\"@type\":\"ListItem\",\"position\":1,\"name\":\"In\u00edcio\",\"item\":\"https:\/\/compartilhabahia.com.br\/\"},{\"@type\":\"ListItem\",\"position\":2,\"name\":\"Caetano entrega UPA com equipamentos e ambul\u00e2ncia; antiga gest\u00e3o inaugurou, mas \u201cn\u00e3o botou para funcionar\u201d\"}]},{\"@type\":\"WebSite\",\"@id\":\"https:\/\/compartilhabahia.com.br\/#website\",\"url\":\"https:\/\/compartilhabahia.com.br\/\",\"name\":\"Compartilha Bahia\",\"description\":\"\",\"publisher\":{\"@id\":\"https:\/\/compartilhabahia.com.br\/#organization\"},\"potentialAction\":[{\"@type\":\"SearchAction\",\"target\":{\"@type\":\"EntryPoint\",\"urlTemplate\":\"https:\/\/compartilhabahia.com.br\/?s={search_term_string}\"},\"query-input\":\"required name=search_term_string\"}],\"inLanguage\":\"pt-BR\"},{\"@type\":\"Organization\",\"@id\":\"https:\/\/compartilhabahia.com.br\/#organization\",\"name\":\"Compartilha Bahia\",\"url\":\"https:\/\/compartilhabahia.com.br\/\",\"logo\":{\"@type\":\"ImageObject\",\"inLanguage\":\"pt-BR\",\"@id\":\"https:\/\/compartilhabahia.com.br\/#\/schema\/logo\/image\/\",\"url\":\"https:\/\/compartilhabahia.com.br\/wp-content\/uploads\/2023\/12\/cropped-logo.png\",\"contentUrl\":\"https:\/\/compartilhabahia.com.br\/wp-content\/uploads\/2023\/12\/cropped-logo.png\",\"width\":300,\"height\":106,\"caption\":\"Compartilha Bahia\"},\"image\":{\"@id\":\"https:\/\/compartilhabahia.com.br\/#\/schema\/logo\/image\/\"},\"sameAs\":[\"https:\/\/web.facebook.com\/compartilhabahia\",\"https:\/\/www.instagram.com\/compartilhabahia\/\"]},{\"@type\":\"Person\",\"@id\":\"https:\/\/compartilhabahia.com.br\/#\/schema\/person\/9b4f0c3178793b8248d6686732521c04\",\"name\":\"admin\",\"image\":{\"@type\":\"ImageObject\",\"inLanguage\":\"pt-BR\",\"@id\":\"https:\/\/compartilhabahia.com.br\/#\/schema\/person\/image\/\",\"url\":\"https:\/\/secure.gravatar.com\/avatar\/9600df58751c5acbe914c538c03390ef649ea088cb65f84ba09c7ce66988eed6?s=96&d=mm&r=g\",\"contentUrl\":\"https:\/\/secure.gravatar.com\/avatar\/9600df58751c5acbe914c538c03390ef649ea088cb65f84ba09c7ce66988eed6?s=96&d=mm&r=g\",\"caption\":\"admin\"},\"sameAs\":[\"https:\/\/compartilhabahia.com.br\"],\"url\":\"https:\/\/compartilhabahia.com.br\/index.php\/author\/compartilhabahia\/\"}]}<\/script>\n<!-- \/ Yoast SEO plugin. -->","yoast_head_json":{"title":"Caetano entrega UPA com equipamentos e ambul\u00e2ncia; antiga gest\u00e3o inaugurou, mas \u201cn\u00e3o botou para funcionar\u201d - Compartilha Bahia","robots":{"index":"index","follow":"follow","max-snippet":"max-snippet:-1","max-image-preview":"max-image-preview:large","max-video-preview":"max-video-preview:-1"},"canonical":"https:\/\/compartilhabahia.com.br\/index.php\/2025\/01\/27\/caetano-entrega-upa-com-equipamentos-e-ambulancia-antiga-gestao-inaugurou-mas-nao-botou-para-funcionar\/","og_locale":"pt_BR","og_type":"article","og_title":"Caetano entrega UPA com equipamentos e ambul\u00e2ncia; antiga gest\u00e3o inaugurou, mas \u201cn\u00e3o botou para funcionar\u201d - Compartilha Bahia","og_description":"O prefeito Luiz Caetano entregou \u00e0 popula\u00e7\u00e3o nesta segunda-feira (27) a UPA dos Phocs, que estava fechada desde o dia 13 de janeiro ap\u00f3s ter sido alagada em fun\u00e7\u00e3o da falta de drenagem de um campo de futebol constru\u00eddo pela antiga gest\u00e3o ao lado da unidade de sa\u00fade, o que fez com que a forte [&hellip;]","og_url":"https:\/\/compartilhabahia.com.br\/index.php\/2025\/01\/27\/caetano-entrega-upa-com-equipamentos-e-ambulancia-antiga-gestao-inaugurou-mas-nao-botou-para-funcionar\/","og_site_name":"Compartilha Bahia","article_publisher":"https:\/\/web.facebook.com\/compartilhabahia","article_published_time":"2025-01-27T18:39:06+00:00","article_modified_time":"2025-01-27T18:39:58+00:00","og_image":[{"width":1280,"height":853,"url":"https:\/\/compartilhabahia.com.br\/wp-content\/uploads\/2025\/01\/WhatsApp-Image-2025-01-27-at-11.58.58.jpeg","type":"image\/jpeg"}],"author":"admin","twitter_card":"summary_large_image","twitter_misc":{"Escrito por":"admin","Est. tempo de leitura":"3 minutos"},"schema":{"@context":"https:\/\/schema.org","@graph":[{"@type":"Article","@id":"https:\/\/compartilhabahia.com.br\/index.php\/2025\/01\/27\/caetano-entrega-upa-com-equipamentos-e-ambulancia-antiga-gestao-inaugurou-mas-nao-botou-para-funcionar\/#article","isPartOf":{"@id":"https:\/\/compartilhabahia.com.br\/index.php\/2025\/01\/27\/caetano-entrega-upa-com-equipamentos-e-ambulancia-antiga-gestao-inaugurou-mas-nao-botou-para-funcionar\/"},"author":{"name":"admin","@id":"https:\/\/compartilhabahia.com.br\/#\/schema\/person\/9b4f0c3178793b8248d6686732521c04"},"headline":"Caetano entrega UPA com equipamentos e ambul\u00e2ncia; antiga gest\u00e3o inaugurou, mas \u201cn\u00e3o botou para funcionar\u201d","datePublished":"2025-01-27T18:39:06+00:00","dateModified":"2025-01-27T18:39:58+00:00","mainEntityOfPage":{"@id":"https:\/\/compartilhabahia.com.br\/index.php\/2025\/01\/27\/caetano-entrega-upa-com-equipamentos-e-ambulancia-antiga-gestao-inaugurou-mas-nao-botou-para-funcionar\/"},"wordCount":387,"commentCount":0,"publisher":{"@id":"https:\/\/compartilhabahia.com.br\/#organization"},"articleSection":["Cama\u00e7ari"],"inLanguage":"pt-BR","potentialAction":[{"@type":"CommentAction","name":"Comment","target":["https:\/\/compartilhabahia.com.br\/index.php\/2025\/01\/27\/caetano-entrega-upa-com-equipamentos-e-ambulancia-antiga-gestao-inaugurou-mas-nao-botou-para-funcionar\/#respond"]}]},{"@type":"WebPage","@id":"https:\/\/compartilhabahia.com.br\/index.php\/2025\/01\/27\/caetano-entrega-upa-com-equipamentos-e-ambulancia-antiga-gestao-inaugurou-mas-nao-botou-para-funcionar\/","url":"https:\/\/compartilhabahia.com.br\/index.php\/2025\/01\/27\/caetano-entrega-upa-com-equipamentos-e-ambulancia-antiga-gestao-inaugurou-mas-nao-botou-para-funcionar\/","name":"Caetano entrega UPA com equipamentos e ambul\u00e2ncia; antiga gest\u00e3o inaugurou, mas \u201cn\u00e3o botou para funcionar\u201d - Compartilha Bahia","isPartOf":{"@id":"https:\/\/compartilhabahia.com.br\/#website"},"datePublished":"2025-01-27T18:39:06+00:00","dateModified":"2025-01-27T18:39:58+00:00","breadcrumb":{"@id":"https:\/\/compartilhabahia.com.br\/index.php\/2025\/01\/27\/caetano-entrega-upa-com-equipamentos-e-ambulancia-antiga-gestao-inaugurou-mas-nao-botou-para-funcionar\/#breadcrumb"},"inLanguage":"pt-BR","potentialAction":[{"@type":"ReadAction","target":["https:\/\/compartilhabahia.com.br\/index.php\/2025\/01\/27\/caetano-entrega-upa-com-equipamentos-e-ambulancia-antiga-gestao-inaugurou-mas-nao-botou-para-funcionar\/"]}]},{"@type":"BreadcrumbList","@id":"https:\/\/compartilhabahia.com.br\/index.php\/2025\/01\/27\/caetano-entrega-upa-com-equipamentos-e-ambulancia-antiga-gestao-inaugurou-mas-nao-botou-para-funcionar\/#breadcrumb","itemListElement":[{"@type":"ListItem","position":1,"name":"In\u00edcio","item":"https:\/\/compartilhabahia.com.br\/"},{"@type":"ListItem","position":2,"name":"Caetano entrega UPA com equipamentos e ambul\u00e2ncia; antiga gest\u00e3o inaugurou, mas \u201cn\u00e3o botou para funcionar\u201d"}]},{"@type":"WebSite","@id":"https:\/\/compartilhabahia.com.br\/#website","url":"https:\/\/compartilhabahia.com.br\/","name":"Compartilha Bahia","description":"","publisher":{"@id":"https:\/\/compartilhabahia.com.br\/#organization"},"potentialAction":[{"@type":"SearchAction","target":{"@type":"EntryPoint","urlTemplate":"https:\/\/compartilhabahia.com.br\/?s={search_term_string}"},"query-input":"required name=search_term_string"}],"inLanguage":"pt-BR"},{"@type":"Organization","@id":"https:\/\/compartilhabahia.com.br\/#organization","name":"Compartilha Bahia","url":"https:\/\/compartilhabahia.com.br\/","logo":{"@type":"ImageObject","inLanguage":"pt-BR","@id":"https:\/\/compartilhabahia.com.br\/#\/schema\/logo\/image\/","url":"https:\/\/compartilhabahia.com.br\/wp-content\/uploads\/2023\/12\/cropped-logo.png","contentUrl":"https:\/\/compartilhabahia.com.br\/wp-content\/uploads\/2023\/12\/cropped-logo.png","width":300,"height":106,"caption":"Compartilha Bahia"},"image":{"@id":"https:\/\/compartilhabahia.com.br\/#\/schema\/logo\/image\/"},"sameAs":["https:\/\/web.facebook.com\/compartilhabahia","https:\/\/www.instagram.com\/compartilhabahia\/"]},{"@type":"Person","@id":"https:\/\/compartilhabahia.com.br\/#\/schema\/person\/9b4f0c3178793b8248d6686732521c04","name":"admin","image":{"@type":"ImageObject","inLanguage":"pt-BR","@id":"https:\/\/compartilhabahia.com.br\/#\/schema\/person\/image\/","url":"https:\/\/secure.gravatar.com\/avatar\/9600df58751c5acbe914c538c03390ef649ea088cb65f84ba09c7ce66988eed6?s=96&d=mm&r=g","contentUrl":"https:\/\/secure.gravatar.com\/avatar\/9600df58751c5acbe914c538c03390ef649ea088cb65f84ba09c7ce66988eed6?s=96&d=mm&r=g","caption":"admin"},"sameAs":["https:\/\/compartilhabahia.com.br"],"url":"https:\/\/compartilhabahia.com.br\/index.php\/author\/compartilhabahia\/"}]}},"_links":{"self":[{"href":"https:\/\/compartilhabahia.com.br\/index.php\/wp-json\/wp\/v2\/posts\/5066","targetHints":{"allow":["GET"]}}],"collection":[{"href":"https:\/\/compartilhabahia.com.br\/index.php\/wp-json\/wp\/v2\/posts"}],"about":[{"href":"https:\/\/compartilhabahia.com.br\/index.php\/wp-json\/wp\/v2\/types\/post"}],"author":[{"embeddable":true,"href":"https:\/\/compartilhabahia.com.br\/index.php\/wp-json\/wp\/v2\/users\/1"}],"replies":[{"embeddable":true,"href":"https:\/\/compartilhabahia.com.br\/index.php\/wp-json\/wp\/v2\/comments?post=5066"}],"version-history":[{"count":2,"href":"https:\/\/compartilhabahia.com.br\/index.php\/wp-json\/wp\/v2\/posts\/5066\/revisions"}],"predecessor-version":[{"id":5070,"href":"https:\/\/compartilhabahia.com.br\/index.php\/wp-json\/wp\/v2\/posts\/5066\/revisions\/5070"}],"wp:featuredmedia":[{"embeddable":true,"href":"https:\/\/compartilhabahia.com.br\/index.php\/wp-json\/wp\/v2\/media\/5067"}],"wp:attachment":[{"href":"https:\/\/compartilhabahia.com.br\/index.php\/wp-json\/wp\/v2\/media?parent=5066"}],"wp:term":[{"taxonomy":"category","embeddable":true,"href":"https:\/\/compartilhabahia.com.br\/index.php\/wp-json\/wp\/v2\/categories?post=5066"},{"taxonomy":"post_tag","embeddable":true,"href":"https:\/\/compartilhabahia.com.br\/index.php\/wp-json\/wp\/v2\/tags?post=5066"}],"curies":[{"name":"wp","href":"https:\/\/api.w.org\/{rel}","templated":true}]}}