{"id":5033,"date":"2025-01-24T23:52:06","date_gmt":"2025-01-24T23:52:06","guid":{"rendered":"https:\/\/compartilhabahia.com.br\/?p=5033"},"modified":"2025-01-24T23:54:00","modified_gmt":"2025-01-24T23:54:00","slug":"em-menos-de-30-dias-caetano-determina-higienizacao-geral-na-feira-de-camacari","status":"publish","type":"post","link":"https:\/\/compartilhabahia.com.br\/index.php\/2025\/01\/24\/em-menos-de-30-dias-caetano-determina-higienizacao-geral-na-feira-de-camacari\/","title":{"rendered":"Em menos de 30 dias Caetano determina higieniza\u00e7\u00e3o geral na Feira de Cama\u00e7ari"},"content":{"rendered":"\n<p><\/p>\n\n\n\n<p><strong>Centro Comercial estar\u00e1 fechado para Faxina\u00e7o no domingo<\/strong><\/p>\n\n\n\n<p><br>O Faxina\u00e7o chega ao Centro Comercial de Cama\u00e7ari (CCC), popular Feira, com servi\u00e7os de desobstru\u00e7\u00e3o dos esgotos, dedetiza\u00e7\u00e3o, higieniza\u00e7\u00e3o e lavagem, neste domingo (26), a partir das 6h. Por causa da a\u00e7\u00e3o, realizada pela Prefeitura de Cama\u00e7ari, atrav\u00e9s da Secretaria dos Servi\u00e7os P\u00fablicos (Sesp), o espa\u00e7o estar\u00e1 fechado durante todo o dia.<\/p>\n\n\n\n<p>De acordo a pasta, o CCC funcionar\u00e1 normalmente tanto no s\u00e1bado (25), quanto na segunda-feira (27), das 6h \u00e0s 18h. Durante a semana, o espa\u00e7o estar\u00e1 aberto nos hor\u00e1rios habituais, tamb\u00e9m das 6h \u00e0s 18h, e das 6h \u00e0s 13h aos domingos.<\/p>\n\n\n\n<p>O coordenador do Centro Comercial, Edmilson Freitas, destaca o objetivo da a\u00e7\u00e3o. \u201cN\u00f3s queremos fazer esse tipo de trabalho para dar um conforto melhor \u00e0 popula\u00e7\u00e3o que circula dentro da Feira e, tamb\u00e9m, para os pr\u00f3prios permission\u00e1rios\u201d, finaliza.<\/p>\n","protected":false},"excerpt":{"rendered":"<p>Centro Comercial estar\u00e1 fechado para Faxina\u00e7o no domingo O Faxina\u00e7o chega ao Centro Comercial de Cama\u00e7ari (CCC), popular Feira, com servi\u00e7os de desobstru\u00e7\u00e3o dos esgotos, dedetiza\u00e7\u00e3o, higieniza\u00e7\u00e3o e lavagem, neste domingo (26), a partir das 6h. Por causa da a\u00e7\u00e3o, realizada pela Prefeitura de Cama\u00e7ari, atrav\u00e9s da Secretaria dos Servi\u00e7os P\u00fablicos (Sesp), o espa\u00e7o estar\u00e1 [&hellip;]<\/p>\n","protected":false},"author":1,"featured_media":5036,"comment_status":"open","ping_status":"open","sticky":false,"template":"","format":"standard","meta":{"footnotes":""},"categories":[8],"tags":[],"class_list":["post-5033","post","type-post","status-publish","format-standard","has-post-thumbnail","hentry","category-camacari"],"yoast_head":"<!-- This site is optimized with the Yoast SEO plugin v21.7 - https:\/\/yoast.com\/wordpress\/plugins\/seo\/ -->\n<title>Em menos de 30 dias Caetano determina higieniza\u00e7\u00e3o geral na Feira de Cama\u00e7ari - Compartilha Bahia<\/title>\n<meta name=\"robots\" content=\"index, follow, max-snippet:-1, max-image-preview:large, max-video-preview:-1\" \/>\n<link rel=\"canonical\" href=\"https:\/\/compartilhabahia.com.br\/index.php\/2025\/01\/24\/em-menos-de-30-dias-caetano-determina-higienizacao-geral-na-feira-de-camacari\/\" \/>\n<meta property=\"og:locale\" content=\"pt_BR\" \/>\n<meta property=\"og:type\" content=\"article\" \/>\n<meta property=\"og:title\" content=\"Em menos de 30 dias Caetano determina higieniza\u00e7\u00e3o geral na Feira de Cama\u00e7ari - Compartilha Bahia\" \/>\n<meta property=\"og:description\" content=\"Centro Comercial estar\u00e1 fechado para Faxina\u00e7o no domingo O Faxina\u00e7o chega ao Centro Comercial de Cama\u00e7ari (CCC), popular Feira, com servi\u00e7os de desobstru\u00e7\u00e3o dos esgotos, dedetiza\u00e7\u00e3o, higieniza\u00e7\u00e3o e lavagem, neste domingo (26), a partir das 6h. Por causa da a\u00e7\u00e3o, realizada pela Prefeitura de Cama\u00e7ari, atrav\u00e9s da Secretaria dos Servi\u00e7os P\u00fablicos (Sesp), o espa\u00e7o estar\u00e1 [&hellip;]\" \/>\n<meta property=\"og:url\" content=\"https:\/\/compartilhabahia.com.br\/index.php\/2025\/01\/24\/em-menos-de-30-dias-caetano-determina-higienizacao-geral-na-feira-de-camacari\/\" \/>\n<meta property=\"og:site_name\" content=\"Compartilha Bahia\" \/>\n<meta property=\"article:publisher\" content=\"https:\/\/web.facebook.com\/compartilhabahia\" \/>\n<meta property=\"article:published_time\" content=\"2025-01-24T23:52:06+00:00\" \/>\n<meta property=\"article:modified_time\" content=\"2025-01-24T23:54:00+00:00\" \/>\n<meta property=\"og:image\" content=\"https:\/\/compartilhabahia.com.br\/wp-content\/uploads\/2025\/01\/centro.jpg\" \/>\n\t<meta property=\"og:image:width\" content=\"600\" \/>\n\t<meta property=\"og:image:height\" content=\"399\" \/>\n\t<meta property=\"og:image:type\" content=\"image\/jpeg\" \/>\n<meta name=\"author\" content=\"admin\" \/>\n<meta name=\"twitter:card\" content=\"summary_large_image\" \/>\n<meta name=\"twitter:label1\" content=\"Escrito por\" \/>\n\t<meta name=\"twitter:data1\" content=\"admin\" \/>\n\t<meta name=\"twitter:label2\" content=\"Est. tempo de leitura\" \/>\n\t<meta name=\"twitter:data2\" content=\"1 minuto\" \/>\n<script type=\"application\/ld+json\" class=\"yoast-schema-graph\">{\"@context\":\"https:\/\/schema.org\",\"@graph\":[{\"@type\":\"Article\",\"@id\":\"https:\/\/compartilhabahia.com.br\/index.php\/2025\/01\/24\/em-menos-de-30-dias-caetano-determina-higienizacao-geral-na-feira-de-camacari\/#article\",\"isPartOf\":{\"@id\":\"https:\/\/compartilhabahia.com.br\/index.php\/2025\/01\/24\/em-menos-de-30-dias-caetano-determina-higienizacao-geral-na-feira-de-camacari\/\"},\"author\":{\"name\":\"admin\",\"@id\":\"https:\/\/compartilhabahia.com.br\/#\/schema\/person\/9b4f0c3178793b8248d6686732521c04\"},\"headline\":\"Em menos de 30 dias Caetano determina higieniza\u00e7\u00e3o geral na Feira de Cama\u00e7ari\",\"datePublished\":\"2025-01-24T23:52:06+00:00\",\"dateModified\":\"2025-01-24T23:54:00+00:00\",\"mainEntityOfPage\":{\"@id\":\"https:\/\/compartilhabahia.com.br\/index.php\/2025\/01\/24\/em-menos-de-30-dias-caetano-determina-higienizacao-geral-na-feira-de-camacari\/\"},\"wordCount\":173,\"commentCount\":0,\"publisher\":{\"@id\":\"https:\/\/compartilhabahia.com.br\/#organization\"},\"articleSection\":[\"Cama\u00e7ari\"],\"inLanguage\":\"pt-BR\",\"potentialAction\":[{\"@type\":\"CommentAction\",\"name\":\"Comment\",\"target\":[\"https:\/\/compartilhabahia.com.br\/index.php\/2025\/01\/24\/em-menos-de-30-dias-caetano-determina-higienizacao-geral-na-feira-de-camacari\/#respond\"]}]},{\"@type\":\"WebPage\",\"@id\":\"https:\/\/compartilhabahia.com.br\/index.php\/2025\/01\/24\/em-menos-de-30-dias-caetano-determina-higienizacao-geral-na-feira-de-camacari\/\",\"url\":\"https:\/\/compartilhabahia.com.br\/index.php\/2025\/01\/24\/em-menos-de-30-dias-caetano-determina-higienizacao-geral-na-feira-de-camacari\/\",\"name\":\"Em menos de 30 dias Caetano determina higieniza\u00e7\u00e3o geral na Feira de Cama\u00e7ari - Compartilha Bahia\",\"isPartOf\":{\"@id\":\"https:\/\/compartilhabahia.com.br\/#website\"},\"datePublished\":\"2025-01-24T23:52:06+00:00\",\"dateModified\":\"2025-01-24T23:54:00+00:00\",\"breadcrumb\":{\"@id\":\"https:\/\/compartilhabahia.com.br\/index.php\/2025\/01\/24\/em-menos-de-30-dias-caetano-determina-higienizacao-geral-na-feira-de-camacari\/#breadcrumb\"},\"inLanguage\":\"pt-BR\",\"potentialAction\":[{\"@type\":\"ReadAction\",\"target\":[\"https:\/\/compartilhabahia.com.br\/index.php\/2025\/01\/24\/em-menos-de-30-dias-caetano-determina-higienizacao-geral-na-feira-de-camacari\/\"]}]},{\"@type\":\"BreadcrumbList\",\"@id\":\"https:\/\/compartilhabahia.com.br\/index.php\/2025\/01\/24\/em-menos-de-30-dias-caetano-determina-higienizacao-geral-na-feira-de-camacari\/#breadcrumb\",\"itemListElement\":[{\"@type\":\"ListItem\",\"position\":1,\"name\":\"In\u00edcio\",\"item\":\"https:\/\/compartilhabahia.com.br\/\"},{\"@type\":\"ListItem\",\"position\":2,\"name\":\"Em menos de 30 dias Caetano determina higieniza\u00e7\u00e3o geral na Feira de Cama\u00e7ari\"}]},{\"@type\":\"WebSite\",\"@id\":\"https:\/\/compartilhabahia.com.br\/#website\",\"url\":\"https:\/\/compartilhabahia.com.br\/\",\"name\":\"Compartilha Bahia\",\"description\":\"\",\"publisher\":{\"@id\":\"https:\/\/compartilhabahia.com.br\/#organization\"},\"potentialAction\":[{\"@type\":\"SearchAction\",\"target\":{\"@type\":\"EntryPoint\",\"urlTemplate\":\"https:\/\/compartilhabahia.com.br\/?s={search_term_string}\"},\"query-input\":\"required name=search_term_string\"}],\"inLanguage\":\"pt-BR\"},{\"@type\":\"Organization\",\"@id\":\"https:\/\/compartilhabahia.com.br\/#organization\",\"name\":\"Compartilha Bahia\",\"url\":\"https:\/\/compartilhabahia.com.br\/\",\"logo\":{\"@type\":\"ImageObject\",\"inLanguage\":\"pt-BR\",\"@id\":\"https:\/\/compartilhabahia.com.br\/#\/schema\/logo\/image\/\",\"url\":\"https:\/\/compartilhabahia.com.br\/wp-content\/uploads\/2023\/12\/cropped-logo.png\",\"contentUrl\":\"https:\/\/compartilhabahia.com.br\/wp-content\/uploads\/2023\/12\/cropped-logo.png\",\"width\":300,\"height\":106,\"caption\":\"Compartilha Bahia\"},\"image\":{\"@id\":\"https:\/\/compartilhabahia.com.br\/#\/schema\/logo\/image\/\"},\"sameAs\":[\"https:\/\/web.facebook.com\/compartilhabahia\",\"https:\/\/www.instagram.com\/compartilhabahia\/\"]},{\"@type\":\"Person\",\"@id\":\"https:\/\/compartilhabahia.com.br\/#\/schema\/person\/9b4f0c3178793b8248d6686732521c04\",\"name\":\"admin\",\"image\":{\"@type\":\"ImageObject\",\"inLanguage\":\"pt-BR\",\"@id\":\"https:\/\/compartilhabahia.com.br\/#\/schema\/person\/image\/\",\"url\":\"https:\/\/secure.gravatar.com\/avatar\/9600df58751c5acbe914c538c03390ef649ea088cb65f84ba09c7ce66988eed6?s=96&d=mm&r=g\",\"contentUrl\":\"https:\/\/secure.gravatar.com\/avatar\/9600df58751c5acbe914c538c03390ef649ea088cb65f84ba09c7ce66988eed6?s=96&d=mm&r=g\",\"caption\":\"admin\"},\"sameAs\":[\"https:\/\/compartilhabahia.com.br\"],\"url\":\"https:\/\/compartilhabahia.com.br\/index.php\/author\/compartilhabahia\/\"}]}<\/script>\n<!-- \/ Yoast SEO plugin. -->","yoast_head_json":{"title":"Em menos de 30 dias Caetano determina higieniza\u00e7\u00e3o geral na Feira de Cama\u00e7ari - Compartilha Bahia","robots":{"index":"index","follow":"follow","max-snippet":"max-snippet:-1","max-image-preview":"max-image-preview:large","max-video-preview":"max-video-preview:-1"},"canonical":"https:\/\/compartilhabahia.com.br\/index.php\/2025\/01\/24\/em-menos-de-30-dias-caetano-determina-higienizacao-geral-na-feira-de-camacari\/","og_locale":"pt_BR","og_type":"article","og_title":"Em menos de 30 dias Caetano determina higieniza\u00e7\u00e3o geral na Feira de Cama\u00e7ari - Compartilha Bahia","og_description":"Centro Comercial estar\u00e1 fechado para Faxina\u00e7o no domingo O Faxina\u00e7o chega ao Centro Comercial de Cama\u00e7ari (CCC), popular Feira, com servi\u00e7os de desobstru\u00e7\u00e3o dos esgotos, dedetiza\u00e7\u00e3o, higieniza\u00e7\u00e3o e lavagem, neste domingo (26), a partir das 6h. Por causa da a\u00e7\u00e3o, realizada pela Prefeitura de Cama\u00e7ari, atrav\u00e9s da Secretaria dos Servi\u00e7os P\u00fablicos (Sesp), o espa\u00e7o estar\u00e1 [&hellip;]","og_url":"https:\/\/compartilhabahia.com.br\/index.php\/2025\/01\/24\/em-menos-de-30-dias-caetano-determina-higienizacao-geral-na-feira-de-camacari\/","og_site_name":"Compartilha Bahia","article_publisher":"https:\/\/web.facebook.com\/compartilhabahia","article_published_time":"2025-01-24T23:52:06+00:00","article_modified_time":"2025-01-24T23:54:00+00:00","og_image":[{"width":600,"height":399,"url":"https:\/\/compartilhabahia.com.br\/wp-content\/uploads\/2025\/01\/centro.jpg","type":"image\/jpeg"}],"author":"admin","twitter_card":"summary_large_image","twitter_misc":{"Escrito por":"admin","Est. tempo de leitura":"1 minuto"},"schema":{"@context":"https:\/\/schema.org","@graph":[{"@type":"Article","@id":"https:\/\/compartilhabahia.com.br\/index.php\/2025\/01\/24\/em-menos-de-30-dias-caetano-determina-higienizacao-geral-na-feira-de-camacari\/#article","isPartOf":{"@id":"https:\/\/compartilhabahia.com.br\/index.php\/2025\/01\/24\/em-menos-de-30-dias-caetano-determina-higienizacao-geral-na-feira-de-camacari\/"},"author":{"name":"admin","@id":"https:\/\/compartilhabahia.com.br\/#\/schema\/person\/9b4f0c3178793b8248d6686732521c04"},"headline":"Em menos de 30 dias Caetano determina higieniza\u00e7\u00e3o geral na Feira de Cama\u00e7ari","datePublished":"2025-01-24T23:52:06+00:00","dateModified":"2025-01-24T23:54:00+00:00","mainEntityOfPage":{"@id":"https:\/\/compartilhabahia.com.br\/index.php\/2025\/01\/24\/em-menos-de-30-dias-caetano-determina-higienizacao-geral-na-feira-de-camacari\/"},"wordCount":173,"commentCount":0,"publisher":{"@id":"https:\/\/compartilhabahia.com.br\/#organization"},"articleSection":["Cama\u00e7ari"],"inLanguage":"pt-BR","potentialAction":[{"@type":"CommentAction","name":"Comment","target":["https:\/\/compartilhabahia.com.br\/index.php\/2025\/01\/24\/em-menos-de-30-dias-caetano-determina-higienizacao-geral-na-feira-de-camacari\/#respond"]}]},{"@type":"WebPage","@id":"https:\/\/compartilhabahia.com.br\/index.php\/2025\/01\/24\/em-menos-de-30-dias-caetano-determina-higienizacao-geral-na-feira-de-camacari\/","url":"https:\/\/compartilhabahia.com.br\/index.php\/2025\/01\/24\/em-menos-de-30-dias-caetano-determina-higienizacao-geral-na-feira-de-camacari\/","name":"Em menos de 30 dias Caetano determina higieniza\u00e7\u00e3o geral na Feira de Cama\u00e7ari - Compartilha Bahia","isPartOf":{"@id":"https:\/\/compartilhabahia.com.br\/#website"},"datePublished":"2025-01-24T23:52:06+00:00","dateModified":"2025-01-24T23:54:00+00:00","breadcrumb":{"@id":"https:\/\/compartilhabahia.com.br\/index.php\/2025\/01\/24\/em-menos-de-30-dias-caetano-determina-higienizacao-geral-na-feira-de-camacari\/#breadcrumb"},"inLanguage":"pt-BR","potentialAction":[{"@type":"ReadAction","target":["https:\/\/compartilhabahia.com.br\/index.php\/2025\/01\/24\/em-menos-de-30-dias-caetano-determina-higienizacao-geral-na-feira-de-camacari\/"]}]},{"@type":"BreadcrumbList","@id":"https:\/\/compartilhabahia.com.br\/index.php\/2025\/01\/24\/em-menos-de-30-dias-caetano-determina-higienizacao-geral-na-feira-de-camacari\/#breadcrumb","itemListElement":[{"@type":"ListItem","position":1,"name":"In\u00edcio","item":"https:\/\/compartilhabahia.com.br\/"},{"@type":"ListItem","position":2,"name":"Em menos de 30 dias Caetano determina higieniza\u00e7\u00e3o geral na Feira de Cama\u00e7ari"}]},{"@type":"WebSite","@id":"https:\/\/compartilhabahia.com.br\/#website","url":"https:\/\/compartilhabahia.com.br\/","name":"Compartilha Bahia","description":"","publisher":{"@id":"https:\/\/compartilhabahia.com.br\/#organization"},"potentialAction":[{"@type":"SearchAction","target":{"@type":"EntryPoint","urlTemplate":"https:\/\/compartilhabahia.com.br\/?s={search_term_string}"},"query-input":"required name=search_term_string"}],"inLanguage":"pt-BR"},{"@type":"Organization","@id":"https:\/\/compartilhabahia.com.br\/#organization","name":"Compartilha Bahia","url":"https:\/\/compartilhabahia.com.br\/","logo":{"@type":"ImageObject","inLanguage":"pt-BR","@id":"https:\/\/compartilhabahia.com.br\/#\/schema\/logo\/image\/","url":"https:\/\/compartilhabahia.com.br\/wp-content\/uploads\/2023\/12\/cropped-logo.png","contentUrl":"https:\/\/compartilhabahia.com.br\/wp-content\/uploads\/2023\/12\/cropped-logo.png","width":300,"height":106,"caption":"Compartilha Bahia"},"image":{"@id":"https:\/\/compartilhabahia.com.br\/#\/schema\/logo\/image\/"},"sameAs":["https:\/\/web.facebook.com\/compartilhabahia","https:\/\/www.instagram.com\/compartilhabahia\/"]},{"@type":"Person","@id":"https:\/\/compartilhabahia.com.br\/#\/schema\/person\/9b4f0c3178793b8248d6686732521c04","name":"admin","image":{"@type":"ImageObject","inLanguage":"pt-BR","@id":"https:\/\/compartilhabahia.com.br\/#\/schema\/person\/image\/","url":"https:\/\/secure.gravatar.com\/avatar\/9600df58751c5acbe914c538c03390ef649ea088cb65f84ba09c7ce66988eed6?s=96&d=mm&r=g","contentUrl":"https:\/\/secure.gravatar.com\/avatar\/9600df58751c5acbe914c538c03390ef649ea088cb65f84ba09c7ce66988eed6?s=96&d=mm&r=g","caption":"admin"},"sameAs":["https:\/\/compartilhabahia.com.br"],"url":"https:\/\/compartilhabahia.com.br\/index.php\/author\/compartilhabahia\/"}]}},"_links":{"self":[{"href":"https:\/\/compartilhabahia.com.br\/index.php\/wp-json\/wp\/v2\/posts\/5033","targetHints":{"allow":["GET"]}}],"collection":[{"href":"https:\/\/compartilhabahia.com.br\/index.php\/wp-json\/wp\/v2\/posts"}],"about":[{"href":"https:\/\/compartilhabahia.com.br\/index.php\/wp-json\/wp\/v2\/types\/post"}],"author":[{"embeddable":true,"href":"https:\/\/compartilhabahia.com.br\/index.php\/wp-json\/wp\/v2\/users\/1"}],"replies":[{"embeddable":true,"href":"https:\/\/compartilhabahia.com.br\/index.php\/wp-json\/wp\/v2\/comments?post=5033"}],"version-history":[{"count":1,"href":"https:\/\/compartilhabahia.com.br\/index.php\/wp-json\/wp\/v2\/posts\/5033\/revisions"}],"predecessor-version":[{"id":5035,"href":"https:\/\/compartilhabahia.com.br\/index.php\/wp-json\/wp\/v2\/posts\/5033\/revisions\/5035"}],"wp:featuredmedia":[{"embeddable":true,"href":"https:\/\/compartilhabahia.com.br\/index.php\/wp-json\/wp\/v2\/media\/5036"}],"wp:attachment":[{"href":"https:\/\/compartilhabahia.com.br\/index.php\/wp-json\/wp\/v2\/media?parent=5033"}],"wp:term":[{"taxonomy":"category","embeddable":true,"href":"https:\/\/compartilhabahia.com.br\/index.php\/wp-json\/wp\/v2\/categories?post=5033"},{"taxonomy":"post_tag","embeddable":true,"href":"https:\/\/compartilhabahia.com.br\/index.php\/wp-json\/wp\/v2\/tags?post=5033"}],"curies":[{"name":"wp","href":"https:\/\/api.w.org\/{rel}","templated":true}]}}