{"id":5030,"date":"2025-01-24T22:41:38","date_gmt":"2025-01-24T22:41:38","guid":{"rendered":"https:\/\/compartilhabahia.com.br\/?p=5030"},"modified":"2025-01-24T23:15:23","modified_gmt":"2025-01-24T23:15:23","slug":"antes-de-fechar-primeiro-mes-caetano-consegue-virar-chave-do-transporte-coletivo","status":"publish","type":"post","link":"https:\/\/compartilhabahia.com.br\/index.php\/2025\/01\/24\/antes-de-fechar-primeiro-mes-caetano-consegue-virar-chave-do-transporte-coletivo\/","title":{"rendered":"Antes de fechar primeiro m\u00eas Caetano consegue virar chave do Transporte coletivo"},"content":{"rendered":"\n<p>Em mobiliza\u00e7\u00e3o hist\u00f3rica, Caetano une C\u00e2mara e MP para buscar solu\u00e7\u00e3o para transporte p\u00fablico de Cama\u00e7ari<\/p>\n\n\n\n<p>Nesta sexta-feira (24), o prefeito Luiz Caetano (PT) deu mais um passo na busca por resolu\u00e7\u00f5es da heran\u00e7a ca\u00f3tica do transporte p\u00fablico deixada em Cama\u00e7ari. O gestor se reuniu com membros do Minist\u00e9rio P\u00fablico da Bahia (MP-BA), 22 vereadores, secret\u00e1rios e a Procuradoria do Munic\u00edpio para colocar na mesa possibilidades de constru\u00e7\u00e3o de um novo esquema de transporte para a cidade. Na avalia\u00e7\u00e3o do pol\u00edtico, o arranjo emergencial deve contemplar toda cadeia do sistema de transporte.<\/p>\n\n\n\n<p>\u201c\u00c9 a primeira vez que a gente consegue reunir praticamente toda a C\u00e2mara, junto com o Minist\u00e9rio P\u00fablico, para discutir uma agenda t\u00e3o importante para a cidade, a agenda do transporte coletivo\u201d, ressaltou Caetano.<\/p>\n\n\n\n<p>A reuni\u00e3o, promovida na sede do MP-BA, no CAB, em Salvador, foi conduzida pelas promotoras de Justi\u00e7a Karinny Virg\u00ednia Peixoto de Oliveira, coordenadora do N\u00facleo Permanente de Incentivo \u00e0 Autocomposi\u00e7\u00e3o (Nupia), Milena Moreschi de Almeida, mediadora pelo Nupia\/Compor, e Rita Tourinho, coordenadora do Centro de Apoio Operacional \u00e0s Promotorias de Prote\u00e7\u00e3o \u00e0 Moralidade Administrativa (Caopam).<\/p>\n\n\n\n<p>Como detalhou o prefeito, a ideia \u00e9 fortalecer e qualificar o servi\u00e7o com todas as modalidades de transporte: \u00f4nibus, vans, micro-\u00f4nibus, ligeirinhos, motot\u00e1xi e transporte por aplicativo. Tudo pensado de maneira conjunta entre todos os Poderes.<\/p>\n\n\n\n<p>O abandono do ex-prefeito Elinaldo Ara\u00fajo (Uni\u00e3o Brasil), resultou em um retrato problem\u00e1tico para quem precisa dos \u00f4nibus para se deslocar pela cidade. Os termos contratuais prec\u00e1rios e a falta de a\u00e7\u00e3o para propor uma solu\u00e7\u00e3o, mesmo diante de convoca\u00e7\u00f5es do MP-BA, determinaram um fim programado para oferta do servi\u00e7o.<\/p>\n\n\n\n<p>Atualmente, Cama\u00e7ari \u00e9 atendida apenas por nove \u00f4nibus, sendo um na sede e oito na orla. As concess\u00f5es cedidas pela antiga gest\u00e3o terminar\u00e3o no dia 15 de fevereiro e para que o munic\u00edpio n\u00e3o fique \u00e0 beira do colapso, o prefeito Caetano encontrou uma sa\u00edda emergencial com o apoio dos demais Poderes.<\/p>\n\n\n\n<p>A partir de fevereiro, 45 ve\u00edculos passar\u00e3o a rodar na cidade, percorrendo 27 linhas, entre sede e orla. Inicialmente, a opera\u00e7\u00e3o emergencial atuar\u00e1 por seis meses, podendo se estender por mais seis at\u00e9 que o governo municipal desenvolva estudos t\u00e9cnicos e de demanda mais aprofundados para fazer a concess\u00e3o do servi\u00e7o.<\/p>\n\n\n\n<p>\u201cHoje n\u00f3s discutimos a agenda de fazer a transi\u00e7\u00e3o do transporte de Cama\u00e7ari. Sair dessa crise que est\u00e1, fazendo uma aprova\u00e7\u00e3o pela C\u00e2mara, exatamente da possibilidade do subs\u00eddio ou fretamento desses \u00f4nibus. N\u00f3s vamos fazer esse trabalho juntos para que a gente possa melhorar o transporte coletivo da cidade, n\u00f3s apresentarmos um projeto, um programa do novo transporte coletivo de Cama\u00e7ari\u201d, destacou.<\/p>\n\n\n\n<p>Diante do consenso quanto \u00e0s alternativas de resolu\u00e7\u00e3o, o pr\u00f3ximo passo ser\u00e1 o encaminhamento de projetos de lei para a C\u00e2mara Municipal de Cama\u00e7ari. Tamb\u00e9m estiveram presentes a secret\u00e1ria de Governo, Ednalva Santana; do Desenvolvimento Urbano e Meio Ambiente, Rodrigo Nogueira; titular da Superintend\u00eancia de Tr\u00e2nsito e Transporte, Edmilson Santos; dos Servi\u00e7os P\u00fablicos, Hindemburgo Telles; e o procurador do munic\u00edpio, Carlos Medrado.<\/p>\n","protected":false},"excerpt":{"rendered":"<p>Em mobiliza\u00e7\u00e3o hist\u00f3rica, Caetano une C\u00e2mara e MP para buscar solu\u00e7\u00e3o para transporte p\u00fablico de Cama\u00e7ari Nesta sexta-feira (24), o prefeito Luiz Caetano (PT) deu mais um passo na busca por resolu\u00e7\u00f5es da heran\u00e7a ca\u00f3tica do transporte p\u00fablico deixada em Cama\u00e7ari. O gestor se reuniu com membros do Minist\u00e9rio P\u00fablico da Bahia (MP-BA), 22 vereadores, [&hellip;]<\/p>\n","protected":false},"author":1,"featured_media":5031,"comment_status":"open","ping_status":"open","sticky":false,"template":"","format":"standard","meta":{"footnotes":""},"categories":[8],"tags":[],"class_list":["post-5030","post","type-post","status-publish","format-standard","has-post-thumbnail","hentry","category-camacari"],"yoast_head":"<!-- This site is optimized with the Yoast SEO plugin v21.7 - https:\/\/yoast.com\/wordpress\/plugins\/seo\/ -->\n<title>Antes de fechar primeiro m\u00eas Caetano consegue virar chave do Transporte coletivo - Compartilha Bahia<\/title>\n<meta name=\"robots\" content=\"index, follow, max-snippet:-1, max-image-preview:large, max-video-preview:-1\" \/>\n<link rel=\"canonical\" href=\"https:\/\/compartilhabahia.com.br\/index.php\/2025\/01\/24\/antes-de-fechar-primeiro-mes-caetano-consegue-virar-chave-do-transporte-coletivo\/\" \/>\n<meta property=\"og:locale\" content=\"pt_BR\" \/>\n<meta property=\"og:type\" content=\"article\" \/>\n<meta property=\"og:title\" content=\"Antes de fechar primeiro m\u00eas Caetano consegue virar chave do Transporte coletivo - Compartilha Bahia\" \/>\n<meta property=\"og:description\" content=\"Em mobiliza\u00e7\u00e3o hist\u00f3rica, Caetano une C\u00e2mara e MP para buscar solu\u00e7\u00e3o para transporte p\u00fablico de Cama\u00e7ari Nesta sexta-feira (24), o prefeito Luiz Caetano (PT) deu mais um passo na busca por resolu\u00e7\u00f5es da heran\u00e7a ca\u00f3tica do transporte p\u00fablico deixada em Cama\u00e7ari. O gestor se reuniu com membros do Minist\u00e9rio P\u00fablico da Bahia (MP-BA), 22 vereadores, [&hellip;]\" \/>\n<meta property=\"og:url\" content=\"https:\/\/compartilhabahia.com.br\/index.php\/2025\/01\/24\/antes-de-fechar-primeiro-mes-caetano-consegue-virar-chave-do-transporte-coletivo\/\" \/>\n<meta property=\"og:site_name\" content=\"Compartilha Bahia\" \/>\n<meta property=\"article:publisher\" content=\"https:\/\/web.facebook.com\/compartilhabahia\" \/>\n<meta property=\"article:published_time\" content=\"2025-01-24T22:41:38+00:00\" \/>\n<meta property=\"article:modified_time\" content=\"2025-01-24T23:15:23+00:00\" \/>\n<meta property=\"og:image\" content=\"https:\/\/compartilhabahia.com.br\/wp-content\/uploads\/2025\/01\/transportesolucao.jpg\" \/>\n\t<meta property=\"og:image:width\" content=\"1280\" \/>\n\t<meta property=\"og:image:height\" content=\"853\" \/>\n\t<meta property=\"og:image:type\" content=\"image\/jpeg\" \/>\n<meta name=\"author\" content=\"admin\" \/>\n<meta name=\"twitter:card\" content=\"summary_large_image\" \/>\n<meta name=\"twitter:label1\" content=\"Escrito por\" \/>\n\t<meta name=\"twitter:data1\" content=\"admin\" \/>\n\t<meta name=\"twitter:label2\" content=\"Est. tempo de leitura\" \/>\n\t<meta name=\"twitter:data2\" content=\"3 minutos\" \/>\n<script type=\"application\/ld+json\" class=\"yoast-schema-graph\">{\"@context\":\"https:\/\/schema.org\",\"@graph\":[{\"@type\":\"Article\",\"@id\":\"https:\/\/compartilhabahia.com.br\/index.php\/2025\/01\/24\/antes-de-fechar-primeiro-mes-caetano-consegue-virar-chave-do-transporte-coletivo\/#article\",\"isPartOf\":{\"@id\":\"https:\/\/compartilhabahia.com.br\/index.php\/2025\/01\/24\/antes-de-fechar-primeiro-mes-caetano-consegue-virar-chave-do-transporte-coletivo\/\"},\"author\":{\"name\":\"admin\",\"@id\":\"https:\/\/compartilhabahia.com.br\/#\/schema\/person\/9b4f0c3178793b8248d6686732521c04\"},\"headline\":\"Antes de fechar primeiro m\u00eas Caetano consegue virar chave do Transporte coletivo\",\"datePublished\":\"2025-01-24T22:41:38+00:00\",\"dateModified\":\"2025-01-24T23:15:23+00:00\",\"mainEntityOfPage\":{\"@id\":\"https:\/\/compartilhabahia.com.br\/index.php\/2025\/01\/24\/antes-de-fechar-primeiro-mes-caetano-consegue-virar-chave-do-transporte-coletivo\/\"},\"wordCount\":569,\"commentCount\":0,\"publisher\":{\"@id\":\"https:\/\/compartilhabahia.com.br\/#organization\"},\"articleSection\":[\"Cama\u00e7ari\"],\"inLanguage\":\"pt-BR\",\"potentialAction\":[{\"@type\":\"CommentAction\",\"name\":\"Comment\",\"target\":[\"https:\/\/compartilhabahia.com.br\/index.php\/2025\/01\/24\/antes-de-fechar-primeiro-mes-caetano-consegue-virar-chave-do-transporte-coletivo\/#respond\"]}]},{\"@type\":\"WebPage\",\"@id\":\"https:\/\/compartilhabahia.com.br\/index.php\/2025\/01\/24\/antes-de-fechar-primeiro-mes-caetano-consegue-virar-chave-do-transporte-coletivo\/\",\"url\":\"https:\/\/compartilhabahia.com.br\/index.php\/2025\/01\/24\/antes-de-fechar-primeiro-mes-caetano-consegue-virar-chave-do-transporte-coletivo\/\",\"name\":\"Antes de fechar primeiro m\u00eas Caetano consegue virar chave do Transporte coletivo - Compartilha Bahia\",\"isPartOf\":{\"@id\":\"https:\/\/compartilhabahia.com.br\/#website\"},\"datePublished\":\"2025-01-24T22:41:38+00:00\",\"dateModified\":\"2025-01-24T23:15:23+00:00\",\"breadcrumb\":{\"@id\":\"https:\/\/compartilhabahia.com.br\/index.php\/2025\/01\/24\/antes-de-fechar-primeiro-mes-caetano-consegue-virar-chave-do-transporte-coletivo\/#breadcrumb\"},\"inLanguage\":\"pt-BR\",\"potentialAction\":[{\"@type\":\"ReadAction\",\"target\":[\"https:\/\/compartilhabahia.com.br\/index.php\/2025\/01\/24\/antes-de-fechar-primeiro-mes-caetano-consegue-virar-chave-do-transporte-coletivo\/\"]}]},{\"@type\":\"BreadcrumbList\",\"@id\":\"https:\/\/compartilhabahia.com.br\/index.php\/2025\/01\/24\/antes-de-fechar-primeiro-mes-caetano-consegue-virar-chave-do-transporte-coletivo\/#breadcrumb\",\"itemListElement\":[{\"@type\":\"ListItem\",\"position\":1,\"name\":\"In\u00edcio\",\"item\":\"https:\/\/compartilhabahia.com.br\/\"},{\"@type\":\"ListItem\",\"position\":2,\"name\":\"Antes de fechar primeiro m\u00eas Caetano consegue virar chave do Transporte coletivo\"}]},{\"@type\":\"WebSite\",\"@id\":\"https:\/\/compartilhabahia.com.br\/#website\",\"url\":\"https:\/\/compartilhabahia.com.br\/\",\"name\":\"Compartilha Bahia\",\"description\":\"\",\"publisher\":{\"@id\":\"https:\/\/compartilhabahia.com.br\/#organization\"},\"potentialAction\":[{\"@type\":\"SearchAction\",\"target\":{\"@type\":\"EntryPoint\",\"urlTemplate\":\"https:\/\/compartilhabahia.com.br\/?s={search_term_string}\"},\"query-input\":\"required name=search_term_string\"}],\"inLanguage\":\"pt-BR\"},{\"@type\":\"Organization\",\"@id\":\"https:\/\/compartilhabahia.com.br\/#organization\",\"name\":\"Compartilha Bahia\",\"url\":\"https:\/\/compartilhabahia.com.br\/\",\"logo\":{\"@type\":\"ImageObject\",\"inLanguage\":\"pt-BR\",\"@id\":\"https:\/\/compartilhabahia.com.br\/#\/schema\/logo\/image\/\",\"url\":\"https:\/\/compartilhabahia.com.br\/wp-content\/uploads\/2023\/12\/cropped-logo.png\",\"contentUrl\":\"https:\/\/compartilhabahia.com.br\/wp-content\/uploads\/2023\/12\/cropped-logo.png\",\"width\":300,\"height\":106,\"caption\":\"Compartilha Bahia\"},\"image\":{\"@id\":\"https:\/\/compartilhabahia.com.br\/#\/schema\/logo\/image\/\"},\"sameAs\":[\"https:\/\/web.facebook.com\/compartilhabahia\",\"https:\/\/www.instagram.com\/compartilhabahia\/\"]},{\"@type\":\"Person\",\"@id\":\"https:\/\/compartilhabahia.com.br\/#\/schema\/person\/9b4f0c3178793b8248d6686732521c04\",\"name\":\"admin\",\"image\":{\"@type\":\"ImageObject\",\"inLanguage\":\"pt-BR\",\"@id\":\"https:\/\/compartilhabahia.com.br\/#\/schema\/person\/image\/\",\"url\":\"https:\/\/secure.gravatar.com\/avatar\/9600df58751c5acbe914c538c03390ef649ea088cb65f84ba09c7ce66988eed6?s=96&d=mm&r=g\",\"contentUrl\":\"https:\/\/secure.gravatar.com\/avatar\/9600df58751c5acbe914c538c03390ef649ea088cb65f84ba09c7ce66988eed6?s=96&d=mm&r=g\",\"caption\":\"admin\"},\"sameAs\":[\"https:\/\/compartilhabahia.com.br\"],\"url\":\"https:\/\/compartilhabahia.com.br\/index.php\/author\/compartilhabahia\/\"}]}<\/script>\n<!-- \/ Yoast SEO plugin. -->","yoast_head_json":{"title":"Antes de fechar primeiro m\u00eas Caetano consegue virar chave do Transporte coletivo - Compartilha Bahia","robots":{"index":"index","follow":"follow","max-snippet":"max-snippet:-1","max-image-preview":"max-image-preview:large","max-video-preview":"max-video-preview:-1"},"canonical":"https:\/\/compartilhabahia.com.br\/index.php\/2025\/01\/24\/antes-de-fechar-primeiro-mes-caetano-consegue-virar-chave-do-transporte-coletivo\/","og_locale":"pt_BR","og_type":"article","og_title":"Antes de fechar primeiro m\u00eas Caetano consegue virar chave do Transporte coletivo - Compartilha Bahia","og_description":"Em mobiliza\u00e7\u00e3o hist\u00f3rica, Caetano une C\u00e2mara e MP para buscar solu\u00e7\u00e3o para transporte p\u00fablico de Cama\u00e7ari Nesta sexta-feira (24), o prefeito Luiz Caetano (PT) deu mais um passo na busca por resolu\u00e7\u00f5es da heran\u00e7a ca\u00f3tica do transporte p\u00fablico deixada em Cama\u00e7ari. O gestor se reuniu com membros do Minist\u00e9rio P\u00fablico da Bahia (MP-BA), 22 vereadores, [&hellip;]","og_url":"https:\/\/compartilhabahia.com.br\/index.php\/2025\/01\/24\/antes-de-fechar-primeiro-mes-caetano-consegue-virar-chave-do-transporte-coletivo\/","og_site_name":"Compartilha Bahia","article_publisher":"https:\/\/web.facebook.com\/compartilhabahia","article_published_time":"2025-01-24T22:41:38+00:00","article_modified_time":"2025-01-24T23:15:23+00:00","og_image":[{"width":1280,"height":853,"url":"https:\/\/compartilhabahia.com.br\/wp-content\/uploads\/2025\/01\/transportesolucao.jpg","type":"image\/jpeg"}],"author":"admin","twitter_card":"summary_large_image","twitter_misc":{"Escrito por":"admin","Est. tempo de leitura":"3 minutos"},"schema":{"@context":"https:\/\/schema.org","@graph":[{"@type":"Article","@id":"https:\/\/compartilhabahia.com.br\/index.php\/2025\/01\/24\/antes-de-fechar-primeiro-mes-caetano-consegue-virar-chave-do-transporte-coletivo\/#article","isPartOf":{"@id":"https:\/\/compartilhabahia.com.br\/index.php\/2025\/01\/24\/antes-de-fechar-primeiro-mes-caetano-consegue-virar-chave-do-transporte-coletivo\/"},"author":{"name":"admin","@id":"https:\/\/compartilhabahia.com.br\/#\/schema\/person\/9b4f0c3178793b8248d6686732521c04"},"headline":"Antes de fechar primeiro m\u00eas Caetano consegue virar chave do Transporte coletivo","datePublished":"2025-01-24T22:41:38+00:00","dateModified":"2025-01-24T23:15:23+00:00","mainEntityOfPage":{"@id":"https:\/\/compartilhabahia.com.br\/index.php\/2025\/01\/24\/antes-de-fechar-primeiro-mes-caetano-consegue-virar-chave-do-transporte-coletivo\/"},"wordCount":569,"commentCount":0,"publisher":{"@id":"https:\/\/compartilhabahia.com.br\/#organization"},"articleSection":["Cama\u00e7ari"],"inLanguage":"pt-BR","potentialAction":[{"@type":"CommentAction","name":"Comment","target":["https:\/\/compartilhabahia.com.br\/index.php\/2025\/01\/24\/antes-de-fechar-primeiro-mes-caetano-consegue-virar-chave-do-transporte-coletivo\/#respond"]}]},{"@type":"WebPage","@id":"https:\/\/compartilhabahia.com.br\/index.php\/2025\/01\/24\/antes-de-fechar-primeiro-mes-caetano-consegue-virar-chave-do-transporte-coletivo\/","url":"https:\/\/compartilhabahia.com.br\/index.php\/2025\/01\/24\/antes-de-fechar-primeiro-mes-caetano-consegue-virar-chave-do-transporte-coletivo\/","name":"Antes de fechar primeiro m\u00eas Caetano consegue virar chave do Transporte coletivo - Compartilha Bahia","isPartOf":{"@id":"https:\/\/compartilhabahia.com.br\/#website"},"datePublished":"2025-01-24T22:41:38+00:00","dateModified":"2025-01-24T23:15:23+00:00","breadcrumb":{"@id":"https:\/\/compartilhabahia.com.br\/index.php\/2025\/01\/24\/antes-de-fechar-primeiro-mes-caetano-consegue-virar-chave-do-transporte-coletivo\/#breadcrumb"},"inLanguage":"pt-BR","potentialAction":[{"@type":"ReadAction","target":["https:\/\/compartilhabahia.com.br\/index.php\/2025\/01\/24\/antes-de-fechar-primeiro-mes-caetano-consegue-virar-chave-do-transporte-coletivo\/"]}]},{"@type":"BreadcrumbList","@id":"https:\/\/compartilhabahia.com.br\/index.php\/2025\/01\/24\/antes-de-fechar-primeiro-mes-caetano-consegue-virar-chave-do-transporte-coletivo\/#breadcrumb","itemListElement":[{"@type":"ListItem","position":1,"name":"In\u00edcio","item":"https:\/\/compartilhabahia.com.br\/"},{"@type":"ListItem","position":2,"name":"Antes de fechar primeiro m\u00eas Caetano consegue virar chave do Transporte coletivo"}]},{"@type":"WebSite","@id":"https:\/\/compartilhabahia.com.br\/#website","url":"https:\/\/compartilhabahia.com.br\/","name":"Compartilha Bahia","description":"","publisher":{"@id":"https:\/\/compartilhabahia.com.br\/#organization"},"potentialAction":[{"@type":"SearchAction","target":{"@type":"EntryPoint","urlTemplate":"https:\/\/compartilhabahia.com.br\/?s={search_term_string}"},"query-input":"required name=search_term_string"}],"inLanguage":"pt-BR"},{"@type":"Organization","@id":"https:\/\/compartilhabahia.com.br\/#organization","name":"Compartilha Bahia","url":"https:\/\/compartilhabahia.com.br\/","logo":{"@type":"ImageObject","inLanguage":"pt-BR","@id":"https:\/\/compartilhabahia.com.br\/#\/schema\/logo\/image\/","url":"https:\/\/compartilhabahia.com.br\/wp-content\/uploads\/2023\/12\/cropped-logo.png","contentUrl":"https:\/\/compartilhabahia.com.br\/wp-content\/uploads\/2023\/12\/cropped-logo.png","width":300,"height":106,"caption":"Compartilha Bahia"},"image":{"@id":"https:\/\/compartilhabahia.com.br\/#\/schema\/logo\/image\/"},"sameAs":["https:\/\/web.facebook.com\/compartilhabahia","https:\/\/www.instagram.com\/compartilhabahia\/"]},{"@type":"Person","@id":"https:\/\/compartilhabahia.com.br\/#\/schema\/person\/9b4f0c3178793b8248d6686732521c04","name":"admin","image":{"@type":"ImageObject","inLanguage":"pt-BR","@id":"https:\/\/compartilhabahia.com.br\/#\/schema\/person\/image\/","url":"https:\/\/secure.gravatar.com\/avatar\/9600df58751c5acbe914c538c03390ef649ea088cb65f84ba09c7ce66988eed6?s=96&d=mm&r=g","contentUrl":"https:\/\/secure.gravatar.com\/avatar\/9600df58751c5acbe914c538c03390ef649ea088cb65f84ba09c7ce66988eed6?s=96&d=mm&r=g","caption":"admin"},"sameAs":["https:\/\/compartilhabahia.com.br"],"url":"https:\/\/compartilhabahia.com.br\/index.php\/author\/compartilhabahia\/"}]}},"_links":{"self":[{"href":"https:\/\/compartilhabahia.com.br\/index.php\/wp-json\/wp\/v2\/posts\/5030","targetHints":{"allow":["GET"]}}],"collection":[{"href":"https:\/\/compartilhabahia.com.br\/index.php\/wp-json\/wp\/v2\/posts"}],"about":[{"href":"https:\/\/compartilhabahia.com.br\/index.php\/wp-json\/wp\/v2\/types\/post"}],"author":[{"embeddable":true,"href":"https:\/\/compartilhabahia.com.br\/index.php\/wp-json\/wp\/v2\/users\/1"}],"replies":[{"embeddable":true,"href":"https:\/\/compartilhabahia.com.br\/index.php\/wp-json\/wp\/v2\/comments?post=5030"}],"version-history":[{"count":1,"href":"https:\/\/compartilhabahia.com.br\/index.php\/wp-json\/wp\/v2\/posts\/5030\/revisions"}],"predecessor-version":[{"id":5032,"href":"https:\/\/compartilhabahia.com.br\/index.php\/wp-json\/wp\/v2\/posts\/5030\/revisions\/5032"}],"wp:featuredmedia":[{"embeddable":true,"href":"https:\/\/compartilhabahia.com.br\/index.php\/wp-json\/wp\/v2\/media\/5031"}],"wp:attachment":[{"href":"https:\/\/compartilhabahia.com.br\/index.php\/wp-json\/wp\/v2\/media?parent=5030"}],"wp:term":[{"taxonomy":"category","embeddable":true,"href":"https:\/\/compartilhabahia.com.br\/index.php\/wp-json\/wp\/v2\/categories?post=5030"},{"taxonomy":"post_tag","embeddable":true,"href":"https:\/\/compartilhabahia.com.br\/index.php\/wp-json\/wp\/v2\/tags?post=5030"}],"curies":[{"name":"wp","href":"https:\/\/api.w.org\/{rel}","templated":true}]}}