{"id":5027,"date":"2025-01-24T16:12:34","date_gmt":"2025-01-24T16:12:34","guid":{"rendered":"https:\/\/compartilhabahia.com.br\/?p=5027"},"modified":"2025-01-24T16:12:36","modified_gmt":"2025-01-24T16:12:36","slug":"emergencialmente-prefeitura-de-camacari-da-inicio-ao-programa-sos-educacao","status":"publish","type":"post","link":"https:\/\/compartilhabahia.com.br\/index.php\/2025\/01\/24\/emergencialmente-prefeitura-de-camacari-da-inicio-ao-programa-sos-educacao\/","title":{"rendered":"Emergencialmente Prefeitura de Cama\u00e7ari d\u00e1 in\u00edcio ao Programa SOS Educa\u00e7\u00e3o"},"content":{"rendered":"\n<p><\/p>\n\n\n\n<p>Diante do estado cr\u00edtico em que se encontram as escolas do munic\u00edpio, a Prefeitura de Cama\u00e7ari lan\u00e7ou na manh\u00e3 desta sexta-feira (24) o Programa SOS Educa\u00e7\u00e3o. A Secretaria de Educa\u00e7\u00e3o (Seduc) iniciou o plano emergencial que visa recuperar as condi\u00e7\u00f5es m\u00ednimas de funcionamento das escolas do munic\u00edpio. Para isso, reuniu no audit\u00f3rio da Secretaria de Governo (Segov) secretarias municipais, empresas e autarquias governamentais.<\/p>\n\n\n\n<p>Encabe\u00e7ando essa medida emergencial, o gestor da Seduc, M\u00e1rcio Neves, destacou a import\u00e2ncia da a\u00e7\u00e3o integrada entre comunidade e governo. \u201cA gest\u00e3o pensou que \u00e9 necess\u00e1rio a gente fazer um plano de a\u00e7\u00e3o mais organizado, que envolva toda a comunidade escolar e todo o governo. Se reuniram aqui, hoje, as principais secretarias que trabalham do ponto de vista da log\u00edstica, principalmente para a gente poder encontrar um plano de trabalho que atenda \u00e0 limpeza, \u00e0 seguran\u00e7a e tamb\u00e9m \u00e0s condi\u00e7\u00f5es m\u00ednimas de infraestrutura para poder receber a comunidade escolar a partir do in\u00edcio das aulas, em 10 de fevereiro\u201d, explicou.<\/p>\n\n\n\n<p>Nessa primeira reuni\u00e3o, a Segov auxiliou no trabalho de alinhamento da a\u00e7\u00e3o emergencial junto \u00e0s demais pastas. \u201cA educa\u00e7\u00e3o \u00e9 prioridade de todo o governo. Hoje fizemos esse lan\u00e7amento com esse conjunto de secretarias e autarquias governamentais para iniciarmos um trabalho de a\u00e7\u00e3o r\u00e1pida para o retorno das aulas, e tudo estar pelo menos em condi\u00e7\u00f5es adequadas de as pessoas poderem ir para as suas escolas\u201d, frisou o assessor da pasta, Jos\u00e9 Marcelino.<\/p>\n\n\n\n<p>A Seduc enviar\u00e1, at\u00e9 a tarde desta sexta, o levantamento de necessidades priorit\u00e1rias de cada unidade escolar para todas as secretarias envolvidas com a log\u00edstica de funcionamento emergencial.&nbsp; A partir da\u00ed, as pastas envolvidas identificar\u00e3o suas compet\u00eancias para resolver conting\u00eancias, com celeridade.<\/p>\n\n\n\n<p>Estiveram presentes na reuni\u00e3o J\u00fanior Borges, diretor-presidente da Empresa de Limpeza P\u00fablica &nbsp;de Cama\u00e7ari (Limpec), o subsecret\u00e1rio da Infraestrutura (Seinfra), Everaldo Siqueira, representantes das secretarias de Administra\u00e7\u00e3o (Secad), dos Servi\u00e7os P\u00fablicos (Sesp) e da Defesa Civil, al\u00e9m da Empresa Baiana de \u00c1guas e Saneamento S.A. (Embasa), e do Centro de Pesquisas e Desenvolvimento (Ceped), unidade vinculada \u00e0 Secretaria da Ci\u00eancia, Tecnologia e Inova\u00e7\u00e3o da Bahia (Secti).<\/p>\n\n\n\n<p>Foto: Patrick Abreu<\/p>\n","protected":false},"excerpt":{"rendered":"<p>Diante do estado cr\u00edtico em que se encontram as escolas do munic\u00edpio, a Prefeitura de Cama\u00e7ari lan\u00e7ou na manh\u00e3 desta sexta-feira (24) o Programa SOS Educa\u00e7\u00e3o. A Secretaria de Educa\u00e7\u00e3o (Seduc) iniciou o plano emergencial que visa recuperar as condi\u00e7\u00f5es m\u00ednimas de funcionamento das escolas do munic\u00edpio. Para isso, reuniu no audit\u00f3rio da Secretaria de [&hellip;]<\/p>\n","protected":false},"author":1,"featured_media":5028,"comment_status":"open","ping_status":"open","sticky":false,"template":"","format":"standard","meta":{"footnotes":""},"categories":[8],"tags":[],"class_list":["post-5027","post","type-post","status-publish","format-standard","has-post-thumbnail","hentry","category-camacari"],"yoast_head":"<!-- This site is optimized with the Yoast SEO plugin v21.7 - https:\/\/yoast.com\/wordpress\/plugins\/seo\/ -->\n<title>Emergencialmente Prefeitura de Cama\u00e7ari d\u00e1 in\u00edcio ao Programa SOS Educa\u00e7\u00e3o - Compartilha Bahia<\/title>\n<meta name=\"robots\" content=\"index, follow, max-snippet:-1, max-image-preview:large, max-video-preview:-1\" \/>\n<link rel=\"canonical\" href=\"https:\/\/compartilhabahia.com.br\/index.php\/2025\/01\/24\/emergencialmente-prefeitura-de-camacari-da-inicio-ao-programa-sos-educacao\/\" \/>\n<meta property=\"og:locale\" content=\"pt_BR\" \/>\n<meta property=\"og:type\" content=\"article\" \/>\n<meta property=\"og:title\" content=\"Emergencialmente Prefeitura de Cama\u00e7ari d\u00e1 in\u00edcio ao Programa SOS Educa\u00e7\u00e3o - Compartilha Bahia\" \/>\n<meta property=\"og:description\" content=\"Diante do estado cr\u00edtico em que se encontram as escolas do munic\u00edpio, a Prefeitura de Cama\u00e7ari lan\u00e7ou na manh\u00e3 desta sexta-feira (24) o Programa SOS Educa\u00e7\u00e3o. A Secretaria de Educa\u00e7\u00e3o (Seduc) iniciou o plano emergencial que visa recuperar as condi\u00e7\u00f5es m\u00ednimas de funcionamento das escolas do munic\u00edpio. Para isso, reuniu no audit\u00f3rio da Secretaria de [&hellip;]\" \/>\n<meta property=\"og:url\" content=\"https:\/\/compartilhabahia.com.br\/index.php\/2025\/01\/24\/emergencialmente-prefeitura-de-camacari-da-inicio-ao-programa-sos-educacao\/\" \/>\n<meta property=\"og:site_name\" content=\"Compartilha Bahia\" \/>\n<meta property=\"article:publisher\" content=\"https:\/\/web.facebook.com\/compartilhabahia\" \/>\n<meta property=\"article:published_time\" content=\"2025-01-24T16:12:34+00:00\" \/>\n<meta property=\"article:modified_time\" content=\"2025-01-24T16:12:36+00:00\" \/>\n<meta property=\"og:image\" content=\"https:\/\/compartilhabahia.com.br\/wp-content\/uploads\/2025\/01\/educasos.jpg\" \/>\n\t<meta property=\"og:image:width\" content=\"1040\" \/>\n\t<meta property=\"og:image:height\" content=\"694\" \/>\n\t<meta property=\"og:image:type\" content=\"image\/jpeg\" \/>\n<meta name=\"author\" content=\"admin\" \/>\n<meta name=\"twitter:card\" content=\"summary_large_image\" \/>\n<meta name=\"twitter:label1\" content=\"Escrito por\" \/>\n\t<meta name=\"twitter:data1\" content=\"admin\" \/>\n\t<meta name=\"twitter:label2\" content=\"Est. tempo de leitura\" \/>\n\t<meta name=\"twitter:data2\" content=\"3 minutos\" \/>\n<script type=\"application\/ld+json\" class=\"yoast-schema-graph\">{\"@context\":\"https:\/\/schema.org\",\"@graph\":[{\"@type\":\"Article\",\"@id\":\"https:\/\/compartilhabahia.com.br\/index.php\/2025\/01\/24\/emergencialmente-prefeitura-de-camacari-da-inicio-ao-programa-sos-educacao\/#article\",\"isPartOf\":{\"@id\":\"https:\/\/compartilhabahia.com.br\/index.php\/2025\/01\/24\/emergencialmente-prefeitura-de-camacari-da-inicio-ao-programa-sos-educacao\/\"},\"author\":{\"name\":\"admin\",\"@id\":\"https:\/\/compartilhabahia.com.br\/#\/schema\/person\/9b4f0c3178793b8248d6686732521c04\"},\"headline\":\"Emergencialmente Prefeitura de Cama\u00e7ari d\u00e1 in\u00edcio ao Programa SOS Educa\u00e7\u00e3o\",\"datePublished\":\"2025-01-24T16:12:34+00:00\",\"dateModified\":\"2025-01-24T16:12:36+00:00\",\"mainEntityOfPage\":{\"@id\":\"https:\/\/compartilhabahia.com.br\/index.php\/2025\/01\/24\/emergencialmente-prefeitura-de-camacari-da-inicio-ao-programa-sos-educacao\/\"},\"wordCount\":402,\"commentCount\":0,\"publisher\":{\"@id\":\"https:\/\/compartilhabahia.com.br\/#organization\"},\"articleSection\":[\"Cama\u00e7ari\"],\"inLanguage\":\"pt-BR\",\"potentialAction\":[{\"@type\":\"CommentAction\",\"name\":\"Comment\",\"target\":[\"https:\/\/compartilhabahia.com.br\/index.php\/2025\/01\/24\/emergencialmente-prefeitura-de-camacari-da-inicio-ao-programa-sos-educacao\/#respond\"]}]},{\"@type\":\"WebPage\",\"@id\":\"https:\/\/compartilhabahia.com.br\/index.php\/2025\/01\/24\/emergencialmente-prefeitura-de-camacari-da-inicio-ao-programa-sos-educacao\/\",\"url\":\"https:\/\/compartilhabahia.com.br\/index.php\/2025\/01\/24\/emergencialmente-prefeitura-de-camacari-da-inicio-ao-programa-sos-educacao\/\",\"name\":\"Emergencialmente Prefeitura de Cama\u00e7ari d\u00e1 in\u00edcio ao Programa SOS Educa\u00e7\u00e3o - Compartilha Bahia\",\"isPartOf\":{\"@id\":\"https:\/\/compartilhabahia.com.br\/#website\"},\"datePublished\":\"2025-01-24T16:12:34+00:00\",\"dateModified\":\"2025-01-24T16:12:36+00:00\",\"breadcrumb\":{\"@id\":\"https:\/\/compartilhabahia.com.br\/index.php\/2025\/01\/24\/emergencialmente-prefeitura-de-camacari-da-inicio-ao-programa-sos-educacao\/#breadcrumb\"},\"inLanguage\":\"pt-BR\",\"potentialAction\":[{\"@type\":\"ReadAction\",\"target\":[\"https:\/\/compartilhabahia.com.br\/index.php\/2025\/01\/24\/emergencialmente-prefeitura-de-camacari-da-inicio-ao-programa-sos-educacao\/\"]}]},{\"@type\":\"BreadcrumbList\",\"@id\":\"https:\/\/compartilhabahia.com.br\/index.php\/2025\/01\/24\/emergencialmente-prefeitura-de-camacari-da-inicio-ao-programa-sos-educacao\/#breadcrumb\",\"itemListElement\":[{\"@type\":\"ListItem\",\"position\":1,\"name\":\"In\u00edcio\",\"item\":\"https:\/\/compartilhabahia.com.br\/\"},{\"@type\":\"ListItem\",\"position\":2,\"name\":\"Emergencialmente Prefeitura de Cama\u00e7ari d\u00e1 in\u00edcio ao Programa SOS Educa\u00e7\u00e3o\"}]},{\"@type\":\"WebSite\",\"@id\":\"https:\/\/compartilhabahia.com.br\/#website\",\"url\":\"https:\/\/compartilhabahia.com.br\/\",\"name\":\"Compartilha Bahia\",\"description\":\"\",\"publisher\":{\"@id\":\"https:\/\/compartilhabahia.com.br\/#organization\"},\"potentialAction\":[{\"@type\":\"SearchAction\",\"target\":{\"@type\":\"EntryPoint\",\"urlTemplate\":\"https:\/\/compartilhabahia.com.br\/?s={search_term_string}\"},\"query-input\":\"required name=search_term_string\"}],\"inLanguage\":\"pt-BR\"},{\"@type\":\"Organization\",\"@id\":\"https:\/\/compartilhabahia.com.br\/#organization\",\"name\":\"Compartilha Bahia\",\"url\":\"https:\/\/compartilhabahia.com.br\/\",\"logo\":{\"@type\":\"ImageObject\",\"inLanguage\":\"pt-BR\",\"@id\":\"https:\/\/compartilhabahia.com.br\/#\/schema\/logo\/image\/\",\"url\":\"https:\/\/compartilhabahia.com.br\/wp-content\/uploads\/2023\/12\/cropped-logo.png\",\"contentUrl\":\"https:\/\/compartilhabahia.com.br\/wp-content\/uploads\/2023\/12\/cropped-logo.png\",\"width\":300,\"height\":106,\"caption\":\"Compartilha Bahia\"},\"image\":{\"@id\":\"https:\/\/compartilhabahia.com.br\/#\/schema\/logo\/image\/\"},\"sameAs\":[\"https:\/\/web.facebook.com\/compartilhabahia\",\"https:\/\/www.instagram.com\/compartilhabahia\/\"]},{\"@type\":\"Person\",\"@id\":\"https:\/\/compartilhabahia.com.br\/#\/schema\/person\/9b4f0c3178793b8248d6686732521c04\",\"name\":\"admin\",\"image\":{\"@type\":\"ImageObject\",\"inLanguage\":\"pt-BR\",\"@id\":\"https:\/\/compartilhabahia.com.br\/#\/schema\/person\/image\/\",\"url\":\"https:\/\/secure.gravatar.com\/avatar\/9600df58751c5acbe914c538c03390ef649ea088cb65f84ba09c7ce66988eed6?s=96&d=mm&r=g\",\"contentUrl\":\"https:\/\/secure.gravatar.com\/avatar\/9600df58751c5acbe914c538c03390ef649ea088cb65f84ba09c7ce66988eed6?s=96&d=mm&r=g\",\"caption\":\"admin\"},\"sameAs\":[\"https:\/\/compartilhabahia.com.br\"],\"url\":\"https:\/\/compartilhabahia.com.br\/index.php\/author\/compartilhabahia\/\"}]}<\/script>\n<!-- \/ Yoast SEO plugin. -->","yoast_head_json":{"title":"Emergencialmente Prefeitura de Cama\u00e7ari d\u00e1 in\u00edcio ao Programa SOS Educa\u00e7\u00e3o - Compartilha Bahia","robots":{"index":"index","follow":"follow","max-snippet":"max-snippet:-1","max-image-preview":"max-image-preview:large","max-video-preview":"max-video-preview:-1"},"canonical":"https:\/\/compartilhabahia.com.br\/index.php\/2025\/01\/24\/emergencialmente-prefeitura-de-camacari-da-inicio-ao-programa-sos-educacao\/","og_locale":"pt_BR","og_type":"article","og_title":"Emergencialmente Prefeitura de Cama\u00e7ari d\u00e1 in\u00edcio ao Programa SOS Educa\u00e7\u00e3o - Compartilha Bahia","og_description":"Diante do estado cr\u00edtico em que se encontram as escolas do munic\u00edpio, a Prefeitura de Cama\u00e7ari lan\u00e7ou na manh\u00e3 desta sexta-feira (24) o Programa SOS Educa\u00e7\u00e3o. A Secretaria de Educa\u00e7\u00e3o (Seduc) iniciou o plano emergencial que visa recuperar as condi\u00e7\u00f5es m\u00ednimas de funcionamento das escolas do munic\u00edpio. Para isso, reuniu no audit\u00f3rio da Secretaria de [&hellip;]","og_url":"https:\/\/compartilhabahia.com.br\/index.php\/2025\/01\/24\/emergencialmente-prefeitura-de-camacari-da-inicio-ao-programa-sos-educacao\/","og_site_name":"Compartilha Bahia","article_publisher":"https:\/\/web.facebook.com\/compartilhabahia","article_published_time":"2025-01-24T16:12:34+00:00","article_modified_time":"2025-01-24T16:12:36+00:00","og_image":[{"width":1040,"height":694,"url":"https:\/\/compartilhabahia.com.br\/wp-content\/uploads\/2025\/01\/educasos.jpg","type":"image\/jpeg"}],"author":"admin","twitter_card":"summary_large_image","twitter_misc":{"Escrito por":"admin","Est. tempo de leitura":"3 minutos"},"schema":{"@context":"https:\/\/schema.org","@graph":[{"@type":"Article","@id":"https:\/\/compartilhabahia.com.br\/index.php\/2025\/01\/24\/emergencialmente-prefeitura-de-camacari-da-inicio-ao-programa-sos-educacao\/#article","isPartOf":{"@id":"https:\/\/compartilhabahia.com.br\/index.php\/2025\/01\/24\/emergencialmente-prefeitura-de-camacari-da-inicio-ao-programa-sos-educacao\/"},"author":{"name":"admin","@id":"https:\/\/compartilhabahia.com.br\/#\/schema\/person\/9b4f0c3178793b8248d6686732521c04"},"headline":"Emergencialmente Prefeitura de Cama\u00e7ari d\u00e1 in\u00edcio ao Programa SOS Educa\u00e7\u00e3o","datePublished":"2025-01-24T16:12:34+00:00","dateModified":"2025-01-24T16:12:36+00:00","mainEntityOfPage":{"@id":"https:\/\/compartilhabahia.com.br\/index.php\/2025\/01\/24\/emergencialmente-prefeitura-de-camacari-da-inicio-ao-programa-sos-educacao\/"},"wordCount":402,"commentCount":0,"publisher":{"@id":"https:\/\/compartilhabahia.com.br\/#organization"},"articleSection":["Cama\u00e7ari"],"inLanguage":"pt-BR","potentialAction":[{"@type":"CommentAction","name":"Comment","target":["https:\/\/compartilhabahia.com.br\/index.php\/2025\/01\/24\/emergencialmente-prefeitura-de-camacari-da-inicio-ao-programa-sos-educacao\/#respond"]}]},{"@type":"WebPage","@id":"https:\/\/compartilhabahia.com.br\/index.php\/2025\/01\/24\/emergencialmente-prefeitura-de-camacari-da-inicio-ao-programa-sos-educacao\/","url":"https:\/\/compartilhabahia.com.br\/index.php\/2025\/01\/24\/emergencialmente-prefeitura-de-camacari-da-inicio-ao-programa-sos-educacao\/","name":"Emergencialmente Prefeitura de Cama\u00e7ari d\u00e1 in\u00edcio ao Programa SOS Educa\u00e7\u00e3o - Compartilha Bahia","isPartOf":{"@id":"https:\/\/compartilhabahia.com.br\/#website"},"datePublished":"2025-01-24T16:12:34+00:00","dateModified":"2025-01-24T16:12:36+00:00","breadcrumb":{"@id":"https:\/\/compartilhabahia.com.br\/index.php\/2025\/01\/24\/emergencialmente-prefeitura-de-camacari-da-inicio-ao-programa-sos-educacao\/#breadcrumb"},"inLanguage":"pt-BR","potentialAction":[{"@type":"ReadAction","target":["https:\/\/compartilhabahia.com.br\/index.php\/2025\/01\/24\/emergencialmente-prefeitura-de-camacari-da-inicio-ao-programa-sos-educacao\/"]}]},{"@type":"BreadcrumbList","@id":"https:\/\/compartilhabahia.com.br\/index.php\/2025\/01\/24\/emergencialmente-prefeitura-de-camacari-da-inicio-ao-programa-sos-educacao\/#breadcrumb","itemListElement":[{"@type":"ListItem","position":1,"name":"In\u00edcio","item":"https:\/\/compartilhabahia.com.br\/"},{"@type":"ListItem","position":2,"name":"Emergencialmente Prefeitura de Cama\u00e7ari d\u00e1 in\u00edcio ao Programa SOS Educa\u00e7\u00e3o"}]},{"@type":"WebSite","@id":"https:\/\/compartilhabahia.com.br\/#website","url":"https:\/\/compartilhabahia.com.br\/","name":"Compartilha Bahia","description":"","publisher":{"@id":"https:\/\/compartilhabahia.com.br\/#organization"},"potentialAction":[{"@type":"SearchAction","target":{"@type":"EntryPoint","urlTemplate":"https:\/\/compartilhabahia.com.br\/?s={search_term_string}"},"query-input":"required name=search_term_string"}],"inLanguage":"pt-BR"},{"@type":"Organization","@id":"https:\/\/compartilhabahia.com.br\/#organization","name":"Compartilha Bahia","url":"https:\/\/compartilhabahia.com.br\/","logo":{"@type":"ImageObject","inLanguage":"pt-BR","@id":"https:\/\/compartilhabahia.com.br\/#\/schema\/logo\/image\/","url":"https:\/\/compartilhabahia.com.br\/wp-content\/uploads\/2023\/12\/cropped-logo.png","contentUrl":"https:\/\/compartilhabahia.com.br\/wp-content\/uploads\/2023\/12\/cropped-logo.png","width":300,"height":106,"caption":"Compartilha Bahia"},"image":{"@id":"https:\/\/compartilhabahia.com.br\/#\/schema\/logo\/image\/"},"sameAs":["https:\/\/web.facebook.com\/compartilhabahia","https:\/\/www.instagram.com\/compartilhabahia\/"]},{"@type":"Person","@id":"https:\/\/compartilhabahia.com.br\/#\/schema\/person\/9b4f0c3178793b8248d6686732521c04","name":"admin","image":{"@type":"ImageObject","inLanguage":"pt-BR","@id":"https:\/\/compartilhabahia.com.br\/#\/schema\/person\/image\/","url":"https:\/\/secure.gravatar.com\/avatar\/9600df58751c5acbe914c538c03390ef649ea088cb65f84ba09c7ce66988eed6?s=96&d=mm&r=g","contentUrl":"https:\/\/secure.gravatar.com\/avatar\/9600df58751c5acbe914c538c03390ef649ea088cb65f84ba09c7ce66988eed6?s=96&d=mm&r=g","caption":"admin"},"sameAs":["https:\/\/compartilhabahia.com.br"],"url":"https:\/\/compartilhabahia.com.br\/index.php\/author\/compartilhabahia\/"}]}},"_links":{"self":[{"href":"https:\/\/compartilhabahia.com.br\/index.php\/wp-json\/wp\/v2\/posts\/5027","targetHints":{"allow":["GET"]}}],"collection":[{"href":"https:\/\/compartilhabahia.com.br\/index.php\/wp-json\/wp\/v2\/posts"}],"about":[{"href":"https:\/\/compartilhabahia.com.br\/index.php\/wp-json\/wp\/v2\/types\/post"}],"author":[{"embeddable":true,"href":"https:\/\/compartilhabahia.com.br\/index.php\/wp-json\/wp\/v2\/users\/1"}],"replies":[{"embeddable":true,"href":"https:\/\/compartilhabahia.com.br\/index.php\/wp-json\/wp\/v2\/comments?post=5027"}],"version-history":[{"count":1,"href":"https:\/\/compartilhabahia.com.br\/index.php\/wp-json\/wp\/v2\/posts\/5027\/revisions"}],"predecessor-version":[{"id":5029,"href":"https:\/\/compartilhabahia.com.br\/index.php\/wp-json\/wp\/v2\/posts\/5027\/revisions\/5029"}],"wp:featuredmedia":[{"embeddable":true,"href":"https:\/\/compartilhabahia.com.br\/index.php\/wp-json\/wp\/v2\/media\/5028"}],"wp:attachment":[{"href":"https:\/\/compartilhabahia.com.br\/index.php\/wp-json\/wp\/v2\/media?parent=5027"}],"wp:term":[{"taxonomy":"category","embeddable":true,"href":"https:\/\/compartilhabahia.com.br\/index.php\/wp-json\/wp\/v2\/categories?post=5027"},{"taxonomy":"post_tag","embeddable":true,"href":"https:\/\/compartilhabahia.com.br\/index.php\/wp-json\/wp\/v2\/tags?post=5027"}],"curies":[{"name":"wp","href":"https:\/\/api.w.org\/{rel}","templated":true}]}}