{"id":5023,"date":"2025-01-23T23:41:37","date_gmt":"2025-01-23T23:41:37","guid":{"rendered":"https:\/\/compartilhabahia.com.br\/?p=5023"},"modified":"2025-01-23T23:41:38","modified_gmt":"2025-01-23T23:41:38","slug":"exame-oftalmologico-e-van-para-tratamento-fora-de-camacari-voltam-operar","status":"publish","type":"post","link":"https:\/\/compartilhabahia.com.br\/index.php\/2025\/01\/23\/exame-oftalmologico-e-van-para-tratamento-fora-de-camacari-voltam-operar\/","title":{"rendered":"Exame oftalmol\u00f3gico e Van para tratamento fora de Cama\u00e7ari, voltam operar"},"content":{"rendered":"\n<p><strong>Prefeitura retoma exame oftalmol\u00f3gico e servi\u00e7o da van para TFD<\/strong><\/p>\n\n\n\n<p><br>A retomada e a amplia\u00e7\u00e3o de servi\u00e7os para garantir o atendimento \u00e0 popula\u00e7\u00e3o, s\u00e3o realizados pela Prefeitura de Cama\u00e7ari, atrav\u00e9s da Secretaria da Sa\u00fade (Sesau). Dentro desse trabalho, o munic\u00edpio voltou a ofertar o exame de retinografia e j\u00e1 colocou \u00e0 disposi\u00e7\u00e3o dos pacientes o novo ve\u00edculo para Tratamento Fora de Domic\u00edlio (TFD).<\/p>\n\n\n\n<p>A retinografia \u00e9 um exame que mapeia e tira uma foto da retina e do fundo do olho, que ajuda no diagn\u00f3stico de doen\u00e7as oftalmol\u00f3gicas e estava suspenso desde novembro, a retomada ocorreu na &nbsp;segunda quinzena de janeiro. A estimativa \u00e9 que somente no m\u00eas de janeiro sejam atendidas cerca de 90 pessoas.<\/p>\n\n\n\n<p>Com a Van para TFD, entregue pela parceria com o Governo do Estado no \u00faltimo dia 10, as pessoas que fazem hemodi\u00e1lise, quimioterapia, radioterapia, dentre outros, fora do munic\u00edpio j\u00e1 est\u00e3o fazendo uso do novo equipamento, que possibilitou a amplia\u00e7\u00e3o do atendimento. Al\u00e9m do novo, o munic\u00edpio conta com mais quatro ve\u00edculos para oferta do servi\u00e7o.<\/p>\n\n\n\n<figure class=\"wp-block-image size-large\"><img loading=\"lazy\" decoding=\"async\" width=\"1024\" height=\"683\" src=\"https:\/\/compartilhabahia.com.br\/wp-content\/uploads\/2025\/01\/WhatsApp-Image-2025-01-22-at-21.07.22-1-1024x683.jpeg\" alt=\"\" class=\"wp-image-5025\" srcset=\"https:\/\/compartilhabahia.com.br\/wp-content\/uploads\/2025\/01\/WhatsApp-Image-2025-01-22-at-21.07.22-1-1024x683.jpeg 1024w, https:\/\/compartilhabahia.com.br\/wp-content\/uploads\/2025\/01\/WhatsApp-Image-2025-01-22-at-21.07.22-1-300x200.jpeg 300w, https:\/\/compartilhabahia.com.br\/wp-content\/uploads\/2025\/01\/WhatsApp-Image-2025-01-22-at-21.07.22-1-768x512.jpeg 768w, https:\/\/compartilhabahia.com.br\/wp-content\/uploads\/2025\/01\/WhatsApp-Image-2025-01-22-at-21.07.22-1-1536x1024.jpeg 1536w, https:\/\/compartilhabahia.com.br\/wp-content\/uploads\/2025\/01\/WhatsApp-Image-2025-01-22-at-21.07.22-1-1200x800.jpeg 1200w, https:\/\/compartilhabahia.com.br\/wp-content\/uploads\/2025\/01\/WhatsApp-Image-2025-01-22-at-21.07.22-1.jpeg 1600w\" sizes=\"auto, (max-width: 1024px) 100vw, 1024px\" \/><\/figure>\n","protected":false},"excerpt":{"rendered":"<p>Prefeitura retoma exame oftalmol\u00f3gico e servi\u00e7o da van para TFD A retomada e a amplia\u00e7\u00e3o de servi\u00e7os para garantir o atendimento \u00e0 popula\u00e7\u00e3o, s\u00e3o realizados pela Prefeitura de Cama\u00e7ari, atrav\u00e9s da Secretaria da Sa\u00fade (Sesau). Dentro desse trabalho, o munic\u00edpio voltou a ofertar o exame de retinografia e j\u00e1 colocou \u00e0 disposi\u00e7\u00e3o dos pacientes o [&hellip;]<\/p>\n","protected":false},"author":1,"featured_media":5024,"comment_status":"open","ping_status":"open","sticky":false,"template":"","format":"standard","meta":{"footnotes":""},"categories":[8],"tags":[],"class_list":["post-5023","post","type-post","status-publish","format-standard","has-post-thumbnail","hentry","category-camacari"],"yoast_head":"<!-- This site is optimized with the Yoast SEO plugin v21.7 - https:\/\/yoast.com\/wordpress\/plugins\/seo\/ -->\n<title>Exame oftalmol\u00f3gico e Van para tratamento fora de Cama\u00e7ari, voltam operar - Compartilha Bahia<\/title>\n<meta name=\"robots\" content=\"index, follow, max-snippet:-1, max-image-preview:large, max-video-preview:-1\" \/>\n<link rel=\"canonical\" href=\"https:\/\/compartilhabahia.com.br\/index.php\/2025\/01\/23\/exame-oftalmologico-e-van-para-tratamento-fora-de-camacari-voltam-operar\/\" \/>\n<meta property=\"og:locale\" content=\"pt_BR\" \/>\n<meta property=\"og:type\" content=\"article\" \/>\n<meta property=\"og:title\" content=\"Exame oftalmol\u00f3gico e Van para tratamento fora de Cama\u00e7ari, voltam operar - Compartilha Bahia\" \/>\n<meta property=\"og:description\" content=\"Prefeitura retoma exame oftalmol\u00f3gico e servi\u00e7o da van para TFD A retomada e a amplia\u00e7\u00e3o de servi\u00e7os para garantir o atendimento \u00e0 popula\u00e7\u00e3o, s\u00e3o realizados pela Prefeitura de Cama\u00e7ari, atrav\u00e9s da Secretaria da Sa\u00fade (Sesau). Dentro desse trabalho, o munic\u00edpio voltou a ofertar o exame de retinografia e j\u00e1 colocou \u00e0 disposi\u00e7\u00e3o dos pacientes o [&hellip;]\" \/>\n<meta property=\"og:url\" content=\"https:\/\/compartilhabahia.com.br\/index.php\/2025\/01\/23\/exame-oftalmologico-e-van-para-tratamento-fora-de-camacari-voltam-operar\/\" \/>\n<meta property=\"og:site_name\" content=\"Compartilha Bahia\" \/>\n<meta property=\"article:publisher\" content=\"https:\/\/web.facebook.com\/compartilhabahia\" \/>\n<meta property=\"article:published_time\" content=\"2025-01-23T23:41:37+00:00\" \/>\n<meta property=\"article:modified_time\" content=\"2025-01-23T23:41:38+00:00\" \/>\n<meta property=\"og:image\" content=\"https:\/\/compartilhabahia.com.br\/wp-content\/uploads\/2025\/01\/vanfora.jpg\" \/>\n\t<meta property=\"og:image:width\" content=\"880\" \/>\n\t<meta property=\"og:image:height\" content=\"660\" \/>\n\t<meta property=\"og:image:type\" content=\"image\/jpeg\" \/>\n<meta name=\"author\" content=\"admin\" \/>\n<meta name=\"twitter:card\" content=\"summary_large_image\" \/>\n<meta name=\"twitter:label1\" content=\"Escrito por\" \/>\n\t<meta name=\"twitter:data1\" content=\"admin\" \/>\n\t<meta name=\"twitter:label2\" content=\"Est. tempo de leitura\" \/>\n\t<meta name=\"twitter:data2\" content=\"2 minutos\" \/>\n<script type=\"application\/ld+json\" class=\"yoast-schema-graph\">{\"@context\":\"https:\/\/schema.org\",\"@graph\":[{\"@type\":\"Article\",\"@id\":\"https:\/\/compartilhabahia.com.br\/index.php\/2025\/01\/23\/exame-oftalmologico-e-van-para-tratamento-fora-de-camacari-voltam-operar\/#article\",\"isPartOf\":{\"@id\":\"https:\/\/compartilhabahia.com.br\/index.php\/2025\/01\/23\/exame-oftalmologico-e-van-para-tratamento-fora-de-camacari-voltam-operar\/\"},\"author\":{\"name\":\"admin\",\"@id\":\"https:\/\/compartilhabahia.com.br\/#\/schema\/person\/9b4f0c3178793b8248d6686732521c04\"},\"headline\":\"Exame oftalmol\u00f3gico e Van para tratamento fora de Cama\u00e7ari, voltam operar\",\"datePublished\":\"2025-01-23T23:41:37+00:00\",\"dateModified\":\"2025-01-23T23:41:38+00:00\",\"mainEntityOfPage\":{\"@id\":\"https:\/\/compartilhabahia.com.br\/index.php\/2025\/01\/23\/exame-oftalmologico-e-van-para-tratamento-fora-de-camacari-voltam-operar\/\"},\"wordCount\":205,\"commentCount\":0,\"publisher\":{\"@id\":\"https:\/\/compartilhabahia.com.br\/#organization\"},\"articleSection\":[\"Cama\u00e7ari\"],\"inLanguage\":\"pt-BR\",\"potentialAction\":[{\"@type\":\"CommentAction\",\"name\":\"Comment\",\"target\":[\"https:\/\/compartilhabahia.com.br\/index.php\/2025\/01\/23\/exame-oftalmologico-e-van-para-tratamento-fora-de-camacari-voltam-operar\/#respond\"]}]},{\"@type\":\"WebPage\",\"@id\":\"https:\/\/compartilhabahia.com.br\/index.php\/2025\/01\/23\/exame-oftalmologico-e-van-para-tratamento-fora-de-camacari-voltam-operar\/\",\"url\":\"https:\/\/compartilhabahia.com.br\/index.php\/2025\/01\/23\/exame-oftalmologico-e-van-para-tratamento-fora-de-camacari-voltam-operar\/\",\"name\":\"Exame oftalmol\u00f3gico e Van para tratamento fora de Cama\u00e7ari, voltam operar - Compartilha Bahia\",\"isPartOf\":{\"@id\":\"https:\/\/compartilhabahia.com.br\/#website\"},\"datePublished\":\"2025-01-23T23:41:37+00:00\",\"dateModified\":\"2025-01-23T23:41:38+00:00\",\"breadcrumb\":{\"@id\":\"https:\/\/compartilhabahia.com.br\/index.php\/2025\/01\/23\/exame-oftalmologico-e-van-para-tratamento-fora-de-camacari-voltam-operar\/#breadcrumb\"},\"inLanguage\":\"pt-BR\",\"potentialAction\":[{\"@type\":\"ReadAction\",\"target\":[\"https:\/\/compartilhabahia.com.br\/index.php\/2025\/01\/23\/exame-oftalmologico-e-van-para-tratamento-fora-de-camacari-voltam-operar\/\"]}]},{\"@type\":\"BreadcrumbList\",\"@id\":\"https:\/\/compartilhabahia.com.br\/index.php\/2025\/01\/23\/exame-oftalmologico-e-van-para-tratamento-fora-de-camacari-voltam-operar\/#breadcrumb\",\"itemListElement\":[{\"@type\":\"ListItem\",\"position\":1,\"name\":\"In\u00edcio\",\"item\":\"https:\/\/compartilhabahia.com.br\/\"},{\"@type\":\"ListItem\",\"position\":2,\"name\":\"Exame oftalmol\u00f3gico e Van para tratamento fora de Cama\u00e7ari, voltam operar\"}]},{\"@type\":\"WebSite\",\"@id\":\"https:\/\/compartilhabahia.com.br\/#website\",\"url\":\"https:\/\/compartilhabahia.com.br\/\",\"name\":\"Compartilha Bahia\",\"description\":\"\",\"publisher\":{\"@id\":\"https:\/\/compartilhabahia.com.br\/#organization\"},\"potentialAction\":[{\"@type\":\"SearchAction\",\"target\":{\"@type\":\"EntryPoint\",\"urlTemplate\":\"https:\/\/compartilhabahia.com.br\/?s={search_term_string}\"},\"query-input\":\"required name=search_term_string\"}],\"inLanguage\":\"pt-BR\"},{\"@type\":\"Organization\",\"@id\":\"https:\/\/compartilhabahia.com.br\/#organization\",\"name\":\"Compartilha Bahia\",\"url\":\"https:\/\/compartilhabahia.com.br\/\",\"logo\":{\"@type\":\"ImageObject\",\"inLanguage\":\"pt-BR\",\"@id\":\"https:\/\/compartilhabahia.com.br\/#\/schema\/logo\/image\/\",\"url\":\"https:\/\/compartilhabahia.com.br\/wp-content\/uploads\/2023\/12\/cropped-logo.png\",\"contentUrl\":\"https:\/\/compartilhabahia.com.br\/wp-content\/uploads\/2023\/12\/cropped-logo.png\",\"width\":300,\"height\":106,\"caption\":\"Compartilha Bahia\"},\"image\":{\"@id\":\"https:\/\/compartilhabahia.com.br\/#\/schema\/logo\/image\/\"},\"sameAs\":[\"https:\/\/web.facebook.com\/compartilhabahia\",\"https:\/\/www.instagram.com\/compartilhabahia\/\"]},{\"@type\":\"Person\",\"@id\":\"https:\/\/compartilhabahia.com.br\/#\/schema\/person\/9b4f0c3178793b8248d6686732521c04\",\"name\":\"admin\",\"image\":{\"@type\":\"ImageObject\",\"inLanguage\":\"pt-BR\",\"@id\":\"https:\/\/compartilhabahia.com.br\/#\/schema\/person\/image\/\",\"url\":\"https:\/\/secure.gravatar.com\/avatar\/9600df58751c5acbe914c538c03390ef649ea088cb65f84ba09c7ce66988eed6?s=96&d=mm&r=g\",\"contentUrl\":\"https:\/\/secure.gravatar.com\/avatar\/9600df58751c5acbe914c538c03390ef649ea088cb65f84ba09c7ce66988eed6?s=96&d=mm&r=g\",\"caption\":\"admin\"},\"sameAs\":[\"https:\/\/compartilhabahia.com.br\"],\"url\":\"https:\/\/compartilhabahia.com.br\/index.php\/author\/compartilhabahia\/\"}]}<\/script>\n<!-- \/ Yoast SEO plugin. -->","yoast_head_json":{"title":"Exame oftalmol\u00f3gico e Van para tratamento fora de Cama\u00e7ari, voltam operar - Compartilha Bahia","robots":{"index":"index","follow":"follow","max-snippet":"max-snippet:-1","max-image-preview":"max-image-preview:large","max-video-preview":"max-video-preview:-1"},"canonical":"https:\/\/compartilhabahia.com.br\/index.php\/2025\/01\/23\/exame-oftalmologico-e-van-para-tratamento-fora-de-camacari-voltam-operar\/","og_locale":"pt_BR","og_type":"article","og_title":"Exame oftalmol\u00f3gico e Van para tratamento fora de Cama\u00e7ari, voltam operar - Compartilha Bahia","og_description":"Prefeitura retoma exame oftalmol\u00f3gico e servi\u00e7o da van para TFD A retomada e a amplia\u00e7\u00e3o de servi\u00e7os para garantir o atendimento \u00e0 popula\u00e7\u00e3o, s\u00e3o realizados pela Prefeitura de Cama\u00e7ari, atrav\u00e9s da Secretaria da Sa\u00fade (Sesau). Dentro desse trabalho, o munic\u00edpio voltou a ofertar o exame de retinografia e j\u00e1 colocou \u00e0 disposi\u00e7\u00e3o dos pacientes o [&hellip;]","og_url":"https:\/\/compartilhabahia.com.br\/index.php\/2025\/01\/23\/exame-oftalmologico-e-van-para-tratamento-fora-de-camacari-voltam-operar\/","og_site_name":"Compartilha Bahia","article_publisher":"https:\/\/web.facebook.com\/compartilhabahia","article_published_time":"2025-01-23T23:41:37+00:00","article_modified_time":"2025-01-23T23:41:38+00:00","og_image":[{"width":880,"height":660,"url":"https:\/\/compartilhabahia.com.br\/wp-content\/uploads\/2025\/01\/vanfora.jpg","type":"image\/jpeg"}],"author":"admin","twitter_card":"summary_large_image","twitter_misc":{"Escrito por":"admin","Est. tempo de leitura":"2 minutos"},"schema":{"@context":"https:\/\/schema.org","@graph":[{"@type":"Article","@id":"https:\/\/compartilhabahia.com.br\/index.php\/2025\/01\/23\/exame-oftalmologico-e-van-para-tratamento-fora-de-camacari-voltam-operar\/#article","isPartOf":{"@id":"https:\/\/compartilhabahia.com.br\/index.php\/2025\/01\/23\/exame-oftalmologico-e-van-para-tratamento-fora-de-camacari-voltam-operar\/"},"author":{"name":"admin","@id":"https:\/\/compartilhabahia.com.br\/#\/schema\/person\/9b4f0c3178793b8248d6686732521c04"},"headline":"Exame oftalmol\u00f3gico e Van para tratamento fora de Cama\u00e7ari, voltam operar","datePublished":"2025-01-23T23:41:37+00:00","dateModified":"2025-01-23T23:41:38+00:00","mainEntityOfPage":{"@id":"https:\/\/compartilhabahia.com.br\/index.php\/2025\/01\/23\/exame-oftalmologico-e-van-para-tratamento-fora-de-camacari-voltam-operar\/"},"wordCount":205,"commentCount":0,"publisher":{"@id":"https:\/\/compartilhabahia.com.br\/#organization"},"articleSection":["Cama\u00e7ari"],"inLanguage":"pt-BR","potentialAction":[{"@type":"CommentAction","name":"Comment","target":["https:\/\/compartilhabahia.com.br\/index.php\/2025\/01\/23\/exame-oftalmologico-e-van-para-tratamento-fora-de-camacari-voltam-operar\/#respond"]}]},{"@type":"WebPage","@id":"https:\/\/compartilhabahia.com.br\/index.php\/2025\/01\/23\/exame-oftalmologico-e-van-para-tratamento-fora-de-camacari-voltam-operar\/","url":"https:\/\/compartilhabahia.com.br\/index.php\/2025\/01\/23\/exame-oftalmologico-e-van-para-tratamento-fora-de-camacari-voltam-operar\/","name":"Exame oftalmol\u00f3gico e Van para tratamento fora de Cama\u00e7ari, voltam operar - Compartilha Bahia","isPartOf":{"@id":"https:\/\/compartilhabahia.com.br\/#website"},"datePublished":"2025-01-23T23:41:37+00:00","dateModified":"2025-01-23T23:41:38+00:00","breadcrumb":{"@id":"https:\/\/compartilhabahia.com.br\/index.php\/2025\/01\/23\/exame-oftalmologico-e-van-para-tratamento-fora-de-camacari-voltam-operar\/#breadcrumb"},"inLanguage":"pt-BR","potentialAction":[{"@type":"ReadAction","target":["https:\/\/compartilhabahia.com.br\/index.php\/2025\/01\/23\/exame-oftalmologico-e-van-para-tratamento-fora-de-camacari-voltam-operar\/"]}]},{"@type":"BreadcrumbList","@id":"https:\/\/compartilhabahia.com.br\/index.php\/2025\/01\/23\/exame-oftalmologico-e-van-para-tratamento-fora-de-camacari-voltam-operar\/#breadcrumb","itemListElement":[{"@type":"ListItem","position":1,"name":"In\u00edcio","item":"https:\/\/compartilhabahia.com.br\/"},{"@type":"ListItem","position":2,"name":"Exame oftalmol\u00f3gico e Van para tratamento fora de Cama\u00e7ari, voltam operar"}]},{"@type":"WebSite","@id":"https:\/\/compartilhabahia.com.br\/#website","url":"https:\/\/compartilhabahia.com.br\/","name":"Compartilha Bahia","description":"","publisher":{"@id":"https:\/\/compartilhabahia.com.br\/#organization"},"potentialAction":[{"@type":"SearchAction","target":{"@type":"EntryPoint","urlTemplate":"https:\/\/compartilhabahia.com.br\/?s={search_term_string}"},"query-input":"required name=search_term_string"}],"inLanguage":"pt-BR"},{"@type":"Organization","@id":"https:\/\/compartilhabahia.com.br\/#organization","name":"Compartilha Bahia","url":"https:\/\/compartilhabahia.com.br\/","logo":{"@type":"ImageObject","inLanguage":"pt-BR","@id":"https:\/\/compartilhabahia.com.br\/#\/schema\/logo\/image\/","url":"https:\/\/compartilhabahia.com.br\/wp-content\/uploads\/2023\/12\/cropped-logo.png","contentUrl":"https:\/\/compartilhabahia.com.br\/wp-content\/uploads\/2023\/12\/cropped-logo.png","width":300,"height":106,"caption":"Compartilha Bahia"},"image":{"@id":"https:\/\/compartilhabahia.com.br\/#\/schema\/logo\/image\/"},"sameAs":["https:\/\/web.facebook.com\/compartilhabahia","https:\/\/www.instagram.com\/compartilhabahia\/"]},{"@type":"Person","@id":"https:\/\/compartilhabahia.com.br\/#\/schema\/person\/9b4f0c3178793b8248d6686732521c04","name":"admin","image":{"@type":"ImageObject","inLanguage":"pt-BR","@id":"https:\/\/compartilhabahia.com.br\/#\/schema\/person\/image\/","url":"https:\/\/secure.gravatar.com\/avatar\/9600df58751c5acbe914c538c03390ef649ea088cb65f84ba09c7ce66988eed6?s=96&d=mm&r=g","contentUrl":"https:\/\/secure.gravatar.com\/avatar\/9600df58751c5acbe914c538c03390ef649ea088cb65f84ba09c7ce66988eed6?s=96&d=mm&r=g","caption":"admin"},"sameAs":["https:\/\/compartilhabahia.com.br"],"url":"https:\/\/compartilhabahia.com.br\/index.php\/author\/compartilhabahia\/"}]}},"_links":{"self":[{"href":"https:\/\/compartilhabahia.com.br\/index.php\/wp-json\/wp\/v2\/posts\/5023","targetHints":{"allow":["GET"]}}],"collection":[{"href":"https:\/\/compartilhabahia.com.br\/index.php\/wp-json\/wp\/v2\/posts"}],"about":[{"href":"https:\/\/compartilhabahia.com.br\/index.php\/wp-json\/wp\/v2\/types\/post"}],"author":[{"embeddable":true,"href":"https:\/\/compartilhabahia.com.br\/index.php\/wp-json\/wp\/v2\/users\/1"}],"replies":[{"embeddable":true,"href":"https:\/\/compartilhabahia.com.br\/index.php\/wp-json\/wp\/v2\/comments?post=5023"}],"version-history":[{"count":1,"href":"https:\/\/compartilhabahia.com.br\/index.php\/wp-json\/wp\/v2\/posts\/5023\/revisions"}],"predecessor-version":[{"id":5026,"href":"https:\/\/compartilhabahia.com.br\/index.php\/wp-json\/wp\/v2\/posts\/5023\/revisions\/5026"}],"wp:featuredmedia":[{"embeddable":true,"href":"https:\/\/compartilhabahia.com.br\/index.php\/wp-json\/wp\/v2\/media\/5024"}],"wp:attachment":[{"href":"https:\/\/compartilhabahia.com.br\/index.php\/wp-json\/wp\/v2\/media?parent=5023"}],"wp:term":[{"taxonomy":"category","embeddable":true,"href":"https:\/\/compartilhabahia.com.br\/index.php\/wp-json\/wp\/v2\/categories?post=5023"},{"taxonomy":"post_tag","embeddable":true,"href":"https:\/\/compartilhabahia.com.br\/index.php\/wp-json\/wp\/v2\/tags?post=5023"}],"curies":[{"name":"wp","href":"https:\/\/api.w.org\/{rel}","templated":true}]}}