{"id":4984,"date":"2025-01-21T14:28:31","date_gmt":"2025-01-21T14:28:31","guid":{"rendered":"https:\/\/compartilhabahia.com.br\/?p=4984"},"modified":"2025-01-21T14:28:32","modified_gmt":"2025-01-21T14:28:32","slug":"atras-de-muros-pintados-criancas-eram-obrigadas-a-estudar-em-ambiente-insalubre-e-infeliz","status":"publish","type":"post","link":"https:\/\/compartilhabahia.com.br\/index.php\/2025\/01\/21\/atras-de-muros-pintados-criancas-eram-obrigadas-a-estudar-em-ambiente-insalubre-e-infeliz\/","title":{"rendered":"Atr\u00e1s de muros pintados crian\u00e7as eram obrigadas a estudar em ambiente insalubre e infeliz"},"content":{"rendered":"\n<p>Na manh\u00e3 desta ter\u00e7a-feira (21), o prefeito Luiz Caetano (PT), visitou algumas das 17 escolas do munic\u00edpio de Cama\u00e7ari (BA), que foram deixadas pela gest\u00e3o anterior em situa\u00e7\u00e3o de &#8220;pen\u00faria e dificuldade&#8221;. Para a imprensa e alguns vereadores que lhe acompanharam, Caetano mostrou a escola municipal Felix Joaquim de Moraes no Bairro do Cama\u00e7ari de Dentro, onde o telhado velho, telhas caindo, infiltra\u00e7\u00f5es nas estruturas, paredes rachadas, mato crescendo no telhado, esgoto a c\u00e9u aberto, sanit\u00e1rio interditado, infesta\u00e7\u00e3o de ratos, baratas, e reservat\u00f3rio de \u00e1gua contaminado, formavam um mosaico de 25 itens de tristezas e sofrimentos, que transformavam o recinto de educa\u00e7\u00e3o infantil, para 180 crian\u00e7as de 3 a 5 anos, em um lugar insalubre e infeliz.<\/p>\n\n\n\n<p>Para maquiar as estruturas e passar para a comunidade a impress\u00e3o de zelo, a secretaria de educa\u00e7\u00e3o do prefeito Elinaldo, pintava apenas o muro pelo lado de fora, em uma total irresponsabilidade e dolosa negligencia com a vida e o futuro das crian\u00e7as, vitimas inocentes, de uma gest\u00e3o totalmente irrespons\u00e1vel.<\/p>\n\n\n\n<p>Na oportunidade das inspe\u00e7\u00f5es a vereadora Sales De Estilos (PSD), solicitou ao prefeito Caetano e ao secret\u00e1rio Professor Marcio Neves, a elabora\u00e7\u00e3o de um document\u00e1rio com fotos e v\u00eddeos de todas as escolas encontradas em situa\u00e7\u00e3o de pen\u00faria em Cama\u00e7ari. Esse documento ela pretende levar para tribuna da C\u00e2mara Municipal e denunciar para que todos os moradores da cidade tomem conhecimento. &#8220;Isso n\u00e3o se pode perder na mem\u00f3ria das pessoas, vamos documentar para que entre na hist\u00f3ria do munic\u00edpio, para que nunca mais se repita, tamanho abandono com a educa\u00e7\u00e3o p\u00fablica em Cama\u00e7ari&#8221;.<\/p>\n\n\n\n<figure class=\"wp-block-embed is-type-video is-provider-youtube wp-block-embed-youtube wp-embed-aspect-16-9 wp-has-aspect-ratio\"><div class=\"wp-block-embed__wrapper\">\n<iframe loading=\"lazy\" title=\"Cama\u00e7ari: Atr\u00e1s de muros pintados, crian\u00e7as estudam em ambiente insalubre\" width=\"640\" height=\"360\" src=\"https:\/\/www.youtube.com\/embed\/7Emw2GjJ-5U?feature=oembed\" frameborder=\"0\" allow=\"accelerometer; autoplay; clipboard-write; encrypted-media; gyroscope; picture-in-picture; web-share\" referrerpolicy=\"strict-origin-when-cross-origin\" allowfullscreen><\/iframe>\n<\/div><\/figure>\n\n\n\n<p><\/p>\n\n\n\n<p><\/p>\n","protected":false},"excerpt":{"rendered":"<p>Na manh\u00e3 desta ter\u00e7a-feira (21), o prefeito Luiz Caetano (PT), visitou algumas das 17 escolas do munic\u00edpio de Cama\u00e7ari (BA), que foram deixadas pela gest\u00e3o anterior em situa\u00e7\u00e3o de &#8220;pen\u00faria e dificuldade&#8221;. Para a imprensa e alguns vereadores que lhe acompanharam, Caetano mostrou a escola municipal Felix Joaquim de Moraes no Bairro do Cama\u00e7ari de [&hellip;]<\/p>\n","protected":false},"author":1,"featured_media":4985,"comment_status":"open","ping_status":"open","sticky":false,"template":"","format":"standard","meta":{"footnotes":""},"categories":[8],"tags":[],"class_list":["post-4984","post","type-post","status-publish","format-standard","has-post-thumbnail","hentry","category-camacari"],"yoast_head":"<!-- This site is optimized with the Yoast SEO plugin v21.7 - https:\/\/yoast.com\/wordpress\/plugins\/seo\/ -->\n<title>Atr\u00e1s de muros pintados crian\u00e7as eram obrigadas a estudar em ambiente insalubre e infeliz - Compartilha Bahia<\/title>\n<meta name=\"robots\" content=\"index, follow, max-snippet:-1, max-image-preview:large, max-video-preview:-1\" \/>\n<link rel=\"canonical\" href=\"https:\/\/compartilhabahia.com.br\/index.php\/2025\/01\/21\/atras-de-muros-pintados-criancas-eram-obrigadas-a-estudar-em-ambiente-insalubre-e-infeliz\/\" \/>\n<meta property=\"og:locale\" content=\"pt_BR\" \/>\n<meta property=\"og:type\" content=\"article\" \/>\n<meta property=\"og:title\" content=\"Atr\u00e1s de muros pintados crian\u00e7as eram obrigadas a estudar em ambiente insalubre e infeliz - Compartilha Bahia\" \/>\n<meta property=\"og:description\" content=\"Na manh\u00e3 desta ter\u00e7a-feira (21), o prefeito Luiz Caetano (PT), visitou algumas das 17 escolas do munic\u00edpio de Cama\u00e7ari (BA), que foram deixadas pela gest\u00e3o anterior em situa\u00e7\u00e3o de &#8220;pen\u00faria e dificuldade&#8221;. Para a imprensa e alguns vereadores que lhe acompanharam, Caetano mostrou a escola municipal Felix Joaquim de Moraes no Bairro do Cama\u00e7ari de [&hellip;]\" \/>\n<meta property=\"og:url\" content=\"https:\/\/compartilhabahia.com.br\/index.php\/2025\/01\/21\/atras-de-muros-pintados-criancas-eram-obrigadas-a-estudar-em-ambiente-insalubre-e-infeliz\/\" \/>\n<meta property=\"og:site_name\" content=\"Compartilha Bahia\" \/>\n<meta property=\"article:publisher\" content=\"https:\/\/web.facebook.com\/compartilhabahia\" \/>\n<meta property=\"article:published_time\" content=\"2025-01-21T14:28:31+00:00\" \/>\n<meta property=\"article:modified_time\" content=\"2025-01-21T14:28:32+00:00\" \/>\n<meta property=\"og:image\" content=\"https:\/\/compartilhabahia.com.br\/wp-content\/uploads\/2025\/01\/escolafelix.jpg\" \/>\n\t<meta property=\"og:image:width\" content=\"1059\" \/>\n\t<meta property=\"og:image:height\" content=\"798\" \/>\n\t<meta property=\"og:image:type\" content=\"image\/jpeg\" \/>\n<meta name=\"author\" content=\"admin\" \/>\n<meta name=\"twitter:card\" content=\"summary_large_image\" \/>\n<meta name=\"twitter:label1\" content=\"Escrito por\" \/>\n\t<meta name=\"twitter:data1\" content=\"admin\" \/>\n\t<meta name=\"twitter:label2\" content=\"Est. tempo de leitura\" \/>\n\t<meta name=\"twitter:data2\" content=\"2 minutos\" \/>\n<script type=\"application\/ld+json\" class=\"yoast-schema-graph\">{\"@context\":\"https:\/\/schema.org\",\"@graph\":[{\"@type\":\"Article\",\"@id\":\"https:\/\/compartilhabahia.com.br\/index.php\/2025\/01\/21\/atras-de-muros-pintados-criancas-eram-obrigadas-a-estudar-em-ambiente-insalubre-e-infeliz\/#article\",\"isPartOf\":{\"@id\":\"https:\/\/compartilhabahia.com.br\/index.php\/2025\/01\/21\/atras-de-muros-pintados-criancas-eram-obrigadas-a-estudar-em-ambiente-insalubre-e-infeliz\/\"},\"author\":{\"name\":\"admin\",\"@id\":\"https:\/\/compartilhabahia.com.br\/#\/schema\/person\/9b4f0c3178793b8248d6686732521c04\"},\"headline\":\"Atr\u00e1s de muros pintados crian\u00e7as eram obrigadas a estudar em ambiente insalubre e infeliz\",\"datePublished\":\"2025-01-21T14:28:31+00:00\",\"dateModified\":\"2025-01-21T14:28:32+00:00\",\"mainEntityOfPage\":{\"@id\":\"https:\/\/compartilhabahia.com.br\/index.php\/2025\/01\/21\/atras-de-muros-pintados-criancas-eram-obrigadas-a-estudar-em-ambiente-insalubre-e-infeliz\/\"},\"wordCount\":316,\"commentCount\":0,\"publisher\":{\"@id\":\"https:\/\/compartilhabahia.com.br\/#organization\"},\"articleSection\":[\"Cama\u00e7ari\"],\"inLanguage\":\"pt-BR\",\"potentialAction\":[{\"@type\":\"CommentAction\",\"name\":\"Comment\",\"target\":[\"https:\/\/compartilhabahia.com.br\/index.php\/2025\/01\/21\/atras-de-muros-pintados-criancas-eram-obrigadas-a-estudar-em-ambiente-insalubre-e-infeliz\/#respond\"]}]},{\"@type\":\"WebPage\",\"@id\":\"https:\/\/compartilhabahia.com.br\/index.php\/2025\/01\/21\/atras-de-muros-pintados-criancas-eram-obrigadas-a-estudar-em-ambiente-insalubre-e-infeliz\/\",\"url\":\"https:\/\/compartilhabahia.com.br\/index.php\/2025\/01\/21\/atras-de-muros-pintados-criancas-eram-obrigadas-a-estudar-em-ambiente-insalubre-e-infeliz\/\",\"name\":\"Atr\u00e1s de muros pintados crian\u00e7as eram obrigadas a estudar em ambiente insalubre e infeliz - Compartilha Bahia\",\"isPartOf\":{\"@id\":\"https:\/\/compartilhabahia.com.br\/#website\"},\"datePublished\":\"2025-01-21T14:28:31+00:00\",\"dateModified\":\"2025-01-21T14:28:32+00:00\",\"breadcrumb\":{\"@id\":\"https:\/\/compartilhabahia.com.br\/index.php\/2025\/01\/21\/atras-de-muros-pintados-criancas-eram-obrigadas-a-estudar-em-ambiente-insalubre-e-infeliz\/#breadcrumb\"},\"inLanguage\":\"pt-BR\",\"potentialAction\":[{\"@type\":\"ReadAction\",\"target\":[\"https:\/\/compartilhabahia.com.br\/index.php\/2025\/01\/21\/atras-de-muros-pintados-criancas-eram-obrigadas-a-estudar-em-ambiente-insalubre-e-infeliz\/\"]}]},{\"@type\":\"BreadcrumbList\",\"@id\":\"https:\/\/compartilhabahia.com.br\/index.php\/2025\/01\/21\/atras-de-muros-pintados-criancas-eram-obrigadas-a-estudar-em-ambiente-insalubre-e-infeliz\/#breadcrumb\",\"itemListElement\":[{\"@type\":\"ListItem\",\"position\":1,\"name\":\"In\u00edcio\",\"item\":\"https:\/\/compartilhabahia.com.br\/\"},{\"@type\":\"ListItem\",\"position\":2,\"name\":\"Atr\u00e1s de muros pintados crian\u00e7as eram obrigadas a estudar em ambiente insalubre e infeliz\"}]},{\"@type\":\"WebSite\",\"@id\":\"https:\/\/compartilhabahia.com.br\/#website\",\"url\":\"https:\/\/compartilhabahia.com.br\/\",\"name\":\"Compartilha Bahia\",\"description\":\"\",\"publisher\":{\"@id\":\"https:\/\/compartilhabahia.com.br\/#organization\"},\"potentialAction\":[{\"@type\":\"SearchAction\",\"target\":{\"@type\":\"EntryPoint\",\"urlTemplate\":\"https:\/\/compartilhabahia.com.br\/?s={search_term_string}\"},\"query-input\":\"required name=search_term_string\"}],\"inLanguage\":\"pt-BR\"},{\"@type\":\"Organization\",\"@id\":\"https:\/\/compartilhabahia.com.br\/#organization\",\"name\":\"Compartilha Bahia\",\"url\":\"https:\/\/compartilhabahia.com.br\/\",\"logo\":{\"@type\":\"ImageObject\",\"inLanguage\":\"pt-BR\",\"@id\":\"https:\/\/compartilhabahia.com.br\/#\/schema\/logo\/image\/\",\"url\":\"https:\/\/compartilhabahia.com.br\/wp-content\/uploads\/2023\/12\/cropped-logo.png\",\"contentUrl\":\"https:\/\/compartilhabahia.com.br\/wp-content\/uploads\/2023\/12\/cropped-logo.png\",\"width\":300,\"height\":106,\"caption\":\"Compartilha Bahia\"},\"image\":{\"@id\":\"https:\/\/compartilhabahia.com.br\/#\/schema\/logo\/image\/\"},\"sameAs\":[\"https:\/\/web.facebook.com\/compartilhabahia\",\"https:\/\/www.instagram.com\/compartilhabahia\/\"]},{\"@type\":\"Person\",\"@id\":\"https:\/\/compartilhabahia.com.br\/#\/schema\/person\/9b4f0c3178793b8248d6686732521c04\",\"name\":\"admin\",\"image\":{\"@type\":\"ImageObject\",\"inLanguage\":\"pt-BR\",\"@id\":\"https:\/\/compartilhabahia.com.br\/#\/schema\/person\/image\/\",\"url\":\"https:\/\/secure.gravatar.com\/avatar\/9600df58751c5acbe914c538c03390ef649ea088cb65f84ba09c7ce66988eed6?s=96&d=mm&r=g\",\"contentUrl\":\"https:\/\/secure.gravatar.com\/avatar\/9600df58751c5acbe914c538c03390ef649ea088cb65f84ba09c7ce66988eed6?s=96&d=mm&r=g\",\"caption\":\"admin\"},\"sameAs\":[\"https:\/\/compartilhabahia.com.br\"],\"url\":\"https:\/\/compartilhabahia.com.br\/index.php\/author\/compartilhabahia\/\"}]}<\/script>\n<!-- \/ Yoast SEO plugin. -->","yoast_head_json":{"title":"Atr\u00e1s de muros pintados crian\u00e7as eram obrigadas a estudar em ambiente insalubre e infeliz - Compartilha Bahia","robots":{"index":"index","follow":"follow","max-snippet":"max-snippet:-1","max-image-preview":"max-image-preview:large","max-video-preview":"max-video-preview:-1"},"canonical":"https:\/\/compartilhabahia.com.br\/index.php\/2025\/01\/21\/atras-de-muros-pintados-criancas-eram-obrigadas-a-estudar-em-ambiente-insalubre-e-infeliz\/","og_locale":"pt_BR","og_type":"article","og_title":"Atr\u00e1s de muros pintados crian\u00e7as eram obrigadas a estudar em ambiente insalubre e infeliz - Compartilha Bahia","og_description":"Na manh\u00e3 desta ter\u00e7a-feira (21), o prefeito Luiz Caetano (PT), visitou algumas das 17 escolas do munic\u00edpio de Cama\u00e7ari (BA), que foram deixadas pela gest\u00e3o anterior em situa\u00e7\u00e3o de &#8220;pen\u00faria e dificuldade&#8221;. Para a imprensa e alguns vereadores que lhe acompanharam, Caetano mostrou a escola municipal Felix Joaquim de Moraes no Bairro do Cama\u00e7ari de [&hellip;]","og_url":"https:\/\/compartilhabahia.com.br\/index.php\/2025\/01\/21\/atras-de-muros-pintados-criancas-eram-obrigadas-a-estudar-em-ambiente-insalubre-e-infeliz\/","og_site_name":"Compartilha Bahia","article_publisher":"https:\/\/web.facebook.com\/compartilhabahia","article_published_time":"2025-01-21T14:28:31+00:00","article_modified_time":"2025-01-21T14:28:32+00:00","og_image":[{"width":1059,"height":798,"url":"https:\/\/compartilhabahia.com.br\/wp-content\/uploads\/2025\/01\/escolafelix.jpg","type":"image\/jpeg"}],"author":"admin","twitter_card":"summary_large_image","twitter_misc":{"Escrito por":"admin","Est. tempo de leitura":"2 minutos"},"schema":{"@context":"https:\/\/schema.org","@graph":[{"@type":"Article","@id":"https:\/\/compartilhabahia.com.br\/index.php\/2025\/01\/21\/atras-de-muros-pintados-criancas-eram-obrigadas-a-estudar-em-ambiente-insalubre-e-infeliz\/#article","isPartOf":{"@id":"https:\/\/compartilhabahia.com.br\/index.php\/2025\/01\/21\/atras-de-muros-pintados-criancas-eram-obrigadas-a-estudar-em-ambiente-insalubre-e-infeliz\/"},"author":{"name":"admin","@id":"https:\/\/compartilhabahia.com.br\/#\/schema\/person\/9b4f0c3178793b8248d6686732521c04"},"headline":"Atr\u00e1s de muros pintados crian\u00e7as eram obrigadas a estudar em ambiente insalubre e infeliz","datePublished":"2025-01-21T14:28:31+00:00","dateModified":"2025-01-21T14:28:32+00:00","mainEntityOfPage":{"@id":"https:\/\/compartilhabahia.com.br\/index.php\/2025\/01\/21\/atras-de-muros-pintados-criancas-eram-obrigadas-a-estudar-em-ambiente-insalubre-e-infeliz\/"},"wordCount":316,"commentCount":0,"publisher":{"@id":"https:\/\/compartilhabahia.com.br\/#organization"},"articleSection":["Cama\u00e7ari"],"inLanguage":"pt-BR","potentialAction":[{"@type":"CommentAction","name":"Comment","target":["https:\/\/compartilhabahia.com.br\/index.php\/2025\/01\/21\/atras-de-muros-pintados-criancas-eram-obrigadas-a-estudar-em-ambiente-insalubre-e-infeliz\/#respond"]}]},{"@type":"WebPage","@id":"https:\/\/compartilhabahia.com.br\/index.php\/2025\/01\/21\/atras-de-muros-pintados-criancas-eram-obrigadas-a-estudar-em-ambiente-insalubre-e-infeliz\/","url":"https:\/\/compartilhabahia.com.br\/index.php\/2025\/01\/21\/atras-de-muros-pintados-criancas-eram-obrigadas-a-estudar-em-ambiente-insalubre-e-infeliz\/","name":"Atr\u00e1s de muros pintados crian\u00e7as eram obrigadas a estudar em ambiente insalubre e infeliz - Compartilha Bahia","isPartOf":{"@id":"https:\/\/compartilhabahia.com.br\/#website"},"datePublished":"2025-01-21T14:28:31+00:00","dateModified":"2025-01-21T14:28:32+00:00","breadcrumb":{"@id":"https:\/\/compartilhabahia.com.br\/index.php\/2025\/01\/21\/atras-de-muros-pintados-criancas-eram-obrigadas-a-estudar-em-ambiente-insalubre-e-infeliz\/#breadcrumb"},"inLanguage":"pt-BR","potentialAction":[{"@type":"ReadAction","target":["https:\/\/compartilhabahia.com.br\/index.php\/2025\/01\/21\/atras-de-muros-pintados-criancas-eram-obrigadas-a-estudar-em-ambiente-insalubre-e-infeliz\/"]}]},{"@type":"BreadcrumbList","@id":"https:\/\/compartilhabahia.com.br\/index.php\/2025\/01\/21\/atras-de-muros-pintados-criancas-eram-obrigadas-a-estudar-em-ambiente-insalubre-e-infeliz\/#breadcrumb","itemListElement":[{"@type":"ListItem","position":1,"name":"In\u00edcio","item":"https:\/\/compartilhabahia.com.br\/"},{"@type":"ListItem","position":2,"name":"Atr\u00e1s de muros pintados crian\u00e7as eram obrigadas a estudar em ambiente insalubre e infeliz"}]},{"@type":"WebSite","@id":"https:\/\/compartilhabahia.com.br\/#website","url":"https:\/\/compartilhabahia.com.br\/","name":"Compartilha Bahia","description":"","publisher":{"@id":"https:\/\/compartilhabahia.com.br\/#organization"},"potentialAction":[{"@type":"SearchAction","target":{"@type":"EntryPoint","urlTemplate":"https:\/\/compartilhabahia.com.br\/?s={search_term_string}"},"query-input":"required name=search_term_string"}],"inLanguage":"pt-BR"},{"@type":"Organization","@id":"https:\/\/compartilhabahia.com.br\/#organization","name":"Compartilha Bahia","url":"https:\/\/compartilhabahia.com.br\/","logo":{"@type":"ImageObject","inLanguage":"pt-BR","@id":"https:\/\/compartilhabahia.com.br\/#\/schema\/logo\/image\/","url":"https:\/\/compartilhabahia.com.br\/wp-content\/uploads\/2023\/12\/cropped-logo.png","contentUrl":"https:\/\/compartilhabahia.com.br\/wp-content\/uploads\/2023\/12\/cropped-logo.png","width":300,"height":106,"caption":"Compartilha Bahia"},"image":{"@id":"https:\/\/compartilhabahia.com.br\/#\/schema\/logo\/image\/"},"sameAs":["https:\/\/web.facebook.com\/compartilhabahia","https:\/\/www.instagram.com\/compartilhabahia\/"]},{"@type":"Person","@id":"https:\/\/compartilhabahia.com.br\/#\/schema\/person\/9b4f0c3178793b8248d6686732521c04","name":"admin","image":{"@type":"ImageObject","inLanguage":"pt-BR","@id":"https:\/\/compartilhabahia.com.br\/#\/schema\/person\/image\/","url":"https:\/\/secure.gravatar.com\/avatar\/9600df58751c5acbe914c538c03390ef649ea088cb65f84ba09c7ce66988eed6?s=96&d=mm&r=g","contentUrl":"https:\/\/secure.gravatar.com\/avatar\/9600df58751c5acbe914c538c03390ef649ea088cb65f84ba09c7ce66988eed6?s=96&d=mm&r=g","caption":"admin"},"sameAs":["https:\/\/compartilhabahia.com.br"],"url":"https:\/\/compartilhabahia.com.br\/index.php\/author\/compartilhabahia\/"}]}},"_links":{"self":[{"href":"https:\/\/compartilhabahia.com.br\/index.php\/wp-json\/wp\/v2\/posts\/4984","targetHints":{"allow":["GET"]}}],"collection":[{"href":"https:\/\/compartilhabahia.com.br\/index.php\/wp-json\/wp\/v2\/posts"}],"about":[{"href":"https:\/\/compartilhabahia.com.br\/index.php\/wp-json\/wp\/v2\/types\/post"}],"author":[{"embeddable":true,"href":"https:\/\/compartilhabahia.com.br\/index.php\/wp-json\/wp\/v2\/users\/1"}],"replies":[{"embeddable":true,"href":"https:\/\/compartilhabahia.com.br\/index.php\/wp-json\/wp\/v2\/comments?post=4984"}],"version-history":[{"count":1,"href":"https:\/\/compartilhabahia.com.br\/index.php\/wp-json\/wp\/v2\/posts\/4984\/revisions"}],"predecessor-version":[{"id":4986,"href":"https:\/\/compartilhabahia.com.br\/index.php\/wp-json\/wp\/v2\/posts\/4984\/revisions\/4986"}],"wp:featuredmedia":[{"embeddable":true,"href":"https:\/\/compartilhabahia.com.br\/index.php\/wp-json\/wp\/v2\/media\/4985"}],"wp:attachment":[{"href":"https:\/\/compartilhabahia.com.br\/index.php\/wp-json\/wp\/v2\/media?parent=4984"}],"wp:term":[{"taxonomy":"category","embeddable":true,"href":"https:\/\/compartilhabahia.com.br\/index.php\/wp-json\/wp\/v2\/categories?post=4984"},{"taxonomy":"post_tag","embeddable":true,"href":"https:\/\/compartilhabahia.com.br\/index.php\/wp-json\/wp\/v2\/tags?post=4984"}],"curies":[{"name":"wp","href":"https:\/\/api.w.org\/{rel}","templated":true}]}}