{"id":4840,"date":"2025-01-09T23:41:39","date_gmt":"2025-01-09T23:41:39","guid":{"rendered":"https:\/\/compartilhabahia.com.br\/?p=4840"},"modified":"2025-01-09T23:41:41","modified_gmt":"2025-01-09T23:41:41","slug":"ciclo-de-lavagens-e-festas-populares-de-camacari-tem-inicio-em-barra-do-pojuca","status":"publish","type":"post","link":"https:\/\/compartilhabahia.com.br\/index.php\/2025\/01\/09\/ciclo-de-lavagens-e-festas-populares-de-camacari-tem-inicio-em-barra-do-pojuca\/","title":{"rendered":"Ciclo de lavagens e festas populares de Cama\u00e7ari tem in\u00edcio em Barra do Pojuca"},"content":{"rendered":"\n<p><\/p>\n\n\n\n<p>A tradicional Lavagem de Barra do Pojuca, que marca o in\u00edcio do ciclo de lavagens e festas populares de Cama\u00e7ari, acontece neste fim de semana, celebrando S\u00e3o Francisco de Assis, padroeiro da localidade. As festividades come\u00e7am no s\u00e1bado (11\/1), com a parte sagrada da festa, que inclui o cortejo religioso, a partir das 9h.<\/p>\n\n\n\n<p>A prociss\u00e3o ser\u00e1 liderada pela ala das baianas e contar\u00e1 com a anima\u00e7\u00e3o da Charanga Big Band, al\u00e9m da participa\u00e7\u00e3o dos grupos culturais Espermacete, Beira de Rua e Capoeira da Gula. A sa\u00edda ser\u00e1 da entrada da localidade, com destino \u00e0 Igreja Matriz, situada na pra\u00e7a principal, onde ser\u00e1 entoado o Hino ao Senhor do Bonfim, sob a dire\u00e7\u00e3o do maestro Fred Dantas e Orquestra.<\/p>\n\n\n\n<p>Com uma programa\u00e7\u00e3o animada de shows, que contar\u00e1 com uma mistura vibrante de ritmos, no s\u00e1bado, \u00e0s 17h, come\u00e7a a parte profana da festa, que segue at\u00e9 domingo (12). Entre os destaques musicais est\u00e3o Thiago Aquino e Renatinho da Bahia, ex-vocalista do grupo \u00c9 o Tchan.<\/p>\n\n\n\n<p>O ciclo de lavagens e festas populares do munic\u00edpio \u00e9 realizado pela Prefeitura de Cama\u00e7ari, por interm\u00e9dio da Coordena\u00e7\u00e3o de Eventos, setor vinculado \u00e0 Secretaria de Governo (Segov), com apoio de diversas secretarias e \u00f3rg\u00e3os municipais.<\/p>\n\n\n\n<p>A Lavagem de Barra do Pojuca promete ser uma grande celebra\u00e7\u00e3o de f\u00e9 e cultura, unindo tradi\u00e7\u00e3o religiosa e muita anima\u00e7\u00e3o para moradores, turistas e visitantes.<\/p>\n\n\n\n<p>Confira, abaixo, a programa\u00e7\u00e3o musical da Lavagem de Barra do Pojuca:<\/p>\n\n\n\n<p>S\u00e1bado (11)<br>17h \u2013 Samba Ohana<br>19h \u2013 Fogo de Lenha<br><strong>20h30 \u2013 Samba com Elas<\/strong><br>22h \u2013 Thiago Aquino<br><strong>0h \u2013 Rodrigo Lima<\/strong><\/p>\n\n\n\n<p>Domingo (12)<br>16h \u2013 Jean<br>18h \u2013 Samba Trator<br>20h \u2013 Renatinho da Bahia<br>22h \u2013 Tiago Sena<\/p>\n","protected":false},"excerpt":{"rendered":"<p>A tradicional Lavagem de Barra do Pojuca, que marca o in\u00edcio do ciclo de lavagens e festas populares de Cama\u00e7ari, acontece neste fim de semana, celebrando S\u00e3o Francisco de Assis, padroeiro da localidade. As festividades come\u00e7am no s\u00e1bado (11\/1), com a parte sagrada da festa, que inclui o cortejo religioso, a partir das 9h. A [&hellip;]<\/p>\n","protected":false},"author":1,"featured_media":4841,"comment_status":"open","ping_status":"open","sticky":false,"template":"","format":"standard","meta":{"footnotes":""},"categories":[8],"tags":[],"class_list":["post-4840","post","type-post","status-publish","format-standard","has-post-thumbnail","hentry","category-camacari"],"yoast_head":"<!-- This site is optimized with the Yoast SEO plugin v21.7 - https:\/\/yoast.com\/wordpress\/plugins\/seo\/ -->\n<title>Ciclo de lavagens e festas populares de Cama\u00e7ari tem in\u00edcio em Barra do Pojuca - Compartilha Bahia<\/title>\n<meta name=\"robots\" content=\"index, follow, max-snippet:-1, max-image-preview:large, max-video-preview:-1\" \/>\n<link rel=\"canonical\" href=\"https:\/\/compartilhabahia.com.br\/index.php\/2025\/01\/09\/ciclo-de-lavagens-e-festas-populares-de-camacari-tem-inicio-em-barra-do-pojuca\/\" \/>\n<meta property=\"og:locale\" content=\"pt_BR\" \/>\n<meta property=\"og:type\" content=\"article\" \/>\n<meta property=\"og:title\" content=\"Ciclo de lavagens e festas populares de Cama\u00e7ari tem in\u00edcio em Barra do Pojuca - Compartilha Bahia\" \/>\n<meta property=\"og:description\" content=\"A tradicional Lavagem de Barra do Pojuca, que marca o in\u00edcio do ciclo de lavagens e festas populares de Cama\u00e7ari, acontece neste fim de semana, celebrando S\u00e3o Francisco de Assis, padroeiro da localidade. As festividades come\u00e7am no s\u00e1bado (11\/1), com a parte sagrada da festa, que inclui o cortejo religioso, a partir das 9h. A [&hellip;]\" \/>\n<meta property=\"og:url\" content=\"https:\/\/compartilhabahia.com.br\/index.php\/2025\/01\/09\/ciclo-de-lavagens-e-festas-populares-de-camacari-tem-inicio-em-barra-do-pojuca\/\" \/>\n<meta property=\"og:site_name\" content=\"Compartilha Bahia\" \/>\n<meta property=\"article:publisher\" content=\"https:\/\/web.facebook.com\/compartilhabahia\" \/>\n<meta property=\"article:published_time\" content=\"2025-01-09T23:41:39+00:00\" \/>\n<meta property=\"article:modified_time\" content=\"2025-01-09T23:41:41+00:00\" \/>\n<meta property=\"og:image\" content=\"https:\/\/compartilhabahia.com.br\/wp-content\/uploads\/2025\/01\/lavagem.jpg\" \/>\n\t<meta property=\"og:image:width\" content=\"850\" \/>\n\t<meta property=\"og:image:height\" content=\"533\" \/>\n\t<meta property=\"og:image:type\" content=\"image\/jpeg\" \/>\n<meta name=\"author\" content=\"admin\" \/>\n<meta name=\"twitter:card\" content=\"summary_large_image\" \/>\n<meta name=\"twitter:label1\" content=\"Escrito por\" \/>\n\t<meta name=\"twitter:data1\" content=\"admin\" \/>\n\t<meta name=\"twitter:label2\" content=\"Est. tempo de leitura\" \/>\n\t<meta name=\"twitter:data2\" content=\"2 minutos\" \/>\n<script type=\"application\/ld+json\" class=\"yoast-schema-graph\">{\"@context\":\"https:\/\/schema.org\",\"@graph\":[{\"@type\":\"Article\",\"@id\":\"https:\/\/compartilhabahia.com.br\/index.php\/2025\/01\/09\/ciclo-de-lavagens-e-festas-populares-de-camacari-tem-inicio-em-barra-do-pojuca\/#article\",\"isPartOf\":{\"@id\":\"https:\/\/compartilhabahia.com.br\/index.php\/2025\/01\/09\/ciclo-de-lavagens-e-festas-populares-de-camacari-tem-inicio-em-barra-do-pojuca\/\"},\"author\":{\"name\":\"admin\",\"@id\":\"https:\/\/compartilhabahia.com.br\/#\/schema\/person\/9b4f0c3178793b8248d6686732521c04\"},\"headline\":\"Ciclo de lavagens e festas populares de Cama\u00e7ari tem in\u00edcio em Barra do Pojuca\",\"datePublished\":\"2025-01-09T23:41:39+00:00\",\"dateModified\":\"2025-01-09T23:41:41+00:00\",\"mainEntityOfPage\":{\"@id\":\"https:\/\/compartilhabahia.com.br\/index.php\/2025\/01\/09\/ciclo-de-lavagens-e-festas-populares-de-camacari-tem-inicio-em-barra-do-pojuca\/\"},\"wordCount\":305,\"commentCount\":0,\"publisher\":{\"@id\":\"https:\/\/compartilhabahia.com.br\/#organization\"},\"articleSection\":[\"Cama\u00e7ari\"],\"inLanguage\":\"pt-BR\",\"potentialAction\":[{\"@type\":\"CommentAction\",\"name\":\"Comment\",\"target\":[\"https:\/\/compartilhabahia.com.br\/index.php\/2025\/01\/09\/ciclo-de-lavagens-e-festas-populares-de-camacari-tem-inicio-em-barra-do-pojuca\/#respond\"]}]},{\"@type\":\"WebPage\",\"@id\":\"https:\/\/compartilhabahia.com.br\/index.php\/2025\/01\/09\/ciclo-de-lavagens-e-festas-populares-de-camacari-tem-inicio-em-barra-do-pojuca\/\",\"url\":\"https:\/\/compartilhabahia.com.br\/index.php\/2025\/01\/09\/ciclo-de-lavagens-e-festas-populares-de-camacari-tem-inicio-em-barra-do-pojuca\/\",\"name\":\"Ciclo de lavagens e festas populares de Cama\u00e7ari tem in\u00edcio em Barra do Pojuca - Compartilha Bahia\",\"isPartOf\":{\"@id\":\"https:\/\/compartilhabahia.com.br\/#website\"},\"datePublished\":\"2025-01-09T23:41:39+00:00\",\"dateModified\":\"2025-01-09T23:41:41+00:00\",\"breadcrumb\":{\"@id\":\"https:\/\/compartilhabahia.com.br\/index.php\/2025\/01\/09\/ciclo-de-lavagens-e-festas-populares-de-camacari-tem-inicio-em-barra-do-pojuca\/#breadcrumb\"},\"inLanguage\":\"pt-BR\",\"potentialAction\":[{\"@type\":\"ReadAction\",\"target\":[\"https:\/\/compartilhabahia.com.br\/index.php\/2025\/01\/09\/ciclo-de-lavagens-e-festas-populares-de-camacari-tem-inicio-em-barra-do-pojuca\/\"]}]},{\"@type\":\"BreadcrumbList\",\"@id\":\"https:\/\/compartilhabahia.com.br\/index.php\/2025\/01\/09\/ciclo-de-lavagens-e-festas-populares-de-camacari-tem-inicio-em-barra-do-pojuca\/#breadcrumb\",\"itemListElement\":[{\"@type\":\"ListItem\",\"position\":1,\"name\":\"In\u00edcio\",\"item\":\"https:\/\/compartilhabahia.com.br\/\"},{\"@type\":\"ListItem\",\"position\":2,\"name\":\"Ciclo de lavagens e festas populares de Cama\u00e7ari tem in\u00edcio em Barra do Pojuca\"}]},{\"@type\":\"WebSite\",\"@id\":\"https:\/\/compartilhabahia.com.br\/#website\",\"url\":\"https:\/\/compartilhabahia.com.br\/\",\"name\":\"Compartilha Bahia\",\"description\":\"\",\"publisher\":{\"@id\":\"https:\/\/compartilhabahia.com.br\/#organization\"},\"potentialAction\":[{\"@type\":\"SearchAction\",\"target\":{\"@type\":\"EntryPoint\",\"urlTemplate\":\"https:\/\/compartilhabahia.com.br\/?s={search_term_string}\"},\"query-input\":\"required name=search_term_string\"}],\"inLanguage\":\"pt-BR\"},{\"@type\":\"Organization\",\"@id\":\"https:\/\/compartilhabahia.com.br\/#organization\",\"name\":\"Compartilha Bahia\",\"url\":\"https:\/\/compartilhabahia.com.br\/\",\"logo\":{\"@type\":\"ImageObject\",\"inLanguage\":\"pt-BR\",\"@id\":\"https:\/\/compartilhabahia.com.br\/#\/schema\/logo\/image\/\",\"url\":\"https:\/\/compartilhabahia.com.br\/wp-content\/uploads\/2023\/12\/cropped-logo.png\",\"contentUrl\":\"https:\/\/compartilhabahia.com.br\/wp-content\/uploads\/2023\/12\/cropped-logo.png\",\"width\":300,\"height\":106,\"caption\":\"Compartilha Bahia\"},\"image\":{\"@id\":\"https:\/\/compartilhabahia.com.br\/#\/schema\/logo\/image\/\"},\"sameAs\":[\"https:\/\/web.facebook.com\/compartilhabahia\",\"https:\/\/www.instagram.com\/compartilhabahia\/\"]},{\"@type\":\"Person\",\"@id\":\"https:\/\/compartilhabahia.com.br\/#\/schema\/person\/9b4f0c3178793b8248d6686732521c04\",\"name\":\"admin\",\"image\":{\"@type\":\"ImageObject\",\"inLanguage\":\"pt-BR\",\"@id\":\"https:\/\/compartilhabahia.com.br\/#\/schema\/person\/image\/\",\"url\":\"https:\/\/secure.gravatar.com\/avatar\/9600df58751c5acbe914c538c03390ef649ea088cb65f84ba09c7ce66988eed6?s=96&d=mm&r=g\",\"contentUrl\":\"https:\/\/secure.gravatar.com\/avatar\/9600df58751c5acbe914c538c03390ef649ea088cb65f84ba09c7ce66988eed6?s=96&d=mm&r=g\",\"caption\":\"admin\"},\"sameAs\":[\"https:\/\/compartilhabahia.com.br\"],\"url\":\"https:\/\/compartilhabahia.com.br\/index.php\/author\/compartilhabahia\/\"}]}<\/script>\n<!-- \/ Yoast SEO plugin. -->","yoast_head_json":{"title":"Ciclo de lavagens e festas populares de Cama\u00e7ari tem in\u00edcio em Barra do Pojuca - Compartilha Bahia","robots":{"index":"index","follow":"follow","max-snippet":"max-snippet:-1","max-image-preview":"max-image-preview:large","max-video-preview":"max-video-preview:-1"},"canonical":"https:\/\/compartilhabahia.com.br\/index.php\/2025\/01\/09\/ciclo-de-lavagens-e-festas-populares-de-camacari-tem-inicio-em-barra-do-pojuca\/","og_locale":"pt_BR","og_type":"article","og_title":"Ciclo de lavagens e festas populares de Cama\u00e7ari tem in\u00edcio em Barra do Pojuca - Compartilha Bahia","og_description":"A tradicional Lavagem de Barra do Pojuca, que marca o in\u00edcio do ciclo de lavagens e festas populares de Cama\u00e7ari, acontece neste fim de semana, celebrando S\u00e3o Francisco de Assis, padroeiro da localidade. As festividades come\u00e7am no s\u00e1bado (11\/1), com a parte sagrada da festa, que inclui o cortejo religioso, a partir das 9h. A [&hellip;]","og_url":"https:\/\/compartilhabahia.com.br\/index.php\/2025\/01\/09\/ciclo-de-lavagens-e-festas-populares-de-camacari-tem-inicio-em-barra-do-pojuca\/","og_site_name":"Compartilha Bahia","article_publisher":"https:\/\/web.facebook.com\/compartilhabahia","article_published_time":"2025-01-09T23:41:39+00:00","article_modified_time":"2025-01-09T23:41:41+00:00","og_image":[{"width":850,"height":533,"url":"https:\/\/compartilhabahia.com.br\/wp-content\/uploads\/2025\/01\/lavagem.jpg","type":"image\/jpeg"}],"author":"admin","twitter_card":"summary_large_image","twitter_misc":{"Escrito por":"admin","Est. tempo de leitura":"2 minutos"},"schema":{"@context":"https:\/\/schema.org","@graph":[{"@type":"Article","@id":"https:\/\/compartilhabahia.com.br\/index.php\/2025\/01\/09\/ciclo-de-lavagens-e-festas-populares-de-camacari-tem-inicio-em-barra-do-pojuca\/#article","isPartOf":{"@id":"https:\/\/compartilhabahia.com.br\/index.php\/2025\/01\/09\/ciclo-de-lavagens-e-festas-populares-de-camacari-tem-inicio-em-barra-do-pojuca\/"},"author":{"name":"admin","@id":"https:\/\/compartilhabahia.com.br\/#\/schema\/person\/9b4f0c3178793b8248d6686732521c04"},"headline":"Ciclo de lavagens e festas populares de Cama\u00e7ari tem in\u00edcio em Barra do Pojuca","datePublished":"2025-01-09T23:41:39+00:00","dateModified":"2025-01-09T23:41:41+00:00","mainEntityOfPage":{"@id":"https:\/\/compartilhabahia.com.br\/index.php\/2025\/01\/09\/ciclo-de-lavagens-e-festas-populares-de-camacari-tem-inicio-em-barra-do-pojuca\/"},"wordCount":305,"commentCount":0,"publisher":{"@id":"https:\/\/compartilhabahia.com.br\/#organization"},"articleSection":["Cama\u00e7ari"],"inLanguage":"pt-BR","potentialAction":[{"@type":"CommentAction","name":"Comment","target":["https:\/\/compartilhabahia.com.br\/index.php\/2025\/01\/09\/ciclo-de-lavagens-e-festas-populares-de-camacari-tem-inicio-em-barra-do-pojuca\/#respond"]}]},{"@type":"WebPage","@id":"https:\/\/compartilhabahia.com.br\/index.php\/2025\/01\/09\/ciclo-de-lavagens-e-festas-populares-de-camacari-tem-inicio-em-barra-do-pojuca\/","url":"https:\/\/compartilhabahia.com.br\/index.php\/2025\/01\/09\/ciclo-de-lavagens-e-festas-populares-de-camacari-tem-inicio-em-barra-do-pojuca\/","name":"Ciclo de lavagens e festas populares de Cama\u00e7ari tem in\u00edcio em Barra do Pojuca - Compartilha Bahia","isPartOf":{"@id":"https:\/\/compartilhabahia.com.br\/#website"},"datePublished":"2025-01-09T23:41:39+00:00","dateModified":"2025-01-09T23:41:41+00:00","breadcrumb":{"@id":"https:\/\/compartilhabahia.com.br\/index.php\/2025\/01\/09\/ciclo-de-lavagens-e-festas-populares-de-camacari-tem-inicio-em-barra-do-pojuca\/#breadcrumb"},"inLanguage":"pt-BR","potentialAction":[{"@type":"ReadAction","target":["https:\/\/compartilhabahia.com.br\/index.php\/2025\/01\/09\/ciclo-de-lavagens-e-festas-populares-de-camacari-tem-inicio-em-barra-do-pojuca\/"]}]},{"@type":"BreadcrumbList","@id":"https:\/\/compartilhabahia.com.br\/index.php\/2025\/01\/09\/ciclo-de-lavagens-e-festas-populares-de-camacari-tem-inicio-em-barra-do-pojuca\/#breadcrumb","itemListElement":[{"@type":"ListItem","position":1,"name":"In\u00edcio","item":"https:\/\/compartilhabahia.com.br\/"},{"@type":"ListItem","position":2,"name":"Ciclo de lavagens e festas populares de Cama\u00e7ari tem in\u00edcio em Barra do Pojuca"}]},{"@type":"WebSite","@id":"https:\/\/compartilhabahia.com.br\/#website","url":"https:\/\/compartilhabahia.com.br\/","name":"Compartilha Bahia","description":"","publisher":{"@id":"https:\/\/compartilhabahia.com.br\/#organization"},"potentialAction":[{"@type":"SearchAction","target":{"@type":"EntryPoint","urlTemplate":"https:\/\/compartilhabahia.com.br\/?s={search_term_string}"},"query-input":"required name=search_term_string"}],"inLanguage":"pt-BR"},{"@type":"Organization","@id":"https:\/\/compartilhabahia.com.br\/#organization","name":"Compartilha Bahia","url":"https:\/\/compartilhabahia.com.br\/","logo":{"@type":"ImageObject","inLanguage":"pt-BR","@id":"https:\/\/compartilhabahia.com.br\/#\/schema\/logo\/image\/","url":"https:\/\/compartilhabahia.com.br\/wp-content\/uploads\/2023\/12\/cropped-logo.png","contentUrl":"https:\/\/compartilhabahia.com.br\/wp-content\/uploads\/2023\/12\/cropped-logo.png","width":300,"height":106,"caption":"Compartilha Bahia"},"image":{"@id":"https:\/\/compartilhabahia.com.br\/#\/schema\/logo\/image\/"},"sameAs":["https:\/\/web.facebook.com\/compartilhabahia","https:\/\/www.instagram.com\/compartilhabahia\/"]},{"@type":"Person","@id":"https:\/\/compartilhabahia.com.br\/#\/schema\/person\/9b4f0c3178793b8248d6686732521c04","name":"admin","image":{"@type":"ImageObject","inLanguage":"pt-BR","@id":"https:\/\/compartilhabahia.com.br\/#\/schema\/person\/image\/","url":"https:\/\/secure.gravatar.com\/avatar\/9600df58751c5acbe914c538c03390ef649ea088cb65f84ba09c7ce66988eed6?s=96&d=mm&r=g","contentUrl":"https:\/\/secure.gravatar.com\/avatar\/9600df58751c5acbe914c538c03390ef649ea088cb65f84ba09c7ce66988eed6?s=96&d=mm&r=g","caption":"admin"},"sameAs":["https:\/\/compartilhabahia.com.br"],"url":"https:\/\/compartilhabahia.com.br\/index.php\/author\/compartilhabahia\/"}]}},"_links":{"self":[{"href":"https:\/\/compartilhabahia.com.br\/index.php\/wp-json\/wp\/v2\/posts\/4840","targetHints":{"allow":["GET"]}}],"collection":[{"href":"https:\/\/compartilhabahia.com.br\/index.php\/wp-json\/wp\/v2\/posts"}],"about":[{"href":"https:\/\/compartilhabahia.com.br\/index.php\/wp-json\/wp\/v2\/types\/post"}],"author":[{"embeddable":true,"href":"https:\/\/compartilhabahia.com.br\/index.php\/wp-json\/wp\/v2\/users\/1"}],"replies":[{"embeddable":true,"href":"https:\/\/compartilhabahia.com.br\/index.php\/wp-json\/wp\/v2\/comments?post=4840"}],"version-history":[{"count":1,"href":"https:\/\/compartilhabahia.com.br\/index.php\/wp-json\/wp\/v2\/posts\/4840\/revisions"}],"predecessor-version":[{"id":4842,"href":"https:\/\/compartilhabahia.com.br\/index.php\/wp-json\/wp\/v2\/posts\/4840\/revisions\/4842"}],"wp:featuredmedia":[{"embeddable":true,"href":"https:\/\/compartilhabahia.com.br\/index.php\/wp-json\/wp\/v2\/media\/4841"}],"wp:attachment":[{"href":"https:\/\/compartilhabahia.com.br\/index.php\/wp-json\/wp\/v2\/media?parent=4840"}],"wp:term":[{"taxonomy":"category","embeddable":true,"href":"https:\/\/compartilhabahia.com.br\/index.php\/wp-json\/wp\/v2\/categories?post=4840"},{"taxonomy":"post_tag","embeddable":true,"href":"https:\/\/compartilhabahia.com.br\/index.php\/wp-json\/wp\/v2\/tags?post=4840"}],"curies":[{"name":"wp","href":"https:\/\/api.w.org\/{rel}","templated":true}]}}