{"id":4837,"date":"2025-01-09T15:19:27","date_gmt":"2025-01-09T15:19:27","guid":{"rendered":"https:\/\/compartilhabahia.com.br\/?p=4837"},"modified":"2025-01-09T15:19:29","modified_gmt":"2025-01-09T15:19:29","slug":"sabotaram-a-prefeitura-antes-de-entregarem-para-a-nova-gestao","status":"publish","type":"post","link":"https:\/\/compartilhabahia.com.br\/index.php\/2025\/01\/09\/sabotaram-a-prefeitura-antes-de-entregarem-para-a-nova-gestao\/","title":{"rendered":"Sabotaram a prefeitura antes de entregarem para a nova gest\u00e3o"},"content":{"rendered":"\n<p>Quem acompanha a vida pol\u00edtica de Cama\u00e7ari (BA), percebe que o grupo de Elinaldo e ACM Neto, que saiu do comando da prefeitura, al\u00e9m de entregar uma cidade arrasada, sem sa\u00fade, sem transporte, sem mobilidade, toda bagun\u00e7ada em seu ordenamento, sem salva vidas nas praias em pleno ver\u00e3o, tamb\u00e9m premeditou e sabotou internamente o sistema administrativo, para atrapalhar o trabalho da nova gest\u00e3o, um exemplo disso  foi a mudan\u00e7a no or\u00e7amento municipal no apagar das luzes, quando liderados pelo candidato derrotado Fl\u00e1vio Matos, de certa forma engessaram e reduziram a capacidade do novo prefeito de aplicar os recursos municipais, onde mais precisar.<\/p>\n\n\n\n<p>Apesar disso, Caetano deu a volta por cima, e em menos de sete dias de governo, aliado com o governador Jer\u00f4nimo, lan\u00e7ou a constru\u00e7\u00e3o de uma UPA em Vila de Abrantes. As cascas de bananas, lan\u00e7adas com intuito de atrapalhar a popula\u00e7\u00e3o de Cama\u00e7ari, ter\u00e3o efeitos negativos indubitavelmente, mas n\u00e3o impedir\u00e3o a grande transforma\u00e7\u00e3o que se iniciou em Cama\u00e7ari com a elei\u00e7\u00e3o e posse de Caetano como prefeito. Veja abaixo trecho de uma entrevista concedida por ele na manh\u00e3 de hoje em uma r\u00e1dio da Regi\u00e3o Metropolitana de Salvador:<\/p>\n\n\n\n<p><\/p>\n\n\n\n<p><strong>Caetano diz ter encontrado terra arrasada na sa\u00fade de Cama\u00e7ari: \u201cMeu compromisso \u00e9 resolver\u201d<\/strong><\/p>\n\n\n\n<p>Luiz Caetano detalhou a situa\u00e7\u00e3o ca\u00f3tica encontrada por ele e sua equipe de Governo ao assumir a Prefeitura de Cama\u00e7ari, no \u00faltimo dia 1\u00ba de janeiro. Estruturas danificadas, falta de materiais b\u00e1sicos de trabalho, como computadores, mesas e cadeiras, servidores efetivos afastados ou em n\u00famero insuficiente, al\u00e9m da falta de \u00e1gua e energia em diferentes departamentos.<\/p>\n\n\n\n<p>\u201cEu encontrei um munic\u00edpio com alguns postos m\u00e9dicos fechados, antes mesmo de tomar posse n\u00f3s ficamos respons\u00e1veis por fazer a escala das unidades de sa\u00fade que funcionam 24 horas. Temos 14 escolas que n\u00e3o t\u00eam condi\u00e7\u00e3o de funcionamento\u201d, disse Caetano, em entrevista \u00e0 r\u00e1dio Metr\u00f3pole, nesta quinta-feira (9).<\/p>\n\n\n\n<p>Segundo o prefeito, a parceria com o Governo do Estado possibilitou resolver os problemas emergenciais da sa\u00fade p\u00fablica de Cama\u00e7ari logo nos primeiros dias de sua gest\u00e3o, como a falta de medicamentos nos postos m\u00e9dicos. \u201cCom a ajuda do Governo do Estado, fizemos tamb\u00e9m o contrato com o hospital para realiza\u00e7\u00e3o de cirurgias eletivas. Tamb\u00e9m contratamos os laborat\u00f3rios para que os exames sejam feitos nas UPAs. Meu compromisso maior com Cama\u00e7ari foi consertar a sa\u00fade p\u00fablica, e estou focando nisso\u201d, completou.<\/p>\n\n\n\n<p>Ainda de acordo com Luiz Caetano, os 300 acamados do munic\u00edpio voltar\u00e3o a receber assist\u00eancia m\u00e9dica em casa j\u00e1 nos pr\u00f3ximos dias, e quem precisa de medicamento para hipertens\u00e3o e diabetes, por exemplo, receber\u00e1 em sua resid\u00eancia. \u201cO conceito b\u00e1sico da nossa gest\u00e3o na sa\u00fade \u00e9 humanizar o atendimento\u201d, afirmou.<\/p>\n\n\n\n<p>Caetano anunciou que nesta sexta-feira (10) receber\u00e1 equipamentos novos da Secretaria de Sa\u00fade da Bahia (Sesab) para auxiliar na rede municipal.<\/p>\n\n\n\n<p>Durante a entrevista, o prefeito ainda citou ter encontrado situa\u00e7\u00e3o ca\u00f3tica em outros setores da administra\u00e7\u00e3o, como na educa\u00e7\u00e3o, em que 14 escolas n\u00e3o tem condi\u00e7\u00f5es de retorno das aulas e precisam de reparos emergenciais, na Defesa Civil, que sofre com a falta de equipamentos, infraestrutura e pessoal, e o transporte p\u00fablico.<\/p>\n","protected":false},"excerpt":{"rendered":"<p>Quem acompanha a vida pol\u00edtica de Cama\u00e7ari (BA), percebe que o grupo de Elinaldo e ACM Neto, que saiu do comando da prefeitura, al\u00e9m de entregar uma cidade arrasada, sem sa\u00fade, sem transporte, sem mobilidade, toda bagun\u00e7ada em seu ordenamento, sem salva vidas nas praias em pleno ver\u00e3o, tamb\u00e9m premeditou e sabotou internamente o sistema [&hellip;]<\/p>\n","protected":false},"author":1,"featured_media":4838,"comment_status":"open","ping_status":"open","sticky":false,"template":"","format":"standard","meta":{"footnotes":""},"categories":[8],"tags":[],"class_list":["post-4837","post","type-post","status-publish","format-standard","has-post-thumbnail","hentry","category-camacari"],"yoast_head":"<!-- This site is optimized with the Yoast SEO plugin v21.7 - https:\/\/yoast.com\/wordpress\/plugins\/seo\/ -->\n<title>Sabotaram a prefeitura antes de entregarem para a nova gest\u00e3o - Compartilha Bahia<\/title>\n<meta name=\"robots\" content=\"index, follow, max-snippet:-1, max-image-preview:large, max-video-preview:-1\" \/>\n<link rel=\"canonical\" href=\"https:\/\/compartilhabahia.com.br\/index.php\/2025\/01\/09\/sabotaram-a-prefeitura-antes-de-entregarem-para-a-nova-gestao\/\" \/>\n<meta property=\"og:locale\" content=\"pt_BR\" \/>\n<meta property=\"og:type\" content=\"article\" \/>\n<meta property=\"og:title\" content=\"Sabotaram a prefeitura antes de entregarem para a nova gest\u00e3o - Compartilha Bahia\" \/>\n<meta property=\"og:description\" content=\"Quem acompanha a vida pol\u00edtica de Cama\u00e7ari (BA), percebe que o grupo de Elinaldo e ACM Neto, que saiu do comando da prefeitura, al\u00e9m de entregar uma cidade arrasada, sem sa\u00fade, sem transporte, sem mobilidade, toda bagun\u00e7ada em seu ordenamento, sem salva vidas nas praias em pleno ver\u00e3o, tamb\u00e9m premeditou e sabotou internamente o sistema [&hellip;]\" \/>\n<meta property=\"og:url\" content=\"https:\/\/compartilhabahia.com.br\/index.php\/2025\/01\/09\/sabotaram-a-prefeitura-antes-de-entregarem-para-a-nova-gestao\/\" \/>\n<meta property=\"og:site_name\" content=\"Compartilha Bahia\" \/>\n<meta property=\"article:publisher\" content=\"https:\/\/web.facebook.com\/compartilhabahia\" \/>\n<meta property=\"article:published_time\" content=\"2025-01-09T15:19:27+00:00\" \/>\n<meta property=\"article:modified_time\" content=\"2025-01-09T15:19:29+00:00\" \/>\n<meta property=\"og:image\" content=\"https:\/\/compartilhabahia.com.br\/wp-content\/uploads\/2025\/01\/entrevistacaetano.jpg\" \/>\n\t<meta property=\"og:image:width\" content=\"853\" \/>\n\t<meta property=\"og:image:height\" content=\"645\" \/>\n\t<meta property=\"og:image:type\" content=\"image\/jpeg\" \/>\n<meta name=\"author\" content=\"admin\" \/>\n<meta name=\"twitter:card\" content=\"summary_large_image\" \/>\n<meta name=\"twitter:label1\" content=\"Escrito por\" \/>\n\t<meta name=\"twitter:data1\" content=\"admin\" \/>\n\t<meta name=\"twitter:label2\" content=\"Est. tempo de leitura\" \/>\n\t<meta name=\"twitter:data2\" content=\"4 minutos\" \/>\n<script type=\"application\/ld+json\" class=\"yoast-schema-graph\">{\"@context\":\"https:\/\/schema.org\",\"@graph\":[{\"@type\":\"Article\",\"@id\":\"https:\/\/compartilhabahia.com.br\/index.php\/2025\/01\/09\/sabotaram-a-prefeitura-antes-de-entregarem-para-a-nova-gestao\/#article\",\"isPartOf\":{\"@id\":\"https:\/\/compartilhabahia.com.br\/index.php\/2025\/01\/09\/sabotaram-a-prefeitura-antes-de-entregarem-para-a-nova-gestao\/\"},\"author\":{\"name\":\"admin\",\"@id\":\"https:\/\/compartilhabahia.com.br\/#\/schema\/person\/9b4f0c3178793b8248d6686732521c04\"},\"headline\":\"Sabotaram a prefeitura antes de entregarem para a nova gest\u00e3o\",\"datePublished\":\"2025-01-09T15:19:27+00:00\",\"dateModified\":\"2025-01-09T15:19:29+00:00\",\"mainEntityOfPage\":{\"@id\":\"https:\/\/compartilhabahia.com.br\/index.php\/2025\/01\/09\/sabotaram-a-prefeitura-antes-de-entregarem-para-a-nova-gestao\/\"},\"wordCount\":587,\"commentCount\":0,\"publisher\":{\"@id\":\"https:\/\/compartilhabahia.com.br\/#organization\"},\"articleSection\":[\"Cama\u00e7ari\"],\"inLanguage\":\"pt-BR\",\"potentialAction\":[{\"@type\":\"CommentAction\",\"name\":\"Comment\",\"target\":[\"https:\/\/compartilhabahia.com.br\/index.php\/2025\/01\/09\/sabotaram-a-prefeitura-antes-de-entregarem-para-a-nova-gestao\/#respond\"]}]},{\"@type\":\"WebPage\",\"@id\":\"https:\/\/compartilhabahia.com.br\/index.php\/2025\/01\/09\/sabotaram-a-prefeitura-antes-de-entregarem-para-a-nova-gestao\/\",\"url\":\"https:\/\/compartilhabahia.com.br\/index.php\/2025\/01\/09\/sabotaram-a-prefeitura-antes-de-entregarem-para-a-nova-gestao\/\",\"name\":\"Sabotaram a prefeitura antes de entregarem para a nova gest\u00e3o - Compartilha Bahia\",\"isPartOf\":{\"@id\":\"https:\/\/compartilhabahia.com.br\/#website\"},\"datePublished\":\"2025-01-09T15:19:27+00:00\",\"dateModified\":\"2025-01-09T15:19:29+00:00\",\"breadcrumb\":{\"@id\":\"https:\/\/compartilhabahia.com.br\/index.php\/2025\/01\/09\/sabotaram-a-prefeitura-antes-de-entregarem-para-a-nova-gestao\/#breadcrumb\"},\"inLanguage\":\"pt-BR\",\"potentialAction\":[{\"@type\":\"ReadAction\",\"target\":[\"https:\/\/compartilhabahia.com.br\/index.php\/2025\/01\/09\/sabotaram-a-prefeitura-antes-de-entregarem-para-a-nova-gestao\/\"]}]},{\"@type\":\"BreadcrumbList\",\"@id\":\"https:\/\/compartilhabahia.com.br\/index.php\/2025\/01\/09\/sabotaram-a-prefeitura-antes-de-entregarem-para-a-nova-gestao\/#breadcrumb\",\"itemListElement\":[{\"@type\":\"ListItem\",\"position\":1,\"name\":\"In\u00edcio\",\"item\":\"https:\/\/compartilhabahia.com.br\/\"},{\"@type\":\"ListItem\",\"position\":2,\"name\":\"Sabotaram a prefeitura antes de entregarem para a nova gest\u00e3o\"}]},{\"@type\":\"WebSite\",\"@id\":\"https:\/\/compartilhabahia.com.br\/#website\",\"url\":\"https:\/\/compartilhabahia.com.br\/\",\"name\":\"Compartilha Bahia\",\"description\":\"\",\"publisher\":{\"@id\":\"https:\/\/compartilhabahia.com.br\/#organization\"},\"potentialAction\":[{\"@type\":\"SearchAction\",\"target\":{\"@type\":\"EntryPoint\",\"urlTemplate\":\"https:\/\/compartilhabahia.com.br\/?s={search_term_string}\"},\"query-input\":\"required name=search_term_string\"}],\"inLanguage\":\"pt-BR\"},{\"@type\":\"Organization\",\"@id\":\"https:\/\/compartilhabahia.com.br\/#organization\",\"name\":\"Compartilha Bahia\",\"url\":\"https:\/\/compartilhabahia.com.br\/\",\"logo\":{\"@type\":\"ImageObject\",\"inLanguage\":\"pt-BR\",\"@id\":\"https:\/\/compartilhabahia.com.br\/#\/schema\/logo\/image\/\",\"url\":\"https:\/\/compartilhabahia.com.br\/wp-content\/uploads\/2023\/12\/cropped-logo.png\",\"contentUrl\":\"https:\/\/compartilhabahia.com.br\/wp-content\/uploads\/2023\/12\/cropped-logo.png\",\"width\":300,\"height\":106,\"caption\":\"Compartilha Bahia\"},\"image\":{\"@id\":\"https:\/\/compartilhabahia.com.br\/#\/schema\/logo\/image\/\"},\"sameAs\":[\"https:\/\/web.facebook.com\/compartilhabahia\",\"https:\/\/www.instagram.com\/compartilhabahia\/\"]},{\"@type\":\"Person\",\"@id\":\"https:\/\/compartilhabahia.com.br\/#\/schema\/person\/9b4f0c3178793b8248d6686732521c04\",\"name\":\"admin\",\"image\":{\"@type\":\"ImageObject\",\"inLanguage\":\"pt-BR\",\"@id\":\"https:\/\/compartilhabahia.com.br\/#\/schema\/person\/image\/\",\"url\":\"https:\/\/secure.gravatar.com\/avatar\/9600df58751c5acbe914c538c03390ef649ea088cb65f84ba09c7ce66988eed6?s=96&d=mm&r=g\",\"contentUrl\":\"https:\/\/secure.gravatar.com\/avatar\/9600df58751c5acbe914c538c03390ef649ea088cb65f84ba09c7ce66988eed6?s=96&d=mm&r=g\",\"caption\":\"admin\"},\"sameAs\":[\"https:\/\/compartilhabahia.com.br\"],\"url\":\"https:\/\/compartilhabahia.com.br\/index.php\/author\/compartilhabahia\/\"}]}<\/script>\n<!-- \/ Yoast SEO plugin. -->","yoast_head_json":{"title":"Sabotaram a prefeitura antes de entregarem para a nova gest\u00e3o - Compartilha Bahia","robots":{"index":"index","follow":"follow","max-snippet":"max-snippet:-1","max-image-preview":"max-image-preview:large","max-video-preview":"max-video-preview:-1"},"canonical":"https:\/\/compartilhabahia.com.br\/index.php\/2025\/01\/09\/sabotaram-a-prefeitura-antes-de-entregarem-para-a-nova-gestao\/","og_locale":"pt_BR","og_type":"article","og_title":"Sabotaram a prefeitura antes de entregarem para a nova gest\u00e3o - Compartilha Bahia","og_description":"Quem acompanha a vida pol\u00edtica de Cama\u00e7ari (BA), percebe que o grupo de Elinaldo e ACM Neto, que saiu do comando da prefeitura, al\u00e9m de entregar uma cidade arrasada, sem sa\u00fade, sem transporte, sem mobilidade, toda bagun\u00e7ada em seu ordenamento, sem salva vidas nas praias em pleno ver\u00e3o, tamb\u00e9m premeditou e sabotou internamente o sistema [&hellip;]","og_url":"https:\/\/compartilhabahia.com.br\/index.php\/2025\/01\/09\/sabotaram-a-prefeitura-antes-de-entregarem-para-a-nova-gestao\/","og_site_name":"Compartilha Bahia","article_publisher":"https:\/\/web.facebook.com\/compartilhabahia","article_published_time":"2025-01-09T15:19:27+00:00","article_modified_time":"2025-01-09T15:19:29+00:00","og_image":[{"width":853,"height":645,"url":"https:\/\/compartilhabahia.com.br\/wp-content\/uploads\/2025\/01\/entrevistacaetano.jpg","type":"image\/jpeg"}],"author":"admin","twitter_card":"summary_large_image","twitter_misc":{"Escrito por":"admin","Est. tempo de leitura":"4 minutos"},"schema":{"@context":"https:\/\/schema.org","@graph":[{"@type":"Article","@id":"https:\/\/compartilhabahia.com.br\/index.php\/2025\/01\/09\/sabotaram-a-prefeitura-antes-de-entregarem-para-a-nova-gestao\/#article","isPartOf":{"@id":"https:\/\/compartilhabahia.com.br\/index.php\/2025\/01\/09\/sabotaram-a-prefeitura-antes-de-entregarem-para-a-nova-gestao\/"},"author":{"name":"admin","@id":"https:\/\/compartilhabahia.com.br\/#\/schema\/person\/9b4f0c3178793b8248d6686732521c04"},"headline":"Sabotaram a prefeitura antes de entregarem para a nova gest\u00e3o","datePublished":"2025-01-09T15:19:27+00:00","dateModified":"2025-01-09T15:19:29+00:00","mainEntityOfPage":{"@id":"https:\/\/compartilhabahia.com.br\/index.php\/2025\/01\/09\/sabotaram-a-prefeitura-antes-de-entregarem-para-a-nova-gestao\/"},"wordCount":587,"commentCount":0,"publisher":{"@id":"https:\/\/compartilhabahia.com.br\/#organization"},"articleSection":["Cama\u00e7ari"],"inLanguage":"pt-BR","potentialAction":[{"@type":"CommentAction","name":"Comment","target":["https:\/\/compartilhabahia.com.br\/index.php\/2025\/01\/09\/sabotaram-a-prefeitura-antes-de-entregarem-para-a-nova-gestao\/#respond"]}]},{"@type":"WebPage","@id":"https:\/\/compartilhabahia.com.br\/index.php\/2025\/01\/09\/sabotaram-a-prefeitura-antes-de-entregarem-para-a-nova-gestao\/","url":"https:\/\/compartilhabahia.com.br\/index.php\/2025\/01\/09\/sabotaram-a-prefeitura-antes-de-entregarem-para-a-nova-gestao\/","name":"Sabotaram a prefeitura antes de entregarem para a nova gest\u00e3o - Compartilha Bahia","isPartOf":{"@id":"https:\/\/compartilhabahia.com.br\/#website"},"datePublished":"2025-01-09T15:19:27+00:00","dateModified":"2025-01-09T15:19:29+00:00","breadcrumb":{"@id":"https:\/\/compartilhabahia.com.br\/index.php\/2025\/01\/09\/sabotaram-a-prefeitura-antes-de-entregarem-para-a-nova-gestao\/#breadcrumb"},"inLanguage":"pt-BR","potentialAction":[{"@type":"ReadAction","target":["https:\/\/compartilhabahia.com.br\/index.php\/2025\/01\/09\/sabotaram-a-prefeitura-antes-de-entregarem-para-a-nova-gestao\/"]}]},{"@type":"BreadcrumbList","@id":"https:\/\/compartilhabahia.com.br\/index.php\/2025\/01\/09\/sabotaram-a-prefeitura-antes-de-entregarem-para-a-nova-gestao\/#breadcrumb","itemListElement":[{"@type":"ListItem","position":1,"name":"In\u00edcio","item":"https:\/\/compartilhabahia.com.br\/"},{"@type":"ListItem","position":2,"name":"Sabotaram a prefeitura antes de entregarem para a nova gest\u00e3o"}]},{"@type":"WebSite","@id":"https:\/\/compartilhabahia.com.br\/#website","url":"https:\/\/compartilhabahia.com.br\/","name":"Compartilha Bahia","description":"","publisher":{"@id":"https:\/\/compartilhabahia.com.br\/#organization"},"potentialAction":[{"@type":"SearchAction","target":{"@type":"EntryPoint","urlTemplate":"https:\/\/compartilhabahia.com.br\/?s={search_term_string}"},"query-input":"required name=search_term_string"}],"inLanguage":"pt-BR"},{"@type":"Organization","@id":"https:\/\/compartilhabahia.com.br\/#organization","name":"Compartilha Bahia","url":"https:\/\/compartilhabahia.com.br\/","logo":{"@type":"ImageObject","inLanguage":"pt-BR","@id":"https:\/\/compartilhabahia.com.br\/#\/schema\/logo\/image\/","url":"https:\/\/compartilhabahia.com.br\/wp-content\/uploads\/2023\/12\/cropped-logo.png","contentUrl":"https:\/\/compartilhabahia.com.br\/wp-content\/uploads\/2023\/12\/cropped-logo.png","width":300,"height":106,"caption":"Compartilha Bahia"},"image":{"@id":"https:\/\/compartilhabahia.com.br\/#\/schema\/logo\/image\/"},"sameAs":["https:\/\/web.facebook.com\/compartilhabahia","https:\/\/www.instagram.com\/compartilhabahia\/"]},{"@type":"Person","@id":"https:\/\/compartilhabahia.com.br\/#\/schema\/person\/9b4f0c3178793b8248d6686732521c04","name":"admin","image":{"@type":"ImageObject","inLanguage":"pt-BR","@id":"https:\/\/compartilhabahia.com.br\/#\/schema\/person\/image\/","url":"https:\/\/secure.gravatar.com\/avatar\/9600df58751c5acbe914c538c03390ef649ea088cb65f84ba09c7ce66988eed6?s=96&d=mm&r=g","contentUrl":"https:\/\/secure.gravatar.com\/avatar\/9600df58751c5acbe914c538c03390ef649ea088cb65f84ba09c7ce66988eed6?s=96&d=mm&r=g","caption":"admin"},"sameAs":["https:\/\/compartilhabahia.com.br"],"url":"https:\/\/compartilhabahia.com.br\/index.php\/author\/compartilhabahia\/"}]}},"_links":{"self":[{"href":"https:\/\/compartilhabahia.com.br\/index.php\/wp-json\/wp\/v2\/posts\/4837","targetHints":{"allow":["GET"]}}],"collection":[{"href":"https:\/\/compartilhabahia.com.br\/index.php\/wp-json\/wp\/v2\/posts"}],"about":[{"href":"https:\/\/compartilhabahia.com.br\/index.php\/wp-json\/wp\/v2\/types\/post"}],"author":[{"embeddable":true,"href":"https:\/\/compartilhabahia.com.br\/index.php\/wp-json\/wp\/v2\/users\/1"}],"replies":[{"embeddable":true,"href":"https:\/\/compartilhabahia.com.br\/index.php\/wp-json\/wp\/v2\/comments?post=4837"}],"version-history":[{"count":1,"href":"https:\/\/compartilhabahia.com.br\/index.php\/wp-json\/wp\/v2\/posts\/4837\/revisions"}],"predecessor-version":[{"id":4839,"href":"https:\/\/compartilhabahia.com.br\/index.php\/wp-json\/wp\/v2\/posts\/4837\/revisions\/4839"}],"wp:featuredmedia":[{"embeddable":true,"href":"https:\/\/compartilhabahia.com.br\/index.php\/wp-json\/wp\/v2\/media\/4838"}],"wp:attachment":[{"href":"https:\/\/compartilhabahia.com.br\/index.php\/wp-json\/wp\/v2\/media?parent=4837"}],"wp:term":[{"taxonomy":"category","embeddable":true,"href":"https:\/\/compartilhabahia.com.br\/index.php\/wp-json\/wp\/v2\/categories?post=4837"},{"taxonomy":"post_tag","embeddable":true,"href":"https:\/\/compartilhabahia.com.br\/index.php\/wp-json\/wp\/v2\/tags?post=4837"}],"curies":[{"name":"wp","href":"https:\/\/api.w.org\/{rel}","templated":true}]}}