{"id":4730,"date":"2025-01-01T01:08:27","date_gmt":"2025-01-01T01:08:27","guid":{"rendered":"https:\/\/compartilhabahia.com.br\/?p=4730"},"modified":"2025-01-01T01:08:28","modified_gmt":"2025-01-01T01:08:28","slug":"caetano-assume-prefeitura-e-tera-pela-frente-maior-de-todos-os-desafios-resolver-a-saude","status":"publish","type":"post","link":"https:\/\/compartilhabahia.com.br\/index.php\/2025\/01\/01\/caetano-assume-prefeitura-e-tera-pela-frente-maior-de-todos-os-desafios-resolver-a-saude\/","title":{"rendered":"Caetano assume Prefeitura e ter\u00e1 pela frente  maior de todos os desafios: resolver a sa\u00fade"},"content":{"rendered":"\n<p>Caetano assume a Prefeitura de Cama\u00e7ari com foco em resolver a sa\u00fade, educa\u00e7\u00e3o e gerar desenvolvimento<\/p>\n\n\n\n<p>Nesta quarta-feira, 1\u00ba de janeiro de 2025, Luiz Caetano (PT) tomar\u00e1 posse como prefeito de Cama\u00e7ari, iniciando um novo ciclo de esperan\u00e7a e reconstru\u00e7\u00e3o na cidade. Em sua quarta gest\u00e3o \u00e0 frente do Executivo municipal, Caetano reafirma o compromisso de transformar Cama\u00e7ari em um modelo de gest\u00e3o humanizada, com sa\u00fade de qualidade, educa\u00e7\u00e3o moderna e iniciativas voltadas ao desenvolvimento econ\u00f4mico sustent\u00e1vel. A cerim\u00f4nia est\u00e1 marcada \u00e0s 16h em frente \u00e0 Prefeitura.<\/p>\n\n\n\n<p>Eleito no segundo turno das elei\u00e7\u00f5es de 2024 com 50,92% dos votos v\u00e1lidos, Caetano retorna ao comando da cidade ap\u00f3s gest\u00f5es anteriores nos per\u00edodos de 1985-1988, 2005-2009 e 2009-2012. \ufffc<\/p>\n\n\n\n<p>Em seu discurso de posse, o prefeito deve reafirmar compromissos assumidos durante a campanha, com \u00eanfase em \u00e1reas como sa\u00fade, educa\u00e7\u00e3o e desenvolvimento econ\u00f4mico sustent\u00e1vel. Entre as propostas destacam-se a constru\u00e7\u00e3o de um Hospital Municipal, a amplia\u00e7\u00e3o de Unidades de Pronto Atendimento (UPAs) e a oferta de ensino em tempo integral e bil\u00edngue nas escolas municipais. \ufffcO primeiro passo, no entanto, \u00e9 resolver o problema na presta\u00e7\u00e3o dos servi\u00e7os b\u00e1sicos que entraram em colapso ap\u00f3s o processo eleitoral.<\/p>\n\n\n\n<p>A poss\u00edvel presen\u00e7a do governador Jer\u00f4nimo Rodrigues na cerim\u00f4nia simboliza a parceria entre o governo estadual e a administra\u00e7\u00e3o municipal. Em encontros anteriores, ambos alinharam prioridades para a cidade, incluindo investimentos em sa\u00fade, transporte, educa\u00e7\u00e3o e qualifica\u00e7\u00e3o profissional. \u201cCaetano apresentou os principais pontos que dar\u00e1 prioridade. Ele ser\u00e1 muito firme naquilo que se comprometeu durante a campanha. E n\u00f3s, todo o nosso time, cumpriremos tudo o que nos comprometemos com o prefeito Caetano\u201d, afirmou o governador.<\/p>\n\n\n\n<p>Al\u00e9m do governador, s\u00e3o esperadas diversas autoridades pol\u00edticas, lideran\u00e7as comunit\u00e1rias e a popula\u00e7\u00e3o em geral, que aguardam com expectativa o in\u00edcio deste novo ciclo administrativo na cidade.<\/p>\n","protected":false},"excerpt":{"rendered":"<p>Caetano assume a Prefeitura de Cama\u00e7ari com foco em resolver a sa\u00fade, educa\u00e7\u00e3o e gerar desenvolvimento Nesta quarta-feira, 1\u00ba de janeiro de 2025, Luiz Caetano (PT) tomar\u00e1 posse como prefeito de Cama\u00e7ari, iniciando um novo ciclo de esperan\u00e7a e reconstru\u00e7\u00e3o na cidade. Em sua quarta gest\u00e3o \u00e0 frente do Executivo municipal, Caetano reafirma o compromisso [&hellip;]<\/p>\n","protected":false},"author":1,"featured_media":4731,"comment_status":"open","ping_status":"open","sticky":false,"template":"","format":"standard","meta":{"footnotes":""},"categories":[8],"tags":[],"class_list":["post-4730","post","type-post","status-publish","format-standard","has-post-thumbnail","hentry","category-camacari"],"yoast_head":"<!-- This site is optimized with the Yoast SEO plugin v21.7 - https:\/\/yoast.com\/wordpress\/plugins\/seo\/ -->\n<title>Caetano assume Prefeitura e ter\u00e1 pela frente maior de todos os desafios: resolver a sa\u00fade - Compartilha Bahia<\/title>\n<meta name=\"robots\" content=\"index, follow, max-snippet:-1, max-image-preview:large, max-video-preview:-1\" \/>\n<link rel=\"canonical\" href=\"https:\/\/compartilhabahia.com.br\/index.php\/2025\/01\/01\/caetano-assume-prefeitura-e-tera-pela-frente-maior-de-todos-os-desafios-resolver-a-saude\/\" \/>\n<meta property=\"og:locale\" content=\"pt_BR\" \/>\n<meta property=\"og:type\" content=\"article\" \/>\n<meta property=\"og:title\" content=\"Caetano assume Prefeitura e ter\u00e1 pela frente maior de todos os desafios: resolver a sa\u00fade - Compartilha Bahia\" \/>\n<meta property=\"og:description\" content=\"Caetano assume a Prefeitura de Cama\u00e7ari com foco em resolver a sa\u00fade, educa\u00e7\u00e3o e gerar desenvolvimento Nesta quarta-feira, 1\u00ba de janeiro de 2025, Luiz Caetano (PT) tomar\u00e1 posse como prefeito de Cama\u00e7ari, iniciando um novo ciclo de esperan\u00e7a e reconstru\u00e7\u00e3o na cidade. Em sua quarta gest\u00e3o \u00e0 frente do Executivo municipal, Caetano reafirma o compromisso [&hellip;]\" \/>\n<meta property=\"og:url\" content=\"https:\/\/compartilhabahia.com.br\/index.php\/2025\/01\/01\/caetano-assume-prefeitura-e-tera-pela-frente-maior-de-todos-os-desafios-resolver-a-saude\/\" \/>\n<meta property=\"og:site_name\" content=\"Compartilha Bahia\" \/>\n<meta property=\"article:publisher\" content=\"https:\/\/web.facebook.com\/compartilhabahia\" \/>\n<meta property=\"article:published_time\" content=\"2025-01-01T01:08:27+00:00\" \/>\n<meta property=\"article:modified_time\" content=\"2025-01-01T01:08:28+00:00\" \/>\n<meta property=\"og:image\" content=\"https:\/\/compartilhabahia.com.br\/wp-content\/uploads\/2025\/01\/caetanoposse.jpg\" \/>\n\t<meta property=\"og:image:width\" content=\"1280\" \/>\n\t<meta property=\"og:image:height\" content=\"853\" \/>\n\t<meta property=\"og:image:type\" content=\"image\/jpeg\" \/>\n<meta name=\"author\" content=\"admin\" \/>\n<meta name=\"twitter:card\" content=\"summary_large_image\" \/>\n<meta name=\"twitter:label1\" content=\"Escrito por\" \/>\n\t<meta name=\"twitter:data1\" content=\"admin\" \/>\n\t<meta name=\"twitter:label2\" content=\"Est. tempo de leitura\" \/>\n\t<meta name=\"twitter:data2\" content=\"2 minutos\" \/>\n<script type=\"application\/ld+json\" class=\"yoast-schema-graph\">{\"@context\":\"https:\/\/schema.org\",\"@graph\":[{\"@type\":\"Article\",\"@id\":\"https:\/\/compartilhabahia.com.br\/index.php\/2025\/01\/01\/caetano-assume-prefeitura-e-tera-pela-frente-maior-de-todos-os-desafios-resolver-a-saude\/#article\",\"isPartOf\":{\"@id\":\"https:\/\/compartilhabahia.com.br\/index.php\/2025\/01\/01\/caetano-assume-prefeitura-e-tera-pela-frente-maior-de-todos-os-desafios-resolver-a-saude\/\"},\"author\":{\"name\":\"admin\",\"@id\":\"https:\/\/compartilhabahia.com.br\/#\/schema\/person\/9b4f0c3178793b8248d6686732521c04\"},\"headline\":\"Caetano assume Prefeitura e ter\u00e1 pela frente maior de todos os desafios: resolver a sa\u00fade\",\"datePublished\":\"2025-01-01T01:08:27+00:00\",\"dateModified\":\"2025-01-01T01:08:28+00:00\",\"mainEntityOfPage\":{\"@id\":\"https:\/\/compartilhabahia.com.br\/index.php\/2025\/01\/01\/caetano-assume-prefeitura-e-tera-pela-frente-maior-de-todos-os-desafios-resolver-a-saude\/\"},\"wordCount\":352,\"commentCount\":0,\"publisher\":{\"@id\":\"https:\/\/compartilhabahia.com.br\/#organization\"},\"articleSection\":[\"Cama\u00e7ari\"],\"inLanguage\":\"pt-BR\",\"potentialAction\":[{\"@type\":\"CommentAction\",\"name\":\"Comment\",\"target\":[\"https:\/\/compartilhabahia.com.br\/index.php\/2025\/01\/01\/caetano-assume-prefeitura-e-tera-pela-frente-maior-de-todos-os-desafios-resolver-a-saude\/#respond\"]}]},{\"@type\":\"WebPage\",\"@id\":\"https:\/\/compartilhabahia.com.br\/index.php\/2025\/01\/01\/caetano-assume-prefeitura-e-tera-pela-frente-maior-de-todos-os-desafios-resolver-a-saude\/\",\"url\":\"https:\/\/compartilhabahia.com.br\/index.php\/2025\/01\/01\/caetano-assume-prefeitura-e-tera-pela-frente-maior-de-todos-os-desafios-resolver-a-saude\/\",\"name\":\"Caetano assume Prefeitura e ter\u00e1 pela frente maior de todos os desafios: resolver a sa\u00fade - Compartilha Bahia\",\"isPartOf\":{\"@id\":\"https:\/\/compartilhabahia.com.br\/#website\"},\"datePublished\":\"2025-01-01T01:08:27+00:00\",\"dateModified\":\"2025-01-01T01:08:28+00:00\",\"breadcrumb\":{\"@id\":\"https:\/\/compartilhabahia.com.br\/index.php\/2025\/01\/01\/caetano-assume-prefeitura-e-tera-pela-frente-maior-de-todos-os-desafios-resolver-a-saude\/#breadcrumb\"},\"inLanguage\":\"pt-BR\",\"potentialAction\":[{\"@type\":\"ReadAction\",\"target\":[\"https:\/\/compartilhabahia.com.br\/index.php\/2025\/01\/01\/caetano-assume-prefeitura-e-tera-pela-frente-maior-de-todos-os-desafios-resolver-a-saude\/\"]}]},{\"@type\":\"BreadcrumbList\",\"@id\":\"https:\/\/compartilhabahia.com.br\/index.php\/2025\/01\/01\/caetano-assume-prefeitura-e-tera-pela-frente-maior-de-todos-os-desafios-resolver-a-saude\/#breadcrumb\",\"itemListElement\":[{\"@type\":\"ListItem\",\"position\":1,\"name\":\"In\u00edcio\",\"item\":\"https:\/\/compartilhabahia.com.br\/\"},{\"@type\":\"ListItem\",\"position\":2,\"name\":\"Caetano assume Prefeitura e ter\u00e1 pela frente maior de todos os desafios: resolver a sa\u00fade\"}]},{\"@type\":\"WebSite\",\"@id\":\"https:\/\/compartilhabahia.com.br\/#website\",\"url\":\"https:\/\/compartilhabahia.com.br\/\",\"name\":\"Compartilha Bahia\",\"description\":\"\",\"publisher\":{\"@id\":\"https:\/\/compartilhabahia.com.br\/#organization\"},\"potentialAction\":[{\"@type\":\"SearchAction\",\"target\":{\"@type\":\"EntryPoint\",\"urlTemplate\":\"https:\/\/compartilhabahia.com.br\/?s={search_term_string}\"},\"query-input\":\"required name=search_term_string\"}],\"inLanguage\":\"pt-BR\"},{\"@type\":\"Organization\",\"@id\":\"https:\/\/compartilhabahia.com.br\/#organization\",\"name\":\"Compartilha Bahia\",\"url\":\"https:\/\/compartilhabahia.com.br\/\",\"logo\":{\"@type\":\"ImageObject\",\"inLanguage\":\"pt-BR\",\"@id\":\"https:\/\/compartilhabahia.com.br\/#\/schema\/logo\/image\/\",\"url\":\"https:\/\/compartilhabahia.com.br\/wp-content\/uploads\/2023\/12\/cropped-logo.png\",\"contentUrl\":\"https:\/\/compartilhabahia.com.br\/wp-content\/uploads\/2023\/12\/cropped-logo.png\",\"width\":300,\"height\":106,\"caption\":\"Compartilha Bahia\"},\"image\":{\"@id\":\"https:\/\/compartilhabahia.com.br\/#\/schema\/logo\/image\/\"},\"sameAs\":[\"https:\/\/web.facebook.com\/compartilhabahia\",\"https:\/\/www.instagram.com\/compartilhabahia\/\"]},{\"@type\":\"Person\",\"@id\":\"https:\/\/compartilhabahia.com.br\/#\/schema\/person\/9b4f0c3178793b8248d6686732521c04\",\"name\":\"admin\",\"image\":{\"@type\":\"ImageObject\",\"inLanguage\":\"pt-BR\",\"@id\":\"https:\/\/compartilhabahia.com.br\/#\/schema\/person\/image\/\",\"url\":\"https:\/\/secure.gravatar.com\/avatar\/9600df58751c5acbe914c538c03390ef649ea088cb65f84ba09c7ce66988eed6?s=96&d=mm&r=g\",\"contentUrl\":\"https:\/\/secure.gravatar.com\/avatar\/9600df58751c5acbe914c538c03390ef649ea088cb65f84ba09c7ce66988eed6?s=96&d=mm&r=g\",\"caption\":\"admin\"},\"sameAs\":[\"https:\/\/compartilhabahia.com.br\"],\"url\":\"https:\/\/compartilhabahia.com.br\/index.php\/author\/compartilhabahia\/\"}]}<\/script>\n<!-- \/ Yoast SEO plugin. -->","yoast_head_json":{"title":"Caetano assume Prefeitura e ter\u00e1 pela frente maior de todos os desafios: resolver a sa\u00fade - Compartilha Bahia","robots":{"index":"index","follow":"follow","max-snippet":"max-snippet:-1","max-image-preview":"max-image-preview:large","max-video-preview":"max-video-preview:-1"},"canonical":"https:\/\/compartilhabahia.com.br\/index.php\/2025\/01\/01\/caetano-assume-prefeitura-e-tera-pela-frente-maior-de-todos-os-desafios-resolver-a-saude\/","og_locale":"pt_BR","og_type":"article","og_title":"Caetano assume Prefeitura e ter\u00e1 pela frente maior de todos os desafios: resolver a sa\u00fade - Compartilha Bahia","og_description":"Caetano assume a Prefeitura de Cama\u00e7ari com foco em resolver a sa\u00fade, educa\u00e7\u00e3o e gerar desenvolvimento Nesta quarta-feira, 1\u00ba de janeiro de 2025, Luiz Caetano (PT) tomar\u00e1 posse como prefeito de Cama\u00e7ari, iniciando um novo ciclo de esperan\u00e7a e reconstru\u00e7\u00e3o na cidade. Em sua quarta gest\u00e3o \u00e0 frente do Executivo municipal, Caetano reafirma o compromisso [&hellip;]","og_url":"https:\/\/compartilhabahia.com.br\/index.php\/2025\/01\/01\/caetano-assume-prefeitura-e-tera-pela-frente-maior-de-todos-os-desafios-resolver-a-saude\/","og_site_name":"Compartilha Bahia","article_publisher":"https:\/\/web.facebook.com\/compartilhabahia","article_published_time":"2025-01-01T01:08:27+00:00","article_modified_time":"2025-01-01T01:08:28+00:00","og_image":[{"width":1280,"height":853,"url":"https:\/\/compartilhabahia.com.br\/wp-content\/uploads\/2025\/01\/caetanoposse.jpg","type":"image\/jpeg"}],"author":"admin","twitter_card":"summary_large_image","twitter_misc":{"Escrito por":"admin","Est. tempo de leitura":"2 minutos"},"schema":{"@context":"https:\/\/schema.org","@graph":[{"@type":"Article","@id":"https:\/\/compartilhabahia.com.br\/index.php\/2025\/01\/01\/caetano-assume-prefeitura-e-tera-pela-frente-maior-de-todos-os-desafios-resolver-a-saude\/#article","isPartOf":{"@id":"https:\/\/compartilhabahia.com.br\/index.php\/2025\/01\/01\/caetano-assume-prefeitura-e-tera-pela-frente-maior-de-todos-os-desafios-resolver-a-saude\/"},"author":{"name":"admin","@id":"https:\/\/compartilhabahia.com.br\/#\/schema\/person\/9b4f0c3178793b8248d6686732521c04"},"headline":"Caetano assume Prefeitura e ter\u00e1 pela frente maior de todos os desafios: resolver a sa\u00fade","datePublished":"2025-01-01T01:08:27+00:00","dateModified":"2025-01-01T01:08:28+00:00","mainEntityOfPage":{"@id":"https:\/\/compartilhabahia.com.br\/index.php\/2025\/01\/01\/caetano-assume-prefeitura-e-tera-pela-frente-maior-de-todos-os-desafios-resolver-a-saude\/"},"wordCount":352,"commentCount":0,"publisher":{"@id":"https:\/\/compartilhabahia.com.br\/#organization"},"articleSection":["Cama\u00e7ari"],"inLanguage":"pt-BR","potentialAction":[{"@type":"CommentAction","name":"Comment","target":["https:\/\/compartilhabahia.com.br\/index.php\/2025\/01\/01\/caetano-assume-prefeitura-e-tera-pela-frente-maior-de-todos-os-desafios-resolver-a-saude\/#respond"]}]},{"@type":"WebPage","@id":"https:\/\/compartilhabahia.com.br\/index.php\/2025\/01\/01\/caetano-assume-prefeitura-e-tera-pela-frente-maior-de-todos-os-desafios-resolver-a-saude\/","url":"https:\/\/compartilhabahia.com.br\/index.php\/2025\/01\/01\/caetano-assume-prefeitura-e-tera-pela-frente-maior-de-todos-os-desafios-resolver-a-saude\/","name":"Caetano assume Prefeitura e ter\u00e1 pela frente maior de todos os desafios: resolver a sa\u00fade - Compartilha Bahia","isPartOf":{"@id":"https:\/\/compartilhabahia.com.br\/#website"},"datePublished":"2025-01-01T01:08:27+00:00","dateModified":"2025-01-01T01:08:28+00:00","breadcrumb":{"@id":"https:\/\/compartilhabahia.com.br\/index.php\/2025\/01\/01\/caetano-assume-prefeitura-e-tera-pela-frente-maior-de-todos-os-desafios-resolver-a-saude\/#breadcrumb"},"inLanguage":"pt-BR","potentialAction":[{"@type":"ReadAction","target":["https:\/\/compartilhabahia.com.br\/index.php\/2025\/01\/01\/caetano-assume-prefeitura-e-tera-pela-frente-maior-de-todos-os-desafios-resolver-a-saude\/"]}]},{"@type":"BreadcrumbList","@id":"https:\/\/compartilhabahia.com.br\/index.php\/2025\/01\/01\/caetano-assume-prefeitura-e-tera-pela-frente-maior-de-todos-os-desafios-resolver-a-saude\/#breadcrumb","itemListElement":[{"@type":"ListItem","position":1,"name":"In\u00edcio","item":"https:\/\/compartilhabahia.com.br\/"},{"@type":"ListItem","position":2,"name":"Caetano assume Prefeitura e ter\u00e1 pela frente maior de todos os desafios: resolver a sa\u00fade"}]},{"@type":"WebSite","@id":"https:\/\/compartilhabahia.com.br\/#website","url":"https:\/\/compartilhabahia.com.br\/","name":"Compartilha Bahia","description":"","publisher":{"@id":"https:\/\/compartilhabahia.com.br\/#organization"},"potentialAction":[{"@type":"SearchAction","target":{"@type":"EntryPoint","urlTemplate":"https:\/\/compartilhabahia.com.br\/?s={search_term_string}"},"query-input":"required name=search_term_string"}],"inLanguage":"pt-BR"},{"@type":"Organization","@id":"https:\/\/compartilhabahia.com.br\/#organization","name":"Compartilha Bahia","url":"https:\/\/compartilhabahia.com.br\/","logo":{"@type":"ImageObject","inLanguage":"pt-BR","@id":"https:\/\/compartilhabahia.com.br\/#\/schema\/logo\/image\/","url":"https:\/\/compartilhabahia.com.br\/wp-content\/uploads\/2023\/12\/cropped-logo.png","contentUrl":"https:\/\/compartilhabahia.com.br\/wp-content\/uploads\/2023\/12\/cropped-logo.png","width":300,"height":106,"caption":"Compartilha Bahia"},"image":{"@id":"https:\/\/compartilhabahia.com.br\/#\/schema\/logo\/image\/"},"sameAs":["https:\/\/web.facebook.com\/compartilhabahia","https:\/\/www.instagram.com\/compartilhabahia\/"]},{"@type":"Person","@id":"https:\/\/compartilhabahia.com.br\/#\/schema\/person\/9b4f0c3178793b8248d6686732521c04","name":"admin","image":{"@type":"ImageObject","inLanguage":"pt-BR","@id":"https:\/\/compartilhabahia.com.br\/#\/schema\/person\/image\/","url":"https:\/\/secure.gravatar.com\/avatar\/9600df58751c5acbe914c538c03390ef649ea088cb65f84ba09c7ce66988eed6?s=96&d=mm&r=g","contentUrl":"https:\/\/secure.gravatar.com\/avatar\/9600df58751c5acbe914c538c03390ef649ea088cb65f84ba09c7ce66988eed6?s=96&d=mm&r=g","caption":"admin"},"sameAs":["https:\/\/compartilhabahia.com.br"],"url":"https:\/\/compartilhabahia.com.br\/index.php\/author\/compartilhabahia\/"}]}},"_links":{"self":[{"href":"https:\/\/compartilhabahia.com.br\/index.php\/wp-json\/wp\/v2\/posts\/4730","targetHints":{"allow":["GET"]}}],"collection":[{"href":"https:\/\/compartilhabahia.com.br\/index.php\/wp-json\/wp\/v2\/posts"}],"about":[{"href":"https:\/\/compartilhabahia.com.br\/index.php\/wp-json\/wp\/v2\/types\/post"}],"author":[{"embeddable":true,"href":"https:\/\/compartilhabahia.com.br\/index.php\/wp-json\/wp\/v2\/users\/1"}],"replies":[{"embeddable":true,"href":"https:\/\/compartilhabahia.com.br\/index.php\/wp-json\/wp\/v2\/comments?post=4730"}],"version-history":[{"count":1,"href":"https:\/\/compartilhabahia.com.br\/index.php\/wp-json\/wp\/v2\/posts\/4730\/revisions"}],"predecessor-version":[{"id":4732,"href":"https:\/\/compartilhabahia.com.br\/index.php\/wp-json\/wp\/v2\/posts\/4730\/revisions\/4732"}],"wp:featuredmedia":[{"embeddable":true,"href":"https:\/\/compartilhabahia.com.br\/index.php\/wp-json\/wp\/v2\/media\/4731"}],"wp:attachment":[{"href":"https:\/\/compartilhabahia.com.br\/index.php\/wp-json\/wp\/v2\/media?parent=4730"}],"wp:term":[{"taxonomy":"category","embeddable":true,"href":"https:\/\/compartilhabahia.com.br\/index.php\/wp-json\/wp\/v2\/categories?post=4730"},{"taxonomy":"post_tag","embeddable":true,"href":"https:\/\/compartilhabahia.com.br\/index.php\/wp-json\/wp\/v2\/tags?post=4730"}],"curies":[{"name":"wp","href":"https:\/\/api.w.org\/{rel}","templated":true}]}}