{"id":4676,"date":"2024-12-27T23:37:30","date_gmt":"2024-12-27T23:37:30","guid":{"rendered":"https:\/\/compartilhabahia.com.br\/?p=4676"},"modified":"2024-12-27T23:37:32","modified_gmt":"2024-12-27T23:37:32","slug":"com-dois-vereadores-eleitos-pp-passa-fazer-parte-da-base-de-apoio-do-prefeito-caetano","status":"publish","type":"post","link":"https:\/\/compartilhabahia.com.br\/index.php\/2024\/12\/27\/com-dois-vereadores-eleitos-pp-passa-fazer-parte-da-base-de-apoio-do-prefeito-caetano\/","title":{"rendered":"Com dois vereadores eleitos PP passa fazer parte da base de apoio do prefeito Caetano"},"content":{"rendered":"\n<p>Segundo informa\u00e7\u00f5es publicadas pelo site &#8220;Bahiasemfronteiras&#8221; vereador reeleito Dilson Magalh\u00e3es (PP) ser\u00e1 anunciado como o novo dirigente do Partido Progressistas em Cama\u00e7ari. A decis\u00e3o vem como um reconhecimento de sua lideran\u00e7a pol\u00edtica na cidade e de seu compromisso com o fortalecimento da base do prefeito eleito Luiz Caetano (PT). O PP em Cama\u00e7ari elegeu dois vereadores em 2024, Dilson Magalh\u00e3es e Manoel Jacar\u00e9.<\/p>\n\n\n\n<p>Dilson Magalh\u00e3es afirmou que o novo desafio \u00e9 uma oportunidade para consolidar o PP como uma for\u00e7a pol\u00edtica em Cama\u00e7ari, trabalhando em sintonia com a gest\u00e3o de Luiz Caetano e os deputados progressistas Cl\u00e1udio Cajado (federal) e Niltinho (estadual).<\/p>\n\n\n\n<p>\u201cAssumir a dire\u00e7\u00e3o do PP em nossa cidade \u00e9 uma honra e uma responsabilidade que recebo com muita disposi\u00e7\u00e3o. Vamos continuar fortalecendo nossa base, dialogando com a popula\u00e7\u00e3o e colaborando diretamente com o prefeito Luiz Caetano para construir uma Cama\u00e7ari cada vez melhor\u201d, declarou.<\/p>\n\n\n\n<p>Com uma trajet\u00f3ria marcada pela atua\u00e7\u00e3o pr\u00f3xima \u00e0s comunidades, Dilson Magalh\u00e3es destacou que seu foco continuar\u00e1 sendo atender \u00e0s demandas da popula\u00e7\u00e3o e contribuir com pol\u00edticas p\u00fablicas que garantam avan\u00e7os em \u00e1reas priorit\u00e1rias, como educa\u00e7\u00e3o, sa\u00fade e infraestrutura. \u201cNosso partido estar\u00e1 ainda mais ativo e comprometido, sempre ao lado do povo e das a\u00e7\u00f5es transformadoras que Cama\u00e7ari merece\u201d, afirmou.<\/p>\n","protected":false},"excerpt":{"rendered":"<p>Segundo informa\u00e7\u00f5es publicadas pelo site &#8220;Bahiasemfronteiras&#8221; vereador reeleito Dilson Magalh\u00e3es (PP) ser\u00e1 anunciado como o novo dirigente do Partido Progressistas em Cama\u00e7ari. A decis\u00e3o vem como um reconhecimento de sua lideran\u00e7a pol\u00edtica na cidade e de seu compromisso com o fortalecimento da base do prefeito eleito Luiz Caetano (PT). O PP em Cama\u00e7ari elegeu dois [&hellip;]<\/p>\n","protected":false},"author":1,"featured_media":4677,"comment_status":"open","ping_status":"open","sticky":false,"template":"","format":"standard","meta":{"footnotes":""},"categories":[8],"tags":[],"class_list":["post-4676","post","type-post","status-publish","format-standard","has-post-thumbnail","hentry","category-camacari"],"yoast_head":"<!-- This site is optimized with the Yoast SEO plugin v21.7 - https:\/\/yoast.com\/wordpress\/plugins\/seo\/ -->\n<title>Com dois vereadores eleitos PP passa fazer parte da base de apoio do prefeito Caetano - Compartilha Bahia<\/title>\n<meta name=\"robots\" content=\"index, follow, max-snippet:-1, max-image-preview:large, max-video-preview:-1\" \/>\n<link rel=\"canonical\" href=\"https:\/\/compartilhabahia.com.br\/index.php\/2024\/12\/27\/com-dois-vereadores-eleitos-pp-passa-fazer-parte-da-base-de-apoio-do-prefeito-caetano\/\" \/>\n<meta property=\"og:locale\" content=\"pt_BR\" \/>\n<meta property=\"og:type\" content=\"article\" \/>\n<meta property=\"og:title\" content=\"Com dois vereadores eleitos PP passa fazer parte da base de apoio do prefeito Caetano - Compartilha Bahia\" \/>\n<meta property=\"og:description\" content=\"Segundo informa\u00e7\u00f5es publicadas pelo site &#8220;Bahiasemfronteiras&#8221; vereador reeleito Dilson Magalh\u00e3es (PP) ser\u00e1 anunciado como o novo dirigente do Partido Progressistas em Cama\u00e7ari. A decis\u00e3o vem como um reconhecimento de sua lideran\u00e7a pol\u00edtica na cidade e de seu compromisso com o fortalecimento da base do prefeito eleito Luiz Caetano (PT). O PP em Cama\u00e7ari elegeu dois [&hellip;]\" \/>\n<meta property=\"og:url\" content=\"https:\/\/compartilhabahia.com.br\/index.php\/2024\/12\/27\/com-dois-vereadores-eleitos-pp-passa-fazer-parte-da-base-de-apoio-do-prefeito-caetano\/\" \/>\n<meta property=\"og:site_name\" content=\"Compartilha Bahia\" \/>\n<meta property=\"article:publisher\" content=\"https:\/\/web.facebook.com\/compartilhabahia\" \/>\n<meta property=\"article:published_time\" content=\"2024-12-27T23:37:30+00:00\" \/>\n<meta property=\"article:modified_time\" content=\"2024-12-27T23:37:32+00:00\" \/>\n<meta property=\"og:image\" content=\"https:\/\/compartilhabahia.com.br\/wp-content\/uploads\/2024\/12\/WhatsApp-Image-2024-12-27-at-16.06.33-1024x737-1.jpeg\" \/>\n\t<meta property=\"og:image:width\" content=\"1024\" \/>\n\t<meta property=\"og:image:height\" content=\"737\" \/>\n\t<meta property=\"og:image:type\" content=\"image\/jpeg\" \/>\n<meta name=\"author\" content=\"admin\" \/>\n<meta name=\"twitter:card\" content=\"summary_large_image\" \/>\n<meta name=\"twitter:label1\" content=\"Escrito por\" \/>\n\t<meta name=\"twitter:data1\" content=\"admin\" \/>\n\t<meta name=\"twitter:label2\" content=\"Est. tempo de leitura\" \/>\n\t<meta name=\"twitter:data2\" content=\"2 minutos\" \/>\n<script type=\"application\/ld+json\" class=\"yoast-schema-graph\">{\"@context\":\"https:\/\/schema.org\",\"@graph\":[{\"@type\":\"Article\",\"@id\":\"https:\/\/compartilhabahia.com.br\/index.php\/2024\/12\/27\/com-dois-vereadores-eleitos-pp-passa-fazer-parte-da-base-de-apoio-do-prefeito-caetano\/#article\",\"isPartOf\":{\"@id\":\"https:\/\/compartilhabahia.com.br\/index.php\/2024\/12\/27\/com-dois-vereadores-eleitos-pp-passa-fazer-parte-da-base-de-apoio-do-prefeito-caetano\/\"},\"author\":{\"name\":\"admin\",\"@id\":\"https:\/\/compartilhabahia.com.br\/#\/schema\/person\/9b4f0c3178793b8248d6686732521c04\"},\"headline\":\"Com dois vereadores eleitos PP passa fazer parte da base de apoio do prefeito Caetano\",\"datePublished\":\"2024-12-27T23:37:30+00:00\",\"dateModified\":\"2024-12-27T23:37:32+00:00\",\"mainEntityOfPage\":{\"@id\":\"https:\/\/compartilhabahia.com.br\/index.php\/2024\/12\/27\/com-dois-vereadores-eleitos-pp-passa-fazer-parte-da-base-de-apoio-do-prefeito-caetano\/\"},\"wordCount\":248,\"commentCount\":0,\"publisher\":{\"@id\":\"https:\/\/compartilhabahia.com.br\/#organization\"},\"articleSection\":[\"Cama\u00e7ari\"],\"inLanguage\":\"pt-BR\",\"potentialAction\":[{\"@type\":\"CommentAction\",\"name\":\"Comment\",\"target\":[\"https:\/\/compartilhabahia.com.br\/index.php\/2024\/12\/27\/com-dois-vereadores-eleitos-pp-passa-fazer-parte-da-base-de-apoio-do-prefeito-caetano\/#respond\"]}]},{\"@type\":\"WebPage\",\"@id\":\"https:\/\/compartilhabahia.com.br\/index.php\/2024\/12\/27\/com-dois-vereadores-eleitos-pp-passa-fazer-parte-da-base-de-apoio-do-prefeito-caetano\/\",\"url\":\"https:\/\/compartilhabahia.com.br\/index.php\/2024\/12\/27\/com-dois-vereadores-eleitos-pp-passa-fazer-parte-da-base-de-apoio-do-prefeito-caetano\/\",\"name\":\"Com dois vereadores eleitos PP passa fazer parte da base de apoio do prefeito Caetano - Compartilha Bahia\",\"isPartOf\":{\"@id\":\"https:\/\/compartilhabahia.com.br\/#website\"},\"datePublished\":\"2024-12-27T23:37:30+00:00\",\"dateModified\":\"2024-12-27T23:37:32+00:00\",\"breadcrumb\":{\"@id\":\"https:\/\/compartilhabahia.com.br\/index.php\/2024\/12\/27\/com-dois-vereadores-eleitos-pp-passa-fazer-parte-da-base-de-apoio-do-prefeito-caetano\/#breadcrumb\"},\"inLanguage\":\"pt-BR\",\"potentialAction\":[{\"@type\":\"ReadAction\",\"target\":[\"https:\/\/compartilhabahia.com.br\/index.php\/2024\/12\/27\/com-dois-vereadores-eleitos-pp-passa-fazer-parte-da-base-de-apoio-do-prefeito-caetano\/\"]}]},{\"@type\":\"BreadcrumbList\",\"@id\":\"https:\/\/compartilhabahia.com.br\/index.php\/2024\/12\/27\/com-dois-vereadores-eleitos-pp-passa-fazer-parte-da-base-de-apoio-do-prefeito-caetano\/#breadcrumb\",\"itemListElement\":[{\"@type\":\"ListItem\",\"position\":1,\"name\":\"In\u00edcio\",\"item\":\"https:\/\/compartilhabahia.com.br\/\"},{\"@type\":\"ListItem\",\"position\":2,\"name\":\"Com dois vereadores eleitos PP passa fazer parte da base de apoio do prefeito Caetano\"}]},{\"@type\":\"WebSite\",\"@id\":\"https:\/\/compartilhabahia.com.br\/#website\",\"url\":\"https:\/\/compartilhabahia.com.br\/\",\"name\":\"Compartilha Bahia\",\"description\":\"\",\"publisher\":{\"@id\":\"https:\/\/compartilhabahia.com.br\/#organization\"},\"potentialAction\":[{\"@type\":\"SearchAction\",\"target\":{\"@type\":\"EntryPoint\",\"urlTemplate\":\"https:\/\/compartilhabahia.com.br\/?s={search_term_string}\"},\"query-input\":\"required name=search_term_string\"}],\"inLanguage\":\"pt-BR\"},{\"@type\":\"Organization\",\"@id\":\"https:\/\/compartilhabahia.com.br\/#organization\",\"name\":\"Compartilha Bahia\",\"url\":\"https:\/\/compartilhabahia.com.br\/\",\"logo\":{\"@type\":\"ImageObject\",\"inLanguage\":\"pt-BR\",\"@id\":\"https:\/\/compartilhabahia.com.br\/#\/schema\/logo\/image\/\",\"url\":\"https:\/\/compartilhabahia.com.br\/wp-content\/uploads\/2023\/12\/cropped-logo.png\",\"contentUrl\":\"https:\/\/compartilhabahia.com.br\/wp-content\/uploads\/2023\/12\/cropped-logo.png\",\"width\":300,\"height\":106,\"caption\":\"Compartilha Bahia\"},\"image\":{\"@id\":\"https:\/\/compartilhabahia.com.br\/#\/schema\/logo\/image\/\"},\"sameAs\":[\"https:\/\/web.facebook.com\/compartilhabahia\",\"https:\/\/www.instagram.com\/compartilhabahia\/\"]},{\"@type\":\"Person\",\"@id\":\"https:\/\/compartilhabahia.com.br\/#\/schema\/person\/9b4f0c3178793b8248d6686732521c04\",\"name\":\"admin\",\"image\":{\"@type\":\"ImageObject\",\"inLanguage\":\"pt-BR\",\"@id\":\"https:\/\/compartilhabahia.com.br\/#\/schema\/person\/image\/\",\"url\":\"https:\/\/secure.gravatar.com\/avatar\/9600df58751c5acbe914c538c03390ef649ea088cb65f84ba09c7ce66988eed6?s=96&d=mm&r=g\",\"contentUrl\":\"https:\/\/secure.gravatar.com\/avatar\/9600df58751c5acbe914c538c03390ef649ea088cb65f84ba09c7ce66988eed6?s=96&d=mm&r=g\",\"caption\":\"admin\"},\"sameAs\":[\"https:\/\/compartilhabahia.com.br\"],\"url\":\"https:\/\/compartilhabahia.com.br\/index.php\/author\/compartilhabahia\/\"}]}<\/script>\n<!-- \/ Yoast SEO plugin. -->","yoast_head_json":{"title":"Com dois vereadores eleitos PP passa fazer parte da base de apoio do prefeito Caetano - Compartilha Bahia","robots":{"index":"index","follow":"follow","max-snippet":"max-snippet:-1","max-image-preview":"max-image-preview:large","max-video-preview":"max-video-preview:-1"},"canonical":"https:\/\/compartilhabahia.com.br\/index.php\/2024\/12\/27\/com-dois-vereadores-eleitos-pp-passa-fazer-parte-da-base-de-apoio-do-prefeito-caetano\/","og_locale":"pt_BR","og_type":"article","og_title":"Com dois vereadores eleitos PP passa fazer parte da base de apoio do prefeito Caetano - Compartilha Bahia","og_description":"Segundo informa\u00e7\u00f5es publicadas pelo site &#8220;Bahiasemfronteiras&#8221; vereador reeleito Dilson Magalh\u00e3es (PP) ser\u00e1 anunciado como o novo dirigente do Partido Progressistas em Cama\u00e7ari. A decis\u00e3o vem como um reconhecimento de sua lideran\u00e7a pol\u00edtica na cidade e de seu compromisso com o fortalecimento da base do prefeito eleito Luiz Caetano (PT). O PP em Cama\u00e7ari elegeu dois [&hellip;]","og_url":"https:\/\/compartilhabahia.com.br\/index.php\/2024\/12\/27\/com-dois-vereadores-eleitos-pp-passa-fazer-parte-da-base-de-apoio-do-prefeito-caetano\/","og_site_name":"Compartilha Bahia","article_publisher":"https:\/\/web.facebook.com\/compartilhabahia","article_published_time":"2024-12-27T23:37:30+00:00","article_modified_time":"2024-12-27T23:37:32+00:00","og_image":[{"width":1024,"height":737,"url":"https:\/\/compartilhabahia.com.br\/wp-content\/uploads\/2024\/12\/WhatsApp-Image-2024-12-27-at-16.06.33-1024x737-1.jpeg","type":"image\/jpeg"}],"author":"admin","twitter_card":"summary_large_image","twitter_misc":{"Escrito por":"admin","Est. tempo de leitura":"2 minutos"},"schema":{"@context":"https:\/\/schema.org","@graph":[{"@type":"Article","@id":"https:\/\/compartilhabahia.com.br\/index.php\/2024\/12\/27\/com-dois-vereadores-eleitos-pp-passa-fazer-parte-da-base-de-apoio-do-prefeito-caetano\/#article","isPartOf":{"@id":"https:\/\/compartilhabahia.com.br\/index.php\/2024\/12\/27\/com-dois-vereadores-eleitos-pp-passa-fazer-parte-da-base-de-apoio-do-prefeito-caetano\/"},"author":{"name":"admin","@id":"https:\/\/compartilhabahia.com.br\/#\/schema\/person\/9b4f0c3178793b8248d6686732521c04"},"headline":"Com dois vereadores eleitos PP passa fazer parte da base de apoio do prefeito Caetano","datePublished":"2024-12-27T23:37:30+00:00","dateModified":"2024-12-27T23:37:32+00:00","mainEntityOfPage":{"@id":"https:\/\/compartilhabahia.com.br\/index.php\/2024\/12\/27\/com-dois-vereadores-eleitos-pp-passa-fazer-parte-da-base-de-apoio-do-prefeito-caetano\/"},"wordCount":248,"commentCount":0,"publisher":{"@id":"https:\/\/compartilhabahia.com.br\/#organization"},"articleSection":["Cama\u00e7ari"],"inLanguage":"pt-BR","potentialAction":[{"@type":"CommentAction","name":"Comment","target":["https:\/\/compartilhabahia.com.br\/index.php\/2024\/12\/27\/com-dois-vereadores-eleitos-pp-passa-fazer-parte-da-base-de-apoio-do-prefeito-caetano\/#respond"]}]},{"@type":"WebPage","@id":"https:\/\/compartilhabahia.com.br\/index.php\/2024\/12\/27\/com-dois-vereadores-eleitos-pp-passa-fazer-parte-da-base-de-apoio-do-prefeito-caetano\/","url":"https:\/\/compartilhabahia.com.br\/index.php\/2024\/12\/27\/com-dois-vereadores-eleitos-pp-passa-fazer-parte-da-base-de-apoio-do-prefeito-caetano\/","name":"Com dois vereadores eleitos PP passa fazer parte da base de apoio do prefeito Caetano - Compartilha Bahia","isPartOf":{"@id":"https:\/\/compartilhabahia.com.br\/#website"},"datePublished":"2024-12-27T23:37:30+00:00","dateModified":"2024-12-27T23:37:32+00:00","breadcrumb":{"@id":"https:\/\/compartilhabahia.com.br\/index.php\/2024\/12\/27\/com-dois-vereadores-eleitos-pp-passa-fazer-parte-da-base-de-apoio-do-prefeito-caetano\/#breadcrumb"},"inLanguage":"pt-BR","potentialAction":[{"@type":"ReadAction","target":["https:\/\/compartilhabahia.com.br\/index.php\/2024\/12\/27\/com-dois-vereadores-eleitos-pp-passa-fazer-parte-da-base-de-apoio-do-prefeito-caetano\/"]}]},{"@type":"BreadcrumbList","@id":"https:\/\/compartilhabahia.com.br\/index.php\/2024\/12\/27\/com-dois-vereadores-eleitos-pp-passa-fazer-parte-da-base-de-apoio-do-prefeito-caetano\/#breadcrumb","itemListElement":[{"@type":"ListItem","position":1,"name":"In\u00edcio","item":"https:\/\/compartilhabahia.com.br\/"},{"@type":"ListItem","position":2,"name":"Com dois vereadores eleitos PP passa fazer parte da base de apoio do prefeito Caetano"}]},{"@type":"WebSite","@id":"https:\/\/compartilhabahia.com.br\/#website","url":"https:\/\/compartilhabahia.com.br\/","name":"Compartilha Bahia","description":"","publisher":{"@id":"https:\/\/compartilhabahia.com.br\/#organization"},"potentialAction":[{"@type":"SearchAction","target":{"@type":"EntryPoint","urlTemplate":"https:\/\/compartilhabahia.com.br\/?s={search_term_string}"},"query-input":"required name=search_term_string"}],"inLanguage":"pt-BR"},{"@type":"Organization","@id":"https:\/\/compartilhabahia.com.br\/#organization","name":"Compartilha Bahia","url":"https:\/\/compartilhabahia.com.br\/","logo":{"@type":"ImageObject","inLanguage":"pt-BR","@id":"https:\/\/compartilhabahia.com.br\/#\/schema\/logo\/image\/","url":"https:\/\/compartilhabahia.com.br\/wp-content\/uploads\/2023\/12\/cropped-logo.png","contentUrl":"https:\/\/compartilhabahia.com.br\/wp-content\/uploads\/2023\/12\/cropped-logo.png","width":300,"height":106,"caption":"Compartilha Bahia"},"image":{"@id":"https:\/\/compartilhabahia.com.br\/#\/schema\/logo\/image\/"},"sameAs":["https:\/\/web.facebook.com\/compartilhabahia","https:\/\/www.instagram.com\/compartilhabahia\/"]},{"@type":"Person","@id":"https:\/\/compartilhabahia.com.br\/#\/schema\/person\/9b4f0c3178793b8248d6686732521c04","name":"admin","image":{"@type":"ImageObject","inLanguage":"pt-BR","@id":"https:\/\/compartilhabahia.com.br\/#\/schema\/person\/image\/","url":"https:\/\/secure.gravatar.com\/avatar\/9600df58751c5acbe914c538c03390ef649ea088cb65f84ba09c7ce66988eed6?s=96&d=mm&r=g","contentUrl":"https:\/\/secure.gravatar.com\/avatar\/9600df58751c5acbe914c538c03390ef649ea088cb65f84ba09c7ce66988eed6?s=96&d=mm&r=g","caption":"admin"},"sameAs":["https:\/\/compartilhabahia.com.br"],"url":"https:\/\/compartilhabahia.com.br\/index.php\/author\/compartilhabahia\/"}]}},"_links":{"self":[{"href":"https:\/\/compartilhabahia.com.br\/index.php\/wp-json\/wp\/v2\/posts\/4676","targetHints":{"allow":["GET"]}}],"collection":[{"href":"https:\/\/compartilhabahia.com.br\/index.php\/wp-json\/wp\/v2\/posts"}],"about":[{"href":"https:\/\/compartilhabahia.com.br\/index.php\/wp-json\/wp\/v2\/types\/post"}],"author":[{"embeddable":true,"href":"https:\/\/compartilhabahia.com.br\/index.php\/wp-json\/wp\/v2\/users\/1"}],"replies":[{"embeddable":true,"href":"https:\/\/compartilhabahia.com.br\/index.php\/wp-json\/wp\/v2\/comments?post=4676"}],"version-history":[{"count":1,"href":"https:\/\/compartilhabahia.com.br\/index.php\/wp-json\/wp\/v2\/posts\/4676\/revisions"}],"predecessor-version":[{"id":4678,"href":"https:\/\/compartilhabahia.com.br\/index.php\/wp-json\/wp\/v2\/posts\/4676\/revisions\/4678"}],"wp:featuredmedia":[{"embeddable":true,"href":"https:\/\/compartilhabahia.com.br\/index.php\/wp-json\/wp\/v2\/media\/4677"}],"wp:attachment":[{"href":"https:\/\/compartilhabahia.com.br\/index.php\/wp-json\/wp\/v2\/media?parent=4676"}],"wp:term":[{"taxonomy":"category","embeddable":true,"href":"https:\/\/compartilhabahia.com.br\/index.php\/wp-json\/wp\/v2\/categories?post=4676"},{"taxonomy":"post_tag","embeddable":true,"href":"https:\/\/compartilhabahia.com.br\/index.php\/wp-json\/wp\/v2\/tags?post=4676"}],"curies":[{"name":"wp","href":"https:\/\/api.w.org\/{rel}","templated":true}]}}