{"id":4668,"date":"2024-12-25T19:30:21","date_gmt":"2024-12-25T19:30:21","guid":{"rendered":"https:\/\/compartilhabahia.com.br\/?p=4668"},"modified":"2024-12-25T20:51:18","modified_gmt":"2024-12-25T20:51:18","slug":"catedral-de-macapa-foi-restaurada-e-a-de-camacari-pode-ser-a-proxima","status":"publish","type":"post","link":"https:\/\/compartilhabahia.com.br\/index.php\/2024\/12\/25\/catedral-de-macapa-foi-restaurada-e-a-de-camacari-pode-ser-a-proxima\/","title":{"rendered":"Catedral de Macap\u00e1 foi restaurada e a de Cama\u00e7ari pode ser a pr\u00f3xima"},"content":{"rendered":"\n<p>Nessa semana que passou, publicamos aqui noticia de que a exemplo da Catedral de Notre Dame em Paris, que foi restaurada ap\u00f3s um inc\u00eandio, a Catedral de S\u00e3o Thomaz de Cantu\u00e1ria tamb\u00e9m poderia receber aten\u00e7\u00e3o do prefeito Luiz Caetano liderando a sociedade organizada, para da mesma forma ser restaurada, tendo em vista que a atual mantem a mesma arquitetura de quando ainda era apenas a Matriz da Par\u00f3quia local. Hoje trazemos aqui a informa\u00e7\u00e3o de que em Macap\u00e1, capital do Amap\u00e1, na Catedral de S\u00e3o Jos\u00e9, foi inaugurado uma reforma no telhado. Mostrando assim, que esses \u00edcones da religiosidade cat\u00f3lica, s\u00e3o merecedores da aten\u00e7\u00e3o do poder p\u00fablico, dos l\u00edderes pol\u00edticos e da sociedade organizada, pois al\u00e9m de ser o que s\u00e3o, tamb\u00e9m simbolizam a cultura, a tradi\u00e7\u00e3o, a arquitetura, o cen\u00e1rios dos monumentos p\u00fablicos, a hist\u00f3ria, o turismo e a auto estima da popula\u00e7\u00e3o como um todo. Importante salientar, que em Cama\u00e7ari como na Catedral Notre Dame em Paris, a restaura\u00e7\u00e3o deve ser feita apenas com recursos de doa\u00e7\u00f5es de pessoas e empresas privadas, sem utilizar dinheiro da prefeitura.<\/p>\n\n\n\n<p>Leia sobre o Macap\u00e1:<\/p>\n\n\n\n<p>Na missa de domingo(22), que antecedeu as comemora\u00e7\u00f5es natalinas, foi entregue o novo telhado da Catedral de S\u00e3o Jos\u00e9. A obra \u00e9 resultado da emenda parlamentar de R$1 milh\u00e3o destinada pelo senador Randolfe Rodrigues, com a obra realizada pela Prefeitura de Macap\u00e1.<\/p>\n\n\n<div class=\"wp-block-image\">\n<figure class=\"aligncenter\"><a href=\"https:\/\/www.diariodoamapa.com.br\/wp-content\/uploads\/2024\/12\/8b193665-9eaf-46c2-9a2a-70bbc9905a3a-e1734886057377.jpeg\"><img decoding=\"async\" src=\"https:\/\/www.diariodoamapa.com.br\/wp-content\/uploads\/2024\/12\/8b193665-9eaf-46c2-9a2a-70bbc9905a3a-e1734886057377.jpeg\" alt=\"\" class=\"wp-image-357221\"\/><\/a><\/figure>\n<\/div>\n\n\n<p>A revitaliza\u00e7\u00e3o do telhado \u00e9 uma reivindica\u00e7\u00e3o da comunidade crist\u00e3 e em maio de 2024 foram iniciadas as atividades. Objetivo era garantir a seguran\u00e7a do povo cat\u00f3lico que frequenta o local, al\u00e9m de preservar o valor hist\u00f3rico, cultural e religioso do espa\u00e7o.<\/p>\n\n\n\n<p>\u201cO pedido foi feito a n\u00f3s e houve o compromisso com a comunidade, porque a gente entende o valor do lugar, tanto religioso, quanto para a nossa hist\u00f3ria\u201d, contou o senador Randolfe.<\/p>\n\n\n<div class=\"wp-block-image\">\n<figure class=\"aligncenter\"><a href=\"https:\/\/www.diariodoamapa.com.br\/wp-content\/uploads\/2024\/12\/7348a5b1-d3f8-4479-874b-7da98faa6edd-e1734885976632.jpeg\"><img decoding=\"async\" src=\"https:\/\/www.diariodoamapa.com.br\/wp-content\/uploads\/2024\/12\/7348a5b1-d3f8-4479-874b-7da98faa6edd-e1734885976632.jpeg\" alt=\"\" class=\"wp-image-357220\"\/><\/a><\/figure>\n<\/div>\n\n\n<p>O prefeito de Macap\u00e1, Ant\u00f4nio Furlan, agradeceu o comprometimento do senador Randolfe. \u201cEstamos diante do resultado de quando o legislativo, o executivo municipal e a sociedade atrav\u00e9s da igreja se unem. O recurso que existia aqui foi usado para revitalizar, al\u00e9m do telhado, a pintura, os bancos e as janelas, a igreja realmente re-entregue a sociedade nova\u201d, comemorou o prefeito.<\/p>\n\n\n<div class=\"wp-block-image\">\n<figure class=\"aligncenter\"><a href=\"https:\/\/www.diariodoamapa.com.br\/wp-content\/uploads\/2024\/12\/9acd0821-c688-4c29-a481-f254168932a4-e1734886140777.jpeg\"><img decoding=\"async\" src=\"https:\/\/www.diariodoamapa.com.br\/wp-content\/uploads\/2024\/12\/9acd0821-c688-4c29-a481-f254168932a4-e1734886140777.jpeg\" alt=\"\" class=\"wp-image-357222\"\/><\/a><\/figure>\n<\/div>\n\n\n<p><strong>Catedral de S\u00e3o Jos\u00e9<\/strong><br>A Catedral de S\u00e3o Jos\u00e9 de Macap\u00e1 \u00e9 um marco hist\u00f3rico na capital, inaugurada no dia 19 de mar\u00e7o de 2006, em homenagem a S\u00e3o Jos\u00e9, padroeiro da cidade.&nbsp;<\/p>\n","protected":false},"excerpt":{"rendered":"<p>Nessa semana que passou, publicamos aqui noticia de que a exemplo da Catedral de Notre Dame em Paris, que foi restaurada ap\u00f3s um inc\u00eandio, a Catedral de S\u00e3o Thomaz de Cantu\u00e1ria tamb\u00e9m poderia receber aten\u00e7\u00e3o do prefeito Luiz Caetano liderando a sociedade organizada, para da mesma forma ser restaurada, tendo em vista que a atual [&hellip;]<\/p>\n","protected":false},"author":1,"featured_media":4669,"comment_status":"open","ping_status":"open","sticky":false,"template":"","format":"standard","meta":{"footnotes":""},"categories":[8],"tags":[],"class_list":["post-4668","post","type-post","status-publish","format-standard","has-post-thumbnail","hentry","category-camacari"],"yoast_head":"<!-- This site is optimized with the Yoast SEO plugin v21.7 - https:\/\/yoast.com\/wordpress\/plugins\/seo\/ -->\n<title>Catedral de Macap\u00e1 foi restaurada e a de Cama\u00e7ari pode ser a pr\u00f3xima - Compartilha Bahia<\/title>\n<meta name=\"robots\" content=\"index, follow, max-snippet:-1, max-image-preview:large, max-video-preview:-1\" \/>\n<link rel=\"canonical\" href=\"https:\/\/compartilhabahia.com.br\/index.php\/2024\/12\/25\/catedral-de-macapa-foi-restaurada-e-a-de-camacari-pode-ser-a-proxima\/\" \/>\n<meta property=\"og:locale\" content=\"pt_BR\" \/>\n<meta property=\"og:type\" content=\"article\" \/>\n<meta property=\"og:title\" content=\"Catedral de Macap\u00e1 foi restaurada e a de Cama\u00e7ari pode ser a pr\u00f3xima - Compartilha Bahia\" \/>\n<meta property=\"og:description\" content=\"Nessa semana que passou, publicamos aqui noticia de que a exemplo da Catedral de Notre Dame em Paris, que foi restaurada ap\u00f3s um inc\u00eandio, a Catedral de S\u00e3o Thomaz de Cantu\u00e1ria tamb\u00e9m poderia receber aten\u00e7\u00e3o do prefeito Luiz Caetano liderando a sociedade organizada, para da mesma forma ser restaurada, tendo em vista que a atual [&hellip;]\" \/>\n<meta property=\"og:url\" content=\"https:\/\/compartilhabahia.com.br\/index.php\/2024\/12\/25\/catedral-de-macapa-foi-restaurada-e-a-de-camacari-pode-ser-a-proxima\/\" \/>\n<meta property=\"og:site_name\" content=\"Compartilha Bahia\" \/>\n<meta property=\"article:publisher\" content=\"https:\/\/web.facebook.com\/compartilhabahia\" \/>\n<meta property=\"article:published_time\" content=\"2024-12-25T19:30:21+00:00\" \/>\n<meta property=\"article:modified_time\" content=\"2024-12-25T20:51:18+00:00\" \/>\n<meta property=\"og:image\" content=\"https:\/\/compartilhabahia.com.br\/wp-content\/uploads\/2024\/12\/53455882750_1b5a08297a_c.jpg\" \/>\n\t<meta property=\"og:image:width\" content=\"799\" \/>\n\t<meta property=\"og:image:height\" content=\"533\" \/>\n\t<meta property=\"og:image:type\" content=\"image\/jpeg\" \/>\n<meta name=\"author\" content=\"admin\" \/>\n<meta name=\"twitter:card\" content=\"summary_large_image\" \/>\n<meta name=\"twitter:label1\" content=\"Escrito por\" \/>\n\t<meta name=\"twitter:data1\" content=\"admin\" \/>\n\t<meta name=\"twitter:label2\" content=\"Est. tempo de leitura\" \/>\n\t<meta name=\"twitter:data2\" content=\"3 minutos\" \/>\n<script type=\"application\/ld+json\" class=\"yoast-schema-graph\">{\"@context\":\"https:\/\/schema.org\",\"@graph\":[{\"@type\":\"Article\",\"@id\":\"https:\/\/compartilhabahia.com.br\/index.php\/2024\/12\/25\/catedral-de-macapa-foi-restaurada-e-a-de-camacari-pode-ser-a-proxima\/#article\",\"isPartOf\":{\"@id\":\"https:\/\/compartilhabahia.com.br\/index.php\/2024\/12\/25\/catedral-de-macapa-foi-restaurada-e-a-de-camacari-pode-ser-a-proxima\/\"},\"author\":{\"name\":\"admin\",\"@id\":\"https:\/\/compartilhabahia.com.br\/#\/schema\/person\/9b4f0c3178793b8248d6686732521c04\"},\"headline\":\"Catedral de Macap\u00e1 foi restaurada e a de Cama\u00e7ari pode ser a pr\u00f3xima\",\"datePublished\":\"2024-12-25T19:30:21+00:00\",\"dateModified\":\"2024-12-25T20:51:18+00:00\",\"mainEntityOfPage\":{\"@id\":\"https:\/\/compartilhabahia.com.br\/index.php\/2024\/12\/25\/catedral-de-macapa-foi-restaurada-e-a-de-camacari-pode-ser-a-proxima\/\"},\"wordCount\":448,\"commentCount\":0,\"publisher\":{\"@id\":\"https:\/\/compartilhabahia.com.br\/#organization\"},\"articleSection\":[\"Cama\u00e7ari\"],\"inLanguage\":\"pt-BR\",\"potentialAction\":[{\"@type\":\"CommentAction\",\"name\":\"Comment\",\"target\":[\"https:\/\/compartilhabahia.com.br\/index.php\/2024\/12\/25\/catedral-de-macapa-foi-restaurada-e-a-de-camacari-pode-ser-a-proxima\/#respond\"]}]},{\"@type\":\"WebPage\",\"@id\":\"https:\/\/compartilhabahia.com.br\/index.php\/2024\/12\/25\/catedral-de-macapa-foi-restaurada-e-a-de-camacari-pode-ser-a-proxima\/\",\"url\":\"https:\/\/compartilhabahia.com.br\/index.php\/2024\/12\/25\/catedral-de-macapa-foi-restaurada-e-a-de-camacari-pode-ser-a-proxima\/\",\"name\":\"Catedral de Macap\u00e1 foi restaurada e a de Cama\u00e7ari pode ser a pr\u00f3xima - Compartilha Bahia\",\"isPartOf\":{\"@id\":\"https:\/\/compartilhabahia.com.br\/#website\"},\"datePublished\":\"2024-12-25T19:30:21+00:00\",\"dateModified\":\"2024-12-25T20:51:18+00:00\",\"breadcrumb\":{\"@id\":\"https:\/\/compartilhabahia.com.br\/index.php\/2024\/12\/25\/catedral-de-macapa-foi-restaurada-e-a-de-camacari-pode-ser-a-proxima\/#breadcrumb\"},\"inLanguage\":\"pt-BR\",\"potentialAction\":[{\"@type\":\"ReadAction\",\"target\":[\"https:\/\/compartilhabahia.com.br\/index.php\/2024\/12\/25\/catedral-de-macapa-foi-restaurada-e-a-de-camacari-pode-ser-a-proxima\/\"]}]},{\"@type\":\"BreadcrumbList\",\"@id\":\"https:\/\/compartilhabahia.com.br\/index.php\/2024\/12\/25\/catedral-de-macapa-foi-restaurada-e-a-de-camacari-pode-ser-a-proxima\/#breadcrumb\",\"itemListElement\":[{\"@type\":\"ListItem\",\"position\":1,\"name\":\"In\u00edcio\",\"item\":\"https:\/\/compartilhabahia.com.br\/\"},{\"@type\":\"ListItem\",\"position\":2,\"name\":\"Catedral de Macap\u00e1 foi restaurada e a de Cama\u00e7ari pode ser a pr\u00f3xima\"}]},{\"@type\":\"WebSite\",\"@id\":\"https:\/\/compartilhabahia.com.br\/#website\",\"url\":\"https:\/\/compartilhabahia.com.br\/\",\"name\":\"Compartilha Bahia\",\"description\":\"\",\"publisher\":{\"@id\":\"https:\/\/compartilhabahia.com.br\/#organization\"},\"potentialAction\":[{\"@type\":\"SearchAction\",\"target\":{\"@type\":\"EntryPoint\",\"urlTemplate\":\"https:\/\/compartilhabahia.com.br\/?s={search_term_string}\"},\"query-input\":\"required name=search_term_string\"}],\"inLanguage\":\"pt-BR\"},{\"@type\":\"Organization\",\"@id\":\"https:\/\/compartilhabahia.com.br\/#organization\",\"name\":\"Compartilha Bahia\",\"url\":\"https:\/\/compartilhabahia.com.br\/\",\"logo\":{\"@type\":\"ImageObject\",\"inLanguage\":\"pt-BR\",\"@id\":\"https:\/\/compartilhabahia.com.br\/#\/schema\/logo\/image\/\",\"url\":\"https:\/\/compartilhabahia.com.br\/wp-content\/uploads\/2023\/12\/cropped-logo.png\",\"contentUrl\":\"https:\/\/compartilhabahia.com.br\/wp-content\/uploads\/2023\/12\/cropped-logo.png\",\"width\":300,\"height\":106,\"caption\":\"Compartilha Bahia\"},\"image\":{\"@id\":\"https:\/\/compartilhabahia.com.br\/#\/schema\/logo\/image\/\"},\"sameAs\":[\"https:\/\/web.facebook.com\/compartilhabahia\",\"https:\/\/www.instagram.com\/compartilhabahia\/\"]},{\"@type\":\"Person\",\"@id\":\"https:\/\/compartilhabahia.com.br\/#\/schema\/person\/9b4f0c3178793b8248d6686732521c04\",\"name\":\"admin\",\"image\":{\"@type\":\"ImageObject\",\"inLanguage\":\"pt-BR\",\"@id\":\"https:\/\/compartilhabahia.com.br\/#\/schema\/person\/image\/\",\"url\":\"https:\/\/secure.gravatar.com\/avatar\/9600df58751c5acbe914c538c03390ef649ea088cb65f84ba09c7ce66988eed6?s=96&d=mm&r=g\",\"contentUrl\":\"https:\/\/secure.gravatar.com\/avatar\/9600df58751c5acbe914c538c03390ef649ea088cb65f84ba09c7ce66988eed6?s=96&d=mm&r=g\",\"caption\":\"admin\"},\"sameAs\":[\"https:\/\/compartilhabahia.com.br\"],\"url\":\"https:\/\/compartilhabahia.com.br\/index.php\/author\/compartilhabahia\/\"}]}<\/script>\n<!-- \/ Yoast SEO plugin. -->","yoast_head_json":{"title":"Catedral de Macap\u00e1 foi restaurada e a de Cama\u00e7ari pode ser a pr\u00f3xima - Compartilha Bahia","robots":{"index":"index","follow":"follow","max-snippet":"max-snippet:-1","max-image-preview":"max-image-preview:large","max-video-preview":"max-video-preview:-1"},"canonical":"https:\/\/compartilhabahia.com.br\/index.php\/2024\/12\/25\/catedral-de-macapa-foi-restaurada-e-a-de-camacari-pode-ser-a-proxima\/","og_locale":"pt_BR","og_type":"article","og_title":"Catedral de Macap\u00e1 foi restaurada e a de Cama\u00e7ari pode ser a pr\u00f3xima - Compartilha Bahia","og_description":"Nessa semana que passou, publicamos aqui noticia de que a exemplo da Catedral de Notre Dame em Paris, que foi restaurada ap\u00f3s um inc\u00eandio, a Catedral de S\u00e3o Thomaz de Cantu\u00e1ria tamb\u00e9m poderia receber aten\u00e7\u00e3o do prefeito Luiz Caetano liderando a sociedade organizada, para da mesma forma ser restaurada, tendo em vista que a atual [&hellip;]","og_url":"https:\/\/compartilhabahia.com.br\/index.php\/2024\/12\/25\/catedral-de-macapa-foi-restaurada-e-a-de-camacari-pode-ser-a-proxima\/","og_site_name":"Compartilha Bahia","article_publisher":"https:\/\/web.facebook.com\/compartilhabahia","article_published_time":"2024-12-25T19:30:21+00:00","article_modified_time":"2024-12-25T20:51:18+00:00","og_image":[{"width":799,"height":533,"url":"https:\/\/compartilhabahia.com.br\/wp-content\/uploads\/2024\/12\/53455882750_1b5a08297a_c.jpg","type":"image\/jpeg"}],"author":"admin","twitter_card":"summary_large_image","twitter_misc":{"Escrito por":"admin","Est. tempo de leitura":"3 minutos"},"schema":{"@context":"https:\/\/schema.org","@graph":[{"@type":"Article","@id":"https:\/\/compartilhabahia.com.br\/index.php\/2024\/12\/25\/catedral-de-macapa-foi-restaurada-e-a-de-camacari-pode-ser-a-proxima\/#article","isPartOf":{"@id":"https:\/\/compartilhabahia.com.br\/index.php\/2024\/12\/25\/catedral-de-macapa-foi-restaurada-e-a-de-camacari-pode-ser-a-proxima\/"},"author":{"name":"admin","@id":"https:\/\/compartilhabahia.com.br\/#\/schema\/person\/9b4f0c3178793b8248d6686732521c04"},"headline":"Catedral de Macap\u00e1 foi restaurada e a de Cama\u00e7ari pode ser a pr\u00f3xima","datePublished":"2024-12-25T19:30:21+00:00","dateModified":"2024-12-25T20:51:18+00:00","mainEntityOfPage":{"@id":"https:\/\/compartilhabahia.com.br\/index.php\/2024\/12\/25\/catedral-de-macapa-foi-restaurada-e-a-de-camacari-pode-ser-a-proxima\/"},"wordCount":448,"commentCount":0,"publisher":{"@id":"https:\/\/compartilhabahia.com.br\/#organization"},"articleSection":["Cama\u00e7ari"],"inLanguage":"pt-BR","potentialAction":[{"@type":"CommentAction","name":"Comment","target":["https:\/\/compartilhabahia.com.br\/index.php\/2024\/12\/25\/catedral-de-macapa-foi-restaurada-e-a-de-camacari-pode-ser-a-proxima\/#respond"]}]},{"@type":"WebPage","@id":"https:\/\/compartilhabahia.com.br\/index.php\/2024\/12\/25\/catedral-de-macapa-foi-restaurada-e-a-de-camacari-pode-ser-a-proxima\/","url":"https:\/\/compartilhabahia.com.br\/index.php\/2024\/12\/25\/catedral-de-macapa-foi-restaurada-e-a-de-camacari-pode-ser-a-proxima\/","name":"Catedral de Macap\u00e1 foi restaurada e a de Cama\u00e7ari pode ser a pr\u00f3xima - Compartilha Bahia","isPartOf":{"@id":"https:\/\/compartilhabahia.com.br\/#website"},"datePublished":"2024-12-25T19:30:21+00:00","dateModified":"2024-12-25T20:51:18+00:00","breadcrumb":{"@id":"https:\/\/compartilhabahia.com.br\/index.php\/2024\/12\/25\/catedral-de-macapa-foi-restaurada-e-a-de-camacari-pode-ser-a-proxima\/#breadcrumb"},"inLanguage":"pt-BR","potentialAction":[{"@type":"ReadAction","target":["https:\/\/compartilhabahia.com.br\/index.php\/2024\/12\/25\/catedral-de-macapa-foi-restaurada-e-a-de-camacari-pode-ser-a-proxima\/"]}]},{"@type":"BreadcrumbList","@id":"https:\/\/compartilhabahia.com.br\/index.php\/2024\/12\/25\/catedral-de-macapa-foi-restaurada-e-a-de-camacari-pode-ser-a-proxima\/#breadcrumb","itemListElement":[{"@type":"ListItem","position":1,"name":"In\u00edcio","item":"https:\/\/compartilhabahia.com.br\/"},{"@type":"ListItem","position":2,"name":"Catedral de Macap\u00e1 foi restaurada e a de Cama\u00e7ari pode ser a pr\u00f3xima"}]},{"@type":"WebSite","@id":"https:\/\/compartilhabahia.com.br\/#website","url":"https:\/\/compartilhabahia.com.br\/","name":"Compartilha Bahia","description":"","publisher":{"@id":"https:\/\/compartilhabahia.com.br\/#organization"},"potentialAction":[{"@type":"SearchAction","target":{"@type":"EntryPoint","urlTemplate":"https:\/\/compartilhabahia.com.br\/?s={search_term_string}"},"query-input":"required name=search_term_string"}],"inLanguage":"pt-BR"},{"@type":"Organization","@id":"https:\/\/compartilhabahia.com.br\/#organization","name":"Compartilha Bahia","url":"https:\/\/compartilhabahia.com.br\/","logo":{"@type":"ImageObject","inLanguage":"pt-BR","@id":"https:\/\/compartilhabahia.com.br\/#\/schema\/logo\/image\/","url":"https:\/\/compartilhabahia.com.br\/wp-content\/uploads\/2023\/12\/cropped-logo.png","contentUrl":"https:\/\/compartilhabahia.com.br\/wp-content\/uploads\/2023\/12\/cropped-logo.png","width":300,"height":106,"caption":"Compartilha Bahia"},"image":{"@id":"https:\/\/compartilhabahia.com.br\/#\/schema\/logo\/image\/"},"sameAs":["https:\/\/web.facebook.com\/compartilhabahia","https:\/\/www.instagram.com\/compartilhabahia\/"]},{"@type":"Person","@id":"https:\/\/compartilhabahia.com.br\/#\/schema\/person\/9b4f0c3178793b8248d6686732521c04","name":"admin","image":{"@type":"ImageObject","inLanguage":"pt-BR","@id":"https:\/\/compartilhabahia.com.br\/#\/schema\/person\/image\/","url":"https:\/\/secure.gravatar.com\/avatar\/9600df58751c5acbe914c538c03390ef649ea088cb65f84ba09c7ce66988eed6?s=96&d=mm&r=g","contentUrl":"https:\/\/secure.gravatar.com\/avatar\/9600df58751c5acbe914c538c03390ef649ea088cb65f84ba09c7ce66988eed6?s=96&d=mm&r=g","caption":"admin"},"sameAs":["https:\/\/compartilhabahia.com.br"],"url":"https:\/\/compartilhabahia.com.br\/index.php\/author\/compartilhabahia\/"}]}},"_links":{"self":[{"href":"https:\/\/compartilhabahia.com.br\/index.php\/wp-json\/wp\/v2\/posts\/4668","targetHints":{"allow":["GET"]}}],"collection":[{"href":"https:\/\/compartilhabahia.com.br\/index.php\/wp-json\/wp\/v2\/posts"}],"about":[{"href":"https:\/\/compartilhabahia.com.br\/index.php\/wp-json\/wp\/v2\/types\/post"}],"author":[{"embeddable":true,"href":"https:\/\/compartilhabahia.com.br\/index.php\/wp-json\/wp\/v2\/users\/1"}],"replies":[{"embeddable":true,"href":"https:\/\/compartilhabahia.com.br\/index.php\/wp-json\/wp\/v2\/comments?post=4668"}],"version-history":[{"count":2,"href":"https:\/\/compartilhabahia.com.br\/index.php\/wp-json\/wp\/v2\/posts\/4668\/revisions"}],"predecessor-version":[{"id":4672,"href":"https:\/\/compartilhabahia.com.br\/index.php\/wp-json\/wp\/v2\/posts\/4668\/revisions\/4672"}],"wp:featuredmedia":[{"embeddable":true,"href":"https:\/\/compartilhabahia.com.br\/index.php\/wp-json\/wp\/v2\/media\/4669"}],"wp:attachment":[{"href":"https:\/\/compartilhabahia.com.br\/index.php\/wp-json\/wp\/v2\/media?parent=4668"}],"wp:term":[{"taxonomy":"category","embeddable":true,"href":"https:\/\/compartilhabahia.com.br\/index.php\/wp-json\/wp\/v2\/categories?post=4668"},{"taxonomy":"post_tag","embeddable":true,"href":"https:\/\/compartilhabahia.com.br\/index.php\/wp-json\/wp\/v2\/tags?post=4668"}],"curies":[{"name":"wp","href":"https:\/\/api.w.org\/{rel}","templated":true}]}}