{"id":4664,"date":"2024-12-24T00:50:53","date_gmt":"2024-12-24T00:50:53","guid":{"rendered":"https:\/\/compartilhabahia.com.br\/?p=4664"},"modified":"2024-12-24T00:51:39","modified_gmt":"2024-12-24T00:51:39","slug":"bercario-natural-nascimento-de-tartarugas-marinhas-e-soltura-dos-filhotes-para-o-mar-mobiliza-moradores-e-comunidade-em-busca-vida","status":"publish","type":"post","link":"https:\/\/compartilhabahia.com.br\/index.php\/2024\/12\/24\/bercario-natural-nascimento-de-tartarugas-marinhas-e-soltura-dos-filhotes-para-o-mar-mobiliza-moradores-e-comunidade-em-busca-vida\/","title":{"rendered":"Ber\u00e7\u00e1rio natural: Nascimento de tartarugas marinhas e soltura dos filhotes para o mar mobiliza moradores e comunidade em Busca Vida"},"content":{"rendered":"\n<p><\/p>\n\n\n\n<p>A temporada de reprodu\u00e7\u00e3o das tartarugas marinhas segue intensamente e os nascimentos de filhotes j\u00e1 est\u00e3o acontecendo naturalmente na praia de Busca Vida, localizada em Cama\u00e7ari, no litoral norte baiano. E para superar as amea\u00e7as que rondam a exist\u00eancia dessa esp\u00e9cie e proteger esses animais t\u00e3o importantes para a nossa biodiversidade, a comunidade e moradores do Condom\u00ednio Busca Vida (CBV) j\u00e1 est\u00e3o mobilizados, atrav\u00e9s de campanhas educativas e de conscientiza\u00e7\u00e3o, em parceria com a Funda\u00e7\u00e3o Projeto Tamar.<\/p>\n\n\n\n<figure class=\"wp-block-embed is-type-video is-provider-youtube wp-block-embed-youtube wp-embed-aspect-16-9 wp-has-aspect-ratio\"><div class=\"wp-block-embed__wrapper\">\n<iframe loading=\"lazy\" title=\"Nascimento de tartarugas marinhas e soltura dos filhotes\" width=\"640\" height=\"360\" src=\"https:\/\/www.youtube.com\/embed\/M6_sVPYthIM?feature=oembed\" frameborder=\"0\" allow=\"accelerometer; autoplay; clipboard-write; encrypted-media; gyroscope; picture-in-picture; web-share\" referrerpolicy=\"strict-origin-when-cross-origin\" allowfullscreen><\/iframe>\n<\/div><\/figure>\n\n\n\n<p>De acordo com Marcelo Dourado, s\u00edndico administrador do CBV, a praia de Busca Vida \u00e9 uma das preferidas pelas tartarugas marinhas no momento da desova, que se intensifica no decorrer do Ver\u00e3o. Essa escolha se d\u00e1 pelo fato de a \u00e1rea ser bastante tranquila, silenciosa e escura \u00e0 noite, quando os filhotes seguem em dire\u00e7\u00e3o ao mar. \u201cPor esta raz\u00e3o, os humanos devem adotar uma s\u00e9rie de cuidados, visando a prote\u00e7\u00e3o desses animais, sobretudo durante a alta esta\u00e7\u00e3o, quando a ida \u00e0s praias se torna mais frequente\u201d, explica.<\/p>\n\n\n\n<p>A bi\u00f3loga Nathalia Berchieri, do Projeto Tamar, informa que n\u00e3o h\u00e1 como prever o momento exato da caminhada dos filhotes, pois depender\u00e1 dos nascimentos e principalmente se haver\u00e1 filhotes retidos dentro do ninho, j\u00e1 que o esperado \u00e9 que a maioria deles saia sozinha. \u201cComo acordado nos anos anteriores e j\u00e1 vem ocorrendo h\u00e1 algumas semanas, nossa equipe informa a administra\u00e7\u00e3o do condom\u00ednio pela manh\u00e3 para realizar a atividade de soltura no final do dia, seguindo os protocolos de conserva\u00e7\u00e3o\u201d, explica.<\/p>\n\n\n\n<p>A Comiss\u00e3o de Meio Ambiente do CBV tamb\u00e9m incentiva alguns h\u00e1bitos simples e pr\u00e1ticos para proteger as tartarugas, como manter a \u00e1rea escura \u00e0 noite ou com luzes fracas, sem fogueiras ou realiza\u00e7\u00e3o de luaus, pois a luminosidade desorienta as tartarugas; recolher objetos e n\u00e3o deixar cadeiras, sombreiros e outros equipamentos fixos na areia, a fim de n\u00e3o criar obst\u00e1culos para os animais; passear de coleira com os pets e n\u00e3o usar ve\u00edculos na praia. A equipe de ambientalistas do CBV tamb\u00e9m orienta a evitar o uso de rastelo para a limpeza da praia, pois o equipamento pode apagar os rastros que ajudam os pesquisadores a localizar e monitorar os ninhos e os filhotes e tamb\u00e9m a n\u00e3o remover as estacas identificadas pelo Tamar, pois esta retirada compromete as informa\u00e7\u00f5es biol\u00f3gicas que v\u00e3o sendo catalogadas ao longo dos anos.<\/p>\n\n\n\n<p>Al\u00e9m dessas recomenda\u00e7\u00f5es, Marcelo Dourado alerta para a import\u00e2ncia das legisla\u00e7\u00f5es ambientais de prote\u00e7\u00e3o aos ninhos e filhotes, como a Lei 9605\/1998, que orienta a n\u00e3o manusear ovos, f\u00eameas ou filhotes; a Portaria 11\/1995 do IBAMA e a Lei Estadual 7034\/1997, que trata da foto polui\u00e7\u00e3o e n\u00e3o permitem a instala\u00e7\u00e3o de luzes a 50 metros da mar\u00e9 alta; a Portaria 10\/1995 e a Lei Municipal 431\/1995, que pro\u00edbe o tr\u00e2nsito de ve\u00edculos na areia; e a Lei Municipal 429\/1999, que regula o acesso de animais de estima\u00e7\u00e3o na \u00e1rea.<\/p>\n\n\n\n<figure class=\"wp-block-embed is-type-video is-provider-youtube wp-block-embed-youtube wp-embed-aspect-16-9 wp-has-aspect-ratio\"><div class=\"wp-block-embed__wrapper\">\n<iframe loading=\"lazy\" title=\"Nascimento de tartarugas marinhas e soltura dos filhotes\" width=\"640\" height=\"360\" src=\"https:\/\/www.youtube.com\/embed\/zEr9F0zSEYw?feature=oembed\" frameborder=\"0\" allow=\"accelerometer; autoplay; clipboard-write; encrypted-media; gyroscope; picture-in-picture; web-share\" referrerpolicy=\"strict-origin-when-cross-origin\" allowfullscreen><\/iframe>\n<\/div><\/figure>\n\n\n\n<figure class=\"wp-block-image size-large\"><img loading=\"lazy\" decoding=\"async\" width=\"574\" height=\"1024\" src=\"https:\/\/compartilhabahia.com.br\/wp-content\/uploads\/2024\/12\/WhatsApp-Image-2024-12-23-at-12.30.38-574x1024.jpeg\" alt=\"\" class=\"wp-image-4666\" srcset=\"https:\/\/compartilhabahia.com.br\/wp-content\/uploads\/2024\/12\/WhatsApp-Image-2024-12-23-at-12.30.38-574x1024.jpeg 574w, https:\/\/compartilhabahia.com.br\/wp-content\/uploads\/2024\/12\/WhatsApp-Image-2024-12-23-at-12.30.38-168x300.jpeg 168w, https:\/\/compartilhabahia.com.br\/wp-content\/uploads\/2024\/12\/WhatsApp-Image-2024-12-23-at-12.30.38.jpeg 718w\" sizes=\"auto, (max-width: 574px) 100vw, 574px\" \/><\/figure>\n","protected":false},"excerpt":{"rendered":"<p>A temporada de reprodu\u00e7\u00e3o das tartarugas marinhas segue intensamente e os nascimentos de filhotes j\u00e1 est\u00e3o acontecendo naturalmente na praia de Busca Vida, localizada em Cama\u00e7ari, no litoral norte baiano. E para superar as amea\u00e7as que rondam a exist\u00eancia dessa esp\u00e9cie e proteger esses animais t\u00e3o importantes para a nossa biodiversidade, a comunidade e moradores [&hellip;]<\/p>\n","protected":false},"author":1,"featured_media":4665,"comment_status":"open","ping_status":"open","sticky":false,"template":"","format":"standard","meta":{"footnotes":""},"categories":[10,4,8],"tags":[],"class_list":["post-4664","post","type-post","status-publish","format-standard","has-post-thumbnail","hentry","category-bahia","category-brasil","category-camacari"],"yoast_head":"<!-- This site is optimized with the Yoast SEO plugin v21.7 - https:\/\/yoast.com\/wordpress\/plugins\/seo\/ -->\n<title>Ber\u00e7\u00e1rio natural: Nascimento de tartarugas marinhas e soltura dos filhotes para o mar mobiliza moradores e comunidade em Busca Vida - Compartilha Bahia<\/title>\n<meta name=\"robots\" content=\"index, follow, max-snippet:-1, max-image-preview:large, max-video-preview:-1\" \/>\n<link rel=\"canonical\" href=\"https:\/\/compartilhabahia.com.br\/index.php\/2024\/12\/24\/bercario-natural-nascimento-de-tartarugas-marinhas-e-soltura-dos-filhotes-para-o-mar-mobiliza-moradores-e-comunidade-em-busca-vida\/\" \/>\n<meta property=\"og:locale\" content=\"pt_BR\" \/>\n<meta property=\"og:type\" content=\"article\" \/>\n<meta property=\"og:title\" content=\"Ber\u00e7\u00e1rio natural: Nascimento de tartarugas marinhas e soltura dos filhotes para o mar mobiliza moradores e comunidade em Busca Vida - Compartilha Bahia\" \/>\n<meta property=\"og:description\" content=\"A temporada de reprodu\u00e7\u00e3o das tartarugas marinhas segue intensamente e os nascimentos de filhotes j\u00e1 est\u00e3o acontecendo naturalmente na praia de Busca Vida, localizada em Cama\u00e7ari, no litoral norte baiano. E para superar as amea\u00e7as que rondam a exist\u00eancia dessa esp\u00e9cie e proteger esses animais t\u00e3o importantes para a nossa biodiversidade, a comunidade e moradores [&hellip;]\" \/>\n<meta property=\"og:url\" content=\"https:\/\/compartilhabahia.com.br\/index.php\/2024\/12\/24\/bercario-natural-nascimento-de-tartarugas-marinhas-e-soltura-dos-filhotes-para-o-mar-mobiliza-moradores-e-comunidade-em-busca-vida\/\" \/>\n<meta property=\"og:site_name\" content=\"Compartilha Bahia\" \/>\n<meta property=\"article:publisher\" content=\"https:\/\/web.facebook.com\/compartilhabahia\" \/>\n<meta property=\"article:published_time\" content=\"2024-12-24T00:50:53+00:00\" \/>\n<meta property=\"article:modified_time\" content=\"2024-12-24T00:51:39+00:00\" \/>\n<meta property=\"og:image\" content=\"https:\/\/compartilhabahia.com.br\/wp-content\/uploads\/2024\/12\/becariotartaruga.jpg\" \/>\n\t<meta property=\"og:image:width\" content=\"1280\" \/>\n\t<meta property=\"og:image:height\" content=\"769\" \/>\n\t<meta property=\"og:image:type\" content=\"image\/jpeg\" \/>\n<meta name=\"author\" content=\"admin\" \/>\n<meta name=\"twitter:card\" content=\"summary_large_image\" \/>\n<meta name=\"twitter:label1\" content=\"Escrito por\" \/>\n\t<meta name=\"twitter:data1\" content=\"admin\" \/>\n\t<meta name=\"twitter:label2\" content=\"Est. tempo de leitura\" \/>\n\t<meta name=\"twitter:data2\" content=\"4 minutos\" \/>\n<script type=\"application\/ld+json\" class=\"yoast-schema-graph\">{\"@context\":\"https:\/\/schema.org\",\"@graph\":[{\"@type\":\"Article\",\"@id\":\"https:\/\/compartilhabahia.com.br\/index.php\/2024\/12\/24\/bercario-natural-nascimento-de-tartarugas-marinhas-e-soltura-dos-filhotes-para-o-mar-mobiliza-moradores-e-comunidade-em-busca-vida\/#article\",\"isPartOf\":{\"@id\":\"https:\/\/compartilhabahia.com.br\/index.php\/2024\/12\/24\/bercario-natural-nascimento-de-tartarugas-marinhas-e-soltura-dos-filhotes-para-o-mar-mobiliza-moradores-e-comunidade-em-busca-vida\/\"},\"author\":{\"name\":\"admin\",\"@id\":\"https:\/\/compartilhabahia.com.br\/#\/schema\/person\/9b4f0c3178793b8248d6686732521c04\"},\"headline\":\"Ber\u00e7\u00e1rio natural: Nascimento de tartarugas marinhas e soltura dos filhotes para o mar mobiliza moradores e comunidade em Busca Vida\",\"datePublished\":\"2024-12-24T00:50:53+00:00\",\"dateModified\":\"2024-12-24T00:51:39+00:00\",\"mainEntityOfPage\":{\"@id\":\"https:\/\/compartilhabahia.com.br\/index.php\/2024\/12\/24\/bercario-natural-nascimento-de-tartarugas-marinhas-e-soltura-dos-filhotes-para-o-mar-mobiliza-moradores-e-comunidade-em-busca-vida\/\"},\"wordCount\":553,\"commentCount\":0,\"publisher\":{\"@id\":\"https:\/\/compartilhabahia.com.br\/#organization\"},\"articleSection\":[\"Bahia\",\"Brasil\",\"Cama\u00e7ari\"],\"inLanguage\":\"pt-BR\",\"potentialAction\":[{\"@type\":\"CommentAction\",\"name\":\"Comment\",\"target\":[\"https:\/\/compartilhabahia.com.br\/index.php\/2024\/12\/24\/bercario-natural-nascimento-de-tartarugas-marinhas-e-soltura-dos-filhotes-para-o-mar-mobiliza-moradores-e-comunidade-em-busca-vida\/#respond\"]}]},{\"@type\":\"WebPage\",\"@id\":\"https:\/\/compartilhabahia.com.br\/index.php\/2024\/12\/24\/bercario-natural-nascimento-de-tartarugas-marinhas-e-soltura-dos-filhotes-para-o-mar-mobiliza-moradores-e-comunidade-em-busca-vida\/\",\"url\":\"https:\/\/compartilhabahia.com.br\/index.php\/2024\/12\/24\/bercario-natural-nascimento-de-tartarugas-marinhas-e-soltura-dos-filhotes-para-o-mar-mobiliza-moradores-e-comunidade-em-busca-vida\/\",\"name\":\"Ber\u00e7\u00e1rio natural: Nascimento de tartarugas marinhas e soltura dos filhotes para o mar mobiliza moradores e comunidade em Busca Vida - Compartilha Bahia\",\"isPartOf\":{\"@id\":\"https:\/\/compartilhabahia.com.br\/#website\"},\"datePublished\":\"2024-12-24T00:50:53+00:00\",\"dateModified\":\"2024-12-24T00:51:39+00:00\",\"breadcrumb\":{\"@id\":\"https:\/\/compartilhabahia.com.br\/index.php\/2024\/12\/24\/bercario-natural-nascimento-de-tartarugas-marinhas-e-soltura-dos-filhotes-para-o-mar-mobiliza-moradores-e-comunidade-em-busca-vida\/#breadcrumb\"},\"inLanguage\":\"pt-BR\",\"potentialAction\":[{\"@type\":\"ReadAction\",\"target\":[\"https:\/\/compartilhabahia.com.br\/index.php\/2024\/12\/24\/bercario-natural-nascimento-de-tartarugas-marinhas-e-soltura-dos-filhotes-para-o-mar-mobiliza-moradores-e-comunidade-em-busca-vida\/\"]}]},{\"@type\":\"BreadcrumbList\",\"@id\":\"https:\/\/compartilhabahia.com.br\/index.php\/2024\/12\/24\/bercario-natural-nascimento-de-tartarugas-marinhas-e-soltura-dos-filhotes-para-o-mar-mobiliza-moradores-e-comunidade-em-busca-vida\/#breadcrumb\",\"itemListElement\":[{\"@type\":\"ListItem\",\"position\":1,\"name\":\"In\u00edcio\",\"item\":\"https:\/\/compartilhabahia.com.br\/\"},{\"@type\":\"ListItem\",\"position\":2,\"name\":\"Ber\u00e7\u00e1rio natural: Nascimento de tartarugas marinhas e soltura dos filhotes para o mar mobiliza moradores e comunidade em Busca Vida\"}]},{\"@type\":\"WebSite\",\"@id\":\"https:\/\/compartilhabahia.com.br\/#website\",\"url\":\"https:\/\/compartilhabahia.com.br\/\",\"name\":\"Compartilha Bahia\",\"description\":\"\",\"publisher\":{\"@id\":\"https:\/\/compartilhabahia.com.br\/#organization\"},\"potentialAction\":[{\"@type\":\"SearchAction\",\"target\":{\"@type\":\"EntryPoint\",\"urlTemplate\":\"https:\/\/compartilhabahia.com.br\/?s={search_term_string}\"},\"query-input\":\"required name=search_term_string\"}],\"inLanguage\":\"pt-BR\"},{\"@type\":\"Organization\",\"@id\":\"https:\/\/compartilhabahia.com.br\/#organization\",\"name\":\"Compartilha Bahia\",\"url\":\"https:\/\/compartilhabahia.com.br\/\",\"logo\":{\"@type\":\"ImageObject\",\"inLanguage\":\"pt-BR\",\"@id\":\"https:\/\/compartilhabahia.com.br\/#\/schema\/logo\/image\/\",\"url\":\"https:\/\/compartilhabahia.com.br\/wp-content\/uploads\/2023\/12\/cropped-logo.png\",\"contentUrl\":\"https:\/\/compartilhabahia.com.br\/wp-content\/uploads\/2023\/12\/cropped-logo.png\",\"width\":300,\"height\":106,\"caption\":\"Compartilha Bahia\"},\"image\":{\"@id\":\"https:\/\/compartilhabahia.com.br\/#\/schema\/logo\/image\/\"},\"sameAs\":[\"https:\/\/web.facebook.com\/compartilhabahia\",\"https:\/\/www.instagram.com\/compartilhabahia\/\"]},{\"@type\":\"Person\",\"@id\":\"https:\/\/compartilhabahia.com.br\/#\/schema\/person\/9b4f0c3178793b8248d6686732521c04\",\"name\":\"admin\",\"image\":{\"@type\":\"ImageObject\",\"inLanguage\":\"pt-BR\",\"@id\":\"https:\/\/compartilhabahia.com.br\/#\/schema\/person\/image\/\",\"url\":\"https:\/\/secure.gravatar.com\/avatar\/9600df58751c5acbe914c538c03390ef649ea088cb65f84ba09c7ce66988eed6?s=96&d=mm&r=g\",\"contentUrl\":\"https:\/\/secure.gravatar.com\/avatar\/9600df58751c5acbe914c538c03390ef649ea088cb65f84ba09c7ce66988eed6?s=96&d=mm&r=g\",\"caption\":\"admin\"},\"sameAs\":[\"https:\/\/compartilhabahia.com.br\"],\"url\":\"https:\/\/compartilhabahia.com.br\/index.php\/author\/compartilhabahia\/\"}]}<\/script>\n<!-- \/ Yoast SEO plugin. -->","yoast_head_json":{"title":"Ber\u00e7\u00e1rio natural: Nascimento de tartarugas marinhas e soltura dos filhotes para o mar mobiliza moradores e comunidade em Busca Vida - Compartilha Bahia","robots":{"index":"index","follow":"follow","max-snippet":"max-snippet:-1","max-image-preview":"max-image-preview:large","max-video-preview":"max-video-preview:-1"},"canonical":"https:\/\/compartilhabahia.com.br\/index.php\/2024\/12\/24\/bercario-natural-nascimento-de-tartarugas-marinhas-e-soltura-dos-filhotes-para-o-mar-mobiliza-moradores-e-comunidade-em-busca-vida\/","og_locale":"pt_BR","og_type":"article","og_title":"Ber\u00e7\u00e1rio natural: Nascimento de tartarugas marinhas e soltura dos filhotes para o mar mobiliza moradores e comunidade em Busca Vida - Compartilha Bahia","og_description":"A temporada de reprodu\u00e7\u00e3o das tartarugas marinhas segue intensamente e os nascimentos de filhotes j\u00e1 est\u00e3o acontecendo naturalmente na praia de Busca Vida, localizada em Cama\u00e7ari, no litoral norte baiano. E para superar as amea\u00e7as que rondam a exist\u00eancia dessa esp\u00e9cie e proteger esses animais t\u00e3o importantes para a nossa biodiversidade, a comunidade e moradores [&hellip;]","og_url":"https:\/\/compartilhabahia.com.br\/index.php\/2024\/12\/24\/bercario-natural-nascimento-de-tartarugas-marinhas-e-soltura-dos-filhotes-para-o-mar-mobiliza-moradores-e-comunidade-em-busca-vida\/","og_site_name":"Compartilha Bahia","article_publisher":"https:\/\/web.facebook.com\/compartilhabahia","article_published_time":"2024-12-24T00:50:53+00:00","article_modified_time":"2024-12-24T00:51:39+00:00","og_image":[{"width":1280,"height":769,"url":"https:\/\/compartilhabahia.com.br\/wp-content\/uploads\/2024\/12\/becariotartaruga.jpg","type":"image\/jpeg"}],"author":"admin","twitter_card":"summary_large_image","twitter_misc":{"Escrito por":"admin","Est. tempo de leitura":"4 minutos"},"schema":{"@context":"https:\/\/schema.org","@graph":[{"@type":"Article","@id":"https:\/\/compartilhabahia.com.br\/index.php\/2024\/12\/24\/bercario-natural-nascimento-de-tartarugas-marinhas-e-soltura-dos-filhotes-para-o-mar-mobiliza-moradores-e-comunidade-em-busca-vida\/#article","isPartOf":{"@id":"https:\/\/compartilhabahia.com.br\/index.php\/2024\/12\/24\/bercario-natural-nascimento-de-tartarugas-marinhas-e-soltura-dos-filhotes-para-o-mar-mobiliza-moradores-e-comunidade-em-busca-vida\/"},"author":{"name":"admin","@id":"https:\/\/compartilhabahia.com.br\/#\/schema\/person\/9b4f0c3178793b8248d6686732521c04"},"headline":"Ber\u00e7\u00e1rio natural: Nascimento de tartarugas marinhas e soltura dos filhotes para o mar mobiliza moradores e comunidade em Busca Vida","datePublished":"2024-12-24T00:50:53+00:00","dateModified":"2024-12-24T00:51:39+00:00","mainEntityOfPage":{"@id":"https:\/\/compartilhabahia.com.br\/index.php\/2024\/12\/24\/bercario-natural-nascimento-de-tartarugas-marinhas-e-soltura-dos-filhotes-para-o-mar-mobiliza-moradores-e-comunidade-em-busca-vida\/"},"wordCount":553,"commentCount":0,"publisher":{"@id":"https:\/\/compartilhabahia.com.br\/#organization"},"articleSection":["Bahia","Brasil","Cama\u00e7ari"],"inLanguage":"pt-BR","potentialAction":[{"@type":"CommentAction","name":"Comment","target":["https:\/\/compartilhabahia.com.br\/index.php\/2024\/12\/24\/bercario-natural-nascimento-de-tartarugas-marinhas-e-soltura-dos-filhotes-para-o-mar-mobiliza-moradores-e-comunidade-em-busca-vida\/#respond"]}]},{"@type":"WebPage","@id":"https:\/\/compartilhabahia.com.br\/index.php\/2024\/12\/24\/bercario-natural-nascimento-de-tartarugas-marinhas-e-soltura-dos-filhotes-para-o-mar-mobiliza-moradores-e-comunidade-em-busca-vida\/","url":"https:\/\/compartilhabahia.com.br\/index.php\/2024\/12\/24\/bercario-natural-nascimento-de-tartarugas-marinhas-e-soltura-dos-filhotes-para-o-mar-mobiliza-moradores-e-comunidade-em-busca-vida\/","name":"Ber\u00e7\u00e1rio natural: Nascimento de tartarugas marinhas e soltura dos filhotes para o mar mobiliza moradores e comunidade em Busca Vida - Compartilha Bahia","isPartOf":{"@id":"https:\/\/compartilhabahia.com.br\/#website"},"datePublished":"2024-12-24T00:50:53+00:00","dateModified":"2024-12-24T00:51:39+00:00","breadcrumb":{"@id":"https:\/\/compartilhabahia.com.br\/index.php\/2024\/12\/24\/bercario-natural-nascimento-de-tartarugas-marinhas-e-soltura-dos-filhotes-para-o-mar-mobiliza-moradores-e-comunidade-em-busca-vida\/#breadcrumb"},"inLanguage":"pt-BR","potentialAction":[{"@type":"ReadAction","target":["https:\/\/compartilhabahia.com.br\/index.php\/2024\/12\/24\/bercario-natural-nascimento-de-tartarugas-marinhas-e-soltura-dos-filhotes-para-o-mar-mobiliza-moradores-e-comunidade-em-busca-vida\/"]}]},{"@type":"BreadcrumbList","@id":"https:\/\/compartilhabahia.com.br\/index.php\/2024\/12\/24\/bercario-natural-nascimento-de-tartarugas-marinhas-e-soltura-dos-filhotes-para-o-mar-mobiliza-moradores-e-comunidade-em-busca-vida\/#breadcrumb","itemListElement":[{"@type":"ListItem","position":1,"name":"In\u00edcio","item":"https:\/\/compartilhabahia.com.br\/"},{"@type":"ListItem","position":2,"name":"Ber\u00e7\u00e1rio natural: Nascimento de tartarugas marinhas e soltura dos filhotes para o mar mobiliza moradores e comunidade em Busca Vida"}]},{"@type":"WebSite","@id":"https:\/\/compartilhabahia.com.br\/#website","url":"https:\/\/compartilhabahia.com.br\/","name":"Compartilha Bahia","description":"","publisher":{"@id":"https:\/\/compartilhabahia.com.br\/#organization"},"potentialAction":[{"@type":"SearchAction","target":{"@type":"EntryPoint","urlTemplate":"https:\/\/compartilhabahia.com.br\/?s={search_term_string}"},"query-input":"required name=search_term_string"}],"inLanguage":"pt-BR"},{"@type":"Organization","@id":"https:\/\/compartilhabahia.com.br\/#organization","name":"Compartilha Bahia","url":"https:\/\/compartilhabahia.com.br\/","logo":{"@type":"ImageObject","inLanguage":"pt-BR","@id":"https:\/\/compartilhabahia.com.br\/#\/schema\/logo\/image\/","url":"https:\/\/compartilhabahia.com.br\/wp-content\/uploads\/2023\/12\/cropped-logo.png","contentUrl":"https:\/\/compartilhabahia.com.br\/wp-content\/uploads\/2023\/12\/cropped-logo.png","width":300,"height":106,"caption":"Compartilha Bahia"},"image":{"@id":"https:\/\/compartilhabahia.com.br\/#\/schema\/logo\/image\/"},"sameAs":["https:\/\/web.facebook.com\/compartilhabahia","https:\/\/www.instagram.com\/compartilhabahia\/"]},{"@type":"Person","@id":"https:\/\/compartilhabahia.com.br\/#\/schema\/person\/9b4f0c3178793b8248d6686732521c04","name":"admin","image":{"@type":"ImageObject","inLanguage":"pt-BR","@id":"https:\/\/compartilhabahia.com.br\/#\/schema\/person\/image\/","url":"https:\/\/secure.gravatar.com\/avatar\/9600df58751c5acbe914c538c03390ef649ea088cb65f84ba09c7ce66988eed6?s=96&d=mm&r=g","contentUrl":"https:\/\/secure.gravatar.com\/avatar\/9600df58751c5acbe914c538c03390ef649ea088cb65f84ba09c7ce66988eed6?s=96&d=mm&r=g","caption":"admin"},"sameAs":["https:\/\/compartilhabahia.com.br"],"url":"https:\/\/compartilhabahia.com.br\/index.php\/author\/compartilhabahia\/"}]}},"_links":{"self":[{"href":"https:\/\/compartilhabahia.com.br\/index.php\/wp-json\/wp\/v2\/posts\/4664","targetHints":{"allow":["GET"]}}],"collection":[{"href":"https:\/\/compartilhabahia.com.br\/index.php\/wp-json\/wp\/v2\/posts"}],"about":[{"href":"https:\/\/compartilhabahia.com.br\/index.php\/wp-json\/wp\/v2\/types\/post"}],"author":[{"embeddable":true,"href":"https:\/\/compartilhabahia.com.br\/index.php\/wp-json\/wp\/v2\/users\/1"}],"replies":[{"embeddable":true,"href":"https:\/\/compartilhabahia.com.br\/index.php\/wp-json\/wp\/v2\/comments?post=4664"}],"version-history":[{"count":1,"href":"https:\/\/compartilhabahia.com.br\/index.php\/wp-json\/wp\/v2\/posts\/4664\/revisions"}],"predecessor-version":[{"id":4667,"href":"https:\/\/compartilhabahia.com.br\/index.php\/wp-json\/wp\/v2\/posts\/4664\/revisions\/4667"}],"wp:featuredmedia":[{"embeddable":true,"href":"https:\/\/compartilhabahia.com.br\/index.php\/wp-json\/wp\/v2\/media\/4665"}],"wp:attachment":[{"href":"https:\/\/compartilhabahia.com.br\/index.php\/wp-json\/wp\/v2\/media?parent=4664"}],"wp:term":[{"taxonomy":"category","embeddable":true,"href":"https:\/\/compartilhabahia.com.br\/index.php\/wp-json\/wp\/v2\/categories?post=4664"},{"taxonomy":"post_tag","embeddable":true,"href":"https:\/\/compartilhabahia.com.br\/index.php\/wp-json\/wp\/v2\/tags?post=4664"}],"curies":[{"name":"wp","href":"https:\/\/api.w.org\/{rel}","templated":true}]}}