{"id":4658,"date":"2024-12-22T15:05:04","date_gmt":"2024-12-22T15:05:04","guid":{"rendered":"https:\/\/compartilhabahia.com.br\/?p=4658"},"modified":"2024-12-22T15:10:24","modified_gmt":"2024-12-22T15:10:24","slug":"o-prefeito-luiz-caetano-e-o-presidente-frances-emmanuel-macron-a-catedral-de-notre-dame-de-paris-e-a-catedral-sao-thomaz-de-cantuaria-de-camacari","status":"publish","type":"post","link":"https:\/\/compartilhabahia.com.br\/index.php\/2024\/12\/22\/o-prefeito-luiz-caetano-e-o-presidente-frances-emmanuel-macron-a-catedral-de-notre-dame-de-paris-e-a-catedral-sao-thomaz-de-cantuaria-de-camacari\/","title":{"rendered":"O prefeito Luiz Caetano e o presidente franc\u00eas Emmanuel Macron, a Catedral de Notre-Dame de Paris e a Catedral S\u00e3o Thomaz de Cantu\u00e1ria de Cama\u00e7ari"},"content":{"rendered":"\n<p><br>Uma das noticias mais veiculadas no m\u00eas de dezembro de 2024 em todo mundo, provavelmente foi a da reabertura da Catedral de Notre-Dame de Paris, depois da conclus\u00e3o de sua restaura\u00e7\u00e3o ap\u00f3s o inc\u00eandio de 15 de abril de 2019, que ocorreu em 7 de dezembro de 2024. Os eventos que marcaram a sua reabertura foram presididos pelo Arcebispo de Paris e contaram com a presen\u00e7a de um grande n\u00famero de chefes de Estado e de governo, atuais e antigos. Em seguida, houve uma Missa inaugural em 8 de dezembro, dia da Imaculada Concei\u00e7\u00e3o.<\/p>\n\n\n\n<p><br>Dois dias ap\u00f3s o inc\u00eandio em 17 de abril de 2019, o presidente franc\u00eas Emmanuel Macron estabeleceu um prazo de cinco anos para restaurar a catedral. At\u00e9 setembro de 2021, os doadores contribu\u00edram com mais de 840 milh\u00f5es de euros para o esfor\u00e7o de reconstru\u00e7\u00e3o.<\/p>\n\n\n\n<p><br>Toda a restaura\u00e7\u00e3o foi paga com dinheiro vindo das doa\u00e7\u00f5es, ou seja, o presidente n\u00e3o colocou dinheiro publico, mas liderou o movimento que fez com que pessoas e empresas da iniciativa privada bancasse a obra.<\/p>\n\n\n\n<p><br>Em terras baianas a Diocese de Cama\u00e7ari completa 10 anos e a Catedral S\u00e3o Thomaz de Cantu\u00e1ria mantem os mesmos tra\u00e7os de quando era ainda a Igreja Matriz da par\u00f3quia local, mas j\u00e1 permeia no cora\u00e7\u00e3o do Bispo Dom Dirceu a vontade de restaurar a Igreja Catedral localizada na Pra\u00e7a Desembargador Monte Negro.<\/p>\n\n\n\n<p><br>Tomara que o prefeito eleito Luiz Caetano, ap\u00f3s tomar posse em 1\u00ba de Janeiro de 2025, fa\u00e7a como presidente franc\u00eas Emmanuel Macron e estabele\u00e7a um prazo e lidere a sociedade cama\u00e7ariense, principalmente os setores econ\u00f4micos mais abastados, como, por exemplo, construtoras, comerciantes e industriais, para que em conjunto viabilizem os recursos necess\u00e1rios para que a Diocese possa restaurar a Catedral de S\u00e3o Thomaz de Cantu\u00e1ria, e que a nova arquitetura seja como s\u00edmbolo de uma nova Cama\u00e7ari, que renasce com o novo governo e com o novo polo industrial, agora abrilhantado com BYD.<\/p>\n","protected":false},"excerpt":{"rendered":"<p>Uma das noticias mais veiculadas no m\u00eas de dezembro de 2024 em todo mundo, provavelmente foi a da reabertura da Catedral de Notre-Dame de Paris, depois da conclus\u00e3o de sua restaura\u00e7\u00e3o ap\u00f3s o inc\u00eandio de 15 de abril de 2019, que ocorreu em 7 de dezembro de 2024. Os eventos que marcaram a sua reabertura [&hellip;]<\/p>\n","protected":false},"author":1,"featured_media":4659,"comment_status":"open","ping_status":"open","sticky":false,"template":"","format":"standard","meta":{"footnotes":""},"categories":[8],"tags":[],"class_list":["post-4658","post","type-post","status-publish","format-standard","has-post-thumbnail","hentry","category-camacari"],"yoast_head":"<!-- This site is optimized with the Yoast SEO plugin v21.7 - https:\/\/yoast.com\/wordpress\/plugins\/seo\/ -->\n<title>O prefeito Luiz Caetano e o presidente franc\u00eas Emmanuel Macron, a Catedral de Notre-Dame de Paris e a Catedral S\u00e3o Thomaz de Cantu\u00e1ria de Cama\u00e7ari - Compartilha Bahia<\/title>\n<meta name=\"robots\" content=\"index, follow, max-snippet:-1, max-image-preview:large, max-video-preview:-1\" \/>\n<link rel=\"canonical\" href=\"https:\/\/compartilhabahia.com.br\/index.php\/2024\/12\/22\/o-prefeito-luiz-caetano-e-o-presidente-frances-emmanuel-macron-a-catedral-de-notre-dame-de-paris-e-a-catedral-sao-thomaz-de-cantuaria-de-camacari\/\" \/>\n<meta property=\"og:locale\" content=\"pt_BR\" \/>\n<meta property=\"og:type\" content=\"article\" \/>\n<meta property=\"og:title\" content=\"O prefeito Luiz Caetano e o presidente franc\u00eas Emmanuel Macron, a Catedral de Notre-Dame de Paris e a Catedral S\u00e3o Thomaz de Cantu\u00e1ria de Cama\u00e7ari - Compartilha Bahia\" \/>\n<meta property=\"og:description\" content=\"Uma das noticias mais veiculadas no m\u00eas de dezembro de 2024 em todo mundo, provavelmente foi a da reabertura da Catedral de Notre-Dame de Paris, depois da conclus\u00e3o de sua restaura\u00e7\u00e3o ap\u00f3s o inc\u00eandio de 15 de abril de 2019, que ocorreu em 7 de dezembro de 2024. Os eventos que marcaram a sua reabertura [&hellip;]\" \/>\n<meta property=\"og:url\" content=\"https:\/\/compartilhabahia.com.br\/index.php\/2024\/12\/22\/o-prefeito-luiz-caetano-e-o-presidente-frances-emmanuel-macron-a-catedral-de-notre-dame-de-paris-e-a-catedral-sao-thomaz-de-cantuaria-de-camacari\/\" \/>\n<meta property=\"og:site_name\" content=\"Compartilha Bahia\" \/>\n<meta property=\"article:publisher\" content=\"https:\/\/web.facebook.com\/compartilhabahia\" \/>\n<meta property=\"article:published_time\" content=\"2024-12-22T15:05:04+00:00\" \/>\n<meta property=\"article:modified_time\" content=\"2024-12-22T15:10:24+00:00\" \/>\n<meta property=\"og:image\" content=\"https:\/\/compartilhabahia.com.br\/wp-content\/uploads\/2024\/12\/catedralntredame.jpg\" \/>\n\t<meta property=\"og:image:width\" content=\"1440\" \/>\n\t<meta property=\"og:image:height\" content=\"756\" \/>\n\t<meta property=\"og:image:type\" content=\"image\/jpeg\" \/>\n<meta name=\"author\" content=\"admin\" \/>\n<meta name=\"twitter:card\" content=\"summary_large_image\" \/>\n<meta name=\"twitter:label1\" content=\"Escrito por\" \/>\n\t<meta name=\"twitter:data1\" content=\"admin\" \/>\n\t<meta name=\"twitter:label2\" content=\"Est. tempo de leitura\" \/>\n\t<meta name=\"twitter:data2\" content=\"2 minutos\" \/>\n<script type=\"application\/ld+json\" class=\"yoast-schema-graph\">{\"@context\":\"https:\/\/schema.org\",\"@graph\":[{\"@type\":\"Article\",\"@id\":\"https:\/\/compartilhabahia.com.br\/index.php\/2024\/12\/22\/o-prefeito-luiz-caetano-e-o-presidente-frances-emmanuel-macron-a-catedral-de-notre-dame-de-paris-e-a-catedral-sao-thomaz-de-cantuaria-de-camacari\/#article\",\"isPartOf\":{\"@id\":\"https:\/\/compartilhabahia.com.br\/index.php\/2024\/12\/22\/o-prefeito-luiz-caetano-e-o-presidente-frances-emmanuel-macron-a-catedral-de-notre-dame-de-paris-e-a-catedral-sao-thomaz-de-cantuaria-de-camacari\/\"},\"author\":{\"name\":\"admin\",\"@id\":\"https:\/\/compartilhabahia.com.br\/#\/schema\/person\/9b4f0c3178793b8248d6686732521c04\"},\"headline\":\"O prefeito Luiz Caetano e o presidente franc\u00eas Emmanuel Macron, a Catedral de Notre-Dame de Paris e a Catedral S\u00e3o Thomaz de Cantu\u00e1ria de Cama\u00e7ari\",\"datePublished\":\"2024-12-22T15:05:04+00:00\",\"dateModified\":\"2024-12-22T15:10:24+00:00\",\"mainEntityOfPage\":{\"@id\":\"https:\/\/compartilhabahia.com.br\/index.php\/2024\/12\/22\/o-prefeito-luiz-caetano-e-o-presidente-frances-emmanuel-macron-a-catedral-de-notre-dame-de-paris-e-a-catedral-sao-thomaz-de-cantuaria-de-camacari\/\"},\"wordCount\":372,\"commentCount\":0,\"publisher\":{\"@id\":\"https:\/\/compartilhabahia.com.br\/#organization\"},\"articleSection\":[\"Cama\u00e7ari\"],\"inLanguage\":\"pt-BR\",\"potentialAction\":[{\"@type\":\"CommentAction\",\"name\":\"Comment\",\"target\":[\"https:\/\/compartilhabahia.com.br\/index.php\/2024\/12\/22\/o-prefeito-luiz-caetano-e-o-presidente-frances-emmanuel-macron-a-catedral-de-notre-dame-de-paris-e-a-catedral-sao-thomaz-de-cantuaria-de-camacari\/#respond\"]}]},{\"@type\":\"WebPage\",\"@id\":\"https:\/\/compartilhabahia.com.br\/index.php\/2024\/12\/22\/o-prefeito-luiz-caetano-e-o-presidente-frances-emmanuel-macron-a-catedral-de-notre-dame-de-paris-e-a-catedral-sao-thomaz-de-cantuaria-de-camacari\/\",\"url\":\"https:\/\/compartilhabahia.com.br\/index.php\/2024\/12\/22\/o-prefeito-luiz-caetano-e-o-presidente-frances-emmanuel-macron-a-catedral-de-notre-dame-de-paris-e-a-catedral-sao-thomaz-de-cantuaria-de-camacari\/\",\"name\":\"O prefeito Luiz Caetano e o presidente franc\u00eas Emmanuel Macron, a Catedral de Notre-Dame de Paris e a Catedral S\u00e3o Thomaz de Cantu\u00e1ria de Cama\u00e7ari - Compartilha Bahia\",\"isPartOf\":{\"@id\":\"https:\/\/compartilhabahia.com.br\/#website\"},\"datePublished\":\"2024-12-22T15:05:04+00:00\",\"dateModified\":\"2024-12-22T15:10:24+00:00\",\"breadcrumb\":{\"@id\":\"https:\/\/compartilhabahia.com.br\/index.php\/2024\/12\/22\/o-prefeito-luiz-caetano-e-o-presidente-frances-emmanuel-macron-a-catedral-de-notre-dame-de-paris-e-a-catedral-sao-thomaz-de-cantuaria-de-camacari\/#breadcrumb\"},\"inLanguage\":\"pt-BR\",\"potentialAction\":[{\"@type\":\"ReadAction\",\"target\":[\"https:\/\/compartilhabahia.com.br\/index.php\/2024\/12\/22\/o-prefeito-luiz-caetano-e-o-presidente-frances-emmanuel-macron-a-catedral-de-notre-dame-de-paris-e-a-catedral-sao-thomaz-de-cantuaria-de-camacari\/\"]}]},{\"@type\":\"BreadcrumbList\",\"@id\":\"https:\/\/compartilhabahia.com.br\/index.php\/2024\/12\/22\/o-prefeito-luiz-caetano-e-o-presidente-frances-emmanuel-macron-a-catedral-de-notre-dame-de-paris-e-a-catedral-sao-thomaz-de-cantuaria-de-camacari\/#breadcrumb\",\"itemListElement\":[{\"@type\":\"ListItem\",\"position\":1,\"name\":\"In\u00edcio\",\"item\":\"https:\/\/compartilhabahia.com.br\/\"},{\"@type\":\"ListItem\",\"position\":2,\"name\":\"O prefeito Luiz Caetano e o presidente franc\u00eas Emmanuel Macron, a Catedral de Notre-Dame de Paris e a Catedral S\u00e3o Thomaz de Cantu\u00e1ria de Cama\u00e7ari\"}]},{\"@type\":\"WebSite\",\"@id\":\"https:\/\/compartilhabahia.com.br\/#website\",\"url\":\"https:\/\/compartilhabahia.com.br\/\",\"name\":\"Compartilha Bahia\",\"description\":\"\",\"publisher\":{\"@id\":\"https:\/\/compartilhabahia.com.br\/#organization\"},\"potentialAction\":[{\"@type\":\"SearchAction\",\"target\":{\"@type\":\"EntryPoint\",\"urlTemplate\":\"https:\/\/compartilhabahia.com.br\/?s={search_term_string}\"},\"query-input\":\"required name=search_term_string\"}],\"inLanguage\":\"pt-BR\"},{\"@type\":\"Organization\",\"@id\":\"https:\/\/compartilhabahia.com.br\/#organization\",\"name\":\"Compartilha Bahia\",\"url\":\"https:\/\/compartilhabahia.com.br\/\",\"logo\":{\"@type\":\"ImageObject\",\"inLanguage\":\"pt-BR\",\"@id\":\"https:\/\/compartilhabahia.com.br\/#\/schema\/logo\/image\/\",\"url\":\"https:\/\/compartilhabahia.com.br\/wp-content\/uploads\/2023\/12\/cropped-logo.png\",\"contentUrl\":\"https:\/\/compartilhabahia.com.br\/wp-content\/uploads\/2023\/12\/cropped-logo.png\",\"width\":300,\"height\":106,\"caption\":\"Compartilha Bahia\"},\"image\":{\"@id\":\"https:\/\/compartilhabahia.com.br\/#\/schema\/logo\/image\/\"},\"sameAs\":[\"https:\/\/web.facebook.com\/compartilhabahia\",\"https:\/\/www.instagram.com\/compartilhabahia\/\"]},{\"@type\":\"Person\",\"@id\":\"https:\/\/compartilhabahia.com.br\/#\/schema\/person\/9b4f0c3178793b8248d6686732521c04\",\"name\":\"admin\",\"image\":{\"@type\":\"ImageObject\",\"inLanguage\":\"pt-BR\",\"@id\":\"https:\/\/compartilhabahia.com.br\/#\/schema\/person\/image\/\",\"url\":\"https:\/\/secure.gravatar.com\/avatar\/9600df58751c5acbe914c538c03390ef649ea088cb65f84ba09c7ce66988eed6?s=96&d=mm&r=g\",\"contentUrl\":\"https:\/\/secure.gravatar.com\/avatar\/9600df58751c5acbe914c538c03390ef649ea088cb65f84ba09c7ce66988eed6?s=96&d=mm&r=g\",\"caption\":\"admin\"},\"sameAs\":[\"https:\/\/compartilhabahia.com.br\"],\"url\":\"https:\/\/compartilhabahia.com.br\/index.php\/author\/compartilhabahia\/\"}]}<\/script>\n<!-- \/ Yoast SEO plugin. -->","yoast_head_json":{"title":"O prefeito Luiz Caetano e o presidente franc\u00eas Emmanuel Macron, a Catedral de Notre-Dame de Paris e a Catedral S\u00e3o Thomaz de Cantu\u00e1ria de Cama\u00e7ari - Compartilha Bahia","robots":{"index":"index","follow":"follow","max-snippet":"max-snippet:-1","max-image-preview":"max-image-preview:large","max-video-preview":"max-video-preview:-1"},"canonical":"https:\/\/compartilhabahia.com.br\/index.php\/2024\/12\/22\/o-prefeito-luiz-caetano-e-o-presidente-frances-emmanuel-macron-a-catedral-de-notre-dame-de-paris-e-a-catedral-sao-thomaz-de-cantuaria-de-camacari\/","og_locale":"pt_BR","og_type":"article","og_title":"O prefeito Luiz Caetano e o presidente franc\u00eas Emmanuel Macron, a Catedral de Notre-Dame de Paris e a Catedral S\u00e3o Thomaz de Cantu\u00e1ria de Cama\u00e7ari - Compartilha Bahia","og_description":"Uma das noticias mais veiculadas no m\u00eas de dezembro de 2024 em todo mundo, provavelmente foi a da reabertura da Catedral de Notre-Dame de Paris, depois da conclus\u00e3o de sua restaura\u00e7\u00e3o ap\u00f3s o inc\u00eandio de 15 de abril de 2019, que ocorreu em 7 de dezembro de 2024. Os eventos que marcaram a sua reabertura [&hellip;]","og_url":"https:\/\/compartilhabahia.com.br\/index.php\/2024\/12\/22\/o-prefeito-luiz-caetano-e-o-presidente-frances-emmanuel-macron-a-catedral-de-notre-dame-de-paris-e-a-catedral-sao-thomaz-de-cantuaria-de-camacari\/","og_site_name":"Compartilha Bahia","article_publisher":"https:\/\/web.facebook.com\/compartilhabahia","article_published_time":"2024-12-22T15:05:04+00:00","article_modified_time":"2024-12-22T15:10:24+00:00","og_image":[{"width":1440,"height":756,"url":"https:\/\/compartilhabahia.com.br\/wp-content\/uploads\/2024\/12\/catedralntredame.jpg","type":"image\/jpeg"}],"author":"admin","twitter_card":"summary_large_image","twitter_misc":{"Escrito por":"admin","Est. tempo de leitura":"2 minutos"},"schema":{"@context":"https:\/\/schema.org","@graph":[{"@type":"Article","@id":"https:\/\/compartilhabahia.com.br\/index.php\/2024\/12\/22\/o-prefeito-luiz-caetano-e-o-presidente-frances-emmanuel-macron-a-catedral-de-notre-dame-de-paris-e-a-catedral-sao-thomaz-de-cantuaria-de-camacari\/#article","isPartOf":{"@id":"https:\/\/compartilhabahia.com.br\/index.php\/2024\/12\/22\/o-prefeito-luiz-caetano-e-o-presidente-frances-emmanuel-macron-a-catedral-de-notre-dame-de-paris-e-a-catedral-sao-thomaz-de-cantuaria-de-camacari\/"},"author":{"name":"admin","@id":"https:\/\/compartilhabahia.com.br\/#\/schema\/person\/9b4f0c3178793b8248d6686732521c04"},"headline":"O prefeito Luiz Caetano e o presidente franc\u00eas Emmanuel Macron, a Catedral de Notre-Dame de Paris e a Catedral S\u00e3o Thomaz de Cantu\u00e1ria de Cama\u00e7ari","datePublished":"2024-12-22T15:05:04+00:00","dateModified":"2024-12-22T15:10:24+00:00","mainEntityOfPage":{"@id":"https:\/\/compartilhabahia.com.br\/index.php\/2024\/12\/22\/o-prefeito-luiz-caetano-e-o-presidente-frances-emmanuel-macron-a-catedral-de-notre-dame-de-paris-e-a-catedral-sao-thomaz-de-cantuaria-de-camacari\/"},"wordCount":372,"commentCount":0,"publisher":{"@id":"https:\/\/compartilhabahia.com.br\/#organization"},"articleSection":["Cama\u00e7ari"],"inLanguage":"pt-BR","potentialAction":[{"@type":"CommentAction","name":"Comment","target":["https:\/\/compartilhabahia.com.br\/index.php\/2024\/12\/22\/o-prefeito-luiz-caetano-e-o-presidente-frances-emmanuel-macron-a-catedral-de-notre-dame-de-paris-e-a-catedral-sao-thomaz-de-cantuaria-de-camacari\/#respond"]}]},{"@type":"WebPage","@id":"https:\/\/compartilhabahia.com.br\/index.php\/2024\/12\/22\/o-prefeito-luiz-caetano-e-o-presidente-frances-emmanuel-macron-a-catedral-de-notre-dame-de-paris-e-a-catedral-sao-thomaz-de-cantuaria-de-camacari\/","url":"https:\/\/compartilhabahia.com.br\/index.php\/2024\/12\/22\/o-prefeito-luiz-caetano-e-o-presidente-frances-emmanuel-macron-a-catedral-de-notre-dame-de-paris-e-a-catedral-sao-thomaz-de-cantuaria-de-camacari\/","name":"O prefeito Luiz Caetano e o presidente franc\u00eas Emmanuel Macron, a Catedral de Notre-Dame de Paris e a Catedral S\u00e3o Thomaz de Cantu\u00e1ria de Cama\u00e7ari - Compartilha Bahia","isPartOf":{"@id":"https:\/\/compartilhabahia.com.br\/#website"},"datePublished":"2024-12-22T15:05:04+00:00","dateModified":"2024-12-22T15:10:24+00:00","breadcrumb":{"@id":"https:\/\/compartilhabahia.com.br\/index.php\/2024\/12\/22\/o-prefeito-luiz-caetano-e-o-presidente-frances-emmanuel-macron-a-catedral-de-notre-dame-de-paris-e-a-catedral-sao-thomaz-de-cantuaria-de-camacari\/#breadcrumb"},"inLanguage":"pt-BR","potentialAction":[{"@type":"ReadAction","target":["https:\/\/compartilhabahia.com.br\/index.php\/2024\/12\/22\/o-prefeito-luiz-caetano-e-o-presidente-frances-emmanuel-macron-a-catedral-de-notre-dame-de-paris-e-a-catedral-sao-thomaz-de-cantuaria-de-camacari\/"]}]},{"@type":"BreadcrumbList","@id":"https:\/\/compartilhabahia.com.br\/index.php\/2024\/12\/22\/o-prefeito-luiz-caetano-e-o-presidente-frances-emmanuel-macron-a-catedral-de-notre-dame-de-paris-e-a-catedral-sao-thomaz-de-cantuaria-de-camacari\/#breadcrumb","itemListElement":[{"@type":"ListItem","position":1,"name":"In\u00edcio","item":"https:\/\/compartilhabahia.com.br\/"},{"@type":"ListItem","position":2,"name":"O prefeito Luiz Caetano e o presidente franc\u00eas Emmanuel Macron, a Catedral de Notre-Dame de Paris e a Catedral S\u00e3o Thomaz de Cantu\u00e1ria de Cama\u00e7ari"}]},{"@type":"WebSite","@id":"https:\/\/compartilhabahia.com.br\/#website","url":"https:\/\/compartilhabahia.com.br\/","name":"Compartilha Bahia","description":"","publisher":{"@id":"https:\/\/compartilhabahia.com.br\/#organization"},"potentialAction":[{"@type":"SearchAction","target":{"@type":"EntryPoint","urlTemplate":"https:\/\/compartilhabahia.com.br\/?s={search_term_string}"},"query-input":"required name=search_term_string"}],"inLanguage":"pt-BR"},{"@type":"Organization","@id":"https:\/\/compartilhabahia.com.br\/#organization","name":"Compartilha Bahia","url":"https:\/\/compartilhabahia.com.br\/","logo":{"@type":"ImageObject","inLanguage":"pt-BR","@id":"https:\/\/compartilhabahia.com.br\/#\/schema\/logo\/image\/","url":"https:\/\/compartilhabahia.com.br\/wp-content\/uploads\/2023\/12\/cropped-logo.png","contentUrl":"https:\/\/compartilhabahia.com.br\/wp-content\/uploads\/2023\/12\/cropped-logo.png","width":300,"height":106,"caption":"Compartilha Bahia"},"image":{"@id":"https:\/\/compartilhabahia.com.br\/#\/schema\/logo\/image\/"},"sameAs":["https:\/\/web.facebook.com\/compartilhabahia","https:\/\/www.instagram.com\/compartilhabahia\/"]},{"@type":"Person","@id":"https:\/\/compartilhabahia.com.br\/#\/schema\/person\/9b4f0c3178793b8248d6686732521c04","name":"admin","image":{"@type":"ImageObject","inLanguage":"pt-BR","@id":"https:\/\/compartilhabahia.com.br\/#\/schema\/person\/image\/","url":"https:\/\/secure.gravatar.com\/avatar\/9600df58751c5acbe914c538c03390ef649ea088cb65f84ba09c7ce66988eed6?s=96&d=mm&r=g","contentUrl":"https:\/\/secure.gravatar.com\/avatar\/9600df58751c5acbe914c538c03390ef649ea088cb65f84ba09c7ce66988eed6?s=96&d=mm&r=g","caption":"admin"},"sameAs":["https:\/\/compartilhabahia.com.br"],"url":"https:\/\/compartilhabahia.com.br\/index.php\/author\/compartilhabahia\/"}]}},"_links":{"self":[{"href":"https:\/\/compartilhabahia.com.br\/index.php\/wp-json\/wp\/v2\/posts\/4658","targetHints":{"allow":["GET"]}}],"collection":[{"href":"https:\/\/compartilhabahia.com.br\/index.php\/wp-json\/wp\/v2\/posts"}],"about":[{"href":"https:\/\/compartilhabahia.com.br\/index.php\/wp-json\/wp\/v2\/types\/post"}],"author":[{"embeddable":true,"href":"https:\/\/compartilhabahia.com.br\/index.php\/wp-json\/wp\/v2\/users\/1"}],"replies":[{"embeddable":true,"href":"https:\/\/compartilhabahia.com.br\/index.php\/wp-json\/wp\/v2\/comments?post=4658"}],"version-history":[{"count":1,"href":"https:\/\/compartilhabahia.com.br\/index.php\/wp-json\/wp\/v2\/posts\/4658\/revisions"}],"predecessor-version":[{"id":4660,"href":"https:\/\/compartilhabahia.com.br\/index.php\/wp-json\/wp\/v2\/posts\/4658\/revisions\/4660"}],"wp:featuredmedia":[{"embeddable":true,"href":"https:\/\/compartilhabahia.com.br\/index.php\/wp-json\/wp\/v2\/media\/4659"}],"wp:attachment":[{"href":"https:\/\/compartilhabahia.com.br\/index.php\/wp-json\/wp\/v2\/media?parent=4658"}],"wp:term":[{"taxonomy":"category","embeddable":true,"href":"https:\/\/compartilhabahia.com.br\/index.php\/wp-json\/wp\/v2\/categories?post=4658"},{"taxonomy":"post_tag","embeddable":true,"href":"https:\/\/compartilhabahia.com.br\/index.php\/wp-json\/wp\/v2\/tags?post=4658"}],"curies":[{"name":"wp","href":"https:\/\/api.w.org\/{rel}","templated":true}]}}