{"id":4655,"date":"2024-12-20T22:33:08","date_gmt":"2024-12-20T22:33:08","guid":{"rendered":"https:\/\/compartilhabahia.com.br\/?p=4655"},"modified":"2024-12-20T22:34:04","modified_gmt":"2024-12-20T22:34:04","slug":"13o-virou-pesadelo-para-servidores-municipais-de-camacari-prefeitura-cortou-muito","status":"publish","type":"post","link":"https:\/\/compartilhabahia.com.br\/index.php\/2024\/12\/20\/13o-virou-pesadelo-para-servidores-municipais-de-camacari-prefeitura-cortou-muito\/","title":{"rendered":"13\u00ba virou pesadelo para servidores municipais de Cama\u00e7ari, prefeitura cortou muito"},"content":{"rendered":"\n<p>Agentes de Sa\u00fade denunciam cortes indevidos na segunda parcelo do d\u00e9cimo-terceiro em Cama\u00e7ari<\/p>\n\n\n\n<p>O dia esperado pelos servidores para o pagamento da segunda parcela do d\u00e9cimo-terceiro sal\u00e1rio se transformou em pesadelo para muitos servidores municipais de Cama\u00e7ari, na regi\u00e3o metropolitana de Salvador. Os valores depositados nesta sexta-feira (20) foram considerados a menor pelos trabalhadores que denunciaram o fato \u00e0 Associa\u00e7\u00e3o dos Agentes de Sa\u00fade da Bahia (AASA\/BA).<\/p>\n\n\n\n<p>Diante das diversas reclama\u00e7\u00f5es trazidas pelos agentes de sa\u00fade e outros servidores municipais, a diretoria da entidade buscou a gest\u00e3o municipal na expectativa de obter explica\u00e7\u00f5es acerca da situa\u00e7\u00e3o e qual o prazo em que a Prefeitura de Cama\u00e7ari sanaria os danos provocados aos trabalhadores. &#8220;Viemos imediatamente \u00e0 Prefeitura ap\u00f3s as provoca\u00e7\u00f5es trazidas pelos colegas. Um erro grave neste momento do ano causa desalento al\u00e9m do preju\u00edzo financeiro diante da programa\u00e7\u00e3o or\u00e7ament\u00e1ria de cada trabalhador&#8221;, disse a diretora da AASA\/BA, Ionara Barreto.<\/p>\n\n\n\n<p>Provid\u00eancias &#8211; De acordo com o presidente da AASA\/BA, Ivando Antunes, a entidade sugere aos associados que procedam com protocolos de revis\u00e3o dos valores do d\u00e9cimo-terceiro sal\u00e1rio. &#8220;Sugerimos que os colegas protocolei pedidos de revis\u00e3o do d\u00e9cimo-terceiro sal\u00e1rio, pois entendemos que as legisla\u00e7\u00f5es alegadas n\u00e3o sugerem c\u00e1lculos diferenciados dos vencimentos. Se preciso for, iremos judicializar essa quest\u00e3o com inten\u00e7\u00e3o clara de reaver os valores pagos a menor&#8221;, assegurou Antunes.<\/p>\n","protected":false},"excerpt":{"rendered":"<p>Agentes de Sa\u00fade denunciam cortes indevidos na segunda parcelo do d\u00e9cimo-terceiro em Cama\u00e7ari O dia esperado pelos servidores para o pagamento da segunda parcela do d\u00e9cimo-terceiro sal\u00e1rio se transformou em pesadelo para muitos servidores municipais de Cama\u00e7ari, na regi\u00e3o metropolitana de Salvador. Os valores depositados nesta sexta-feira (20) foram considerados a menor pelos trabalhadores que [&hellip;]<\/p>\n","protected":false},"author":1,"featured_media":4656,"comment_status":"open","ping_status":"open","sticky":false,"template":"","format":"standard","meta":{"footnotes":""},"categories":[8],"tags":[],"class_list":["post-4655","post","type-post","status-publish","format-standard","has-post-thumbnail","hentry","category-camacari"],"yoast_head":"<!-- This site is optimized with the Yoast SEO plugin v21.7 - https:\/\/yoast.com\/wordpress\/plugins\/seo\/ -->\n<title>13\u00ba virou pesadelo para servidores municipais de Cama\u00e7ari, prefeitura cortou muito - Compartilha Bahia<\/title>\n<meta name=\"robots\" content=\"index, follow, max-snippet:-1, max-image-preview:large, max-video-preview:-1\" \/>\n<link rel=\"canonical\" href=\"https:\/\/compartilhabahia.com.br\/index.php\/2024\/12\/20\/13o-virou-pesadelo-para-servidores-municipais-de-camacari-prefeitura-cortou-muito\/\" \/>\n<meta property=\"og:locale\" content=\"pt_BR\" \/>\n<meta property=\"og:type\" content=\"article\" \/>\n<meta property=\"og:title\" content=\"13\u00ba virou pesadelo para servidores municipais de Cama\u00e7ari, prefeitura cortou muito - Compartilha Bahia\" \/>\n<meta property=\"og:description\" content=\"Agentes de Sa\u00fade denunciam cortes indevidos na segunda parcelo do d\u00e9cimo-terceiro em Cama\u00e7ari O dia esperado pelos servidores para o pagamento da segunda parcela do d\u00e9cimo-terceiro sal\u00e1rio se transformou em pesadelo para muitos servidores municipais de Cama\u00e7ari, na regi\u00e3o metropolitana de Salvador. Os valores depositados nesta sexta-feira (20) foram considerados a menor pelos trabalhadores que [&hellip;]\" \/>\n<meta property=\"og:url\" content=\"https:\/\/compartilhabahia.com.br\/index.php\/2024\/12\/20\/13o-virou-pesadelo-para-servidores-municipais-de-camacari-prefeitura-cortou-muito\/\" \/>\n<meta property=\"og:site_name\" content=\"Compartilha Bahia\" \/>\n<meta property=\"article:publisher\" content=\"https:\/\/web.facebook.com\/compartilhabahia\" \/>\n<meta property=\"article:published_time\" content=\"2024-12-20T22:33:08+00:00\" \/>\n<meta property=\"article:modified_time\" content=\"2024-12-20T22:34:04+00:00\" \/>\n<meta property=\"og:image\" content=\"https:\/\/compartilhabahia.com.br\/wp-content\/uploads\/2024\/12\/asa.jpg\" \/>\n\t<meta property=\"og:image:width\" content=\"1080\" \/>\n\t<meta property=\"og:image:height\" content=\"995\" \/>\n\t<meta property=\"og:image:type\" content=\"image\/jpeg\" \/>\n<meta name=\"author\" content=\"admin\" \/>\n<meta name=\"twitter:card\" content=\"summary_large_image\" \/>\n<meta name=\"twitter:label1\" content=\"Escrito por\" \/>\n\t<meta name=\"twitter:data1\" content=\"admin\" \/>\n\t<meta name=\"twitter:label2\" content=\"Est. tempo de leitura\" \/>\n\t<meta name=\"twitter:data2\" content=\"2 minutos\" \/>\n<script type=\"application\/ld+json\" class=\"yoast-schema-graph\">{\"@context\":\"https:\/\/schema.org\",\"@graph\":[{\"@type\":\"Article\",\"@id\":\"https:\/\/compartilhabahia.com.br\/index.php\/2024\/12\/20\/13o-virou-pesadelo-para-servidores-municipais-de-camacari-prefeitura-cortou-muito\/#article\",\"isPartOf\":{\"@id\":\"https:\/\/compartilhabahia.com.br\/index.php\/2024\/12\/20\/13o-virou-pesadelo-para-servidores-municipais-de-camacari-prefeitura-cortou-muito\/\"},\"author\":{\"name\":\"admin\",\"@id\":\"https:\/\/compartilhabahia.com.br\/#\/schema\/person\/9b4f0c3178793b8248d6686732521c04\"},\"headline\":\"13\u00ba virou pesadelo para servidores municipais de Cama\u00e7ari, prefeitura cortou muito\",\"datePublished\":\"2024-12-20T22:33:08+00:00\",\"dateModified\":\"2024-12-20T22:34:04+00:00\",\"mainEntityOfPage\":{\"@id\":\"https:\/\/compartilhabahia.com.br\/index.php\/2024\/12\/20\/13o-virou-pesadelo-para-servidores-municipais-de-camacari-prefeitura-cortou-muito\/\"},\"wordCount\":263,\"commentCount\":0,\"publisher\":{\"@id\":\"https:\/\/compartilhabahia.com.br\/#organization\"},\"articleSection\":[\"Cama\u00e7ari\"],\"inLanguage\":\"pt-BR\",\"potentialAction\":[{\"@type\":\"CommentAction\",\"name\":\"Comment\",\"target\":[\"https:\/\/compartilhabahia.com.br\/index.php\/2024\/12\/20\/13o-virou-pesadelo-para-servidores-municipais-de-camacari-prefeitura-cortou-muito\/#respond\"]}]},{\"@type\":\"WebPage\",\"@id\":\"https:\/\/compartilhabahia.com.br\/index.php\/2024\/12\/20\/13o-virou-pesadelo-para-servidores-municipais-de-camacari-prefeitura-cortou-muito\/\",\"url\":\"https:\/\/compartilhabahia.com.br\/index.php\/2024\/12\/20\/13o-virou-pesadelo-para-servidores-municipais-de-camacari-prefeitura-cortou-muito\/\",\"name\":\"13\u00ba virou pesadelo para servidores municipais de Cama\u00e7ari, prefeitura cortou muito - Compartilha Bahia\",\"isPartOf\":{\"@id\":\"https:\/\/compartilhabahia.com.br\/#website\"},\"datePublished\":\"2024-12-20T22:33:08+00:00\",\"dateModified\":\"2024-12-20T22:34:04+00:00\",\"breadcrumb\":{\"@id\":\"https:\/\/compartilhabahia.com.br\/index.php\/2024\/12\/20\/13o-virou-pesadelo-para-servidores-municipais-de-camacari-prefeitura-cortou-muito\/#breadcrumb\"},\"inLanguage\":\"pt-BR\",\"potentialAction\":[{\"@type\":\"ReadAction\",\"target\":[\"https:\/\/compartilhabahia.com.br\/index.php\/2024\/12\/20\/13o-virou-pesadelo-para-servidores-municipais-de-camacari-prefeitura-cortou-muito\/\"]}]},{\"@type\":\"BreadcrumbList\",\"@id\":\"https:\/\/compartilhabahia.com.br\/index.php\/2024\/12\/20\/13o-virou-pesadelo-para-servidores-municipais-de-camacari-prefeitura-cortou-muito\/#breadcrumb\",\"itemListElement\":[{\"@type\":\"ListItem\",\"position\":1,\"name\":\"In\u00edcio\",\"item\":\"https:\/\/compartilhabahia.com.br\/\"},{\"@type\":\"ListItem\",\"position\":2,\"name\":\"13\u00ba virou pesadelo para servidores municipais de Cama\u00e7ari, prefeitura cortou muito\"}]},{\"@type\":\"WebSite\",\"@id\":\"https:\/\/compartilhabahia.com.br\/#website\",\"url\":\"https:\/\/compartilhabahia.com.br\/\",\"name\":\"Compartilha Bahia\",\"description\":\"\",\"publisher\":{\"@id\":\"https:\/\/compartilhabahia.com.br\/#organization\"},\"potentialAction\":[{\"@type\":\"SearchAction\",\"target\":{\"@type\":\"EntryPoint\",\"urlTemplate\":\"https:\/\/compartilhabahia.com.br\/?s={search_term_string}\"},\"query-input\":\"required name=search_term_string\"}],\"inLanguage\":\"pt-BR\"},{\"@type\":\"Organization\",\"@id\":\"https:\/\/compartilhabahia.com.br\/#organization\",\"name\":\"Compartilha Bahia\",\"url\":\"https:\/\/compartilhabahia.com.br\/\",\"logo\":{\"@type\":\"ImageObject\",\"inLanguage\":\"pt-BR\",\"@id\":\"https:\/\/compartilhabahia.com.br\/#\/schema\/logo\/image\/\",\"url\":\"https:\/\/compartilhabahia.com.br\/wp-content\/uploads\/2023\/12\/cropped-logo.png\",\"contentUrl\":\"https:\/\/compartilhabahia.com.br\/wp-content\/uploads\/2023\/12\/cropped-logo.png\",\"width\":300,\"height\":106,\"caption\":\"Compartilha Bahia\"},\"image\":{\"@id\":\"https:\/\/compartilhabahia.com.br\/#\/schema\/logo\/image\/\"},\"sameAs\":[\"https:\/\/web.facebook.com\/compartilhabahia\",\"https:\/\/www.instagram.com\/compartilhabahia\/\"]},{\"@type\":\"Person\",\"@id\":\"https:\/\/compartilhabahia.com.br\/#\/schema\/person\/9b4f0c3178793b8248d6686732521c04\",\"name\":\"admin\",\"image\":{\"@type\":\"ImageObject\",\"inLanguage\":\"pt-BR\",\"@id\":\"https:\/\/compartilhabahia.com.br\/#\/schema\/person\/image\/\",\"url\":\"https:\/\/secure.gravatar.com\/avatar\/9600df58751c5acbe914c538c03390ef649ea088cb65f84ba09c7ce66988eed6?s=96&d=mm&r=g\",\"contentUrl\":\"https:\/\/secure.gravatar.com\/avatar\/9600df58751c5acbe914c538c03390ef649ea088cb65f84ba09c7ce66988eed6?s=96&d=mm&r=g\",\"caption\":\"admin\"},\"sameAs\":[\"https:\/\/compartilhabahia.com.br\"],\"url\":\"https:\/\/compartilhabahia.com.br\/index.php\/author\/compartilhabahia\/\"}]}<\/script>\n<!-- \/ Yoast SEO plugin. -->","yoast_head_json":{"title":"13\u00ba virou pesadelo para servidores municipais de Cama\u00e7ari, prefeitura cortou muito - Compartilha Bahia","robots":{"index":"index","follow":"follow","max-snippet":"max-snippet:-1","max-image-preview":"max-image-preview:large","max-video-preview":"max-video-preview:-1"},"canonical":"https:\/\/compartilhabahia.com.br\/index.php\/2024\/12\/20\/13o-virou-pesadelo-para-servidores-municipais-de-camacari-prefeitura-cortou-muito\/","og_locale":"pt_BR","og_type":"article","og_title":"13\u00ba virou pesadelo para servidores municipais de Cama\u00e7ari, prefeitura cortou muito - Compartilha Bahia","og_description":"Agentes de Sa\u00fade denunciam cortes indevidos na segunda parcelo do d\u00e9cimo-terceiro em Cama\u00e7ari O dia esperado pelos servidores para o pagamento da segunda parcela do d\u00e9cimo-terceiro sal\u00e1rio se transformou em pesadelo para muitos servidores municipais de Cama\u00e7ari, na regi\u00e3o metropolitana de Salvador. Os valores depositados nesta sexta-feira (20) foram considerados a menor pelos trabalhadores que [&hellip;]","og_url":"https:\/\/compartilhabahia.com.br\/index.php\/2024\/12\/20\/13o-virou-pesadelo-para-servidores-municipais-de-camacari-prefeitura-cortou-muito\/","og_site_name":"Compartilha Bahia","article_publisher":"https:\/\/web.facebook.com\/compartilhabahia","article_published_time":"2024-12-20T22:33:08+00:00","article_modified_time":"2024-12-20T22:34:04+00:00","og_image":[{"width":1080,"height":995,"url":"https:\/\/compartilhabahia.com.br\/wp-content\/uploads\/2024\/12\/asa.jpg","type":"image\/jpeg"}],"author":"admin","twitter_card":"summary_large_image","twitter_misc":{"Escrito por":"admin","Est. tempo de leitura":"2 minutos"},"schema":{"@context":"https:\/\/schema.org","@graph":[{"@type":"Article","@id":"https:\/\/compartilhabahia.com.br\/index.php\/2024\/12\/20\/13o-virou-pesadelo-para-servidores-municipais-de-camacari-prefeitura-cortou-muito\/#article","isPartOf":{"@id":"https:\/\/compartilhabahia.com.br\/index.php\/2024\/12\/20\/13o-virou-pesadelo-para-servidores-municipais-de-camacari-prefeitura-cortou-muito\/"},"author":{"name":"admin","@id":"https:\/\/compartilhabahia.com.br\/#\/schema\/person\/9b4f0c3178793b8248d6686732521c04"},"headline":"13\u00ba virou pesadelo para servidores municipais de Cama\u00e7ari, prefeitura cortou muito","datePublished":"2024-12-20T22:33:08+00:00","dateModified":"2024-12-20T22:34:04+00:00","mainEntityOfPage":{"@id":"https:\/\/compartilhabahia.com.br\/index.php\/2024\/12\/20\/13o-virou-pesadelo-para-servidores-municipais-de-camacari-prefeitura-cortou-muito\/"},"wordCount":263,"commentCount":0,"publisher":{"@id":"https:\/\/compartilhabahia.com.br\/#organization"},"articleSection":["Cama\u00e7ari"],"inLanguage":"pt-BR","potentialAction":[{"@type":"CommentAction","name":"Comment","target":["https:\/\/compartilhabahia.com.br\/index.php\/2024\/12\/20\/13o-virou-pesadelo-para-servidores-municipais-de-camacari-prefeitura-cortou-muito\/#respond"]}]},{"@type":"WebPage","@id":"https:\/\/compartilhabahia.com.br\/index.php\/2024\/12\/20\/13o-virou-pesadelo-para-servidores-municipais-de-camacari-prefeitura-cortou-muito\/","url":"https:\/\/compartilhabahia.com.br\/index.php\/2024\/12\/20\/13o-virou-pesadelo-para-servidores-municipais-de-camacari-prefeitura-cortou-muito\/","name":"13\u00ba virou pesadelo para servidores municipais de Cama\u00e7ari, prefeitura cortou muito - Compartilha Bahia","isPartOf":{"@id":"https:\/\/compartilhabahia.com.br\/#website"},"datePublished":"2024-12-20T22:33:08+00:00","dateModified":"2024-12-20T22:34:04+00:00","breadcrumb":{"@id":"https:\/\/compartilhabahia.com.br\/index.php\/2024\/12\/20\/13o-virou-pesadelo-para-servidores-municipais-de-camacari-prefeitura-cortou-muito\/#breadcrumb"},"inLanguage":"pt-BR","potentialAction":[{"@type":"ReadAction","target":["https:\/\/compartilhabahia.com.br\/index.php\/2024\/12\/20\/13o-virou-pesadelo-para-servidores-municipais-de-camacari-prefeitura-cortou-muito\/"]}]},{"@type":"BreadcrumbList","@id":"https:\/\/compartilhabahia.com.br\/index.php\/2024\/12\/20\/13o-virou-pesadelo-para-servidores-municipais-de-camacari-prefeitura-cortou-muito\/#breadcrumb","itemListElement":[{"@type":"ListItem","position":1,"name":"In\u00edcio","item":"https:\/\/compartilhabahia.com.br\/"},{"@type":"ListItem","position":2,"name":"13\u00ba virou pesadelo para servidores municipais de Cama\u00e7ari, prefeitura cortou muito"}]},{"@type":"WebSite","@id":"https:\/\/compartilhabahia.com.br\/#website","url":"https:\/\/compartilhabahia.com.br\/","name":"Compartilha Bahia","description":"","publisher":{"@id":"https:\/\/compartilhabahia.com.br\/#organization"},"potentialAction":[{"@type":"SearchAction","target":{"@type":"EntryPoint","urlTemplate":"https:\/\/compartilhabahia.com.br\/?s={search_term_string}"},"query-input":"required name=search_term_string"}],"inLanguage":"pt-BR"},{"@type":"Organization","@id":"https:\/\/compartilhabahia.com.br\/#organization","name":"Compartilha Bahia","url":"https:\/\/compartilhabahia.com.br\/","logo":{"@type":"ImageObject","inLanguage":"pt-BR","@id":"https:\/\/compartilhabahia.com.br\/#\/schema\/logo\/image\/","url":"https:\/\/compartilhabahia.com.br\/wp-content\/uploads\/2023\/12\/cropped-logo.png","contentUrl":"https:\/\/compartilhabahia.com.br\/wp-content\/uploads\/2023\/12\/cropped-logo.png","width":300,"height":106,"caption":"Compartilha Bahia"},"image":{"@id":"https:\/\/compartilhabahia.com.br\/#\/schema\/logo\/image\/"},"sameAs":["https:\/\/web.facebook.com\/compartilhabahia","https:\/\/www.instagram.com\/compartilhabahia\/"]},{"@type":"Person","@id":"https:\/\/compartilhabahia.com.br\/#\/schema\/person\/9b4f0c3178793b8248d6686732521c04","name":"admin","image":{"@type":"ImageObject","inLanguage":"pt-BR","@id":"https:\/\/compartilhabahia.com.br\/#\/schema\/person\/image\/","url":"https:\/\/secure.gravatar.com\/avatar\/9600df58751c5acbe914c538c03390ef649ea088cb65f84ba09c7ce66988eed6?s=96&d=mm&r=g","contentUrl":"https:\/\/secure.gravatar.com\/avatar\/9600df58751c5acbe914c538c03390ef649ea088cb65f84ba09c7ce66988eed6?s=96&d=mm&r=g","caption":"admin"},"sameAs":["https:\/\/compartilhabahia.com.br"],"url":"https:\/\/compartilhabahia.com.br\/index.php\/author\/compartilhabahia\/"}]}},"_links":{"self":[{"href":"https:\/\/compartilhabahia.com.br\/index.php\/wp-json\/wp\/v2\/posts\/4655","targetHints":{"allow":["GET"]}}],"collection":[{"href":"https:\/\/compartilhabahia.com.br\/index.php\/wp-json\/wp\/v2\/posts"}],"about":[{"href":"https:\/\/compartilhabahia.com.br\/index.php\/wp-json\/wp\/v2\/types\/post"}],"author":[{"embeddable":true,"href":"https:\/\/compartilhabahia.com.br\/index.php\/wp-json\/wp\/v2\/users\/1"}],"replies":[{"embeddable":true,"href":"https:\/\/compartilhabahia.com.br\/index.php\/wp-json\/wp\/v2\/comments?post=4655"}],"version-history":[{"count":1,"href":"https:\/\/compartilhabahia.com.br\/index.php\/wp-json\/wp\/v2\/posts\/4655\/revisions"}],"predecessor-version":[{"id":4657,"href":"https:\/\/compartilhabahia.com.br\/index.php\/wp-json\/wp\/v2\/posts\/4655\/revisions\/4657"}],"wp:featuredmedia":[{"embeddable":true,"href":"https:\/\/compartilhabahia.com.br\/index.php\/wp-json\/wp\/v2\/media\/4656"}],"wp:attachment":[{"href":"https:\/\/compartilhabahia.com.br\/index.php\/wp-json\/wp\/v2\/media?parent=4655"}],"wp:term":[{"taxonomy":"category","embeddable":true,"href":"https:\/\/compartilhabahia.com.br\/index.php\/wp-json\/wp\/v2\/categories?post=4655"},{"taxonomy":"post_tag","embeddable":true,"href":"https:\/\/compartilhabahia.com.br\/index.php\/wp-json\/wp\/v2\/tags?post=4655"}],"curies":[{"name":"wp","href":"https:\/\/api.w.org\/{rel}","templated":true}]}}