{"id":4640,"date":"2024-12-19T13:40:28","date_gmt":"2024-12-19T13:40:28","guid":{"rendered":"https:\/\/compartilhabahia.com.br\/?p=4640"},"modified":"2024-12-19T13:40:30","modified_gmt":"2024-12-19T13:40:30","slug":"forbes-destaca-camacari-ao-mundo-foi-o-que-sempre-falei-ja-deu-certo-simpatia","status":"publish","type":"post","link":"https:\/\/compartilhabahia.com.br\/index.php\/2024\/12\/19\/forbes-destaca-camacari-ao-mundo-foi-o-que-sempre-falei-ja-deu-certo-simpatia\/","title":{"rendered":"Forbes destaca Cama\u00e7ari ao mundo: \u201cFoi o que sempre falei. J\u00e1 deu certo simpatia\u201d"},"content":{"rendered":"\n<p>Nesta quarta-feira (18) a reda\u00e7\u00e3o do site Compartilha Bahia recebeu um comunicado de empres\u00e1rios de S\u00e3o Paulo (SP), que atuam na famosa Avenida Faria Lima, informando que Cama\u00e7ari saiu na revista Forbes, em uma mat\u00e9ria sobre a BYD. Imediatamente encaminhamos a not\u00edcia para o prefeito eleito de Cama\u00e7ari Luiz Caetano (PT), dizendo \u201cveja como Cama\u00e7ari est\u00e1 sendo vista de forma positiva pelo mundo\u201d. Em resposta ele disse: \u201c\u00c9 verdade. Foi o que sempre falei. J\u00e1 deu certo simpatia\u201d.<\/p>\n\n\n\n<p>Com o t\u00edtulo \u201cBYD Quer Cama\u00e7ari Como Um Polo Tecnol\u00f3gico e Exportador \u2014 e nem Alta Competitividade Assusta\u201d a mat\u00e9ria diz o seguinte em sua introdu\u00e7\u00e3o:<\/p>\n\n\n\n<p>\u201cEm 2023, a fabricante chinesa de carros el\u00e9tricos BYD decidiu comprar a planta (da Ford) abandonada do governo da Bahia por R$ 288 milh\u00f5es com a promessa de fazer do local mais do que uma mera montadora \u2014 o objetivo \u00e9 transformar o local em um polo tecnol\u00f3gico e exportador para al\u00e9m-fronteiras. Sai a ind\u00fastria tradicional e entra em cena o pujante mercado de carros el\u00e9tricos.&nbsp;<\/p>\n\n\n\n<p>No in\u00edcio do m\u00eas, a Forbes Brasil visitou a f\u00e1brica de Cama\u00e7ari a convite da BYD. Dos maquin\u00e1rios e galp\u00f5es anteriormente utilizados pela Ford, nada ser\u00e1 reaproveitado. A justificativa da empresa chinesa \u00e9 que a tecnologia empregada pela companhia n\u00e3o \u00e9 compat\u00edvel com a infraestrutura abandonada.&nbsp;<\/p>\n\n\n\n<p>Os primeiros carros s\u00f3 come\u00e7ar\u00e3o a ser produzidos em mar\u00e7o de 2025, mas a companhia segue dobrando a sua aposta no Brasil. Em meio a um galp\u00e3o de produ\u00e7\u00e3o rec\u00e9m constru\u00eddo e ainda reluzente, Stella Li, CEO para Am\u00e9ricas e Europa e vice-presidente executiva global da BYD, anunciou a meta de, at\u00e9 o fim de 2026, contratar 20 mil pessoas de forma direta e indireta. A promessa de que \u201cCama\u00e7ari se tornar\u00e1 o Vale do Sil\u00edcio brasileiro\u201d tamb\u00e9m foi repetida diversas vezes ao longo de seu discurso.&nbsp;\u201c<\/p>\n\n\n\n<p>Leia mais em:&nbsp;<a href=\"https:\/\/forbes.com.br\/forbes-money\/2024\/12\/byd-quer-camacari-como-um-polo-tecnologico-e-exportador-e-nem-alta-competitividade-assusta\/?utm_source=NewsMoney&amp;utm_medium=Social\">https:\/\/forbes.com.br\/forbes-money\/2024\/12\/byd-quer-camacari-como-um-polo-tecnologico-e-exportador-e-nem-alta-competitividade-assusta\/?utm_source=NewsMoney&amp;utm_medium=Social<\/a><\/p>\n","protected":false},"excerpt":{"rendered":"<p>Nesta quarta-feira (18) a reda\u00e7\u00e3o do site Compartilha Bahia recebeu um comunicado de empres\u00e1rios de S\u00e3o Paulo (SP), que atuam na famosa Avenida Faria Lima, informando que Cama\u00e7ari saiu na revista Forbes, em uma mat\u00e9ria sobre a BYD. Imediatamente encaminhamos a not\u00edcia para o prefeito eleito de Cama\u00e7ari Luiz Caetano (PT), dizendo \u201cveja como Cama\u00e7ari [&hellip;]<\/p>\n","protected":false},"author":1,"featured_media":4641,"comment_status":"open","ping_status":"open","sticky":false,"template":"","format":"standard","meta":{"footnotes":""},"categories":[8],"tags":[],"class_list":["post-4640","post","type-post","status-publish","format-standard","has-post-thumbnail","hentry","category-camacari"],"yoast_head":"<!-- This site is optimized with the Yoast SEO plugin v21.7 - https:\/\/yoast.com\/wordpress\/plugins\/seo\/ -->\n<title>Forbes destaca Cama\u00e7ari ao mundo: \u201cFoi o que sempre falei. J\u00e1 deu certo simpatia\u201d - Compartilha Bahia<\/title>\n<meta name=\"robots\" content=\"index, follow, max-snippet:-1, max-image-preview:large, max-video-preview:-1\" \/>\n<link rel=\"canonical\" href=\"https:\/\/compartilhabahia.com.br\/index.php\/2024\/12\/19\/forbes-destaca-camacari-ao-mundo-foi-o-que-sempre-falei-ja-deu-certo-simpatia\/\" \/>\n<meta property=\"og:locale\" content=\"pt_BR\" \/>\n<meta property=\"og:type\" content=\"article\" \/>\n<meta property=\"og:title\" content=\"Forbes destaca Cama\u00e7ari ao mundo: \u201cFoi o que sempre falei. J\u00e1 deu certo simpatia\u201d - Compartilha Bahia\" \/>\n<meta property=\"og:description\" content=\"Nesta quarta-feira (18) a reda\u00e7\u00e3o do site Compartilha Bahia recebeu um comunicado de empres\u00e1rios de S\u00e3o Paulo (SP), que atuam na famosa Avenida Faria Lima, informando que Cama\u00e7ari saiu na revista Forbes, em uma mat\u00e9ria sobre a BYD. Imediatamente encaminhamos a not\u00edcia para o prefeito eleito de Cama\u00e7ari Luiz Caetano (PT), dizendo \u201cveja como Cama\u00e7ari [&hellip;]\" \/>\n<meta property=\"og:url\" content=\"https:\/\/compartilhabahia.com.br\/index.php\/2024\/12\/19\/forbes-destaca-camacari-ao-mundo-foi-o-que-sempre-falei-ja-deu-certo-simpatia\/\" \/>\n<meta property=\"og:site_name\" content=\"Compartilha Bahia\" \/>\n<meta property=\"article:publisher\" content=\"https:\/\/web.facebook.com\/compartilhabahia\" \/>\n<meta property=\"article:published_time\" content=\"2024-12-19T13:40:28+00:00\" \/>\n<meta property=\"article:modified_time\" content=\"2024-12-19T13:40:30+00:00\" \/>\n<meta property=\"og:image\" content=\"https:\/\/compartilhabahia.com.br\/wp-content\/uploads\/2024\/12\/forbescaetano.jpg\" \/>\n\t<meta property=\"og:image:width\" content=\"720\" \/>\n\t<meta property=\"og:image:height\" content=\"1113\" \/>\n\t<meta property=\"og:image:type\" content=\"image\/jpeg\" \/>\n<meta name=\"author\" content=\"admin\" \/>\n<meta name=\"twitter:card\" content=\"summary_large_image\" \/>\n<meta name=\"twitter:label1\" content=\"Escrito por\" \/>\n\t<meta name=\"twitter:data1\" content=\"admin\" \/>\n\t<meta name=\"twitter:label2\" content=\"Est. tempo de leitura\" \/>\n\t<meta name=\"twitter:data2\" content=\"2 minutos\" \/>\n<script type=\"application\/ld+json\" class=\"yoast-schema-graph\">{\"@context\":\"https:\/\/schema.org\",\"@graph\":[{\"@type\":\"Article\",\"@id\":\"https:\/\/compartilhabahia.com.br\/index.php\/2024\/12\/19\/forbes-destaca-camacari-ao-mundo-foi-o-que-sempre-falei-ja-deu-certo-simpatia\/#article\",\"isPartOf\":{\"@id\":\"https:\/\/compartilhabahia.com.br\/index.php\/2024\/12\/19\/forbes-destaca-camacari-ao-mundo-foi-o-que-sempre-falei-ja-deu-certo-simpatia\/\"},\"author\":{\"name\":\"admin\",\"@id\":\"https:\/\/compartilhabahia.com.br\/#\/schema\/person\/9b4f0c3178793b8248d6686732521c04\"},\"headline\":\"Forbes destaca Cama\u00e7ari ao mundo: \u201cFoi o que sempre falei. J\u00e1 deu certo simpatia\u201d\",\"datePublished\":\"2024-12-19T13:40:28+00:00\",\"dateModified\":\"2024-12-19T13:40:30+00:00\",\"mainEntityOfPage\":{\"@id\":\"https:\/\/compartilhabahia.com.br\/index.php\/2024\/12\/19\/forbes-destaca-camacari-ao-mundo-foi-o-que-sempre-falei-ja-deu-certo-simpatia\/\"},\"wordCount\":364,\"commentCount\":0,\"publisher\":{\"@id\":\"https:\/\/compartilhabahia.com.br\/#organization\"},\"articleSection\":[\"Cama\u00e7ari\"],\"inLanguage\":\"pt-BR\",\"potentialAction\":[{\"@type\":\"CommentAction\",\"name\":\"Comment\",\"target\":[\"https:\/\/compartilhabahia.com.br\/index.php\/2024\/12\/19\/forbes-destaca-camacari-ao-mundo-foi-o-que-sempre-falei-ja-deu-certo-simpatia\/#respond\"]}]},{\"@type\":\"WebPage\",\"@id\":\"https:\/\/compartilhabahia.com.br\/index.php\/2024\/12\/19\/forbes-destaca-camacari-ao-mundo-foi-o-que-sempre-falei-ja-deu-certo-simpatia\/\",\"url\":\"https:\/\/compartilhabahia.com.br\/index.php\/2024\/12\/19\/forbes-destaca-camacari-ao-mundo-foi-o-que-sempre-falei-ja-deu-certo-simpatia\/\",\"name\":\"Forbes destaca Cama\u00e7ari ao mundo: \u201cFoi o que sempre falei. J\u00e1 deu certo simpatia\u201d - Compartilha Bahia\",\"isPartOf\":{\"@id\":\"https:\/\/compartilhabahia.com.br\/#website\"},\"datePublished\":\"2024-12-19T13:40:28+00:00\",\"dateModified\":\"2024-12-19T13:40:30+00:00\",\"breadcrumb\":{\"@id\":\"https:\/\/compartilhabahia.com.br\/index.php\/2024\/12\/19\/forbes-destaca-camacari-ao-mundo-foi-o-que-sempre-falei-ja-deu-certo-simpatia\/#breadcrumb\"},\"inLanguage\":\"pt-BR\",\"potentialAction\":[{\"@type\":\"ReadAction\",\"target\":[\"https:\/\/compartilhabahia.com.br\/index.php\/2024\/12\/19\/forbes-destaca-camacari-ao-mundo-foi-o-que-sempre-falei-ja-deu-certo-simpatia\/\"]}]},{\"@type\":\"BreadcrumbList\",\"@id\":\"https:\/\/compartilhabahia.com.br\/index.php\/2024\/12\/19\/forbes-destaca-camacari-ao-mundo-foi-o-que-sempre-falei-ja-deu-certo-simpatia\/#breadcrumb\",\"itemListElement\":[{\"@type\":\"ListItem\",\"position\":1,\"name\":\"In\u00edcio\",\"item\":\"https:\/\/compartilhabahia.com.br\/\"},{\"@type\":\"ListItem\",\"position\":2,\"name\":\"Forbes destaca Cama\u00e7ari ao mundo: \u201cFoi o que sempre falei. J\u00e1 deu certo simpatia\u201d\"}]},{\"@type\":\"WebSite\",\"@id\":\"https:\/\/compartilhabahia.com.br\/#website\",\"url\":\"https:\/\/compartilhabahia.com.br\/\",\"name\":\"Compartilha Bahia\",\"description\":\"\",\"publisher\":{\"@id\":\"https:\/\/compartilhabahia.com.br\/#organization\"},\"potentialAction\":[{\"@type\":\"SearchAction\",\"target\":{\"@type\":\"EntryPoint\",\"urlTemplate\":\"https:\/\/compartilhabahia.com.br\/?s={search_term_string}\"},\"query-input\":\"required name=search_term_string\"}],\"inLanguage\":\"pt-BR\"},{\"@type\":\"Organization\",\"@id\":\"https:\/\/compartilhabahia.com.br\/#organization\",\"name\":\"Compartilha Bahia\",\"url\":\"https:\/\/compartilhabahia.com.br\/\",\"logo\":{\"@type\":\"ImageObject\",\"inLanguage\":\"pt-BR\",\"@id\":\"https:\/\/compartilhabahia.com.br\/#\/schema\/logo\/image\/\",\"url\":\"https:\/\/compartilhabahia.com.br\/wp-content\/uploads\/2023\/12\/cropped-logo.png\",\"contentUrl\":\"https:\/\/compartilhabahia.com.br\/wp-content\/uploads\/2023\/12\/cropped-logo.png\",\"width\":300,\"height\":106,\"caption\":\"Compartilha Bahia\"},\"image\":{\"@id\":\"https:\/\/compartilhabahia.com.br\/#\/schema\/logo\/image\/\"},\"sameAs\":[\"https:\/\/web.facebook.com\/compartilhabahia\",\"https:\/\/www.instagram.com\/compartilhabahia\/\"]},{\"@type\":\"Person\",\"@id\":\"https:\/\/compartilhabahia.com.br\/#\/schema\/person\/9b4f0c3178793b8248d6686732521c04\",\"name\":\"admin\",\"image\":{\"@type\":\"ImageObject\",\"inLanguage\":\"pt-BR\",\"@id\":\"https:\/\/compartilhabahia.com.br\/#\/schema\/person\/image\/\",\"url\":\"https:\/\/secure.gravatar.com\/avatar\/9600df58751c5acbe914c538c03390ef649ea088cb65f84ba09c7ce66988eed6?s=96&d=mm&r=g\",\"contentUrl\":\"https:\/\/secure.gravatar.com\/avatar\/9600df58751c5acbe914c538c03390ef649ea088cb65f84ba09c7ce66988eed6?s=96&d=mm&r=g\",\"caption\":\"admin\"},\"sameAs\":[\"https:\/\/compartilhabahia.com.br\"],\"url\":\"https:\/\/compartilhabahia.com.br\/index.php\/author\/compartilhabahia\/\"}]}<\/script>\n<!-- \/ Yoast SEO plugin. -->","yoast_head_json":{"title":"Forbes destaca Cama\u00e7ari ao mundo: \u201cFoi o que sempre falei. J\u00e1 deu certo simpatia\u201d - Compartilha Bahia","robots":{"index":"index","follow":"follow","max-snippet":"max-snippet:-1","max-image-preview":"max-image-preview:large","max-video-preview":"max-video-preview:-1"},"canonical":"https:\/\/compartilhabahia.com.br\/index.php\/2024\/12\/19\/forbes-destaca-camacari-ao-mundo-foi-o-que-sempre-falei-ja-deu-certo-simpatia\/","og_locale":"pt_BR","og_type":"article","og_title":"Forbes destaca Cama\u00e7ari ao mundo: \u201cFoi o que sempre falei. J\u00e1 deu certo simpatia\u201d - Compartilha Bahia","og_description":"Nesta quarta-feira (18) a reda\u00e7\u00e3o do site Compartilha Bahia recebeu um comunicado de empres\u00e1rios de S\u00e3o Paulo (SP), que atuam na famosa Avenida Faria Lima, informando que Cama\u00e7ari saiu na revista Forbes, em uma mat\u00e9ria sobre a BYD. Imediatamente encaminhamos a not\u00edcia para o prefeito eleito de Cama\u00e7ari Luiz Caetano (PT), dizendo \u201cveja como Cama\u00e7ari [&hellip;]","og_url":"https:\/\/compartilhabahia.com.br\/index.php\/2024\/12\/19\/forbes-destaca-camacari-ao-mundo-foi-o-que-sempre-falei-ja-deu-certo-simpatia\/","og_site_name":"Compartilha Bahia","article_publisher":"https:\/\/web.facebook.com\/compartilhabahia","article_published_time":"2024-12-19T13:40:28+00:00","article_modified_time":"2024-12-19T13:40:30+00:00","og_image":[{"width":720,"height":1113,"url":"https:\/\/compartilhabahia.com.br\/wp-content\/uploads\/2024\/12\/forbescaetano.jpg","type":"image\/jpeg"}],"author":"admin","twitter_card":"summary_large_image","twitter_misc":{"Escrito por":"admin","Est. tempo de leitura":"2 minutos"},"schema":{"@context":"https:\/\/schema.org","@graph":[{"@type":"Article","@id":"https:\/\/compartilhabahia.com.br\/index.php\/2024\/12\/19\/forbes-destaca-camacari-ao-mundo-foi-o-que-sempre-falei-ja-deu-certo-simpatia\/#article","isPartOf":{"@id":"https:\/\/compartilhabahia.com.br\/index.php\/2024\/12\/19\/forbes-destaca-camacari-ao-mundo-foi-o-que-sempre-falei-ja-deu-certo-simpatia\/"},"author":{"name":"admin","@id":"https:\/\/compartilhabahia.com.br\/#\/schema\/person\/9b4f0c3178793b8248d6686732521c04"},"headline":"Forbes destaca Cama\u00e7ari ao mundo: \u201cFoi o que sempre falei. J\u00e1 deu certo simpatia\u201d","datePublished":"2024-12-19T13:40:28+00:00","dateModified":"2024-12-19T13:40:30+00:00","mainEntityOfPage":{"@id":"https:\/\/compartilhabahia.com.br\/index.php\/2024\/12\/19\/forbes-destaca-camacari-ao-mundo-foi-o-que-sempre-falei-ja-deu-certo-simpatia\/"},"wordCount":364,"commentCount":0,"publisher":{"@id":"https:\/\/compartilhabahia.com.br\/#organization"},"articleSection":["Cama\u00e7ari"],"inLanguage":"pt-BR","potentialAction":[{"@type":"CommentAction","name":"Comment","target":["https:\/\/compartilhabahia.com.br\/index.php\/2024\/12\/19\/forbes-destaca-camacari-ao-mundo-foi-o-que-sempre-falei-ja-deu-certo-simpatia\/#respond"]}]},{"@type":"WebPage","@id":"https:\/\/compartilhabahia.com.br\/index.php\/2024\/12\/19\/forbes-destaca-camacari-ao-mundo-foi-o-que-sempre-falei-ja-deu-certo-simpatia\/","url":"https:\/\/compartilhabahia.com.br\/index.php\/2024\/12\/19\/forbes-destaca-camacari-ao-mundo-foi-o-que-sempre-falei-ja-deu-certo-simpatia\/","name":"Forbes destaca Cama\u00e7ari ao mundo: \u201cFoi o que sempre falei. J\u00e1 deu certo simpatia\u201d - Compartilha Bahia","isPartOf":{"@id":"https:\/\/compartilhabahia.com.br\/#website"},"datePublished":"2024-12-19T13:40:28+00:00","dateModified":"2024-12-19T13:40:30+00:00","breadcrumb":{"@id":"https:\/\/compartilhabahia.com.br\/index.php\/2024\/12\/19\/forbes-destaca-camacari-ao-mundo-foi-o-que-sempre-falei-ja-deu-certo-simpatia\/#breadcrumb"},"inLanguage":"pt-BR","potentialAction":[{"@type":"ReadAction","target":["https:\/\/compartilhabahia.com.br\/index.php\/2024\/12\/19\/forbes-destaca-camacari-ao-mundo-foi-o-que-sempre-falei-ja-deu-certo-simpatia\/"]}]},{"@type":"BreadcrumbList","@id":"https:\/\/compartilhabahia.com.br\/index.php\/2024\/12\/19\/forbes-destaca-camacari-ao-mundo-foi-o-que-sempre-falei-ja-deu-certo-simpatia\/#breadcrumb","itemListElement":[{"@type":"ListItem","position":1,"name":"In\u00edcio","item":"https:\/\/compartilhabahia.com.br\/"},{"@type":"ListItem","position":2,"name":"Forbes destaca Cama\u00e7ari ao mundo: \u201cFoi o que sempre falei. J\u00e1 deu certo simpatia\u201d"}]},{"@type":"WebSite","@id":"https:\/\/compartilhabahia.com.br\/#website","url":"https:\/\/compartilhabahia.com.br\/","name":"Compartilha Bahia","description":"","publisher":{"@id":"https:\/\/compartilhabahia.com.br\/#organization"},"potentialAction":[{"@type":"SearchAction","target":{"@type":"EntryPoint","urlTemplate":"https:\/\/compartilhabahia.com.br\/?s={search_term_string}"},"query-input":"required name=search_term_string"}],"inLanguage":"pt-BR"},{"@type":"Organization","@id":"https:\/\/compartilhabahia.com.br\/#organization","name":"Compartilha Bahia","url":"https:\/\/compartilhabahia.com.br\/","logo":{"@type":"ImageObject","inLanguage":"pt-BR","@id":"https:\/\/compartilhabahia.com.br\/#\/schema\/logo\/image\/","url":"https:\/\/compartilhabahia.com.br\/wp-content\/uploads\/2023\/12\/cropped-logo.png","contentUrl":"https:\/\/compartilhabahia.com.br\/wp-content\/uploads\/2023\/12\/cropped-logo.png","width":300,"height":106,"caption":"Compartilha Bahia"},"image":{"@id":"https:\/\/compartilhabahia.com.br\/#\/schema\/logo\/image\/"},"sameAs":["https:\/\/web.facebook.com\/compartilhabahia","https:\/\/www.instagram.com\/compartilhabahia\/"]},{"@type":"Person","@id":"https:\/\/compartilhabahia.com.br\/#\/schema\/person\/9b4f0c3178793b8248d6686732521c04","name":"admin","image":{"@type":"ImageObject","inLanguage":"pt-BR","@id":"https:\/\/compartilhabahia.com.br\/#\/schema\/person\/image\/","url":"https:\/\/secure.gravatar.com\/avatar\/9600df58751c5acbe914c538c03390ef649ea088cb65f84ba09c7ce66988eed6?s=96&d=mm&r=g","contentUrl":"https:\/\/secure.gravatar.com\/avatar\/9600df58751c5acbe914c538c03390ef649ea088cb65f84ba09c7ce66988eed6?s=96&d=mm&r=g","caption":"admin"},"sameAs":["https:\/\/compartilhabahia.com.br"],"url":"https:\/\/compartilhabahia.com.br\/index.php\/author\/compartilhabahia\/"}]}},"_links":{"self":[{"href":"https:\/\/compartilhabahia.com.br\/index.php\/wp-json\/wp\/v2\/posts\/4640","targetHints":{"allow":["GET"]}}],"collection":[{"href":"https:\/\/compartilhabahia.com.br\/index.php\/wp-json\/wp\/v2\/posts"}],"about":[{"href":"https:\/\/compartilhabahia.com.br\/index.php\/wp-json\/wp\/v2\/types\/post"}],"author":[{"embeddable":true,"href":"https:\/\/compartilhabahia.com.br\/index.php\/wp-json\/wp\/v2\/users\/1"}],"replies":[{"embeddable":true,"href":"https:\/\/compartilhabahia.com.br\/index.php\/wp-json\/wp\/v2\/comments?post=4640"}],"version-history":[{"count":1,"href":"https:\/\/compartilhabahia.com.br\/index.php\/wp-json\/wp\/v2\/posts\/4640\/revisions"}],"predecessor-version":[{"id":4642,"href":"https:\/\/compartilhabahia.com.br\/index.php\/wp-json\/wp\/v2\/posts\/4640\/revisions\/4642"}],"wp:featuredmedia":[{"embeddable":true,"href":"https:\/\/compartilhabahia.com.br\/index.php\/wp-json\/wp\/v2\/media\/4641"}],"wp:attachment":[{"href":"https:\/\/compartilhabahia.com.br\/index.php\/wp-json\/wp\/v2\/media?parent=4640"}],"wp:term":[{"taxonomy":"category","embeddable":true,"href":"https:\/\/compartilhabahia.com.br\/index.php\/wp-json\/wp\/v2\/categories?post=4640"},{"taxonomy":"post_tag","embeddable":true,"href":"https:\/\/compartilhabahia.com.br\/index.php\/wp-json\/wp\/v2\/tags?post=4640"}],"curies":[{"name":"wp","href":"https:\/\/api.w.org\/{rel}","templated":true}]}}