{"id":461,"date":"2024-01-04T14:00:48","date_gmt":"2024-01-04T14:00:48","guid":{"rendered":"https:\/\/compartilhabahia.com.br\/?p=461"},"modified":"2024-01-04T14:05:55","modified_gmt":"2024-01-04T14:05:55","slug":"sertanejo-bruto-musica-de-novela-e-separacao-apos-depressao-quem-era-joao-carreiro","status":"publish","type":"post","link":"https:\/\/compartilhabahia.com.br\/index.php\/2024\/01\/04\/sertanejo-bruto-musica-de-novela-e-separacao-apos-depressao-quem-era-joao-carreiro\/","title":{"rendered":"&#8216;Sertanejo bruto&#8217;, m\u00fasica de novela e separa\u00e7\u00e3o ap\u00f3s depress\u00e3o: quem era Jo\u00e3o Carreiro"},"content":{"rendered":"\n<p>Jo\u00e3o Carreiro, um dos precursores do &#8220;sertanejo bruto&#8221;, morreu nesta quarta-feira (3), aos 41 anos, em Campo Grande.&nbsp;O cantor tinha passado por uma cirurgia para colocar uma v\u00e1lvula no cora\u00e7\u00e3o, mas n\u00e3o resistiu.&nbsp;<\/p>\n\n\n\n<p>Durante sua carreira, o artista buscou resgatar o som do sertanejo mais tradicional, com m\u00fasicas autoriais, ao lado da dupla Capataz. Ao longo da trajet\u00f3ria, falou sobre depress\u00e3o e problemas de sa\u00fade mental que enfrentou.&nbsp;<\/p>\n\n\n\n<p>Jo\u00e3o Carreiro postou v\u00eddeo brincando com roupa de hospital antes de morrer em cirurgia: &#8216;n\u00e3o combinou comigo&#8217;&nbsp;<\/p>\n\n\n\n<p>Jo\u00e3o Carreiro come\u00e7ou sua trajet\u00f3ria musical cantando em bares e festas universit\u00e1rias na sua cidade natal, Cuiab\u00e1 (MT). Seu nome art\u00edstico \u00e9 uma homenagem a Ti\u00e3o Carreiro (1934-1993) e, assim como seu \u00eddolo, o cantor levou a viola caipira e o sertanejo raiz para os palcos e \u00e1lbuns, mantendo a moda de viola viva mesmo em tempos de dom\u00ednio do sertanejo universit\u00e1rio.&nbsp;<\/p>\n\n\n\n<p>O artista despontou mais tarde ao formar dupla com Hilton Cesar Serafim, o Capataz, com quem lan\u00e7ou o primeiro trabalho, &#8220;Os brutos do sertanejo&#8221;, em 2009.&nbsp;<\/p>\n\n\n\n<p>O \u00e1lbum tem m\u00fasicas como &#8220;Faculdade da Pinga&#8221;, &#8220;Descart\u00e1vel&#8221;, &#8220;Eu s\u00f3 Sei te Amar&#8221; e &#8220;\u00d3i N\u00f3is Traveis&#8221;, de sua autoria. Com o trabalho, eles foram respons\u00e1veis por apresentar o estilo &#8220;sertanejo bruto&#8221;, com m\u00fasicas calcadas no romantismo moderno, marcadas pela voz grave dos cantores e por vezes com o som da viola caipira.&nbsp;<\/p>\n\n\n\n<p>O sucesso &#8220;Bruto r\u00fastico e sistem\u00e1tico&#8221;, cantado ao lado de Jadson, foi trilha da novela &#8220;Para\u00edso&#8221;, da TV Globo. Eles tamb\u00e9m tiveram a m\u00fasica &#8220;Xique Bacanizado&#8221; na novela &#8220;Araguaia&#8221;, de 2011.&nbsp;<\/p>\n\n\n\n<p>No projeto &#8220;Lado A, Lado B&#8221;, de 2011, a dupla voltou \u00e0s ra\u00edzes ao apresentar 21 m\u00fasicas do sertanejo tradicional, sendo 15 delas in\u00e9ditas. O disco contava com a &#8220;O que essa Mo\u00e7a fez aqui&#8221;, um dos maiores sucessos da dupla. A continua\u00e7\u00e3o do projeto veio com com o trabalho &#8220;Lado B&#8221;, com outras 18 m\u00fasicas do cantor.&nbsp;<\/p>\n\n\n\n<p>A parceria com Capataz foi rompida em 2013, quando Carreiro se afastou dos palcos por problemas de sa\u00fade mental. Ele revelou que enfrentava uma depress\u00e3o e sintomas de Transtorno Obsessivo Compulsivo (TOC).&nbsp;<\/p>\n\n\n\n<p>Jo\u00e3o retomou a carreira em 2015, decidindo pelo trabalho solo. Em 2018, gravou o projeto &#8220;Brutos de verdade \u2013 Jads &amp; Jadson e Jo\u00e3o Carreiro \u2013 O encontro mais bruto da m\u00fasica sertaneja!&#8221;.&nbsp;<\/p>\n\n\n\n<p>No ano passado, ele participou do &#8220;Fazendinha Sessions #3&#8221;, com Ana Castela, Hungria, LP, Us Agroboy, Felipe Amorim e DJ Chris no Beat.&nbsp;<\/p>\n\n\n\n<p>Ele fez sua \u00faltima apresenta\u00e7\u00e3o na noite do dia 31 de dezembro, em Pedra Preta (MT). Carreiro estava internado em um hospital em Campo Grande para colocar uma v\u00e1lvula no cora\u00e7\u00e3o. O artista passou pela cirurgia nesta quarta-feira (3).&nbsp;<\/p>\n\n\n\n<p><a href=\"https:\/\/g1.globo.com\/ms\/mato-grosso-do-sul\/g1-em-1-minuto\/video\/joao-carreiro-publicou-video-antes-de-cirurgia-12239012.ghtml\">https:\/\/g1.globo.com\/ms\/mato-grosso-do-sul\/g1-em-1-minuto\/video\/joao-carreiro-publicou-video-antes-de-cirurgia-12239012.ghtml<\/a><\/p>\n\n\n\n<p><\/p>\n","protected":false},"excerpt":{"rendered":"<p>Jo\u00e3o Carreiro, um dos precursores do &#8220;sertanejo bruto&#8221;, morreu nesta quarta-feira (3), aos 41 anos, em Campo Grande.&nbsp;O cantor tinha passado por uma cirurgia para colocar uma v\u00e1lvula no cora\u00e7\u00e3o, mas n\u00e3o resistiu.&nbsp; Durante sua carreira, o artista buscou resgatar o som do sertanejo mais tradicional, com m\u00fasicas autoriais, ao lado da dupla Capataz. Ao [&hellip;]<\/p>\n","protected":false},"author":1,"featured_media":462,"comment_status":"open","ping_status":"open","sticky":false,"template":"","format":"standard","meta":{"footnotes":""},"categories":[4],"tags":[],"class_list":["post-461","post","type-post","status-publish","format-standard","has-post-thumbnail","hentry","category-brasil"],"yoast_head":"<!-- This site is optimized with the Yoast SEO plugin v21.7 - https:\/\/yoast.com\/wordpress\/plugins\/seo\/ -->\n<title>&#039;Sertanejo bruto&#039;, m\u00fasica de novela e separa\u00e7\u00e3o ap\u00f3s depress\u00e3o: quem era Jo\u00e3o Carreiro - Compartilha Bahia<\/title>\n<meta name=\"robots\" content=\"index, follow, max-snippet:-1, max-image-preview:large, max-video-preview:-1\" \/>\n<link rel=\"canonical\" href=\"https:\/\/compartilhabahia.com.br\/index.php\/2024\/01\/04\/sertanejo-bruto-musica-de-novela-e-separacao-apos-depressao-quem-era-joao-carreiro\/\" \/>\n<meta property=\"og:locale\" content=\"pt_BR\" \/>\n<meta property=\"og:type\" content=\"article\" \/>\n<meta property=\"og:title\" content=\"&#039;Sertanejo bruto&#039;, m\u00fasica de novela e separa\u00e7\u00e3o ap\u00f3s depress\u00e3o: quem era Jo\u00e3o Carreiro - Compartilha Bahia\" \/>\n<meta property=\"og:description\" content=\"Jo\u00e3o Carreiro, um dos precursores do &#8220;sertanejo bruto&#8221;, morreu nesta quarta-feira (3), aos 41 anos, em Campo Grande.&nbsp;O cantor tinha passado por uma cirurgia para colocar uma v\u00e1lvula no cora\u00e7\u00e3o, mas n\u00e3o resistiu.&nbsp; Durante sua carreira, o artista buscou resgatar o som do sertanejo mais tradicional, com m\u00fasicas autoriais, ao lado da dupla Capataz. Ao [&hellip;]\" \/>\n<meta property=\"og:url\" content=\"https:\/\/compartilhabahia.com.br\/index.php\/2024\/01\/04\/sertanejo-bruto-musica-de-novela-e-separacao-apos-depressao-quem-era-joao-carreiro\/\" \/>\n<meta property=\"og:site_name\" content=\"Compartilha Bahia\" \/>\n<meta property=\"article:publisher\" content=\"https:\/\/web.facebook.com\/compartilhabahia\" \/>\n<meta property=\"article:published_time\" content=\"2024-01-04T14:00:48+00:00\" \/>\n<meta property=\"article:modified_time\" content=\"2024-01-04T14:05:55+00:00\" \/>\n<meta property=\"og:image\" content=\"https:\/\/compartilhabahia.com.br\/wp-content\/uploads\/2024\/01\/joao-carreiro-perfil.webp\" \/>\n\t<meta property=\"og:image:width\" content=\"1008\" \/>\n\t<meta property=\"og:image:height\" content=\"683\" \/>\n\t<meta property=\"og:image:type\" content=\"image\/webp\" \/>\n<meta name=\"author\" content=\"admin\" \/>\n<meta name=\"twitter:card\" content=\"summary_large_image\" \/>\n<meta name=\"twitter:label1\" content=\"Escrito por\" \/>\n\t<meta name=\"twitter:data1\" content=\"admin\" \/>\n\t<meta name=\"twitter:label2\" content=\"Est. tempo de leitura\" \/>\n\t<meta name=\"twitter:data2\" content=\"3 minutos\" \/>\n<script type=\"application\/ld+json\" class=\"yoast-schema-graph\">{\"@context\":\"https:\/\/schema.org\",\"@graph\":[{\"@type\":\"Article\",\"@id\":\"https:\/\/compartilhabahia.com.br\/index.php\/2024\/01\/04\/sertanejo-bruto-musica-de-novela-e-separacao-apos-depressao-quem-era-joao-carreiro\/#article\",\"isPartOf\":{\"@id\":\"https:\/\/compartilhabahia.com.br\/index.php\/2024\/01\/04\/sertanejo-bruto-musica-de-novela-e-separacao-apos-depressao-quem-era-joao-carreiro\/\"},\"author\":{\"name\":\"admin\",\"@id\":\"https:\/\/compartilhabahia.com.br\/#\/schema\/person\/9b4f0c3178793b8248d6686732521c04\"},\"headline\":\"&#8216;Sertanejo bruto&#8217;, m\u00fasica de novela e separa\u00e7\u00e3o ap\u00f3s depress\u00e3o: quem era Jo\u00e3o Carreiro\",\"datePublished\":\"2024-01-04T14:00:48+00:00\",\"dateModified\":\"2024-01-04T14:05:55+00:00\",\"mainEntityOfPage\":{\"@id\":\"https:\/\/compartilhabahia.com.br\/index.php\/2024\/01\/04\/sertanejo-bruto-musica-de-novela-e-separacao-apos-depressao-quem-era-joao-carreiro\/\"},\"wordCount\":514,\"commentCount\":0,\"publisher\":{\"@id\":\"https:\/\/compartilhabahia.com.br\/#organization\"},\"articleSection\":[\"Brasil\"],\"inLanguage\":\"pt-BR\",\"potentialAction\":[{\"@type\":\"CommentAction\",\"name\":\"Comment\",\"target\":[\"https:\/\/compartilhabahia.com.br\/index.php\/2024\/01\/04\/sertanejo-bruto-musica-de-novela-e-separacao-apos-depressao-quem-era-joao-carreiro\/#respond\"]}]},{\"@type\":\"WebPage\",\"@id\":\"https:\/\/compartilhabahia.com.br\/index.php\/2024\/01\/04\/sertanejo-bruto-musica-de-novela-e-separacao-apos-depressao-quem-era-joao-carreiro\/\",\"url\":\"https:\/\/compartilhabahia.com.br\/index.php\/2024\/01\/04\/sertanejo-bruto-musica-de-novela-e-separacao-apos-depressao-quem-era-joao-carreiro\/\",\"name\":\"'Sertanejo bruto', m\u00fasica de novela e separa\u00e7\u00e3o ap\u00f3s depress\u00e3o: quem era Jo\u00e3o Carreiro - Compartilha Bahia\",\"isPartOf\":{\"@id\":\"https:\/\/compartilhabahia.com.br\/#website\"},\"datePublished\":\"2024-01-04T14:00:48+00:00\",\"dateModified\":\"2024-01-04T14:05:55+00:00\",\"breadcrumb\":{\"@id\":\"https:\/\/compartilhabahia.com.br\/index.php\/2024\/01\/04\/sertanejo-bruto-musica-de-novela-e-separacao-apos-depressao-quem-era-joao-carreiro\/#breadcrumb\"},\"inLanguage\":\"pt-BR\",\"potentialAction\":[{\"@type\":\"ReadAction\",\"target\":[\"https:\/\/compartilhabahia.com.br\/index.php\/2024\/01\/04\/sertanejo-bruto-musica-de-novela-e-separacao-apos-depressao-quem-era-joao-carreiro\/\"]}]},{\"@type\":\"BreadcrumbList\",\"@id\":\"https:\/\/compartilhabahia.com.br\/index.php\/2024\/01\/04\/sertanejo-bruto-musica-de-novela-e-separacao-apos-depressao-quem-era-joao-carreiro\/#breadcrumb\",\"itemListElement\":[{\"@type\":\"ListItem\",\"position\":1,\"name\":\"In\u00edcio\",\"item\":\"https:\/\/compartilhabahia.com.br\/\"},{\"@type\":\"ListItem\",\"position\":2,\"name\":\"&#8216;Sertanejo bruto&#8217;, m\u00fasica de novela e separa\u00e7\u00e3o ap\u00f3s depress\u00e3o: quem era Jo\u00e3o Carreiro\"}]},{\"@type\":\"WebSite\",\"@id\":\"https:\/\/compartilhabahia.com.br\/#website\",\"url\":\"https:\/\/compartilhabahia.com.br\/\",\"name\":\"Compartilha Bahia\",\"description\":\"\",\"publisher\":{\"@id\":\"https:\/\/compartilhabahia.com.br\/#organization\"},\"potentialAction\":[{\"@type\":\"SearchAction\",\"target\":{\"@type\":\"EntryPoint\",\"urlTemplate\":\"https:\/\/compartilhabahia.com.br\/?s={search_term_string}\"},\"query-input\":\"required name=search_term_string\"}],\"inLanguage\":\"pt-BR\"},{\"@type\":\"Organization\",\"@id\":\"https:\/\/compartilhabahia.com.br\/#organization\",\"name\":\"Compartilha Bahia\",\"url\":\"https:\/\/compartilhabahia.com.br\/\",\"logo\":{\"@type\":\"ImageObject\",\"inLanguage\":\"pt-BR\",\"@id\":\"https:\/\/compartilhabahia.com.br\/#\/schema\/logo\/image\/\",\"url\":\"https:\/\/compartilhabahia.com.br\/wp-content\/uploads\/2023\/12\/cropped-logo.png\",\"contentUrl\":\"https:\/\/compartilhabahia.com.br\/wp-content\/uploads\/2023\/12\/cropped-logo.png\",\"width\":300,\"height\":106,\"caption\":\"Compartilha Bahia\"},\"image\":{\"@id\":\"https:\/\/compartilhabahia.com.br\/#\/schema\/logo\/image\/\"},\"sameAs\":[\"https:\/\/web.facebook.com\/compartilhabahia\",\"https:\/\/www.instagram.com\/compartilhabahia\/\"]},{\"@type\":\"Person\",\"@id\":\"https:\/\/compartilhabahia.com.br\/#\/schema\/person\/9b4f0c3178793b8248d6686732521c04\",\"name\":\"admin\",\"image\":{\"@type\":\"ImageObject\",\"inLanguage\":\"pt-BR\",\"@id\":\"https:\/\/compartilhabahia.com.br\/#\/schema\/person\/image\/\",\"url\":\"https:\/\/secure.gravatar.com\/avatar\/9600df58751c5acbe914c538c03390ef649ea088cb65f84ba09c7ce66988eed6?s=96&d=mm&r=g\",\"contentUrl\":\"https:\/\/secure.gravatar.com\/avatar\/9600df58751c5acbe914c538c03390ef649ea088cb65f84ba09c7ce66988eed6?s=96&d=mm&r=g\",\"caption\":\"admin\"},\"sameAs\":[\"https:\/\/compartilhabahia.com.br\"],\"url\":\"https:\/\/compartilhabahia.com.br\/index.php\/author\/compartilhabahia\/\"}]}<\/script>\n<!-- \/ Yoast SEO plugin. -->","yoast_head_json":{"title":"'Sertanejo bruto', m\u00fasica de novela e separa\u00e7\u00e3o ap\u00f3s depress\u00e3o: quem era Jo\u00e3o Carreiro - Compartilha Bahia","robots":{"index":"index","follow":"follow","max-snippet":"max-snippet:-1","max-image-preview":"max-image-preview:large","max-video-preview":"max-video-preview:-1"},"canonical":"https:\/\/compartilhabahia.com.br\/index.php\/2024\/01\/04\/sertanejo-bruto-musica-de-novela-e-separacao-apos-depressao-quem-era-joao-carreiro\/","og_locale":"pt_BR","og_type":"article","og_title":"'Sertanejo bruto', m\u00fasica de novela e separa\u00e7\u00e3o ap\u00f3s depress\u00e3o: quem era Jo\u00e3o Carreiro - Compartilha Bahia","og_description":"Jo\u00e3o Carreiro, um dos precursores do &#8220;sertanejo bruto&#8221;, morreu nesta quarta-feira (3), aos 41 anos, em Campo Grande.&nbsp;O cantor tinha passado por uma cirurgia para colocar uma v\u00e1lvula no cora\u00e7\u00e3o, mas n\u00e3o resistiu.&nbsp; Durante sua carreira, o artista buscou resgatar o som do sertanejo mais tradicional, com m\u00fasicas autoriais, ao lado da dupla Capataz. Ao [&hellip;]","og_url":"https:\/\/compartilhabahia.com.br\/index.php\/2024\/01\/04\/sertanejo-bruto-musica-de-novela-e-separacao-apos-depressao-quem-era-joao-carreiro\/","og_site_name":"Compartilha Bahia","article_publisher":"https:\/\/web.facebook.com\/compartilhabahia","article_published_time":"2024-01-04T14:00:48+00:00","article_modified_time":"2024-01-04T14:05:55+00:00","og_image":[{"width":1008,"height":683,"url":"https:\/\/compartilhabahia.com.br\/wp-content\/uploads\/2024\/01\/joao-carreiro-perfil.webp","type":"image\/webp"}],"author":"admin","twitter_card":"summary_large_image","twitter_misc":{"Escrito por":"admin","Est. tempo de leitura":"3 minutos"},"schema":{"@context":"https:\/\/schema.org","@graph":[{"@type":"Article","@id":"https:\/\/compartilhabahia.com.br\/index.php\/2024\/01\/04\/sertanejo-bruto-musica-de-novela-e-separacao-apos-depressao-quem-era-joao-carreiro\/#article","isPartOf":{"@id":"https:\/\/compartilhabahia.com.br\/index.php\/2024\/01\/04\/sertanejo-bruto-musica-de-novela-e-separacao-apos-depressao-quem-era-joao-carreiro\/"},"author":{"name":"admin","@id":"https:\/\/compartilhabahia.com.br\/#\/schema\/person\/9b4f0c3178793b8248d6686732521c04"},"headline":"&#8216;Sertanejo bruto&#8217;, m\u00fasica de novela e separa\u00e7\u00e3o ap\u00f3s depress\u00e3o: quem era Jo\u00e3o Carreiro","datePublished":"2024-01-04T14:00:48+00:00","dateModified":"2024-01-04T14:05:55+00:00","mainEntityOfPage":{"@id":"https:\/\/compartilhabahia.com.br\/index.php\/2024\/01\/04\/sertanejo-bruto-musica-de-novela-e-separacao-apos-depressao-quem-era-joao-carreiro\/"},"wordCount":514,"commentCount":0,"publisher":{"@id":"https:\/\/compartilhabahia.com.br\/#organization"},"articleSection":["Brasil"],"inLanguage":"pt-BR","potentialAction":[{"@type":"CommentAction","name":"Comment","target":["https:\/\/compartilhabahia.com.br\/index.php\/2024\/01\/04\/sertanejo-bruto-musica-de-novela-e-separacao-apos-depressao-quem-era-joao-carreiro\/#respond"]}]},{"@type":"WebPage","@id":"https:\/\/compartilhabahia.com.br\/index.php\/2024\/01\/04\/sertanejo-bruto-musica-de-novela-e-separacao-apos-depressao-quem-era-joao-carreiro\/","url":"https:\/\/compartilhabahia.com.br\/index.php\/2024\/01\/04\/sertanejo-bruto-musica-de-novela-e-separacao-apos-depressao-quem-era-joao-carreiro\/","name":"'Sertanejo bruto', m\u00fasica de novela e separa\u00e7\u00e3o ap\u00f3s depress\u00e3o: quem era Jo\u00e3o Carreiro - Compartilha Bahia","isPartOf":{"@id":"https:\/\/compartilhabahia.com.br\/#website"},"datePublished":"2024-01-04T14:00:48+00:00","dateModified":"2024-01-04T14:05:55+00:00","breadcrumb":{"@id":"https:\/\/compartilhabahia.com.br\/index.php\/2024\/01\/04\/sertanejo-bruto-musica-de-novela-e-separacao-apos-depressao-quem-era-joao-carreiro\/#breadcrumb"},"inLanguage":"pt-BR","potentialAction":[{"@type":"ReadAction","target":["https:\/\/compartilhabahia.com.br\/index.php\/2024\/01\/04\/sertanejo-bruto-musica-de-novela-e-separacao-apos-depressao-quem-era-joao-carreiro\/"]}]},{"@type":"BreadcrumbList","@id":"https:\/\/compartilhabahia.com.br\/index.php\/2024\/01\/04\/sertanejo-bruto-musica-de-novela-e-separacao-apos-depressao-quem-era-joao-carreiro\/#breadcrumb","itemListElement":[{"@type":"ListItem","position":1,"name":"In\u00edcio","item":"https:\/\/compartilhabahia.com.br\/"},{"@type":"ListItem","position":2,"name":"&#8216;Sertanejo bruto&#8217;, m\u00fasica de novela e separa\u00e7\u00e3o ap\u00f3s depress\u00e3o: quem era Jo\u00e3o Carreiro"}]},{"@type":"WebSite","@id":"https:\/\/compartilhabahia.com.br\/#website","url":"https:\/\/compartilhabahia.com.br\/","name":"Compartilha Bahia","description":"","publisher":{"@id":"https:\/\/compartilhabahia.com.br\/#organization"},"potentialAction":[{"@type":"SearchAction","target":{"@type":"EntryPoint","urlTemplate":"https:\/\/compartilhabahia.com.br\/?s={search_term_string}"},"query-input":"required name=search_term_string"}],"inLanguage":"pt-BR"},{"@type":"Organization","@id":"https:\/\/compartilhabahia.com.br\/#organization","name":"Compartilha Bahia","url":"https:\/\/compartilhabahia.com.br\/","logo":{"@type":"ImageObject","inLanguage":"pt-BR","@id":"https:\/\/compartilhabahia.com.br\/#\/schema\/logo\/image\/","url":"https:\/\/compartilhabahia.com.br\/wp-content\/uploads\/2023\/12\/cropped-logo.png","contentUrl":"https:\/\/compartilhabahia.com.br\/wp-content\/uploads\/2023\/12\/cropped-logo.png","width":300,"height":106,"caption":"Compartilha Bahia"},"image":{"@id":"https:\/\/compartilhabahia.com.br\/#\/schema\/logo\/image\/"},"sameAs":["https:\/\/web.facebook.com\/compartilhabahia","https:\/\/www.instagram.com\/compartilhabahia\/"]},{"@type":"Person","@id":"https:\/\/compartilhabahia.com.br\/#\/schema\/person\/9b4f0c3178793b8248d6686732521c04","name":"admin","image":{"@type":"ImageObject","inLanguage":"pt-BR","@id":"https:\/\/compartilhabahia.com.br\/#\/schema\/person\/image\/","url":"https:\/\/secure.gravatar.com\/avatar\/9600df58751c5acbe914c538c03390ef649ea088cb65f84ba09c7ce66988eed6?s=96&d=mm&r=g","contentUrl":"https:\/\/secure.gravatar.com\/avatar\/9600df58751c5acbe914c538c03390ef649ea088cb65f84ba09c7ce66988eed6?s=96&d=mm&r=g","caption":"admin"},"sameAs":["https:\/\/compartilhabahia.com.br"],"url":"https:\/\/compartilhabahia.com.br\/index.php\/author\/compartilhabahia\/"}]}},"_links":{"self":[{"href":"https:\/\/compartilhabahia.com.br\/index.php\/wp-json\/wp\/v2\/posts\/461","targetHints":{"allow":["GET"]}}],"collection":[{"href":"https:\/\/compartilhabahia.com.br\/index.php\/wp-json\/wp\/v2\/posts"}],"about":[{"href":"https:\/\/compartilhabahia.com.br\/index.php\/wp-json\/wp\/v2\/types\/post"}],"author":[{"embeddable":true,"href":"https:\/\/compartilhabahia.com.br\/index.php\/wp-json\/wp\/v2\/users\/1"}],"replies":[{"embeddable":true,"href":"https:\/\/compartilhabahia.com.br\/index.php\/wp-json\/wp\/v2\/comments?post=461"}],"version-history":[{"count":4,"href":"https:\/\/compartilhabahia.com.br\/index.php\/wp-json\/wp\/v2\/posts\/461\/revisions"}],"predecessor-version":[{"id":467,"href":"https:\/\/compartilhabahia.com.br\/index.php\/wp-json\/wp\/v2\/posts\/461\/revisions\/467"}],"wp:featuredmedia":[{"embeddable":true,"href":"https:\/\/compartilhabahia.com.br\/index.php\/wp-json\/wp\/v2\/media\/462"}],"wp:attachment":[{"href":"https:\/\/compartilhabahia.com.br\/index.php\/wp-json\/wp\/v2\/media?parent=461"}],"wp:term":[{"taxonomy":"category","embeddable":true,"href":"https:\/\/compartilhabahia.com.br\/index.php\/wp-json\/wp\/v2\/categories?post=461"},{"taxonomy":"post_tag","embeddable":true,"href":"https:\/\/compartilhabahia.com.br\/index.php\/wp-json\/wp\/v2\/tags?post=461"}],"curies":[{"name":"wp","href":"https:\/\/api.w.org\/{rel}","templated":true}]}}