{"id":4604,"date":"2024-12-14T19:49:51","date_gmt":"2024-12-14T19:49:51","guid":{"rendered":"https:\/\/compartilhabahia.com.br\/?p=4604"},"modified":"2024-12-14T19:49:52","modified_gmt":"2024-12-14T19:49:52","slug":"apos-audiencia-de-custodia-stf-mantem-prisao-de-braga-netto","status":"publish","type":"post","link":"https:\/\/compartilhabahia.com.br\/index.php\/2024\/12\/14\/apos-audiencia-de-custodia-stf-mantem-prisao-de-braga-netto\/","title":{"rendered":"Ap\u00f3s audi\u00eancia de cust\u00f3dia, STF mant\u00e9m pris\u00e3o de Braga Netto"},"content":{"rendered":"\n<p>A pris\u00e3o preventiva do general da reserva Walter Souza Braga Netto foi mantida neste s\u00e1bado (14) pelo Supremo Tribunal Federal (STF) ap\u00f3s audi\u00eancia de cust\u00f3dia, conduzida por juiz auxiliar do gabinete do ministro Alexandre de Moraes.<\/p>\n\n\n\n<p>Ex-ministro da Casa Civil e candidato a vice-presidente na chapa de Jair Bolsonaro (PL), Braga Netto foi preso neste s\u00e1bado (14) em desdobramento do inqu\u00e9rito que apura uma trama golpista no final de 2022.<\/p>\n\n\n\n<p>Para entender: na audi\u00eancia de cust\u00f3dia, como prev\u00ea a lei, \u00e9 checada a regularidade da pris\u00e3o \u2014 isto \u00e9, se houve abuso ou maus-tratos, por exemplo.<\/p>\n\n\n\n<p>Segundo apurou a TV Globo, a audi\u00eancia, conduzida de forma remota, n\u00e3o trouxe novidades.<\/p>\n\n\n\n<p>Com a decis\u00e3o, Braga Netto dever\u00e1 seguir detido na Vila Militar, do Comando Militar do Leste, no Rio de Janeiro. Pris\u00f5es preventivas n\u00e3o t\u00eam prazo para acabar.<\/p>\n\n\n\n<p>O general da reserva \u00e9 um dos indiciados pela Pol\u00edcia Federal no inqu\u00e9rito que apura uma tentativa de golpe de Estado no final de 2022, a fim de impedir a posse do presidente eleito Luiz In\u00e1cio Lula da Silva (PT).<\/p>\n\n\n\n<p>O g1 entrou em contato com a defesa do general, mas n\u00e3o obteve resposta at\u00e9 a \u00faltima atualiza\u00e7\u00e3o desta reportagem. Em novembro, depois de ser indiciado, Braga Netto disse que &#8216;nunca se tratou de golpe&#8217;.<\/p>\n\n\n\n<p>Ao pedir a pris\u00e3o preventiva, a PF argumentou, entre outras coisas, que o ex-ministro de Bolsonaro atuou para atrapalhar as investiga\u00e7\u00f5es. E que a sua liberdade representaria um risco \u00e0 ordem p\u00fablica devido \u00e0 possibilidade de voltar a cometer a\u00e7\u00f5es il\u00edcitas.<\/p>\n\n\n\n<p>Os investigadores apontaram &#8220;fortes e robustos elementos de prova&#8221; de tentativas de Braga Netto em pressionar membros das For\u00e7as Armadas a aderir na trama golpista.<\/p>\n\n\n\n<p>Tamb\u00e9m afirmam que houve a\u00e7\u00f5es do general da reserva para obter informa\u00e7\u00f5es sobre a colabora\u00e7\u00e3o premiada do tenente-coronel Mauro Cid, ex-ajudante de ordens de Bolsonaro.<\/p>\n\n\n\n<p>A Pol\u00edcia Federal tamb\u00e9m destacou que o candidato a vice de Bolsonaro tamb\u00e9m:<\/p>\n\n\n\n<p>teve participa\u00e7\u00e3o relevante nos atos criminosos. Nas palavras de um investigador, era &#8220;a cabe\u00e7a, o mentor do golpe, mas sob comando de Bolsonaro&#8221;;<\/p>\n\n\n\n<p>coordenou a\u00e7\u00f5es il\u00edcitas executadas por militares com forma\u00e7\u00e3o em For\u00e7as Especiais (os chamados &#8220;kids pretos&#8221;);<\/p>\n\n\n\n<p>entregou dinheiro em uma sacola de vinho para financiar as opera\u00e7\u00f5es;<\/p>\n\n\n\n<p>tentou obter dados sigilosos do acordo de colabora\u00e7\u00e3o de Mauro Cid, ex-ajudante de ordens de Bolsonaro;<\/p>\n\n\n\n<p>tentou controlar as informa\u00e7\u00f5es fornecidas e alinhar vers\u00f5es entre os investigados; e<\/p>\n\n\n\n<p>teve a\u00e7\u00e3o efetiva na coordena\u00e7\u00e3o das a\u00e7\u00f5es clandestinas para tentar prender e executar o ministro Alexandre de Moraes.<\/p>\n\n\n\n<p>Pris\u00e3o de Braga Netto<\/p>\n\n\n\n<p>Braga Netto \u00e9 preso no inqu\u00e9rito do golpe<\/p>\n\n\n\n<p>Walter Souza Braga Netto foi preso na manh\u00e3 deste s\u00e1bado, em seu apartamento em Copacabana, na Zona Sul do Rio de Janeiro. De acordo com testemunhas, o carro da PF chegou pouco depois das 6h.<\/p>\n","protected":false},"excerpt":{"rendered":"<p>A pris\u00e3o preventiva do general da reserva Walter Souza Braga Netto foi mantida neste s\u00e1bado (14) pelo Supremo Tribunal Federal (STF) ap\u00f3s audi\u00eancia de cust\u00f3dia, conduzida por juiz auxiliar do gabinete do ministro Alexandre de Moraes. Ex-ministro da Casa Civil e candidato a vice-presidente na chapa de Jair Bolsonaro (PL), Braga Netto foi preso neste [&hellip;]<\/p>\n","protected":false},"author":1,"featured_media":4605,"comment_status":"open","ping_status":"open","sticky":false,"template":"","format":"standard","meta":{"footnotes":""},"categories":[1],"tags":[],"class_list":["post-4604","post","type-post","status-publish","format-standard","has-post-thumbnail","hentry","category-mundo"],"yoast_head":"<!-- This site is optimized with the Yoast SEO plugin v21.7 - https:\/\/yoast.com\/wordpress\/plugins\/seo\/ -->\n<title>Ap\u00f3s audi\u00eancia de cust\u00f3dia, STF mant\u00e9m pris\u00e3o de Braga Netto - Compartilha Bahia<\/title>\n<meta name=\"robots\" content=\"index, follow, max-snippet:-1, max-image-preview:large, max-video-preview:-1\" \/>\n<link rel=\"canonical\" href=\"https:\/\/compartilhabahia.com.br\/index.php\/2024\/12\/14\/apos-audiencia-de-custodia-stf-mantem-prisao-de-braga-netto\/\" \/>\n<meta property=\"og:locale\" content=\"pt_BR\" \/>\n<meta property=\"og:type\" content=\"article\" \/>\n<meta property=\"og:title\" content=\"Ap\u00f3s audi\u00eancia de cust\u00f3dia, STF mant\u00e9m pris\u00e3o de Braga Netto - Compartilha Bahia\" \/>\n<meta property=\"og:description\" content=\"A pris\u00e3o preventiva do general da reserva Walter Souza Braga Netto foi mantida neste s\u00e1bado (14) pelo Supremo Tribunal Federal (STF) ap\u00f3s audi\u00eancia de cust\u00f3dia, conduzida por juiz auxiliar do gabinete do ministro Alexandre de Moraes. Ex-ministro da Casa Civil e candidato a vice-presidente na chapa de Jair Bolsonaro (PL), Braga Netto foi preso neste [&hellip;]\" \/>\n<meta property=\"og:url\" content=\"https:\/\/compartilhabahia.com.br\/index.php\/2024\/12\/14\/apos-audiencia-de-custodia-stf-mantem-prisao-de-braga-netto\/\" \/>\n<meta property=\"og:site_name\" content=\"Compartilha Bahia\" \/>\n<meta property=\"article:publisher\" content=\"https:\/\/web.facebook.com\/compartilhabahia\" \/>\n<meta property=\"article:published_time\" content=\"2024-12-14T19:49:51+00:00\" \/>\n<meta property=\"article:modified_time\" content=\"2024-12-14T19:49:52+00:00\" \/>\n<meta property=\"og:image\" content=\"https:\/\/compartilhabahia.com.br\/wp-content\/uploads\/2024\/12\/generalpreso.jpg\" \/>\n\t<meta property=\"og:image:width\" content=\"799\" \/>\n\t<meta property=\"og:image:height\" content=\"472\" \/>\n\t<meta property=\"og:image:type\" content=\"image\/jpeg\" \/>\n<meta name=\"author\" content=\"admin\" \/>\n<meta name=\"twitter:card\" content=\"summary_large_image\" \/>\n<meta name=\"twitter:label1\" content=\"Escrito por\" \/>\n\t<meta name=\"twitter:data1\" content=\"admin\" \/>\n\t<meta name=\"twitter:label2\" content=\"Est. tempo de leitura\" \/>\n\t<meta name=\"twitter:data2\" content=\"3 minutos\" \/>\n<script type=\"application\/ld+json\" class=\"yoast-schema-graph\">{\"@context\":\"https:\/\/schema.org\",\"@graph\":[{\"@type\":\"Article\",\"@id\":\"https:\/\/compartilhabahia.com.br\/index.php\/2024\/12\/14\/apos-audiencia-de-custodia-stf-mantem-prisao-de-braga-netto\/#article\",\"isPartOf\":{\"@id\":\"https:\/\/compartilhabahia.com.br\/index.php\/2024\/12\/14\/apos-audiencia-de-custodia-stf-mantem-prisao-de-braga-netto\/\"},\"author\":{\"name\":\"admin\",\"@id\":\"https:\/\/compartilhabahia.com.br\/#\/schema\/person\/9b4f0c3178793b8248d6686732521c04\"},\"headline\":\"Ap\u00f3s audi\u00eancia de cust\u00f3dia, STF mant\u00e9m pris\u00e3o de Braga Netto\",\"datePublished\":\"2024-12-14T19:49:51+00:00\",\"dateModified\":\"2024-12-14T19:49:52+00:00\",\"mainEntityOfPage\":{\"@id\":\"https:\/\/compartilhabahia.com.br\/index.php\/2024\/12\/14\/apos-audiencia-de-custodia-stf-mantem-prisao-de-braga-netto\/\"},\"wordCount\":512,\"commentCount\":0,\"publisher\":{\"@id\":\"https:\/\/compartilhabahia.com.br\/#organization\"},\"articleSection\":[\"Mundo\"],\"inLanguage\":\"pt-BR\",\"potentialAction\":[{\"@type\":\"CommentAction\",\"name\":\"Comment\",\"target\":[\"https:\/\/compartilhabahia.com.br\/index.php\/2024\/12\/14\/apos-audiencia-de-custodia-stf-mantem-prisao-de-braga-netto\/#respond\"]}]},{\"@type\":\"WebPage\",\"@id\":\"https:\/\/compartilhabahia.com.br\/index.php\/2024\/12\/14\/apos-audiencia-de-custodia-stf-mantem-prisao-de-braga-netto\/\",\"url\":\"https:\/\/compartilhabahia.com.br\/index.php\/2024\/12\/14\/apos-audiencia-de-custodia-stf-mantem-prisao-de-braga-netto\/\",\"name\":\"Ap\u00f3s audi\u00eancia de cust\u00f3dia, STF mant\u00e9m pris\u00e3o de Braga Netto - Compartilha Bahia\",\"isPartOf\":{\"@id\":\"https:\/\/compartilhabahia.com.br\/#website\"},\"datePublished\":\"2024-12-14T19:49:51+00:00\",\"dateModified\":\"2024-12-14T19:49:52+00:00\",\"breadcrumb\":{\"@id\":\"https:\/\/compartilhabahia.com.br\/index.php\/2024\/12\/14\/apos-audiencia-de-custodia-stf-mantem-prisao-de-braga-netto\/#breadcrumb\"},\"inLanguage\":\"pt-BR\",\"potentialAction\":[{\"@type\":\"ReadAction\",\"target\":[\"https:\/\/compartilhabahia.com.br\/index.php\/2024\/12\/14\/apos-audiencia-de-custodia-stf-mantem-prisao-de-braga-netto\/\"]}]},{\"@type\":\"BreadcrumbList\",\"@id\":\"https:\/\/compartilhabahia.com.br\/index.php\/2024\/12\/14\/apos-audiencia-de-custodia-stf-mantem-prisao-de-braga-netto\/#breadcrumb\",\"itemListElement\":[{\"@type\":\"ListItem\",\"position\":1,\"name\":\"In\u00edcio\",\"item\":\"https:\/\/compartilhabahia.com.br\/\"},{\"@type\":\"ListItem\",\"position\":2,\"name\":\"Ap\u00f3s audi\u00eancia de cust\u00f3dia, STF mant\u00e9m pris\u00e3o de Braga Netto\"}]},{\"@type\":\"WebSite\",\"@id\":\"https:\/\/compartilhabahia.com.br\/#website\",\"url\":\"https:\/\/compartilhabahia.com.br\/\",\"name\":\"Compartilha Bahia\",\"description\":\"\",\"publisher\":{\"@id\":\"https:\/\/compartilhabahia.com.br\/#organization\"},\"potentialAction\":[{\"@type\":\"SearchAction\",\"target\":{\"@type\":\"EntryPoint\",\"urlTemplate\":\"https:\/\/compartilhabahia.com.br\/?s={search_term_string}\"},\"query-input\":\"required name=search_term_string\"}],\"inLanguage\":\"pt-BR\"},{\"@type\":\"Organization\",\"@id\":\"https:\/\/compartilhabahia.com.br\/#organization\",\"name\":\"Compartilha Bahia\",\"url\":\"https:\/\/compartilhabahia.com.br\/\",\"logo\":{\"@type\":\"ImageObject\",\"inLanguage\":\"pt-BR\",\"@id\":\"https:\/\/compartilhabahia.com.br\/#\/schema\/logo\/image\/\",\"url\":\"https:\/\/compartilhabahia.com.br\/wp-content\/uploads\/2023\/12\/cropped-logo.png\",\"contentUrl\":\"https:\/\/compartilhabahia.com.br\/wp-content\/uploads\/2023\/12\/cropped-logo.png\",\"width\":300,\"height\":106,\"caption\":\"Compartilha Bahia\"},\"image\":{\"@id\":\"https:\/\/compartilhabahia.com.br\/#\/schema\/logo\/image\/\"},\"sameAs\":[\"https:\/\/web.facebook.com\/compartilhabahia\",\"https:\/\/www.instagram.com\/compartilhabahia\/\"]},{\"@type\":\"Person\",\"@id\":\"https:\/\/compartilhabahia.com.br\/#\/schema\/person\/9b4f0c3178793b8248d6686732521c04\",\"name\":\"admin\",\"image\":{\"@type\":\"ImageObject\",\"inLanguage\":\"pt-BR\",\"@id\":\"https:\/\/compartilhabahia.com.br\/#\/schema\/person\/image\/\",\"url\":\"https:\/\/secure.gravatar.com\/avatar\/9600df58751c5acbe914c538c03390ef649ea088cb65f84ba09c7ce66988eed6?s=96&d=mm&r=g\",\"contentUrl\":\"https:\/\/secure.gravatar.com\/avatar\/9600df58751c5acbe914c538c03390ef649ea088cb65f84ba09c7ce66988eed6?s=96&d=mm&r=g\",\"caption\":\"admin\"},\"sameAs\":[\"https:\/\/compartilhabahia.com.br\"],\"url\":\"https:\/\/compartilhabahia.com.br\/index.php\/author\/compartilhabahia\/\"}]}<\/script>\n<!-- \/ Yoast SEO plugin. -->","yoast_head_json":{"title":"Ap\u00f3s audi\u00eancia de cust\u00f3dia, STF mant\u00e9m pris\u00e3o de Braga Netto - Compartilha Bahia","robots":{"index":"index","follow":"follow","max-snippet":"max-snippet:-1","max-image-preview":"max-image-preview:large","max-video-preview":"max-video-preview:-1"},"canonical":"https:\/\/compartilhabahia.com.br\/index.php\/2024\/12\/14\/apos-audiencia-de-custodia-stf-mantem-prisao-de-braga-netto\/","og_locale":"pt_BR","og_type":"article","og_title":"Ap\u00f3s audi\u00eancia de cust\u00f3dia, STF mant\u00e9m pris\u00e3o de Braga Netto - Compartilha Bahia","og_description":"A pris\u00e3o preventiva do general da reserva Walter Souza Braga Netto foi mantida neste s\u00e1bado (14) pelo Supremo Tribunal Federal (STF) ap\u00f3s audi\u00eancia de cust\u00f3dia, conduzida por juiz auxiliar do gabinete do ministro Alexandre de Moraes. Ex-ministro da Casa Civil e candidato a vice-presidente na chapa de Jair Bolsonaro (PL), Braga Netto foi preso neste [&hellip;]","og_url":"https:\/\/compartilhabahia.com.br\/index.php\/2024\/12\/14\/apos-audiencia-de-custodia-stf-mantem-prisao-de-braga-netto\/","og_site_name":"Compartilha Bahia","article_publisher":"https:\/\/web.facebook.com\/compartilhabahia","article_published_time":"2024-12-14T19:49:51+00:00","article_modified_time":"2024-12-14T19:49:52+00:00","og_image":[{"width":799,"height":472,"url":"https:\/\/compartilhabahia.com.br\/wp-content\/uploads\/2024\/12\/generalpreso.jpg","type":"image\/jpeg"}],"author":"admin","twitter_card":"summary_large_image","twitter_misc":{"Escrito por":"admin","Est. tempo de leitura":"3 minutos"},"schema":{"@context":"https:\/\/schema.org","@graph":[{"@type":"Article","@id":"https:\/\/compartilhabahia.com.br\/index.php\/2024\/12\/14\/apos-audiencia-de-custodia-stf-mantem-prisao-de-braga-netto\/#article","isPartOf":{"@id":"https:\/\/compartilhabahia.com.br\/index.php\/2024\/12\/14\/apos-audiencia-de-custodia-stf-mantem-prisao-de-braga-netto\/"},"author":{"name":"admin","@id":"https:\/\/compartilhabahia.com.br\/#\/schema\/person\/9b4f0c3178793b8248d6686732521c04"},"headline":"Ap\u00f3s audi\u00eancia de cust\u00f3dia, STF mant\u00e9m pris\u00e3o de Braga Netto","datePublished":"2024-12-14T19:49:51+00:00","dateModified":"2024-12-14T19:49:52+00:00","mainEntityOfPage":{"@id":"https:\/\/compartilhabahia.com.br\/index.php\/2024\/12\/14\/apos-audiencia-de-custodia-stf-mantem-prisao-de-braga-netto\/"},"wordCount":512,"commentCount":0,"publisher":{"@id":"https:\/\/compartilhabahia.com.br\/#organization"},"articleSection":["Mundo"],"inLanguage":"pt-BR","potentialAction":[{"@type":"CommentAction","name":"Comment","target":["https:\/\/compartilhabahia.com.br\/index.php\/2024\/12\/14\/apos-audiencia-de-custodia-stf-mantem-prisao-de-braga-netto\/#respond"]}]},{"@type":"WebPage","@id":"https:\/\/compartilhabahia.com.br\/index.php\/2024\/12\/14\/apos-audiencia-de-custodia-stf-mantem-prisao-de-braga-netto\/","url":"https:\/\/compartilhabahia.com.br\/index.php\/2024\/12\/14\/apos-audiencia-de-custodia-stf-mantem-prisao-de-braga-netto\/","name":"Ap\u00f3s audi\u00eancia de cust\u00f3dia, STF mant\u00e9m pris\u00e3o de Braga Netto - Compartilha Bahia","isPartOf":{"@id":"https:\/\/compartilhabahia.com.br\/#website"},"datePublished":"2024-12-14T19:49:51+00:00","dateModified":"2024-12-14T19:49:52+00:00","breadcrumb":{"@id":"https:\/\/compartilhabahia.com.br\/index.php\/2024\/12\/14\/apos-audiencia-de-custodia-stf-mantem-prisao-de-braga-netto\/#breadcrumb"},"inLanguage":"pt-BR","potentialAction":[{"@type":"ReadAction","target":["https:\/\/compartilhabahia.com.br\/index.php\/2024\/12\/14\/apos-audiencia-de-custodia-stf-mantem-prisao-de-braga-netto\/"]}]},{"@type":"BreadcrumbList","@id":"https:\/\/compartilhabahia.com.br\/index.php\/2024\/12\/14\/apos-audiencia-de-custodia-stf-mantem-prisao-de-braga-netto\/#breadcrumb","itemListElement":[{"@type":"ListItem","position":1,"name":"In\u00edcio","item":"https:\/\/compartilhabahia.com.br\/"},{"@type":"ListItem","position":2,"name":"Ap\u00f3s audi\u00eancia de cust\u00f3dia, STF mant\u00e9m pris\u00e3o de Braga Netto"}]},{"@type":"WebSite","@id":"https:\/\/compartilhabahia.com.br\/#website","url":"https:\/\/compartilhabahia.com.br\/","name":"Compartilha Bahia","description":"","publisher":{"@id":"https:\/\/compartilhabahia.com.br\/#organization"},"potentialAction":[{"@type":"SearchAction","target":{"@type":"EntryPoint","urlTemplate":"https:\/\/compartilhabahia.com.br\/?s={search_term_string}"},"query-input":"required name=search_term_string"}],"inLanguage":"pt-BR"},{"@type":"Organization","@id":"https:\/\/compartilhabahia.com.br\/#organization","name":"Compartilha Bahia","url":"https:\/\/compartilhabahia.com.br\/","logo":{"@type":"ImageObject","inLanguage":"pt-BR","@id":"https:\/\/compartilhabahia.com.br\/#\/schema\/logo\/image\/","url":"https:\/\/compartilhabahia.com.br\/wp-content\/uploads\/2023\/12\/cropped-logo.png","contentUrl":"https:\/\/compartilhabahia.com.br\/wp-content\/uploads\/2023\/12\/cropped-logo.png","width":300,"height":106,"caption":"Compartilha Bahia"},"image":{"@id":"https:\/\/compartilhabahia.com.br\/#\/schema\/logo\/image\/"},"sameAs":["https:\/\/web.facebook.com\/compartilhabahia","https:\/\/www.instagram.com\/compartilhabahia\/"]},{"@type":"Person","@id":"https:\/\/compartilhabahia.com.br\/#\/schema\/person\/9b4f0c3178793b8248d6686732521c04","name":"admin","image":{"@type":"ImageObject","inLanguage":"pt-BR","@id":"https:\/\/compartilhabahia.com.br\/#\/schema\/person\/image\/","url":"https:\/\/secure.gravatar.com\/avatar\/9600df58751c5acbe914c538c03390ef649ea088cb65f84ba09c7ce66988eed6?s=96&d=mm&r=g","contentUrl":"https:\/\/secure.gravatar.com\/avatar\/9600df58751c5acbe914c538c03390ef649ea088cb65f84ba09c7ce66988eed6?s=96&d=mm&r=g","caption":"admin"},"sameAs":["https:\/\/compartilhabahia.com.br"],"url":"https:\/\/compartilhabahia.com.br\/index.php\/author\/compartilhabahia\/"}]}},"_links":{"self":[{"href":"https:\/\/compartilhabahia.com.br\/index.php\/wp-json\/wp\/v2\/posts\/4604","targetHints":{"allow":["GET"]}}],"collection":[{"href":"https:\/\/compartilhabahia.com.br\/index.php\/wp-json\/wp\/v2\/posts"}],"about":[{"href":"https:\/\/compartilhabahia.com.br\/index.php\/wp-json\/wp\/v2\/types\/post"}],"author":[{"embeddable":true,"href":"https:\/\/compartilhabahia.com.br\/index.php\/wp-json\/wp\/v2\/users\/1"}],"replies":[{"embeddable":true,"href":"https:\/\/compartilhabahia.com.br\/index.php\/wp-json\/wp\/v2\/comments?post=4604"}],"version-history":[{"count":1,"href":"https:\/\/compartilhabahia.com.br\/index.php\/wp-json\/wp\/v2\/posts\/4604\/revisions"}],"predecessor-version":[{"id":4606,"href":"https:\/\/compartilhabahia.com.br\/index.php\/wp-json\/wp\/v2\/posts\/4604\/revisions\/4606"}],"wp:featuredmedia":[{"embeddable":true,"href":"https:\/\/compartilhabahia.com.br\/index.php\/wp-json\/wp\/v2\/media\/4605"}],"wp:attachment":[{"href":"https:\/\/compartilhabahia.com.br\/index.php\/wp-json\/wp\/v2\/media?parent=4604"}],"wp:term":[{"taxonomy":"category","embeddable":true,"href":"https:\/\/compartilhabahia.com.br\/index.php\/wp-json\/wp\/v2\/categories?post=4604"},{"taxonomy":"post_tag","embeddable":true,"href":"https:\/\/compartilhabahia.com.br\/index.php\/wp-json\/wp\/v2\/tags?post=4604"}],"curies":[{"name":"wp","href":"https:\/\/api.w.org\/{rel}","templated":true}]}}