{"id":4578,"date":"2024-12-12T15:48:43","date_gmt":"2024-12-12T15:48:43","guid":{"rendered":"https:\/\/compartilhabahia.com.br\/?p=4578"},"modified":"2024-12-12T15:53:05","modified_gmt":"2024-12-12T15:53:05","slug":"natal-camacari-boulevard-amplia-horario-nao-temos-programacao-de-cinema","status":"publish","type":"post","link":"https:\/\/compartilhabahia.com.br\/index.php\/2024\/12\/12\/natal-camacari-boulevard-amplia-horario-nao-temos-programacao-de-cinema\/","title":{"rendered":"Natal Cama\u00e7ari: Boulevard amplia hor\u00e1rio, n\u00e3o temos programa\u00e7\u00e3o de cinema"},"content":{"rendered":"\n<p>O Boulevard Shopping Cama\u00e7ari ter\u00e1 hor\u00e1rios especiais ao longo do m\u00eas de dezembro, oferecendo aos consumidores mais tempo e comodidade para realizar as compras de fim de ano.&nbsp;O funcionamento diferenciado j\u00e1 come\u00e7a neste fim de semana, a partir de sexta-feira (13). Al\u00e9m disso, o empreendimento celebra a inaugura\u00e7\u00e3o de duas novas opera\u00e7\u00f5es, aumentando as op\u00e7\u00f5es para quem busca itens de moda no per\u00edodo festivo.<\/p>\n\n\n\n<p>A loja Anne Ferreira, especializada em vestu\u00e1rio feminino, acaba de ser inaugurada no piso t\u00e9rreo, pr\u00f3ximo ao Sal\u00e3o Socila. A marca oferece pe\u00e7as elegantes e vers\u00e1teis, perfeitas para compor looks sofisticados para o final do ano. Al\u00e9m disso, o espa\u00e7o tamb\u00e9m contar\u00e1 com uma sele\u00e7\u00e3o de perfumes importados.<\/p>\n\n\n\n<p>Na quinta-feira (12), ser\u00e1 a vez da Manancial Modas abrir as portas de sua nova unidade no shopping. A opera\u00e7\u00e3o j\u00e1 conta com um espa\u00e7o no empreendimento, que comercializa vestu\u00e1rio feminino e, agora, incrementa a oferta ao p\u00fablico com vestu\u00e1rio masculino.<\/p>\n\n\n\n<p>A nova loja trabalhar\u00e1, apenas, com a conceituada marca carioca Farm, reconhecida nacionalmente e internacionalmente por um estilo que combina modernidade e brasilidade. O espa\u00e7o ficar\u00e1 localizado no piso t\u00e9rreo, ao lado da Chilli Beans.<\/p>\n\n\n\n<p><strong>Confira abaixo o hor\u00e1rio de funcionamento de fim de ano:<\/strong><\/p>\n\n\n\n<p><strong>13 e 14\/12 (sexta e s\u00e1bado):<\/strong><\/p>\n\n\n\n<p>\u00b7&nbsp;&nbsp;&nbsp;&nbsp;&nbsp;&nbsp;&nbsp;<strong>Todas as lojas e espa\u00e7os infantis:&nbsp;<\/strong>das 11h \u00e0s 22h.<\/p>\n\n\n\n<p>\u00b7&nbsp;&nbsp;&nbsp;&nbsp;&nbsp;&nbsp;&nbsp;<strong>Pra\u00e7a de alimenta\u00e7\u00e3o e Magic Games<\/strong>: das 11h \u00e0s 22h.<\/p>\n\n\n\n<p>\u00b7\u00a0\u00a0\u00a0\u00a0\u00a0\u00a0\u00a0<\/p>\n\n\n\n<p><strong>20 e 21\/12 (sexta e s\u00e1bado):<\/strong><\/p>\n\n\n\n<p>\u00b7&nbsp;&nbsp;&nbsp;&nbsp;&nbsp;&nbsp;&nbsp;<strong>Todas as lojas e espa\u00e7os infantis:&nbsp;<\/strong>das 9h \u00e0s 22h.<\/p>\n\n\n\n<p>\u00b7&nbsp;&nbsp;&nbsp;&nbsp;&nbsp;&nbsp;&nbsp;<strong>Pra\u00e7a de Alimenta\u00e7\u00e3o e Magic Games:<\/strong>&nbsp;das 11h \u00e0s 22h.<\/p>\n\n\n\n<p>\u00b7\u00a0\u00a0\u00a0\u00a0\u00a0\u00a0\u00a0<\/p>\n\n\n\n<p><strong>22\/12 (domingo):<\/strong><\/p>\n\n\n\n<p>\u00b7&nbsp;&nbsp;&nbsp;&nbsp;&nbsp;&nbsp;&nbsp;<strong>Todas as lojas e espa\u00e7os infantis:<\/strong>&nbsp;das 13h \u00e0s 22h.<\/p>\n\n\n\n<p>\u00b7&nbsp;&nbsp;&nbsp;&nbsp;&nbsp;&nbsp;&nbsp;<strong>Pra\u00e7a de Alimenta\u00e7\u00e3o e Magic Games:<\/strong>&nbsp;das 12h \u00e0s 22h.<\/p>\n\n\n\n<p>\u00b7\u00a0\u00a0\u00a0\u00a0\u00a0\u00a0<\/p>\n\n\n\n<p><strong>23\/12 (segunda-feira):<\/strong><\/p>\n\n\n\n<p>\u00b7&nbsp;&nbsp;&nbsp;&nbsp;&nbsp;&nbsp;&nbsp;<strong>Todas as lojas e espa\u00e7os infantis:<\/strong>&nbsp;das 9h \u00e0s 23h.<\/p>\n\n\n\n<p>\u00b7&nbsp;&nbsp;&nbsp;&nbsp;&nbsp;&nbsp;&nbsp;<strong>Pra\u00e7a de Alimenta\u00e7\u00e3o e Magic Games:<\/strong>&nbsp;das 11h \u00e0s 23h.<\/p>\n\n\n\n<p>\u00b7&nbsp;&nbsp;&nbsp;&nbsp;&nbsp;&nbsp;&nbsp;<strong>Cart\u00f3rios:<\/strong>&nbsp;das 9h \u00e0s 17h.<\/p>\n\n\n\n<p>\u00b7\u00a0\u00a0\u00a0\u00a0\u00a0\u00a0<\/p>\n\n\n\n<p><strong>24\/12 (ter\u00e7a-feira \u2013 V\u00e9spera de Natal):<\/strong><\/p>\n\n\n\n<p><strong>Todas as lojas e Espa\u00e7os infantis: 9h \u00e0s 18h<\/strong><\/p>\n\n\n\n<p>\u00b7&nbsp;&nbsp;&nbsp;&nbsp;&nbsp;&nbsp;&nbsp;<strong>Pra\u00e7a de Alimenta\u00e7\u00e3o e Magic Games:&nbsp;<\/strong>11h \u00e0s 18h<\/p>\n\n\n\n<p>\u00b7&nbsp;&nbsp;&nbsp;&nbsp;&nbsp;&nbsp;&nbsp;<strong>SmartFit:&nbsp;<\/strong>8h \u00e0s 17h<\/p>\n\n\n\n<p>\u00b7&nbsp;&nbsp;&nbsp;&nbsp;&nbsp;&nbsp;&nbsp;<strong>Lot\u00e9rica:&nbsp;<\/strong>9h \u00e0s 14h<\/p>\n\n\n\n<p>\u00b7&nbsp;&nbsp;&nbsp;&nbsp;&nbsp;&nbsp;&nbsp;<strong>Cart\u00f3rios:&nbsp;<\/strong>fechados<\/p>\n\n\n\n<p>\u00b7\u00a0\u00a0\u00a0\u00a0\u00a0\u00a0<\/p>\n\n\n\n<p><strong>25\/12 (quarta-feira \u2013 Natal):<\/strong><\/p>\n\n\n\n<p>\u00b7&nbsp;&nbsp;&nbsp;&nbsp;&nbsp;&nbsp;&nbsp;<strong>Todas as lojas e SmartFit:<\/strong>&nbsp;fechadas.<\/p>\n\n\n\n<p>\u00b7&nbsp;&nbsp;&nbsp;&nbsp;&nbsp;&nbsp;&nbsp;<strong>Pra\u00e7a de Alimenta\u00e7\u00e3o e Magic Games:<\/strong>&nbsp;das 12h \u00e0s 21h.<\/p>\n\n\n\n<p>\u00b7\u00a0\u00a0\u00a0\u00a0\u00a0\u00a0\u00a0<\/p>\n\n\n\n<p><strong>31\/12 (ter\u00e7a-feira \u2013 V\u00e9spera de Ano Novo):<\/strong><\/p>\n\n\n\n<p>\u00b7&nbsp;&nbsp;&nbsp;&nbsp;&nbsp;&nbsp;&nbsp;<strong>Todas as lojas:&nbsp;<\/strong>das 9h \u00e0s 18h.<\/p>\n\n\n\n<p>\u00b7&nbsp;&nbsp;&nbsp;&nbsp;&nbsp;&nbsp;&nbsp;<strong>Pra\u00e7a de Alimenta\u00e7\u00e3o e Magic Games:&nbsp;<\/strong>das 11h \u00e0s 18h.<\/p>\n\n\n\n<p>\u00b7&nbsp;&nbsp;&nbsp;&nbsp;&nbsp;&nbsp;&nbsp;<strong>SmartFit:&nbsp;<\/strong>das 8h \u00e0s 17h.<\/p>\n\n\n\n<p>\u00b7&nbsp;&nbsp;&nbsp;&nbsp;&nbsp;&nbsp;&nbsp;<strong>Lot\u00e9rica:&nbsp;<\/strong>das 9h \u00e0s 17h.<\/p>\n\n\n\n<p>\u00b7&nbsp;&nbsp;&nbsp;&nbsp;&nbsp;&nbsp;&nbsp;<strong>Cart\u00f3rios:&nbsp;<\/strong>fechados.<\/p>\n\n\n\n<p>\u00b7\u00a0\u00a0\u00a0\u00a0\u00a0\u00a0<\/p>\n","protected":false},"excerpt":{"rendered":"<p>O Boulevard Shopping Cama\u00e7ari ter\u00e1 hor\u00e1rios especiais ao longo do m\u00eas de dezembro, oferecendo aos consumidores mais tempo e comodidade para realizar as compras de fim de ano.&nbsp;O funcionamento diferenciado j\u00e1 come\u00e7a neste fim de semana, a partir de sexta-feira (13). Al\u00e9m disso, o empreendimento celebra a inaugura\u00e7\u00e3o de duas novas opera\u00e7\u00f5es, aumentando as op\u00e7\u00f5es [&hellip;]<\/p>\n","protected":false},"author":1,"featured_media":4579,"comment_status":"open","ping_status":"open","sticky":false,"template":"","format":"standard","meta":{"footnotes":""},"categories":[8],"tags":[],"class_list":["post-4578","post","type-post","status-publish","format-standard","has-post-thumbnail","hentry","category-camacari"],"yoast_head":"<!-- This site is optimized with the Yoast SEO plugin v21.7 - https:\/\/yoast.com\/wordpress\/plugins\/seo\/ -->\n<title>Natal Cama\u00e7ari: Boulevard amplia hor\u00e1rio, n\u00e3o temos programa\u00e7\u00e3o de cinema - Compartilha Bahia<\/title>\n<meta name=\"robots\" content=\"index, follow, max-snippet:-1, max-image-preview:large, max-video-preview:-1\" \/>\n<link rel=\"canonical\" href=\"https:\/\/compartilhabahia.com.br\/index.php\/2024\/12\/12\/natal-camacari-boulevard-amplia-horario-nao-temos-programacao-de-cinema\/\" \/>\n<meta property=\"og:locale\" content=\"pt_BR\" \/>\n<meta property=\"og:type\" content=\"article\" \/>\n<meta property=\"og:title\" content=\"Natal Cama\u00e7ari: Boulevard amplia hor\u00e1rio, n\u00e3o temos programa\u00e7\u00e3o de cinema - Compartilha Bahia\" \/>\n<meta property=\"og:description\" content=\"O Boulevard Shopping Cama\u00e7ari ter\u00e1 hor\u00e1rios especiais ao longo do m\u00eas de dezembro, oferecendo aos consumidores mais tempo e comodidade para realizar as compras de fim de ano.&nbsp;O funcionamento diferenciado j\u00e1 come\u00e7a neste fim de semana, a partir de sexta-feira (13). Al\u00e9m disso, o empreendimento celebra a inaugura\u00e7\u00e3o de duas novas opera\u00e7\u00f5es, aumentando as op\u00e7\u00f5es [&hellip;]\" \/>\n<meta property=\"og:url\" content=\"https:\/\/compartilhabahia.com.br\/index.php\/2024\/12\/12\/natal-camacari-boulevard-amplia-horario-nao-temos-programacao-de-cinema\/\" \/>\n<meta property=\"og:site_name\" content=\"Compartilha Bahia\" \/>\n<meta property=\"article:publisher\" content=\"https:\/\/web.facebook.com\/compartilhabahia\" \/>\n<meta property=\"article:published_time\" content=\"2024-12-12T15:48:43+00:00\" \/>\n<meta property=\"article:modified_time\" content=\"2024-12-12T15:53:05+00:00\" \/>\n<meta property=\"og:image\" content=\"https:\/\/compartilhabahia.com.br\/wp-content\/uploads\/2024\/12\/IMG_6328.jpg\" \/>\n\t<meta property=\"og:image:width\" content=\"807\" \/>\n\t<meta property=\"og:image:height\" content=\"605\" \/>\n\t<meta property=\"og:image:type\" content=\"image\/jpeg\" \/>\n<meta name=\"author\" content=\"admin\" \/>\n<meta name=\"twitter:card\" content=\"summary_large_image\" \/>\n<meta name=\"twitter:label1\" content=\"Escrito por\" \/>\n\t<meta name=\"twitter:data1\" content=\"admin\" \/>\n\t<meta name=\"twitter:label2\" content=\"Est. tempo de leitura\" \/>\n\t<meta name=\"twitter:data2\" content=\"3 minutos\" \/>\n<script type=\"application\/ld+json\" class=\"yoast-schema-graph\">{\"@context\":\"https:\/\/schema.org\",\"@graph\":[{\"@type\":\"Article\",\"@id\":\"https:\/\/compartilhabahia.com.br\/index.php\/2024\/12\/12\/natal-camacari-boulevard-amplia-horario-nao-temos-programacao-de-cinema\/#article\",\"isPartOf\":{\"@id\":\"https:\/\/compartilhabahia.com.br\/index.php\/2024\/12\/12\/natal-camacari-boulevard-amplia-horario-nao-temos-programacao-de-cinema\/\"},\"author\":{\"name\":\"admin\",\"@id\":\"https:\/\/compartilhabahia.com.br\/#\/schema\/person\/9b4f0c3178793b8248d6686732521c04\"},\"headline\":\"Natal Cama\u00e7ari: Boulevard amplia hor\u00e1rio, n\u00e3o temos programa\u00e7\u00e3o de cinema\",\"datePublished\":\"2024-12-12T15:48:43+00:00\",\"dateModified\":\"2024-12-12T15:53:05+00:00\",\"mainEntityOfPage\":{\"@id\":\"https:\/\/compartilhabahia.com.br\/index.php\/2024\/12\/12\/natal-camacari-boulevard-amplia-horario-nao-temos-programacao-de-cinema\/\"},\"wordCount\":607,\"commentCount\":0,\"publisher\":{\"@id\":\"https:\/\/compartilhabahia.com.br\/#organization\"},\"articleSection\":[\"Cama\u00e7ari\"],\"inLanguage\":\"pt-BR\",\"potentialAction\":[{\"@type\":\"CommentAction\",\"name\":\"Comment\",\"target\":[\"https:\/\/compartilhabahia.com.br\/index.php\/2024\/12\/12\/natal-camacari-boulevard-amplia-horario-nao-temos-programacao-de-cinema\/#respond\"]}]},{\"@type\":\"WebPage\",\"@id\":\"https:\/\/compartilhabahia.com.br\/index.php\/2024\/12\/12\/natal-camacari-boulevard-amplia-horario-nao-temos-programacao-de-cinema\/\",\"url\":\"https:\/\/compartilhabahia.com.br\/index.php\/2024\/12\/12\/natal-camacari-boulevard-amplia-horario-nao-temos-programacao-de-cinema\/\",\"name\":\"Natal Cama\u00e7ari: Boulevard amplia hor\u00e1rio, n\u00e3o temos programa\u00e7\u00e3o de cinema - Compartilha Bahia\",\"isPartOf\":{\"@id\":\"https:\/\/compartilhabahia.com.br\/#website\"},\"datePublished\":\"2024-12-12T15:48:43+00:00\",\"dateModified\":\"2024-12-12T15:53:05+00:00\",\"breadcrumb\":{\"@id\":\"https:\/\/compartilhabahia.com.br\/index.php\/2024\/12\/12\/natal-camacari-boulevard-amplia-horario-nao-temos-programacao-de-cinema\/#breadcrumb\"},\"inLanguage\":\"pt-BR\",\"potentialAction\":[{\"@type\":\"ReadAction\",\"target\":[\"https:\/\/compartilhabahia.com.br\/index.php\/2024\/12\/12\/natal-camacari-boulevard-amplia-horario-nao-temos-programacao-de-cinema\/\"]}]},{\"@type\":\"BreadcrumbList\",\"@id\":\"https:\/\/compartilhabahia.com.br\/index.php\/2024\/12\/12\/natal-camacari-boulevard-amplia-horario-nao-temos-programacao-de-cinema\/#breadcrumb\",\"itemListElement\":[{\"@type\":\"ListItem\",\"position\":1,\"name\":\"In\u00edcio\",\"item\":\"https:\/\/compartilhabahia.com.br\/\"},{\"@type\":\"ListItem\",\"position\":2,\"name\":\"Natal Cama\u00e7ari: Boulevard amplia hor\u00e1rio, n\u00e3o temos programa\u00e7\u00e3o de cinema\"}]},{\"@type\":\"WebSite\",\"@id\":\"https:\/\/compartilhabahia.com.br\/#website\",\"url\":\"https:\/\/compartilhabahia.com.br\/\",\"name\":\"Compartilha Bahia\",\"description\":\"\",\"publisher\":{\"@id\":\"https:\/\/compartilhabahia.com.br\/#organization\"},\"potentialAction\":[{\"@type\":\"SearchAction\",\"target\":{\"@type\":\"EntryPoint\",\"urlTemplate\":\"https:\/\/compartilhabahia.com.br\/?s={search_term_string}\"},\"query-input\":\"required name=search_term_string\"}],\"inLanguage\":\"pt-BR\"},{\"@type\":\"Organization\",\"@id\":\"https:\/\/compartilhabahia.com.br\/#organization\",\"name\":\"Compartilha Bahia\",\"url\":\"https:\/\/compartilhabahia.com.br\/\",\"logo\":{\"@type\":\"ImageObject\",\"inLanguage\":\"pt-BR\",\"@id\":\"https:\/\/compartilhabahia.com.br\/#\/schema\/logo\/image\/\",\"url\":\"https:\/\/compartilhabahia.com.br\/wp-content\/uploads\/2023\/12\/cropped-logo.png\",\"contentUrl\":\"https:\/\/compartilhabahia.com.br\/wp-content\/uploads\/2023\/12\/cropped-logo.png\",\"width\":300,\"height\":106,\"caption\":\"Compartilha Bahia\"},\"image\":{\"@id\":\"https:\/\/compartilhabahia.com.br\/#\/schema\/logo\/image\/\"},\"sameAs\":[\"https:\/\/web.facebook.com\/compartilhabahia\",\"https:\/\/www.instagram.com\/compartilhabahia\/\"]},{\"@type\":\"Person\",\"@id\":\"https:\/\/compartilhabahia.com.br\/#\/schema\/person\/9b4f0c3178793b8248d6686732521c04\",\"name\":\"admin\",\"image\":{\"@type\":\"ImageObject\",\"inLanguage\":\"pt-BR\",\"@id\":\"https:\/\/compartilhabahia.com.br\/#\/schema\/person\/image\/\",\"url\":\"https:\/\/secure.gravatar.com\/avatar\/9600df58751c5acbe914c538c03390ef649ea088cb65f84ba09c7ce66988eed6?s=96&d=mm&r=g\",\"contentUrl\":\"https:\/\/secure.gravatar.com\/avatar\/9600df58751c5acbe914c538c03390ef649ea088cb65f84ba09c7ce66988eed6?s=96&d=mm&r=g\",\"caption\":\"admin\"},\"sameAs\":[\"https:\/\/compartilhabahia.com.br\"],\"url\":\"https:\/\/compartilhabahia.com.br\/index.php\/author\/compartilhabahia\/\"}]}<\/script>\n<!-- \/ Yoast SEO plugin. -->","yoast_head_json":{"title":"Natal Cama\u00e7ari: Boulevard amplia hor\u00e1rio, n\u00e3o temos programa\u00e7\u00e3o de cinema - Compartilha Bahia","robots":{"index":"index","follow":"follow","max-snippet":"max-snippet:-1","max-image-preview":"max-image-preview:large","max-video-preview":"max-video-preview:-1"},"canonical":"https:\/\/compartilhabahia.com.br\/index.php\/2024\/12\/12\/natal-camacari-boulevard-amplia-horario-nao-temos-programacao-de-cinema\/","og_locale":"pt_BR","og_type":"article","og_title":"Natal Cama\u00e7ari: Boulevard amplia hor\u00e1rio, n\u00e3o temos programa\u00e7\u00e3o de cinema - Compartilha Bahia","og_description":"O Boulevard Shopping Cama\u00e7ari ter\u00e1 hor\u00e1rios especiais ao longo do m\u00eas de dezembro, oferecendo aos consumidores mais tempo e comodidade para realizar as compras de fim de ano.&nbsp;O funcionamento diferenciado j\u00e1 come\u00e7a neste fim de semana, a partir de sexta-feira (13). Al\u00e9m disso, o empreendimento celebra a inaugura\u00e7\u00e3o de duas novas opera\u00e7\u00f5es, aumentando as op\u00e7\u00f5es [&hellip;]","og_url":"https:\/\/compartilhabahia.com.br\/index.php\/2024\/12\/12\/natal-camacari-boulevard-amplia-horario-nao-temos-programacao-de-cinema\/","og_site_name":"Compartilha Bahia","article_publisher":"https:\/\/web.facebook.com\/compartilhabahia","article_published_time":"2024-12-12T15:48:43+00:00","article_modified_time":"2024-12-12T15:53:05+00:00","og_image":[{"width":807,"height":605,"url":"https:\/\/compartilhabahia.com.br\/wp-content\/uploads\/2024\/12\/IMG_6328.jpg","type":"image\/jpeg"}],"author":"admin","twitter_card":"summary_large_image","twitter_misc":{"Escrito por":"admin","Est. tempo de leitura":"3 minutos"},"schema":{"@context":"https:\/\/schema.org","@graph":[{"@type":"Article","@id":"https:\/\/compartilhabahia.com.br\/index.php\/2024\/12\/12\/natal-camacari-boulevard-amplia-horario-nao-temos-programacao-de-cinema\/#article","isPartOf":{"@id":"https:\/\/compartilhabahia.com.br\/index.php\/2024\/12\/12\/natal-camacari-boulevard-amplia-horario-nao-temos-programacao-de-cinema\/"},"author":{"name":"admin","@id":"https:\/\/compartilhabahia.com.br\/#\/schema\/person\/9b4f0c3178793b8248d6686732521c04"},"headline":"Natal Cama\u00e7ari: Boulevard amplia hor\u00e1rio, n\u00e3o temos programa\u00e7\u00e3o de cinema","datePublished":"2024-12-12T15:48:43+00:00","dateModified":"2024-12-12T15:53:05+00:00","mainEntityOfPage":{"@id":"https:\/\/compartilhabahia.com.br\/index.php\/2024\/12\/12\/natal-camacari-boulevard-amplia-horario-nao-temos-programacao-de-cinema\/"},"wordCount":607,"commentCount":0,"publisher":{"@id":"https:\/\/compartilhabahia.com.br\/#organization"},"articleSection":["Cama\u00e7ari"],"inLanguage":"pt-BR","potentialAction":[{"@type":"CommentAction","name":"Comment","target":["https:\/\/compartilhabahia.com.br\/index.php\/2024\/12\/12\/natal-camacari-boulevard-amplia-horario-nao-temos-programacao-de-cinema\/#respond"]}]},{"@type":"WebPage","@id":"https:\/\/compartilhabahia.com.br\/index.php\/2024\/12\/12\/natal-camacari-boulevard-amplia-horario-nao-temos-programacao-de-cinema\/","url":"https:\/\/compartilhabahia.com.br\/index.php\/2024\/12\/12\/natal-camacari-boulevard-amplia-horario-nao-temos-programacao-de-cinema\/","name":"Natal Cama\u00e7ari: Boulevard amplia hor\u00e1rio, n\u00e3o temos programa\u00e7\u00e3o de cinema - Compartilha Bahia","isPartOf":{"@id":"https:\/\/compartilhabahia.com.br\/#website"},"datePublished":"2024-12-12T15:48:43+00:00","dateModified":"2024-12-12T15:53:05+00:00","breadcrumb":{"@id":"https:\/\/compartilhabahia.com.br\/index.php\/2024\/12\/12\/natal-camacari-boulevard-amplia-horario-nao-temos-programacao-de-cinema\/#breadcrumb"},"inLanguage":"pt-BR","potentialAction":[{"@type":"ReadAction","target":["https:\/\/compartilhabahia.com.br\/index.php\/2024\/12\/12\/natal-camacari-boulevard-amplia-horario-nao-temos-programacao-de-cinema\/"]}]},{"@type":"BreadcrumbList","@id":"https:\/\/compartilhabahia.com.br\/index.php\/2024\/12\/12\/natal-camacari-boulevard-amplia-horario-nao-temos-programacao-de-cinema\/#breadcrumb","itemListElement":[{"@type":"ListItem","position":1,"name":"In\u00edcio","item":"https:\/\/compartilhabahia.com.br\/"},{"@type":"ListItem","position":2,"name":"Natal Cama\u00e7ari: Boulevard amplia hor\u00e1rio, n\u00e3o temos programa\u00e7\u00e3o de cinema"}]},{"@type":"WebSite","@id":"https:\/\/compartilhabahia.com.br\/#website","url":"https:\/\/compartilhabahia.com.br\/","name":"Compartilha Bahia","description":"","publisher":{"@id":"https:\/\/compartilhabahia.com.br\/#organization"},"potentialAction":[{"@type":"SearchAction","target":{"@type":"EntryPoint","urlTemplate":"https:\/\/compartilhabahia.com.br\/?s={search_term_string}"},"query-input":"required name=search_term_string"}],"inLanguage":"pt-BR"},{"@type":"Organization","@id":"https:\/\/compartilhabahia.com.br\/#organization","name":"Compartilha Bahia","url":"https:\/\/compartilhabahia.com.br\/","logo":{"@type":"ImageObject","inLanguage":"pt-BR","@id":"https:\/\/compartilhabahia.com.br\/#\/schema\/logo\/image\/","url":"https:\/\/compartilhabahia.com.br\/wp-content\/uploads\/2023\/12\/cropped-logo.png","contentUrl":"https:\/\/compartilhabahia.com.br\/wp-content\/uploads\/2023\/12\/cropped-logo.png","width":300,"height":106,"caption":"Compartilha Bahia"},"image":{"@id":"https:\/\/compartilhabahia.com.br\/#\/schema\/logo\/image\/"},"sameAs":["https:\/\/web.facebook.com\/compartilhabahia","https:\/\/www.instagram.com\/compartilhabahia\/"]},{"@type":"Person","@id":"https:\/\/compartilhabahia.com.br\/#\/schema\/person\/9b4f0c3178793b8248d6686732521c04","name":"admin","image":{"@type":"ImageObject","inLanguage":"pt-BR","@id":"https:\/\/compartilhabahia.com.br\/#\/schema\/person\/image\/","url":"https:\/\/secure.gravatar.com\/avatar\/9600df58751c5acbe914c538c03390ef649ea088cb65f84ba09c7ce66988eed6?s=96&d=mm&r=g","contentUrl":"https:\/\/secure.gravatar.com\/avatar\/9600df58751c5acbe914c538c03390ef649ea088cb65f84ba09c7ce66988eed6?s=96&d=mm&r=g","caption":"admin"},"sameAs":["https:\/\/compartilhabahia.com.br"],"url":"https:\/\/compartilhabahia.com.br\/index.php\/author\/compartilhabahia\/"}]}},"_links":{"self":[{"href":"https:\/\/compartilhabahia.com.br\/index.php\/wp-json\/wp\/v2\/posts\/4578","targetHints":{"allow":["GET"]}}],"collection":[{"href":"https:\/\/compartilhabahia.com.br\/index.php\/wp-json\/wp\/v2\/posts"}],"about":[{"href":"https:\/\/compartilhabahia.com.br\/index.php\/wp-json\/wp\/v2\/types\/post"}],"author":[{"embeddable":true,"href":"https:\/\/compartilhabahia.com.br\/index.php\/wp-json\/wp\/v2\/users\/1"}],"replies":[{"embeddable":true,"href":"https:\/\/compartilhabahia.com.br\/index.php\/wp-json\/wp\/v2\/comments?post=4578"}],"version-history":[{"count":1,"href":"https:\/\/compartilhabahia.com.br\/index.php\/wp-json\/wp\/v2\/posts\/4578\/revisions"}],"predecessor-version":[{"id":4580,"href":"https:\/\/compartilhabahia.com.br\/index.php\/wp-json\/wp\/v2\/posts\/4578\/revisions\/4580"}],"wp:featuredmedia":[{"embeddable":true,"href":"https:\/\/compartilhabahia.com.br\/index.php\/wp-json\/wp\/v2\/media\/4579"}],"wp:attachment":[{"href":"https:\/\/compartilhabahia.com.br\/index.php\/wp-json\/wp\/v2\/media?parent=4578"}],"wp:term":[{"taxonomy":"category","embeddable":true,"href":"https:\/\/compartilhabahia.com.br\/index.php\/wp-json\/wp\/v2\/categories?post=4578"},{"taxonomy":"post_tag","embeddable":true,"href":"https:\/\/compartilhabahia.com.br\/index.php\/wp-json\/wp\/v2\/tags?post=4578"}],"curies":[{"name":"wp","href":"https:\/\/api.w.org\/{rel}","templated":true}]}}