{"id":4516,"date":"2024-12-04T13:26:24","date_gmt":"2024-12-04T13:26:24","guid":{"rendered":"https:\/\/compartilhabahia.com.br\/?p=4516"},"modified":"2024-12-04T13:42:59","modified_gmt":"2024-12-04T13:42:59","slug":"obras-da-byd-em-camacari-sao-colossais-e-acidentes-nao-estao-descartados","status":"publish","type":"post","link":"https:\/\/compartilhabahia.com.br\/index.php\/2024\/12\/04\/obras-da-byd-em-camacari-sao-colossais-e-acidentes-nao-estao-descartados\/","title":{"rendered":"Obras da BYD em Cama\u00e7ari s\u00e3o colossais e acidentes n\u00e3o est\u00e3o descartados"},"content":{"rendered":"\n<p>Noticias de acidentes e incidentes nas obras da BYD em Cama\u00e7ari (BA), tem tomado as p\u00e1ginas dos jornais e tornado pauta principal de pol\u00edticos de oposi\u00e7\u00e3o ao projeto, cujo ganho eleitoral \u00e9 creditado ao governador Jer\u00f4nimo Rodrigues (PT) a n\u00edvel estadual e ao prefeito eleito Caetano (PT) a n\u00edvel municipal. No entanto \u00e9 importante salientar, que as referidas obras s\u00e3o gigantes, envolvendo ca\u00e7ambas, movimenta\u00e7\u00e3o de terras, e uma grande quantidade de pessoas. Obviamente que em um cen\u00e1rio de constru\u00e7\u00e3o grandioso como esse, acidentes e incidentes n\u00e3o est\u00e3o descartados, e no que pese a necessidade de refor\u00e7ar a fiscaliza\u00e7\u00e3o e preven\u00e7\u00e3o, nem de longe ir\u00e3o diminuir a import\u00e2ncia colossal que essa fabrica representar\u00e1 na melhoria de vida da popula\u00e7\u00e3o cama\u00e7ariense, baiana e brasileira.<\/p>\n\n\n\n<p>Evolu\u00e7\u00e3o das obras<br>As obras da nova f\u00e1brica da BYD, que come\u00e7aram oficialmente h\u00e1 menos de nove meses, est\u00e3o em ritmo acelerado. A fase 1.1 do projeto engloba o galp\u00e3o para a montagem dos carros no sistema SKD (Semi Knocked Down), a f\u00e1brica de inspe\u00e7\u00e3o final e as pistas de teste de velocidade e obst\u00e1culos. A conclus\u00e3o desta fase est\u00e1 prevista para come\u00e7ar ap\u00f3s o carnaval de 2025.<\/p>\n\n\n\n<p>Em seguida, as obras v\u00e3o se concentrar na fase 1.2, que contempla a produ\u00e7\u00e3o completa de ve\u00edculos el\u00e9tricos e h\u00edbridos e ter\u00e1 28 novas edifica\u00e7\u00f5es e 2 p\u00e1tios. A produ\u00e7\u00e3o plena dos modelos deve come\u00e7ar ainda em 2025. Com esses avan\u00e7os, a BYD refor\u00e7a seu compromisso com a produ\u00e7\u00e3o local e a expans\u00e3o do mercado de ve\u00edculos sustent\u00e1veis no Brasil.<\/p>\n\n\n\n<p>A nova planta ter\u00e1 capacidade para produzir at\u00e9 150 mil ve\u00edculos por ano na primeira fase de opera\u00e7\u00e3o e 300 mil unidades na segunda fase. O n\u00famero de vagas tamb\u00e9m deu um salto de 10 para 20 mil postos de trabalhos diretos e indiretos.<\/p>\n\n\n\n<p><\/p>\n\n\n\n<p><strong>Oper\u00e1rio chin\u00eas tem dedo amputado e outro sofre fratura na perna ap\u00f3s acidente em obra da BYD na Bahia<\/strong> (G1)<\/p>\n\n\n\n<p>Dois acidentes com oper\u00e1rios chineses que atuam na obra da empresa Build Your Dreams (BYD), em Cama\u00e7ari, na Regi\u00e3o Metropolitana de Salvador (RMS), foram denunciados ao Minist\u00e9rio P\u00fablico do Trabalho na Bahia (MPT-BA) nesta ter\u00e7a-feira (3). Um dos estrangeiros teve um dedo amputado e o outro sofreu uma fratura na perna.<\/p>\n\n\n\n<p>A situa\u00e7\u00e3o foi relatada pelo Sindicato dos Trabalhadores da Constru\u00e7\u00e3o Civil, Montagem e Manuten\u00e7\u00e3o Industrial de Cama\u00e7ari e Regi\u00e3o (Sindticcc), que acompanha a situa\u00e7\u00e3o e visitou os trabalhadores no Hospital Santa Helena, na cidade, onde eles est\u00e3o internados.<\/p>\n\n\n\n<p>Em nota, o sindicato informou que os acidentes aconteceram em dias consecutivos, no \u00faltimo domingo (1\u00ba) e na segunda-feira (2), por\u00e9m n\u00e3o foram detalhadas as circunst\u00e2ncias. Os oper\u00e1rios prestam servi\u00e7os terceirizados e atuam nas obras prediais da montadora, segundo a entidade.<\/p>\n\n\n\n<p>\u201cFizemos quest\u00e3o de estar a par do que aconteceu e monitorar a situa\u00e7\u00e3o desses trabalhadores. \u00c9 importante fiscalizar e exigir que todas as empresas que participam dessa obra cumpram as normas de seguran\u00e7a e ofere\u00e7am condi\u00e7\u00f5es dignas para toda a categoria\u201d, enfatiza Antonio Ubirajara (Bira), coordenador-geral do Sindticcc, no comunicado.<br>A BYD confirmou, em nota, que os dois colaboradores s\u00e3o de construtoras terceirizadas respons\u00e1veis pela obra da f\u00e1brica, e disse que eles receberam atendimento m\u00e9dico imediato no local. Depois, foram encaminhados para uma unidade de sa\u00fade, onde recebem os cuidados necess\u00e1rios.<\/p>\n\n\n\n<p>Al\u00e9m disso, a montadora assegura que tem acompanhando de perto o estado de sa\u00fade de ambos e instaurou uma sindic\u00e2ncia para apurar os detalhes e as responsabilidades dos incidentes.<\/p>\n\n\n\n<p>Ao g1, o MPT-BA confirmou que recebeu um comunicado do sindicato e informou que ir\u00e1 analisar a situa\u00e7\u00e3o, assim como tem feito com a den\u00fancia an\u00f4nima que motivou a abertura de um inqu\u00e9rito sobre as condi\u00e7\u00f5es de trabalho na obra.<\/p>\n","protected":false},"excerpt":{"rendered":"<p>Noticias de acidentes e incidentes nas obras da BYD em Cama\u00e7ari (BA), tem tomado as p\u00e1ginas dos jornais e tornado pauta principal de pol\u00edticos de oposi\u00e7\u00e3o ao projeto, cujo ganho eleitoral \u00e9 creditado ao governador Jer\u00f4nimo Rodrigues (PT) a n\u00edvel estadual e ao prefeito eleito Caetano (PT) a n\u00edvel municipal. No entanto \u00e9 importante salientar, [&hellip;]<\/p>\n","protected":false},"author":1,"featured_media":4517,"comment_status":"open","ping_status":"open","sticky":false,"template":"","format":"standard","meta":{"footnotes":""},"categories":[1],"tags":[],"class_list":["post-4516","post","type-post","status-publish","format-standard","has-post-thumbnail","hentry","category-mundo"],"yoast_head":"<!-- This site is optimized with the Yoast SEO plugin v21.7 - https:\/\/yoast.com\/wordpress\/plugins\/seo\/ -->\n<title>Obras da BYD em Cama\u00e7ari s\u00e3o colossais e acidentes n\u00e3o est\u00e3o descartados - Compartilha Bahia<\/title>\n<meta name=\"robots\" content=\"index, follow, max-snippet:-1, max-image-preview:large, max-video-preview:-1\" \/>\n<link rel=\"canonical\" href=\"https:\/\/compartilhabahia.com.br\/index.php\/2024\/12\/04\/obras-da-byd-em-camacari-sao-colossais-e-acidentes-nao-estao-descartados\/\" \/>\n<meta property=\"og:locale\" content=\"pt_BR\" \/>\n<meta property=\"og:type\" content=\"article\" \/>\n<meta property=\"og:title\" content=\"Obras da BYD em Cama\u00e7ari s\u00e3o colossais e acidentes n\u00e3o est\u00e3o descartados - Compartilha Bahia\" \/>\n<meta property=\"og:description\" content=\"Noticias de acidentes e incidentes nas obras da BYD em Cama\u00e7ari (BA), tem tomado as p\u00e1ginas dos jornais e tornado pauta principal de pol\u00edticos de oposi\u00e7\u00e3o ao projeto, cujo ganho eleitoral \u00e9 creditado ao governador Jer\u00f4nimo Rodrigues (PT) a n\u00edvel estadual e ao prefeito eleito Caetano (PT) a n\u00edvel municipal. No entanto \u00e9 importante salientar, [&hellip;]\" \/>\n<meta property=\"og:url\" content=\"https:\/\/compartilhabahia.com.br\/index.php\/2024\/12\/04\/obras-da-byd-em-camacari-sao-colossais-e-acidentes-nao-estao-descartados\/\" \/>\n<meta property=\"og:site_name\" content=\"Compartilha Bahia\" \/>\n<meta property=\"article:publisher\" content=\"https:\/\/web.facebook.com\/compartilhabahia\" \/>\n<meta property=\"article:published_time\" content=\"2024-12-04T13:26:24+00:00\" \/>\n<meta property=\"article:modified_time\" content=\"2024-12-04T13:42:59+00:00\" \/>\n<meta property=\"og:image\" content=\"https:\/\/compartilhabahia.com.br\/wp-content\/uploads\/2024\/12\/obrasdabyd2024.jpg\" \/>\n\t<meta property=\"og:image:width\" content=\"1055\" \/>\n\t<meta property=\"og:image:height\" content=\"593\" \/>\n\t<meta property=\"og:image:type\" content=\"image\/jpeg\" \/>\n<meta name=\"author\" content=\"admin\" \/>\n<meta name=\"twitter:card\" content=\"summary_large_image\" \/>\n<meta name=\"twitter:label1\" content=\"Escrito por\" \/>\n\t<meta name=\"twitter:data1\" content=\"admin\" \/>\n\t<meta name=\"twitter:label2\" content=\"Est. tempo de leitura\" \/>\n\t<meta name=\"twitter:data2\" content=\"4 minutos\" \/>\n<script type=\"application\/ld+json\" class=\"yoast-schema-graph\">{\"@context\":\"https:\/\/schema.org\",\"@graph\":[{\"@type\":\"Article\",\"@id\":\"https:\/\/compartilhabahia.com.br\/index.php\/2024\/12\/04\/obras-da-byd-em-camacari-sao-colossais-e-acidentes-nao-estao-descartados\/#article\",\"isPartOf\":{\"@id\":\"https:\/\/compartilhabahia.com.br\/index.php\/2024\/12\/04\/obras-da-byd-em-camacari-sao-colossais-e-acidentes-nao-estao-descartados\/\"},\"author\":{\"name\":\"admin\",\"@id\":\"https:\/\/compartilhabahia.com.br\/#\/schema\/person\/9b4f0c3178793b8248d6686732521c04\"},\"headline\":\"Obras da BYD em Cama\u00e7ari s\u00e3o colossais e acidentes n\u00e3o est\u00e3o descartados\",\"datePublished\":\"2024-12-04T13:26:24+00:00\",\"dateModified\":\"2024-12-04T13:42:59+00:00\",\"mainEntityOfPage\":{\"@id\":\"https:\/\/compartilhabahia.com.br\/index.php\/2024\/12\/04\/obras-da-byd-em-camacari-sao-colossais-e-acidentes-nao-estao-descartados\/\"},\"wordCount\":694,\"commentCount\":0,\"publisher\":{\"@id\":\"https:\/\/compartilhabahia.com.br\/#organization\"},\"articleSection\":[\"Mundo\"],\"inLanguage\":\"pt-BR\",\"potentialAction\":[{\"@type\":\"CommentAction\",\"name\":\"Comment\",\"target\":[\"https:\/\/compartilhabahia.com.br\/index.php\/2024\/12\/04\/obras-da-byd-em-camacari-sao-colossais-e-acidentes-nao-estao-descartados\/#respond\"]}]},{\"@type\":\"WebPage\",\"@id\":\"https:\/\/compartilhabahia.com.br\/index.php\/2024\/12\/04\/obras-da-byd-em-camacari-sao-colossais-e-acidentes-nao-estao-descartados\/\",\"url\":\"https:\/\/compartilhabahia.com.br\/index.php\/2024\/12\/04\/obras-da-byd-em-camacari-sao-colossais-e-acidentes-nao-estao-descartados\/\",\"name\":\"Obras da BYD em Cama\u00e7ari s\u00e3o colossais e acidentes n\u00e3o est\u00e3o descartados - Compartilha Bahia\",\"isPartOf\":{\"@id\":\"https:\/\/compartilhabahia.com.br\/#website\"},\"datePublished\":\"2024-12-04T13:26:24+00:00\",\"dateModified\":\"2024-12-04T13:42:59+00:00\",\"breadcrumb\":{\"@id\":\"https:\/\/compartilhabahia.com.br\/index.php\/2024\/12\/04\/obras-da-byd-em-camacari-sao-colossais-e-acidentes-nao-estao-descartados\/#breadcrumb\"},\"inLanguage\":\"pt-BR\",\"potentialAction\":[{\"@type\":\"ReadAction\",\"target\":[\"https:\/\/compartilhabahia.com.br\/index.php\/2024\/12\/04\/obras-da-byd-em-camacari-sao-colossais-e-acidentes-nao-estao-descartados\/\"]}]},{\"@type\":\"BreadcrumbList\",\"@id\":\"https:\/\/compartilhabahia.com.br\/index.php\/2024\/12\/04\/obras-da-byd-em-camacari-sao-colossais-e-acidentes-nao-estao-descartados\/#breadcrumb\",\"itemListElement\":[{\"@type\":\"ListItem\",\"position\":1,\"name\":\"In\u00edcio\",\"item\":\"https:\/\/compartilhabahia.com.br\/\"},{\"@type\":\"ListItem\",\"position\":2,\"name\":\"Obras da BYD em Cama\u00e7ari s\u00e3o colossais e acidentes n\u00e3o est\u00e3o descartados\"}]},{\"@type\":\"WebSite\",\"@id\":\"https:\/\/compartilhabahia.com.br\/#website\",\"url\":\"https:\/\/compartilhabahia.com.br\/\",\"name\":\"Compartilha Bahia\",\"description\":\"\",\"publisher\":{\"@id\":\"https:\/\/compartilhabahia.com.br\/#organization\"},\"potentialAction\":[{\"@type\":\"SearchAction\",\"target\":{\"@type\":\"EntryPoint\",\"urlTemplate\":\"https:\/\/compartilhabahia.com.br\/?s={search_term_string}\"},\"query-input\":\"required name=search_term_string\"}],\"inLanguage\":\"pt-BR\"},{\"@type\":\"Organization\",\"@id\":\"https:\/\/compartilhabahia.com.br\/#organization\",\"name\":\"Compartilha Bahia\",\"url\":\"https:\/\/compartilhabahia.com.br\/\",\"logo\":{\"@type\":\"ImageObject\",\"inLanguage\":\"pt-BR\",\"@id\":\"https:\/\/compartilhabahia.com.br\/#\/schema\/logo\/image\/\",\"url\":\"https:\/\/compartilhabahia.com.br\/wp-content\/uploads\/2023\/12\/cropped-logo.png\",\"contentUrl\":\"https:\/\/compartilhabahia.com.br\/wp-content\/uploads\/2023\/12\/cropped-logo.png\",\"width\":300,\"height\":106,\"caption\":\"Compartilha Bahia\"},\"image\":{\"@id\":\"https:\/\/compartilhabahia.com.br\/#\/schema\/logo\/image\/\"},\"sameAs\":[\"https:\/\/web.facebook.com\/compartilhabahia\",\"https:\/\/www.instagram.com\/compartilhabahia\/\"]},{\"@type\":\"Person\",\"@id\":\"https:\/\/compartilhabahia.com.br\/#\/schema\/person\/9b4f0c3178793b8248d6686732521c04\",\"name\":\"admin\",\"image\":{\"@type\":\"ImageObject\",\"inLanguage\":\"pt-BR\",\"@id\":\"https:\/\/compartilhabahia.com.br\/#\/schema\/person\/image\/\",\"url\":\"https:\/\/secure.gravatar.com\/avatar\/9600df58751c5acbe914c538c03390ef649ea088cb65f84ba09c7ce66988eed6?s=96&d=mm&r=g\",\"contentUrl\":\"https:\/\/secure.gravatar.com\/avatar\/9600df58751c5acbe914c538c03390ef649ea088cb65f84ba09c7ce66988eed6?s=96&d=mm&r=g\",\"caption\":\"admin\"},\"sameAs\":[\"https:\/\/compartilhabahia.com.br\"],\"url\":\"https:\/\/compartilhabahia.com.br\/index.php\/author\/compartilhabahia\/\"}]}<\/script>\n<!-- \/ Yoast SEO plugin. -->","yoast_head_json":{"title":"Obras da BYD em Cama\u00e7ari s\u00e3o colossais e acidentes n\u00e3o est\u00e3o descartados - Compartilha Bahia","robots":{"index":"index","follow":"follow","max-snippet":"max-snippet:-1","max-image-preview":"max-image-preview:large","max-video-preview":"max-video-preview:-1"},"canonical":"https:\/\/compartilhabahia.com.br\/index.php\/2024\/12\/04\/obras-da-byd-em-camacari-sao-colossais-e-acidentes-nao-estao-descartados\/","og_locale":"pt_BR","og_type":"article","og_title":"Obras da BYD em Cama\u00e7ari s\u00e3o colossais e acidentes n\u00e3o est\u00e3o descartados - Compartilha Bahia","og_description":"Noticias de acidentes e incidentes nas obras da BYD em Cama\u00e7ari (BA), tem tomado as p\u00e1ginas dos jornais e tornado pauta principal de pol\u00edticos de oposi\u00e7\u00e3o ao projeto, cujo ganho eleitoral \u00e9 creditado ao governador Jer\u00f4nimo Rodrigues (PT) a n\u00edvel estadual e ao prefeito eleito Caetano (PT) a n\u00edvel municipal. No entanto \u00e9 importante salientar, [&hellip;]","og_url":"https:\/\/compartilhabahia.com.br\/index.php\/2024\/12\/04\/obras-da-byd-em-camacari-sao-colossais-e-acidentes-nao-estao-descartados\/","og_site_name":"Compartilha Bahia","article_publisher":"https:\/\/web.facebook.com\/compartilhabahia","article_published_time":"2024-12-04T13:26:24+00:00","article_modified_time":"2024-12-04T13:42:59+00:00","og_image":[{"width":1055,"height":593,"url":"https:\/\/compartilhabahia.com.br\/wp-content\/uploads\/2024\/12\/obrasdabyd2024.jpg","type":"image\/jpeg"}],"author":"admin","twitter_card":"summary_large_image","twitter_misc":{"Escrito por":"admin","Est. tempo de leitura":"4 minutos"},"schema":{"@context":"https:\/\/schema.org","@graph":[{"@type":"Article","@id":"https:\/\/compartilhabahia.com.br\/index.php\/2024\/12\/04\/obras-da-byd-em-camacari-sao-colossais-e-acidentes-nao-estao-descartados\/#article","isPartOf":{"@id":"https:\/\/compartilhabahia.com.br\/index.php\/2024\/12\/04\/obras-da-byd-em-camacari-sao-colossais-e-acidentes-nao-estao-descartados\/"},"author":{"name":"admin","@id":"https:\/\/compartilhabahia.com.br\/#\/schema\/person\/9b4f0c3178793b8248d6686732521c04"},"headline":"Obras da BYD em Cama\u00e7ari s\u00e3o colossais e acidentes n\u00e3o est\u00e3o descartados","datePublished":"2024-12-04T13:26:24+00:00","dateModified":"2024-12-04T13:42:59+00:00","mainEntityOfPage":{"@id":"https:\/\/compartilhabahia.com.br\/index.php\/2024\/12\/04\/obras-da-byd-em-camacari-sao-colossais-e-acidentes-nao-estao-descartados\/"},"wordCount":694,"commentCount":0,"publisher":{"@id":"https:\/\/compartilhabahia.com.br\/#organization"},"articleSection":["Mundo"],"inLanguage":"pt-BR","potentialAction":[{"@type":"CommentAction","name":"Comment","target":["https:\/\/compartilhabahia.com.br\/index.php\/2024\/12\/04\/obras-da-byd-em-camacari-sao-colossais-e-acidentes-nao-estao-descartados\/#respond"]}]},{"@type":"WebPage","@id":"https:\/\/compartilhabahia.com.br\/index.php\/2024\/12\/04\/obras-da-byd-em-camacari-sao-colossais-e-acidentes-nao-estao-descartados\/","url":"https:\/\/compartilhabahia.com.br\/index.php\/2024\/12\/04\/obras-da-byd-em-camacari-sao-colossais-e-acidentes-nao-estao-descartados\/","name":"Obras da BYD em Cama\u00e7ari s\u00e3o colossais e acidentes n\u00e3o est\u00e3o descartados - Compartilha Bahia","isPartOf":{"@id":"https:\/\/compartilhabahia.com.br\/#website"},"datePublished":"2024-12-04T13:26:24+00:00","dateModified":"2024-12-04T13:42:59+00:00","breadcrumb":{"@id":"https:\/\/compartilhabahia.com.br\/index.php\/2024\/12\/04\/obras-da-byd-em-camacari-sao-colossais-e-acidentes-nao-estao-descartados\/#breadcrumb"},"inLanguage":"pt-BR","potentialAction":[{"@type":"ReadAction","target":["https:\/\/compartilhabahia.com.br\/index.php\/2024\/12\/04\/obras-da-byd-em-camacari-sao-colossais-e-acidentes-nao-estao-descartados\/"]}]},{"@type":"BreadcrumbList","@id":"https:\/\/compartilhabahia.com.br\/index.php\/2024\/12\/04\/obras-da-byd-em-camacari-sao-colossais-e-acidentes-nao-estao-descartados\/#breadcrumb","itemListElement":[{"@type":"ListItem","position":1,"name":"In\u00edcio","item":"https:\/\/compartilhabahia.com.br\/"},{"@type":"ListItem","position":2,"name":"Obras da BYD em Cama\u00e7ari s\u00e3o colossais e acidentes n\u00e3o est\u00e3o descartados"}]},{"@type":"WebSite","@id":"https:\/\/compartilhabahia.com.br\/#website","url":"https:\/\/compartilhabahia.com.br\/","name":"Compartilha Bahia","description":"","publisher":{"@id":"https:\/\/compartilhabahia.com.br\/#organization"},"potentialAction":[{"@type":"SearchAction","target":{"@type":"EntryPoint","urlTemplate":"https:\/\/compartilhabahia.com.br\/?s={search_term_string}"},"query-input":"required name=search_term_string"}],"inLanguage":"pt-BR"},{"@type":"Organization","@id":"https:\/\/compartilhabahia.com.br\/#organization","name":"Compartilha Bahia","url":"https:\/\/compartilhabahia.com.br\/","logo":{"@type":"ImageObject","inLanguage":"pt-BR","@id":"https:\/\/compartilhabahia.com.br\/#\/schema\/logo\/image\/","url":"https:\/\/compartilhabahia.com.br\/wp-content\/uploads\/2023\/12\/cropped-logo.png","contentUrl":"https:\/\/compartilhabahia.com.br\/wp-content\/uploads\/2023\/12\/cropped-logo.png","width":300,"height":106,"caption":"Compartilha Bahia"},"image":{"@id":"https:\/\/compartilhabahia.com.br\/#\/schema\/logo\/image\/"},"sameAs":["https:\/\/web.facebook.com\/compartilhabahia","https:\/\/www.instagram.com\/compartilhabahia\/"]},{"@type":"Person","@id":"https:\/\/compartilhabahia.com.br\/#\/schema\/person\/9b4f0c3178793b8248d6686732521c04","name":"admin","image":{"@type":"ImageObject","inLanguage":"pt-BR","@id":"https:\/\/compartilhabahia.com.br\/#\/schema\/person\/image\/","url":"https:\/\/secure.gravatar.com\/avatar\/9600df58751c5acbe914c538c03390ef649ea088cb65f84ba09c7ce66988eed6?s=96&d=mm&r=g","contentUrl":"https:\/\/secure.gravatar.com\/avatar\/9600df58751c5acbe914c538c03390ef649ea088cb65f84ba09c7ce66988eed6?s=96&d=mm&r=g","caption":"admin"},"sameAs":["https:\/\/compartilhabahia.com.br"],"url":"https:\/\/compartilhabahia.com.br\/index.php\/author\/compartilhabahia\/"}]}},"_links":{"self":[{"href":"https:\/\/compartilhabahia.com.br\/index.php\/wp-json\/wp\/v2\/posts\/4516","targetHints":{"allow":["GET"]}}],"collection":[{"href":"https:\/\/compartilhabahia.com.br\/index.php\/wp-json\/wp\/v2\/posts"}],"about":[{"href":"https:\/\/compartilhabahia.com.br\/index.php\/wp-json\/wp\/v2\/types\/post"}],"author":[{"embeddable":true,"href":"https:\/\/compartilhabahia.com.br\/index.php\/wp-json\/wp\/v2\/users\/1"}],"replies":[{"embeddable":true,"href":"https:\/\/compartilhabahia.com.br\/index.php\/wp-json\/wp\/v2\/comments?post=4516"}],"version-history":[{"count":4,"href":"https:\/\/compartilhabahia.com.br\/index.php\/wp-json\/wp\/v2\/posts\/4516\/revisions"}],"predecessor-version":[{"id":4522,"href":"https:\/\/compartilhabahia.com.br\/index.php\/wp-json\/wp\/v2\/posts\/4516\/revisions\/4522"}],"wp:featuredmedia":[{"embeddable":true,"href":"https:\/\/compartilhabahia.com.br\/index.php\/wp-json\/wp\/v2\/media\/4517"}],"wp:attachment":[{"href":"https:\/\/compartilhabahia.com.br\/index.php\/wp-json\/wp\/v2\/media?parent=4516"}],"wp:term":[{"taxonomy":"category","embeddable":true,"href":"https:\/\/compartilhabahia.com.br\/index.php\/wp-json\/wp\/v2\/categories?post=4516"},{"taxonomy":"post_tag","embeddable":true,"href":"https:\/\/compartilhabahia.com.br\/index.php\/wp-json\/wp\/v2\/tags?post=4516"}],"curies":[{"name":"wp","href":"https:\/\/api.w.org\/{rel}","templated":true}]}}