{"id":4498,"date":"2024-12-02T19:54:59","date_gmt":"2024-12-02T19:54:59","guid":{"rendered":"https:\/\/compartilhabahia.com.br\/?p=4498"},"modified":"2024-12-02T19:55:02","modified_gmt":"2024-12-02T19:55:02","slug":"byd-dobra-meta-de-empregos-em-camacari-para-20-mil-postos-de-trabalho-metade-das-contratacoes-vai-acontecer-em-2025","status":"publish","type":"post","link":"https:\/\/compartilhabahia.com.br\/index.php\/2024\/12\/02\/byd-dobra-meta-de-empregos-em-camacari-para-20-mil-postos-de-trabalho-metade-das-contratacoes-vai-acontecer-em-2025\/","title":{"rendered":"BYD dobra meta de empregos em Cama\u00e7ari para 20 mil postos de trabalho; metade das contrata\u00e7\u00f5es vai acontecer em 2025"},"content":{"rendered":"\n<p><\/p>\n\n\n\n<p>Em uma visita t\u00e9cnica \u00e0s obras da f\u00e1brica em Cama\u00e7ari (BA), que ser\u00e1 a maior f\u00e1brica da BYD fora da China, nesta segunda-feira, 02 de dezembro, a BYD, l\u00edder no Brasil e no mundo nas vendas em ve\u00edculos 100% el\u00e9tricos e h\u00edbridos, apresentou ao p\u00fablico presente, formado por autoridades, jornalistas e convidados, seu novo motor flex para os modelos super h\u00edbridos, que v\u00e3o poder combinar a tecnologia da bateria el\u00e9trica com a efici\u00eancia do etanol. Na ocasi\u00e3o, a BYD anunciou tamb\u00e9m a contrata\u00e7\u00e3o de 10 mil trabalhadores para a f\u00e1brica, entre janeiro e agosto de 2025, refor\u00e7ando seu compromisso com o pa\u00eds e o desenvolvimento do mercado automotivo. Esse movimento est\u00e1 alinhado com o crescente interesse do mercado local por solu\u00e7\u00f5es mais sustent\u00e1veis e tecnologias inovadoras no setor. No total, a previs\u00e3o agora \u00e9 do complexo gerar um total de 20 mil empregos diretos e indiretos.<\/p>\n\n\n\n<p>A partir de janeiro, a BYD anunciar\u00e1 os detalhes de um programa de contrata\u00e7\u00f5es que promete movimentar profissionais da Bahia e de outros estados. O cronograma prev\u00ea a abertura de 2 mil vagas em janeiro, 3 mil em maio e 5 mil em agosto. Os novos colaboradores ser\u00e3o integrados a diversas \u00e1reas da nova f\u00e1brica, refor\u00e7ando o compromisso da empresa com a gera\u00e7\u00e3o de empregos e o desenvolvimento econ\u00f4mico regional.<\/p>\n\n\n\n<p>\u201cCom a contrata\u00e7\u00e3o de 10 mil trabalhadores, estamos n\u00e3o apenas impulsionando a economia local, mas tamb\u00e9m contribuindo para o desenvolvimento de uma cadeia de valor mais verde e eficiente. A BYD est\u00e1 transformando Cama\u00e7ari no Vale do Sil\u00edcio da Am\u00e9rica Latina. Estamos construindo um grande centro de P&amp;D, treinando engenheiros e t\u00e9cnicos locais para liderarem em inova\u00e7\u00e3o. E isso \u00e9 apenas o come\u00e7o\u201d, afirma Stella Li, CEO Am\u00e9ricas e Europa e vice-presidente executiva global da BYD.<\/p>\n\n\n\n<p>Autoridades marcaram presen\u00e7a no evento, e o governador Jer\u00f4nimo Rodrigues enfatizou a relev\u00e2ncia do projeto: \u201cImportante para a Bahia e para o Brasil ver o avan\u00e7o na instala\u00e7\u00e3o do complexo fabril da BYD em Cama\u00e7ari. Este projeto simboliza a atra\u00e7\u00e3o de investimentos, gera\u00e7\u00e3o de emprego e renda, avan\u00e7o tecnol\u00f3gico e o desenvolvimento sustent\u00e1vel que trabalhamos diariamente para promover em nosso estado. Estamos fazendo acontecer essa revolu\u00e7\u00e3o no presente, com o olhar voltado para o futuro, e os investimentos v\u00e3o continuar ampliando nossa capacidade de gerar oportunidades para baianos e baianas\u201d, destacou o governador da Bahia, Jer\u00f4nimo Rodrigues.<\/p>\n\n\n\n<p>A BYD tamb\u00e9m celebrou outro marco importante em novembro, com um recorde de vendas no pa\u00eds, somando um total de 12.308 ve\u00edculos. \u201cNossa meta \u00e9 consolidar a BYD entre as tr\u00eas marcas que mais vendem no pa\u00eds nos pr\u00f3ximos cinco anos. Esperamos um aumento cont\u00ednuo nas vendas de modelos h\u00edbridos e el\u00e9tricos, acompanhando o crescimento do mercado e a expans\u00e3o de nossa infraestrutura no Brasil. Hoje a BYD j\u00e1 conta com mais de 150 concession\u00e1rias em todos os estados\u201d, destaca Alexandre Baldy, vice-presidente S\u00eanior da BYD no Brasil e head comercial e marketing da BYD Auto.<\/p>\n\n\n\n<p>Motor-flex para super h\u00edbridos<br>A BYD anunciou tamb\u00e9m a chegada de um marco na mobilidade, com o desenvolvimento de um motor flex para seus modelos super h\u00edbridos. Essa tecnologia inovadora combina o etanol, um combust\u00edvel verde amplamente produzido no Brasil, com a eletricidade, oferecendo uma solu\u00e7\u00e3o sustent\u00e1vel e adaptada ao mercado local.<br>Al\u00e9m de aproveitar o potencial do etanol, o motor flex da BYD tamb\u00e9m melhora a efici\u00eancia do ve\u00edculo, reduzindo a diferen\u00e7a de rendimento em rela\u00e7\u00e3o \u00e0 gasolina e garantindo um desempenho superior em diversas condi\u00e7\u00f5es. O projeto contou com a colabora\u00e7\u00e3o de mais de 100 engenheiros chineses e brasileiros, refor\u00e7ando a coopera\u00e7\u00e3o entre os dois pa\u00edses e o desenvolvimento de tecnologias que unem inova\u00e7\u00e3o e sustentabilidade.<\/p>\n\n\n\n<p>Primeiro SUV h\u00edbrido plug-in flex nacional<br>O modelo pioneiro BYD Song Pro ser\u00e1 um dos destaques do portf\u00f3lio nacional, equipado com um motor 1.5 flex que combina gasolina e etanol. A tecnologia, baseada na plataforma DM-i, alia efici\u00eancia energ\u00e9tica e desempenho superior, com pre\u00e7os competitivos em rela\u00e7\u00e3o aos ve\u00edculos tradicionais. O motor flex ser\u00e1 fabricado em Cama\u00e7ari.<br>&#8220;Estamos entusiasmados em produzir no Brasil o primeiro SUV h\u00edbrido plug-in flex, uma inova\u00e7\u00e3o que combina tecnologia de ponta e sustentabilidade. Com o in\u00edcio da produ\u00e7\u00e3o em Cama\u00e7ari, o complexo posiciona o Nordeste como um polo estrat\u00e9gico de inova\u00e7\u00e3o, sendo refer\u00eancia para a Am\u00e9rica Latina&#8221;, completa Alexandre Baldy.<\/p>\n\n\n\n<p>Outra novidade \u00e9 que o BYD Dolphin Mini, carro 100% el\u00e9trico mais vendido do pa\u00eds, ser\u00e1 o segundo modelo oficialmente a ser produzido na f\u00e1brica de Cama\u00e7ari. Vers\u00e1til, tecnol\u00f3gico e muito econ\u00f4mico, o modelo conquistou os brasileiros.<\/p>\n\n\n\n<p>Evolu\u00e7\u00e3o das obras<br>As obras da nova f\u00e1brica da BYD, que come\u00e7aram oficialmente h\u00e1 menos de nove meses, est\u00e3o em ritmo acelerado. A fase 1.1 do projeto engloba o galp\u00e3o para a montagem dos carros no sistema SKD (Semi Knocked Down), a f\u00e1brica de inspe\u00e7\u00e3o final e as pistas de teste de velocidade e obst\u00e1culos. A conclus\u00e3o desta fase est\u00e1 prevista para come\u00e7ar ap\u00f3s o carnaval de 2025.<\/p>\n\n\n\n<p>Em seguida, as obras v\u00e3o se concentrar na fase 1.2, que contempla a produ\u00e7\u00e3o completa de ve\u00edculos el\u00e9tricos e h\u00edbridos e ter\u00e1 28 novas edifica\u00e7\u00f5es e 2 p\u00e1tios. A produ\u00e7\u00e3o plena dos modelos deve come\u00e7ar ainda em 2025. Com esses avan\u00e7os, a BYD refor\u00e7a seu compromisso com a produ\u00e7\u00e3o local e a expans\u00e3o do mercado de ve\u00edculos sustent\u00e1veis no Brasil.<\/p>\n\n\n\n<p>A nova planta ter\u00e1 capacidade para produzir at\u00e9 150 mil ve\u00edculos por ano na primeira fase de opera\u00e7\u00e3o e 300 mil unidades na segunda fase. O n\u00famero de vagas tamb\u00e9m deu um salto de 10 para 20 mil postos de trabalhos diretos e indiretos.<\/p>\n\n\n\n<p>A BYD \u00e9 l\u00edder mundial na produ\u00e7\u00e3o e venda de ve\u00edculos eletrificados (100% el\u00e9tricos e h\u00edbridos) e est\u00e1 na vanguarda da transi\u00e7\u00e3o para uma mobilidade mais verde e sustent\u00e1vel. Greentech comprometida em desenvolver solu\u00e7\u00f5es que reduzam a depend\u00eancia de combust\u00edveis f\u00f3sseis, a companhia oferece um ecossistema que abrange desde a gera\u00e7\u00e3o de energia atrav\u00e9s de pain\u00e9is solares, o armazenamento em baterias e o uso em carros h\u00edbridos e el\u00e9tricos de alta performance e economia. Fundada em 1995, a BYD \u00e9 uma empresa l\u00edder em tecnologia dedicada a impulsionar inova\u00e7\u00f5es para uma vida melhor.<\/p>\n\n\n\n<p>Recordes no Brasil e no mundo<br>Em todo o mundo, a BYD vendeu um total de 504.003 ve\u00edculos de passeio apenas no m\u00eas de novembro, um crescimento de 67,2% em rela\u00e7\u00e3o ao mesmo n\u00famero do ano passado. O total de vendas em 2024 j\u00e1 chega a mais de 3,7 milh\u00f5es de unidades.<\/p>\n\n\n\n<p>No Brasil, novembro tamb\u00e9m foi um m\u00eas hist\u00f3rico com o sucesso da Black Friday. Foram comercializadas 12.308 unidades nas concession\u00e1rias de todo o pa\u00eds. O n\u00famero de emplacamentos foi o maior j\u00e1 registrado e chegou a um recorde de 8.037. Com isso, nos 11 meses deste ano, o total de carros vendidos pela BYD ultrapassa a marca de 66 mil ve\u00edculos, um crescimento de 272% em rela\u00e7\u00e3o ao ano passado.<\/p>\n\n\n\n<p>Al\u00e9m de estar em primeiro lugar entre as marcas que mais vendem modelos h\u00edbridos, a BYD domina o mercado de 100% el\u00e9tricos com mais de 7 carros da marca a cada 10 vendidos no Brasil. Em novembro, a greentech alcan\u00e7ou uma in\u00e9dita sexta posi\u00e7\u00e3o nas vendas a varejo entre todas as montadoras, e, considerando o total de vendas no m\u00eas, incluindo canais diretos, subiu para a nona posi\u00e7\u00e3o no ranking nacional. Esses resultados representam mais um passo rumo ao objetivo estrat\u00e9gico de estar entre as tr\u00eas maiores montadoras do pa\u00eds nos pr\u00f3ximos cinco anos, refor\u00e7ando o compromisso da empresa com inova\u00e7\u00e3o e sustentabilidade.<\/p>\n\n\n\n<p>Press Kit BYD: voc\u00ea encontra fotos, v\u00eddeos e time lapse com imagens da constru\u00e7\u00e3o da f\u00e1brica no link: https:\/\/drive.google.com\/drive\/folders\/12TaZEz3SSgrTCSKqcdV_C-jIxTk6MzhL<\/p>\n\n\n\n<p>Sobre a BYD<br>L\u00edder na comercializa\u00e7\u00e3o de ve\u00edculos el\u00e9tricos no Brasil e consolidada na fabrica\u00e7\u00e3o de tecnologia de energia solar, a BYD vem expandindo sua atua\u00e7\u00e3o no pa\u00eds desde sua chegada em 2013. Compromissada em cuidar do planeta e investir na transi\u00e7\u00e3o energ\u00e9tica sem emiss\u00e3o de poluentes, a empresa possui em solo nacional f\u00e1bricas de montagem de chassis de \u00f4nibus 100% el\u00e9tricos e de produ\u00e7\u00e3o de m\u00f3dulos fotovoltaicos, ambas em Campinas (SP). Tem tamb\u00e9m no Polo Industrial de Manaus (AM), uma unidade dedicada \u00e0 produ\u00e7\u00e3o de baterias de fosfato de ferro-l\u00edtio. Al\u00e9m disso, importa empilhadeiras, paleteiras, rebocadores e caminh\u00f5es para o Brasil, todos 100% el\u00e9tricos. Em novembro de 2021, come\u00e7ou a comercializa\u00e7\u00e3o de autom\u00f3veis de passeio no pa\u00eds e j\u00e1 conta com diversos modelos e uma rede consolidada de concession\u00e1rias em opera\u00e7\u00e3o. No ano passado deu in\u00edcio ao projeto para a constru\u00e7\u00e3o do Complexo de Cama\u00e7ari, na Bahia, onde vai instalar a primeira f\u00e1brica de carros fora da \u00c1sia. A companhia ainda \u00e9 respons\u00e1vel por um projeto de SkyRail (monotrilho) na cidade de S\u00e3o Paulo (SP) (Linha 17 \u2013 Ouro do metr\u00f4). Eleita pela revista americana Times como uma das 100 empresas mais influentes do mundo, a BYD integra o Pacto Global das Na\u00e7\u00f5es Unidas (ONU), uma iniciativa que fornece diretrizes para a promo\u00e7\u00e3o do crescimento sustent\u00e1vel e da cidadania, por meio de lideran\u00e7as corporativas comprometidas e inovadoras.<\/p>\n","protected":false},"excerpt":{"rendered":"<p>Em uma visita t\u00e9cnica \u00e0s obras da f\u00e1brica em Cama\u00e7ari (BA), que ser\u00e1 a maior f\u00e1brica da BYD fora da China, nesta segunda-feira, 02 de dezembro, a BYD, l\u00edder no Brasil e no mundo nas vendas em ve\u00edculos 100% el\u00e9tricos e h\u00edbridos, apresentou ao p\u00fablico presente, formado por autoridades, jornalistas e convidados, seu novo motor [&hellip;]<\/p>\n","protected":false},"author":1,"featured_media":4499,"comment_status":"open","ping_status":"open","sticky":false,"template":"","format":"standard","meta":{"footnotes":""},"categories":[1],"tags":[],"class_list":["post-4498","post","type-post","status-publish","format-standard","has-post-thumbnail","hentry","category-mundo"],"yoast_head":"<!-- This site is optimized with the Yoast SEO plugin v21.7 - https:\/\/yoast.com\/wordpress\/plugins\/seo\/ -->\n<title>BYD dobra meta de empregos em Cama\u00e7ari para 20 mil postos de trabalho; metade das contrata\u00e7\u00f5es vai acontecer em 2025 - Compartilha Bahia<\/title>\n<meta name=\"robots\" content=\"index, follow, max-snippet:-1, max-image-preview:large, max-video-preview:-1\" \/>\n<link rel=\"canonical\" href=\"https:\/\/compartilhabahia.com.br\/index.php\/2024\/12\/02\/byd-dobra-meta-de-empregos-em-camacari-para-20-mil-postos-de-trabalho-metade-das-contratacoes-vai-acontecer-em-2025\/\" \/>\n<meta property=\"og:locale\" content=\"pt_BR\" \/>\n<meta property=\"og:type\" content=\"article\" \/>\n<meta property=\"og:title\" content=\"BYD dobra meta de empregos em Cama\u00e7ari para 20 mil postos de trabalho; metade das contrata\u00e7\u00f5es vai acontecer em 2025 - Compartilha Bahia\" \/>\n<meta property=\"og:description\" content=\"Em uma visita t\u00e9cnica \u00e0s obras da f\u00e1brica em Cama\u00e7ari (BA), que ser\u00e1 a maior f\u00e1brica da BYD fora da China, nesta segunda-feira, 02 de dezembro, a BYD, l\u00edder no Brasil e no mundo nas vendas em ve\u00edculos 100% el\u00e9tricos e h\u00edbridos, apresentou ao p\u00fablico presente, formado por autoridades, jornalistas e convidados, seu novo motor [&hellip;]\" \/>\n<meta property=\"og:url\" content=\"https:\/\/compartilhabahia.com.br\/index.php\/2024\/12\/02\/byd-dobra-meta-de-empregos-em-camacari-para-20-mil-postos-de-trabalho-metade-das-contratacoes-vai-acontecer-em-2025\/\" \/>\n<meta property=\"og:site_name\" content=\"Compartilha Bahia\" \/>\n<meta property=\"article:publisher\" content=\"https:\/\/web.facebook.com\/compartilhabahia\" \/>\n<meta property=\"article:published_time\" content=\"2024-12-02T19:54:59+00:00\" \/>\n<meta property=\"article:modified_time\" content=\"2024-12-02T19:55:02+00:00\" \/>\n<meta property=\"og:image\" content=\"https:\/\/compartilhabahia.com.br\/wp-content\/uploads\/2024\/12\/bydagora.jpg\" \/>\n\t<meta property=\"og:image:width\" content=\"1280\" \/>\n\t<meta property=\"og:image:height\" content=\"853\" \/>\n\t<meta property=\"og:image:type\" content=\"image\/jpeg\" \/>\n<meta name=\"author\" content=\"admin\" \/>\n<meta name=\"twitter:card\" content=\"summary_large_image\" \/>\n<meta name=\"twitter:label1\" content=\"Escrito por\" \/>\n\t<meta name=\"twitter:data1\" content=\"admin\" \/>\n\t<meta name=\"twitter:label2\" content=\"Est. tempo de leitura\" \/>\n\t<meta name=\"twitter:data2\" content=\"9 minutos\" \/>\n<script type=\"application\/ld+json\" class=\"yoast-schema-graph\">{\"@context\":\"https:\/\/schema.org\",\"@graph\":[{\"@type\":\"Article\",\"@id\":\"https:\/\/compartilhabahia.com.br\/index.php\/2024\/12\/02\/byd-dobra-meta-de-empregos-em-camacari-para-20-mil-postos-de-trabalho-metade-das-contratacoes-vai-acontecer-em-2025\/#article\",\"isPartOf\":{\"@id\":\"https:\/\/compartilhabahia.com.br\/index.php\/2024\/12\/02\/byd-dobra-meta-de-empregos-em-camacari-para-20-mil-postos-de-trabalho-metade-das-contratacoes-vai-acontecer-em-2025\/\"},\"author\":{\"name\":\"admin\",\"@id\":\"https:\/\/compartilhabahia.com.br\/#\/schema\/person\/9b4f0c3178793b8248d6686732521c04\"},\"headline\":\"BYD dobra meta de empregos em Cama\u00e7ari para 20 mil postos de trabalho; metade das contrata\u00e7\u00f5es vai acontecer em 2025\",\"datePublished\":\"2024-12-02T19:54:59+00:00\",\"dateModified\":\"2024-12-02T19:55:02+00:00\",\"mainEntityOfPage\":{\"@id\":\"https:\/\/compartilhabahia.com.br\/index.php\/2024\/12\/02\/byd-dobra-meta-de-empregos-em-camacari-para-20-mil-postos-de-trabalho-metade-das-contratacoes-vai-acontecer-em-2025\/\"},\"wordCount\":1674,\"commentCount\":0,\"publisher\":{\"@id\":\"https:\/\/compartilhabahia.com.br\/#organization\"},\"articleSection\":[\"Mundo\"],\"inLanguage\":\"pt-BR\",\"potentialAction\":[{\"@type\":\"CommentAction\",\"name\":\"Comment\",\"target\":[\"https:\/\/compartilhabahia.com.br\/index.php\/2024\/12\/02\/byd-dobra-meta-de-empregos-em-camacari-para-20-mil-postos-de-trabalho-metade-das-contratacoes-vai-acontecer-em-2025\/#respond\"]}]},{\"@type\":\"WebPage\",\"@id\":\"https:\/\/compartilhabahia.com.br\/index.php\/2024\/12\/02\/byd-dobra-meta-de-empregos-em-camacari-para-20-mil-postos-de-trabalho-metade-das-contratacoes-vai-acontecer-em-2025\/\",\"url\":\"https:\/\/compartilhabahia.com.br\/index.php\/2024\/12\/02\/byd-dobra-meta-de-empregos-em-camacari-para-20-mil-postos-de-trabalho-metade-das-contratacoes-vai-acontecer-em-2025\/\",\"name\":\"BYD dobra meta de empregos em Cama\u00e7ari para 20 mil postos de trabalho; metade das contrata\u00e7\u00f5es vai acontecer em 2025 - Compartilha Bahia\",\"isPartOf\":{\"@id\":\"https:\/\/compartilhabahia.com.br\/#website\"},\"datePublished\":\"2024-12-02T19:54:59+00:00\",\"dateModified\":\"2024-12-02T19:55:02+00:00\",\"breadcrumb\":{\"@id\":\"https:\/\/compartilhabahia.com.br\/index.php\/2024\/12\/02\/byd-dobra-meta-de-empregos-em-camacari-para-20-mil-postos-de-trabalho-metade-das-contratacoes-vai-acontecer-em-2025\/#breadcrumb\"},\"inLanguage\":\"pt-BR\",\"potentialAction\":[{\"@type\":\"ReadAction\",\"target\":[\"https:\/\/compartilhabahia.com.br\/index.php\/2024\/12\/02\/byd-dobra-meta-de-empregos-em-camacari-para-20-mil-postos-de-trabalho-metade-das-contratacoes-vai-acontecer-em-2025\/\"]}]},{\"@type\":\"BreadcrumbList\",\"@id\":\"https:\/\/compartilhabahia.com.br\/index.php\/2024\/12\/02\/byd-dobra-meta-de-empregos-em-camacari-para-20-mil-postos-de-trabalho-metade-das-contratacoes-vai-acontecer-em-2025\/#breadcrumb\",\"itemListElement\":[{\"@type\":\"ListItem\",\"position\":1,\"name\":\"In\u00edcio\",\"item\":\"https:\/\/compartilhabahia.com.br\/\"},{\"@type\":\"ListItem\",\"position\":2,\"name\":\"BYD dobra meta de empregos em Cama\u00e7ari para 20 mil postos de trabalho; metade das contrata\u00e7\u00f5es vai acontecer em 2025\"}]},{\"@type\":\"WebSite\",\"@id\":\"https:\/\/compartilhabahia.com.br\/#website\",\"url\":\"https:\/\/compartilhabahia.com.br\/\",\"name\":\"Compartilha Bahia\",\"description\":\"\",\"publisher\":{\"@id\":\"https:\/\/compartilhabahia.com.br\/#organization\"},\"potentialAction\":[{\"@type\":\"SearchAction\",\"target\":{\"@type\":\"EntryPoint\",\"urlTemplate\":\"https:\/\/compartilhabahia.com.br\/?s={search_term_string}\"},\"query-input\":\"required name=search_term_string\"}],\"inLanguage\":\"pt-BR\"},{\"@type\":\"Organization\",\"@id\":\"https:\/\/compartilhabahia.com.br\/#organization\",\"name\":\"Compartilha Bahia\",\"url\":\"https:\/\/compartilhabahia.com.br\/\",\"logo\":{\"@type\":\"ImageObject\",\"inLanguage\":\"pt-BR\",\"@id\":\"https:\/\/compartilhabahia.com.br\/#\/schema\/logo\/image\/\",\"url\":\"https:\/\/compartilhabahia.com.br\/wp-content\/uploads\/2023\/12\/cropped-logo.png\",\"contentUrl\":\"https:\/\/compartilhabahia.com.br\/wp-content\/uploads\/2023\/12\/cropped-logo.png\",\"width\":300,\"height\":106,\"caption\":\"Compartilha Bahia\"},\"image\":{\"@id\":\"https:\/\/compartilhabahia.com.br\/#\/schema\/logo\/image\/\"},\"sameAs\":[\"https:\/\/web.facebook.com\/compartilhabahia\",\"https:\/\/www.instagram.com\/compartilhabahia\/\"]},{\"@type\":\"Person\",\"@id\":\"https:\/\/compartilhabahia.com.br\/#\/schema\/person\/9b4f0c3178793b8248d6686732521c04\",\"name\":\"admin\",\"image\":{\"@type\":\"ImageObject\",\"inLanguage\":\"pt-BR\",\"@id\":\"https:\/\/compartilhabahia.com.br\/#\/schema\/person\/image\/\",\"url\":\"https:\/\/secure.gravatar.com\/avatar\/9600df58751c5acbe914c538c03390ef649ea088cb65f84ba09c7ce66988eed6?s=96&d=mm&r=g\",\"contentUrl\":\"https:\/\/secure.gravatar.com\/avatar\/9600df58751c5acbe914c538c03390ef649ea088cb65f84ba09c7ce66988eed6?s=96&d=mm&r=g\",\"caption\":\"admin\"},\"sameAs\":[\"https:\/\/compartilhabahia.com.br\"],\"url\":\"https:\/\/compartilhabahia.com.br\/index.php\/author\/compartilhabahia\/\"}]}<\/script>\n<!-- \/ Yoast SEO plugin. -->","yoast_head_json":{"title":"BYD dobra meta de empregos em Cama\u00e7ari para 20 mil postos de trabalho; metade das contrata\u00e7\u00f5es vai acontecer em 2025 - Compartilha Bahia","robots":{"index":"index","follow":"follow","max-snippet":"max-snippet:-1","max-image-preview":"max-image-preview:large","max-video-preview":"max-video-preview:-1"},"canonical":"https:\/\/compartilhabahia.com.br\/index.php\/2024\/12\/02\/byd-dobra-meta-de-empregos-em-camacari-para-20-mil-postos-de-trabalho-metade-das-contratacoes-vai-acontecer-em-2025\/","og_locale":"pt_BR","og_type":"article","og_title":"BYD dobra meta de empregos em Cama\u00e7ari para 20 mil postos de trabalho; metade das contrata\u00e7\u00f5es vai acontecer em 2025 - Compartilha Bahia","og_description":"Em uma visita t\u00e9cnica \u00e0s obras da f\u00e1brica em Cama\u00e7ari (BA), que ser\u00e1 a maior f\u00e1brica da BYD fora da China, nesta segunda-feira, 02 de dezembro, a BYD, l\u00edder no Brasil e no mundo nas vendas em ve\u00edculos 100% el\u00e9tricos e h\u00edbridos, apresentou ao p\u00fablico presente, formado por autoridades, jornalistas e convidados, seu novo motor [&hellip;]","og_url":"https:\/\/compartilhabahia.com.br\/index.php\/2024\/12\/02\/byd-dobra-meta-de-empregos-em-camacari-para-20-mil-postos-de-trabalho-metade-das-contratacoes-vai-acontecer-em-2025\/","og_site_name":"Compartilha Bahia","article_publisher":"https:\/\/web.facebook.com\/compartilhabahia","article_published_time":"2024-12-02T19:54:59+00:00","article_modified_time":"2024-12-02T19:55:02+00:00","og_image":[{"width":1280,"height":853,"url":"https:\/\/compartilhabahia.com.br\/wp-content\/uploads\/2024\/12\/bydagora.jpg","type":"image\/jpeg"}],"author":"admin","twitter_card":"summary_large_image","twitter_misc":{"Escrito por":"admin","Est. tempo de leitura":"9 minutos"},"schema":{"@context":"https:\/\/schema.org","@graph":[{"@type":"Article","@id":"https:\/\/compartilhabahia.com.br\/index.php\/2024\/12\/02\/byd-dobra-meta-de-empregos-em-camacari-para-20-mil-postos-de-trabalho-metade-das-contratacoes-vai-acontecer-em-2025\/#article","isPartOf":{"@id":"https:\/\/compartilhabahia.com.br\/index.php\/2024\/12\/02\/byd-dobra-meta-de-empregos-em-camacari-para-20-mil-postos-de-trabalho-metade-das-contratacoes-vai-acontecer-em-2025\/"},"author":{"name":"admin","@id":"https:\/\/compartilhabahia.com.br\/#\/schema\/person\/9b4f0c3178793b8248d6686732521c04"},"headline":"BYD dobra meta de empregos em Cama\u00e7ari para 20 mil postos de trabalho; metade das contrata\u00e7\u00f5es vai acontecer em 2025","datePublished":"2024-12-02T19:54:59+00:00","dateModified":"2024-12-02T19:55:02+00:00","mainEntityOfPage":{"@id":"https:\/\/compartilhabahia.com.br\/index.php\/2024\/12\/02\/byd-dobra-meta-de-empregos-em-camacari-para-20-mil-postos-de-trabalho-metade-das-contratacoes-vai-acontecer-em-2025\/"},"wordCount":1674,"commentCount":0,"publisher":{"@id":"https:\/\/compartilhabahia.com.br\/#organization"},"articleSection":["Mundo"],"inLanguage":"pt-BR","potentialAction":[{"@type":"CommentAction","name":"Comment","target":["https:\/\/compartilhabahia.com.br\/index.php\/2024\/12\/02\/byd-dobra-meta-de-empregos-em-camacari-para-20-mil-postos-de-trabalho-metade-das-contratacoes-vai-acontecer-em-2025\/#respond"]}]},{"@type":"WebPage","@id":"https:\/\/compartilhabahia.com.br\/index.php\/2024\/12\/02\/byd-dobra-meta-de-empregos-em-camacari-para-20-mil-postos-de-trabalho-metade-das-contratacoes-vai-acontecer-em-2025\/","url":"https:\/\/compartilhabahia.com.br\/index.php\/2024\/12\/02\/byd-dobra-meta-de-empregos-em-camacari-para-20-mil-postos-de-trabalho-metade-das-contratacoes-vai-acontecer-em-2025\/","name":"BYD dobra meta de empregos em Cama\u00e7ari para 20 mil postos de trabalho; metade das contrata\u00e7\u00f5es vai acontecer em 2025 - Compartilha Bahia","isPartOf":{"@id":"https:\/\/compartilhabahia.com.br\/#website"},"datePublished":"2024-12-02T19:54:59+00:00","dateModified":"2024-12-02T19:55:02+00:00","breadcrumb":{"@id":"https:\/\/compartilhabahia.com.br\/index.php\/2024\/12\/02\/byd-dobra-meta-de-empregos-em-camacari-para-20-mil-postos-de-trabalho-metade-das-contratacoes-vai-acontecer-em-2025\/#breadcrumb"},"inLanguage":"pt-BR","potentialAction":[{"@type":"ReadAction","target":["https:\/\/compartilhabahia.com.br\/index.php\/2024\/12\/02\/byd-dobra-meta-de-empregos-em-camacari-para-20-mil-postos-de-trabalho-metade-das-contratacoes-vai-acontecer-em-2025\/"]}]},{"@type":"BreadcrumbList","@id":"https:\/\/compartilhabahia.com.br\/index.php\/2024\/12\/02\/byd-dobra-meta-de-empregos-em-camacari-para-20-mil-postos-de-trabalho-metade-das-contratacoes-vai-acontecer-em-2025\/#breadcrumb","itemListElement":[{"@type":"ListItem","position":1,"name":"In\u00edcio","item":"https:\/\/compartilhabahia.com.br\/"},{"@type":"ListItem","position":2,"name":"BYD dobra meta de empregos em Cama\u00e7ari para 20 mil postos de trabalho; metade das contrata\u00e7\u00f5es vai acontecer em 2025"}]},{"@type":"WebSite","@id":"https:\/\/compartilhabahia.com.br\/#website","url":"https:\/\/compartilhabahia.com.br\/","name":"Compartilha Bahia","description":"","publisher":{"@id":"https:\/\/compartilhabahia.com.br\/#organization"},"potentialAction":[{"@type":"SearchAction","target":{"@type":"EntryPoint","urlTemplate":"https:\/\/compartilhabahia.com.br\/?s={search_term_string}"},"query-input":"required name=search_term_string"}],"inLanguage":"pt-BR"},{"@type":"Organization","@id":"https:\/\/compartilhabahia.com.br\/#organization","name":"Compartilha Bahia","url":"https:\/\/compartilhabahia.com.br\/","logo":{"@type":"ImageObject","inLanguage":"pt-BR","@id":"https:\/\/compartilhabahia.com.br\/#\/schema\/logo\/image\/","url":"https:\/\/compartilhabahia.com.br\/wp-content\/uploads\/2023\/12\/cropped-logo.png","contentUrl":"https:\/\/compartilhabahia.com.br\/wp-content\/uploads\/2023\/12\/cropped-logo.png","width":300,"height":106,"caption":"Compartilha Bahia"},"image":{"@id":"https:\/\/compartilhabahia.com.br\/#\/schema\/logo\/image\/"},"sameAs":["https:\/\/web.facebook.com\/compartilhabahia","https:\/\/www.instagram.com\/compartilhabahia\/"]},{"@type":"Person","@id":"https:\/\/compartilhabahia.com.br\/#\/schema\/person\/9b4f0c3178793b8248d6686732521c04","name":"admin","image":{"@type":"ImageObject","inLanguage":"pt-BR","@id":"https:\/\/compartilhabahia.com.br\/#\/schema\/person\/image\/","url":"https:\/\/secure.gravatar.com\/avatar\/9600df58751c5acbe914c538c03390ef649ea088cb65f84ba09c7ce66988eed6?s=96&d=mm&r=g","contentUrl":"https:\/\/secure.gravatar.com\/avatar\/9600df58751c5acbe914c538c03390ef649ea088cb65f84ba09c7ce66988eed6?s=96&d=mm&r=g","caption":"admin"},"sameAs":["https:\/\/compartilhabahia.com.br"],"url":"https:\/\/compartilhabahia.com.br\/index.php\/author\/compartilhabahia\/"}]}},"_links":{"self":[{"href":"https:\/\/compartilhabahia.com.br\/index.php\/wp-json\/wp\/v2\/posts\/4498","targetHints":{"allow":["GET"]}}],"collection":[{"href":"https:\/\/compartilhabahia.com.br\/index.php\/wp-json\/wp\/v2\/posts"}],"about":[{"href":"https:\/\/compartilhabahia.com.br\/index.php\/wp-json\/wp\/v2\/types\/post"}],"author":[{"embeddable":true,"href":"https:\/\/compartilhabahia.com.br\/index.php\/wp-json\/wp\/v2\/users\/1"}],"replies":[{"embeddable":true,"href":"https:\/\/compartilhabahia.com.br\/index.php\/wp-json\/wp\/v2\/comments?post=4498"}],"version-history":[{"count":1,"href":"https:\/\/compartilhabahia.com.br\/index.php\/wp-json\/wp\/v2\/posts\/4498\/revisions"}],"predecessor-version":[{"id":4500,"href":"https:\/\/compartilhabahia.com.br\/index.php\/wp-json\/wp\/v2\/posts\/4498\/revisions\/4500"}],"wp:featuredmedia":[{"embeddable":true,"href":"https:\/\/compartilhabahia.com.br\/index.php\/wp-json\/wp\/v2\/media\/4499"}],"wp:attachment":[{"href":"https:\/\/compartilhabahia.com.br\/index.php\/wp-json\/wp\/v2\/media?parent=4498"}],"wp:term":[{"taxonomy":"category","embeddable":true,"href":"https:\/\/compartilhabahia.com.br\/index.php\/wp-json\/wp\/v2\/categories?post=4498"},{"taxonomy":"post_tag","embeddable":true,"href":"https:\/\/compartilhabahia.com.br\/index.php\/wp-json\/wp\/v2\/tags?post=4498"}],"curies":[{"name":"wp","href":"https:\/\/api.w.org\/{rel}","templated":true}]}}