{"id":4473,"date":"2024-12-01T00:48:43","date_gmt":"2024-12-01T00:48:43","guid":{"rendered":"https:\/\/compartilhabahia.com.br\/?p=4473"},"modified":"2024-12-01T00:48:44","modified_gmt":"2024-12-01T00:48:44","slug":"segunda-edicao-do-projeto-empreendedoras-braskem-forma-mulheres-em-camacari","status":"publish","type":"post","link":"https:\/\/compartilhabahia.com.br\/index.php\/2024\/12\/01\/segunda-edicao-do-projeto-empreendedoras-braskem-forma-mulheres-em-camacari\/","title":{"rendered":"Segunda edi\u00e7\u00e3o do projeto Empreendedoras Braskem forma mulheres em Cama\u00e7ari"},"content":{"rendered":"\n<p>Com o objetivo de incentivar e qualificar mulheres para que possam empreender e gerar renda, o Empreendedoras Braskem&nbsp;realiza, na pr\u00f3xima ter\u00e7a-feira (3\/12), a formatura da segunda edi\u00e7\u00e3o do projeto na Bahia. A cerim\u00f4nia, para convidados, ocorre&nbsp;no audit\u00f3rio do Col\u00e9gio Estadual de Tempo Integral Gon\u00e7alo Muniz, em Cama\u00e7ari, regi\u00e3o metropolitana de Salvador.<\/p>\n\n\n\n<p>Ser\u00e3o certificadas 47 mulheres, a exemplo de&nbsp;Gilm\u00e1ria Ferreira, que trabalha com confec\u00e7\u00e3o de roupas infantis h\u00e1 quase tr\u00eas anos. Ela conta que o projeto lhe abriu um leque de possibilidades. \u201cMe fez enxergar o empreendedorismo de uma forma muito diferente, apresentando, por exemplo, ferramentas do mundo digital que podemos usar para alavancar as vendas, melhorar a comunica\u00e7\u00e3o com o cliente, enxergar minhas fragilidades e minhas for\u00e7as\u201d, sinaliza.<\/p>\n\n\n\n<p><br>Al\u00e9m da certifica\u00e7\u00e3o das participantes do projeto, o evento ter\u00e1 ainda a apresenta\u00e7\u00e3o de pitchs dos 10 neg\u00f3cios que mais se destacaram durante o curso. As apresenta\u00e7\u00f5es ser\u00e3o avaliadas por uma comiss\u00e3o julgadora composta pela consultora do Sebrae, Fernanda Becevelli, que h\u00e1 20 anos atua nas \u00e1reas de planejamento estrat\u00e9gico, acesso a mercado e vendas; pela turism\u00f3loga, consultora e mentora de neg\u00f3cios com expertise em estrat\u00e9gias comerciais, Jana Amorim; e pela jornalista Silvana Oliveira, que h\u00e1 mais de 25 anos atua na apresenta\u00e7\u00e3o de programas e gest\u00e3o de equipes de jornalismo em r\u00e1dios e TVs, na Bahia e em S\u00e3o Paulo. As tr\u00eas melhores empreendedoras ir\u00e3o receber premia\u00e7\u00e3o em dinheiro.<\/p>\n\n\n\n<p><strong>Empoderamento&nbsp;<\/strong>&#8211; Ao longo dos quatro meses de projeto, cuja capacita\u00e7\u00e3o foi ministrada pela Junior Achievement Bahia, foram apresentados \u00e0s participantes os conceitos de empreendedorismo e livre iniciativa, envolvendo Recursos Humanos, Finan\u00e7as, Produ\u00e7\u00e3o, Marketing e Vendas. Ao todo, foram 60 horas de aprendizagem em 20 encontros semanais. Durante as aulas pr\u00e1ticas, as participantes tiveram a possibilidade de criar seus pr\u00f3prios produtos, elaborando relat\u00f3rios, calculando lucro e passando por toda a experi\u00eancia de ter um empreendimento real.<\/p>\n\n\n\n<p>A gerente de Rela\u00e7\u00f5es Institucionais da Braskem na Bahia, Magn\u00f3lia Borges, ressalta o car\u00e1ter de empoderamento do projeto. \u201cO Empreendedoras Braskem disponibiliza ferramentas para que essas mulheres consigam criar, desenvolver e prosperar em seus respectivos neg\u00f3cios, por meio de seu esfor\u00e7o e criatividade, e desse modo gerarem renda e a transforma\u00e7\u00e3o de vida que almejam\u201d, aponta.&nbsp;O Empreendedoras Braskem iniciou sua primeira edi\u00e7\u00e3o na Bahia no m\u00eas de maio deste ano e capacitou outras 42 mulheres no munic\u00edpio de Sim\u00f5es Filho.<\/p>\n","protected":false},"excerpt":{"rendered":"<p>Com o objetivo de incentivar e qualificar mulheres para que possam empreender e gerar renda, o Empreendedoras Braskem&nbsp;realiza, na pr\u00f3xima ter\u00e7a-feira (3\/12), a formatura da segunda edi\u00e7\u00e3o do projeto na Bahia. A cerim\u00f4nia, para convidados, ocorre&nbsp;no audit\u00f3rio do Col\u00e9gio Estadual de Tempo Integral Gon\u00e7alo Muniz, em Cama\u00e7ari, regi\u00e3o metropolitana de Salvador. Ser\u00e3o certificadas 47 mulheres, [&hellip;]<\/p>\n","protected":false},"author":1,"featured_media":4474,"comment_status":"open","ping_status":"open","sticky":false,"template":"","format":"standard","meta":{"footnotes":""},"categories":[8],"tags":[],"class_list":["post-4473","post","type-post","status-publish","format-standard","has-post-thumbnail","hentry","category-camacari"],"yoast_head":"<!-- This site is optimized with the Yoast SEO plugin v21.7 - https:\/\/yoast.com\/wordpress\/plugins\/seo\/ -->\n<title>Segunda edi\u00e7\u00e3o do projeto Empreendedoras Braskem forma mulheres em Cama\u00e7ari - Compartilha Bahia<\/title>\n<meta name=\"robots\" content=\"index, follow, max-snippet:-1, max-image-preview:large, max-video-preview:-1\" \/>\n<link rel=\"canonical\" href=\"https:\/\/compartilhabahia.com.br\/index.php\/2024\/12\/01\/segunda-edicao-do-projeto-empreendedoras-braskem-forma-mulheres-em-camacari\/\" \/>\n<meta property=\"og:locale\" content=\"pt_BR\" \/>\n<meta property=\"og:type\" content=\"article\" \/>\n<meta property=\"og:title\" content=\"Segunda edi\u00e7\u00e3o do projeto Empreendedoras Braskem forma mulheres em Cama\u00e7ari - Compartilha Bahia\" \/>\n<meta property=\"og:description\" content=\"Com o objetivo de incentivar e qualificar mulheres para que possam empreender e gerar renda, o Empreendedoras Braskem&nbsp;realiza, na pr\u00f3xima ter\u00e7a-feira (3\/12), a formatura da segunda edi\u00e7\u00e3o do projeto na Bahia. A cerim\u00f4nia, para convidados, ocorre&nbsp;no audit\u00f3rio do Col\u00e9gio Estadual de Tempo Integral Gon\u00e7alo Muniz, em Cama\u00e7ari, regi\u00e3o metropolitana de Salvador. Ser\u00e3o certificadas 47 mulheres, [&hellip;]\" \/>\n<meta property=\"og:url\" content=\"https:\/\/compartilhabahia.com.br\/index.php\/2024\/12\/01\/segunda-edicao-do-projeto-empreendedoras-braskem-forma-mulheres-em-camacari\/\" \/>\n<meta property=\"og:site_name\" content=\"Compartilha Bahia\" \/>\n<meta property=\"article:publisher\" content=\"https:\/\/web.facebook.com\/compartilhabahia\" \/>\n<meta property=\"article:published_time\" content=\"2024-12-01T00:48:43+00:00\" \/>\n<meta property=\"article:modified_time\" content=\"2024-12-01T00:48:44+00:00\" \/>\n<meta property=\"og:image\" content=\"https:\/\/compartilhabahia.com.br\/wp-content\/uploads\/2024\/12\/mulheresbraskem.jpg\" \/>\n\t<meta property=\"og:image:width\" content=\"1152\" \/>\n\t<meta property=\"og:image:height\" content=\"695\" \/>\n\t<meta property=\"og:image:type\" content=\"image\/jpeg\" \/>\n<meta name=\"author\" content=\"admin\" \/>\n<meta name=\"twitter:card\" content=\"summary_large_image\" \/>\n<meta name=\"twitter:label1\" content=\"Escrito por\" \/>\n\t<meta name=\"twitter:data1\" content=\"admin\" \/>\n\t<meta name=\"twitter:label2\" content=\"Est. tempo de leitura\" \/>\n\t<meta name=\"twitter:data2\" content=\"3 minutos\" \/>\n<script type=\"application\/ld+json\" class=\"yoast-schema-graph\">{\"@context\":\"https:\/\/schema.org\",\"@graph\":[{\"@type\":\"Article\",\"@id\":\"https:\/\/compartilhabahia.com.br\/index.php\/2024\/12\/01\/segunda-edicao-do-projeto-empreendedoras-braskem-forma-mulheres-em-camacari\/#article\",\"isPartOf\":{\"@id\":\"https:\/\/compartilhabahia.com.br\/index.php\/2024\/12\/01\/segunda-edicao-do-projeto-empreendedoras-braskem-forma-mulheres-em-camacari\/\"},\"author\":{\"name\":\"admin\",\"@id\":\"https:\/\/compartilhabahia.com.br\/#\/schema\/person\/9b4f0c3178793b8248d6686732521c04\"},\"headline\":\"Segunda edi\u00e7\u00e3o do projeto Empreendedoras Braskem forma mulheres em Cama\u00e7ari\",\"datePublished\":\"2024-12-01T00:48:43+00:00\",\"dateModified\":\"2024-12-01T00:48:44+00:00\",\"mainEntityOfPage\":{\"@id\":\"https:\/\/compartilhabahia.com.br\/index.php\/2024\/12\/01\/segunda-edicao-do-projeto-empreendedoras-braskem-forma-mulheres-em-camacari\/\"},\"wordCount\":447,\"commentCount\":0,\"publisher\":{\"@id\":\"https:\/\/compartilhabahia.com.br\/#organization\"},\"articleSection\":[\"Cama\u00e7ari\"],\"inLanguage\":\"pt-BR\",\"potentialAction\":[{\"@type\":\"CommentAction\",\"name\":\"Comment\",\"target\":[\"https:\/\/compartilhabahia.com.br\/index.php\/2024\/12\/01\/segunda-edicao-do-projeto-empreendedoras-braskem-forma-mulheres-em-camacari\/#respond\"]}]},{\"@type\":\"WebPage\",\"@id\":\"https:\/\/compartilhabahia.com.br\/index.php\/2024\/12\/01\/segunda-edicao-do-projeto-empreendedoras-braskem-forma-mulheres-em-camacari\/\",\"url\":\"https:\/\/compartilhabahia.com.br\/index.php\/2024\/12\/01\/segunda-edicao-do-projeto-empreendedoras-braskem-forma-mulheres-em-camacari\/\",\"name\":\"Segunda edi\u00e7\u00e3o do projeto Empreendedoras Braskem forma mulheres em Cama\u00e7ari - Compartilha Bahia\",\"isPartOf\":{\"@id\":\"https:\/\/compartilhabahia.com.br\/#website\"},\"datePublished\":\"2024-12-01T00:48:43+00:00\",\"dateModified\":\"2024-12-01T00:48:44+00:00\",\"breadcrumb\":{\"@id\":\"https:\/\/compartilhabahia.com.br\/index.php\/2024\/12\/01\/segunda-edicao-do-projeto-empreendedoras-braskem-forma-mulheres-em-camacari\/#breadcrumb\"},\"inLanguage\":\"pt-BR\",\"potentialAction\":[{\"@type\":\"ReadAction\",\"target\":[\"https:\/\/compartilhabahia.com.br\/index.php\/2024\/12\/01\/segunda-edicao-do-projeto-empreendedoras-braskem-forma-mulheres-em-camacari\/\"]}]},{\"@type\":\"BreadcrumbList\",\"@id\":\"https:\/\/compartilhabahia.com.br\/index.php\/2024\/12\/01\/segunda-edicao-do-projeto-empreendedoras-braskem-forma-mulheres-em-camacari\/#breadcrumb\",\"itemListElement\":[{\"@type\":\"ListItem\",\"position\":1,\"name\":\"In\u00edcio\",\"item\":\"https:\/\/compartilhabahia.com.br\/\"},{\"@type\":\"ListItem\",\"position\":2,\"name\":\"Segunda edi\u00e7\u00e3o do projeto Empreendedoras Braskem forma mulheres em Cama\u00e7ari\"}]},{\"@type\":\"WebSite\",\"@id\":\"https:\/\/compartilhabahia.com.br\/#website\",\"url\":\"https:\/\/compartilhabahia.com.br\/\",\"name\":\"Compartilha Bahia\",\"description\":\"\",\"publisher\":{\"@id\":\"https:\/\/compartilhabahia.com.br\/#organization\"},\"potentialAction\":[{\"@type\":\"SearchAction\",\"target\":{\"@type\":\"EntryPoint\",\"urlTemplate\":\"https:\/\/compartilhabahia.com.br\/?s={search_term_string}\"},\"query-input\":\"required name=search_term_string\"}],\"inLanguage\":\"pt-BR\"},{\"@type\":\"Organization\",\"@id\":\"https:\/\/compartilhabahia.com.br\/#organization\",\"name\":\"Compartilha Bahia\",\"url\":\"https:\/\/compartilhabahia.com.br\/\",\"logo\":{\"@type\":\"ImageObject\",\"inLanguage\":\"pt-BR\",\"@id\":\"https:\/\/compartilhabahia.com.br\/#\/schema\/logo\/image\/\",\"url\":\"https:\/\/compartilhabahia.com.br\/wp-content\/uploads\/2023\/12\/cropped-logo.png\",\"contentUrl\":\"https:\/\/compartilhabahia.com.br\/wp-content\/uploads\/2023\/12\/cropped-logo.png\",\"width\":300,\"height\":106,\"caption\":\"Compartilha Bahia\"},\"image\":{\"@id\":\"https:\/\/compartilhabahia.com.br\/#\/schema\/logo\/image\/\"},\"sameAs\":[\"https:\/\/web.facebook.com\/compartilhabahia\",\"https:\/\/www.instagram.com\/compartilhabahia\/\"]},{\"@type\":\"Person\",\"@id\":\"https:\/\/compartilhabahia.com.br\/#\/schema\/person\/9b4f0c3178793b8248d6686732521c04\",\"name\":\"admin\",\"image\":{\"@type\":\"ImageObject\",\"inLanguage\":\"pt-BR\",\"@id\":\"https:\/\/compartilhabahia.com.br\/#\/schema\/person\/image\/\",\"url\":\"https:\/\/secure.gravatar.com\/avatar\/9600df58751c5acbe914c538c03390ef649ea088cb65f84ba09c7ce66988eed6?s=96&d=mm&r=g\",\"contentUrl\":\"https:\/\/secure.gravatar.com\/avatar\/9600df58751c5acbe914c538c03390ef649ea088cb65f84ba09c7ce66988eed6?s=96&d=mm&r=g\",\"caption\":\"admin\"},\"sameAs\":[\"https:\/\/compartilhabahia.com.br\"],\"url\":\"https:\/\/compartilhabahia.com.br\/index.php\/author\/compartilhabahia\/\"}]}<\/script>\n<!-- \/ Yoast SEO plugin. -->","yoast_head_json":{"title":"Segunda edi\u00e7\u00e3o do projeto Empreendedoras Braskem forma mulheres em Cama\u00e7ari - Compartilha Bahia","robots":{"index":"index","follow":"follow","max-snippet":"max-snippet:-1","max-image-preview":"max-image-preview:large","max-video-preview":"max-video-preview:-1"},"canonical":"https:\/\/compartilhabahia.com.br\/index.php\/2024\/12\/01\/segunda-edicao-do-projeto-empreendedoras-braskem-forma-mulheres-em-camacari\/","og_locale":"pt_BR","og_type":"article","og_title":"Segunda edi\u00e7\u00e3o do projeto Empreendedoras Braskem forma mulheres em Cama\u00e7ari - Compartilha Bahia","og_description":"Com o objetivo de incentivar e qualificar mulheres para que possam empreender e gerar renda, o Empreendedoras Braskem&nbsp;realiza, na pr\u00f3xima ter\u00e7a-feira (3\/12), a formatura da segunda edi\u00e7\u00e3o do projeto na Bahia. A cerim\u00f4nia, para convidados, ocorre&nbsp;no audit\u00f3rio do Col\u00e9gio Estadual de Tempo Integral Gon\u00e7alo Muniz, em Cama\u00e7ari, regi\u00e3o metropolitana de Salvador. Ser\u00e3o certificadas 47 mulheres, [&hellip;]","og_url":"https:\/\/compartilhabahia.com.br\/index.php\/2024\/12\/01\/segunda-edicao-do-projeto-empreendedoras-braskem-forma-mulheres-em-camacari\/","og_site_name":"Compartilha Bahia","article_publisher":"https:\/\/web.facebook.com\/compartilhabahia","article_published_time":"2024-12-01T00:48:43+00:00","article_modified_time":"2024-12-01T00:48:44+00:00","og_image":[{"width":1152,"height":695,"url":"https:\/\/compartilhabahia.com.br\/wp-content\/uploads\/2024\/12\/mulheresbraskem.jpg","type":"image\/jpeg"}],"author":"admin","twitter_card":"summary_large_image","twitter_misc":{"Escrito por":"admin","Est. tempo de leitura":"3 minutos"},"schema":{"@context":"https:\/\/schema.org","@graph":[{"@type":"Article","@id":"https:\/\/compartilhabahia.com.br\/index.php\/2024\/12\/01\/segunda-edicao-do-projeto-empreendedoras-braskem-forma-mulheres-em-camacari\/#article","isPartOf":{"@id":"https:\/\/compartilhabahia.com.br\/index.php\/2024\/12\/01\/segunda-edicao-do-projeto-empreendedoras-braskem-forma-mulheres-em-camacari\/"},"author":{"name":"admin","@id":"https:\/\/compartilhabahia.com.br\/#\/schema\/person\/9b4f0c3178793b8248d6686732521c04"},"headline":"Segunda edi\u00e7\u00e3o do projeto Empreendedoras Braskem forma mulheres em Cama\u00e7ari","datePublished":"2024-12-01T00:48:43+00:00","dateModified":"2024-12-01T00:48:44+00:00","mainEntityOfPage":{"@id":"https:\/\/compartilhabahia.com.br\/index.php\/2024\/12\/01\/segunda-edicao-do-projeto-empreendedoras-braskem-forma-mulheres-em-camacari\/"},"wordCount":447,"commentCount":0,"publisher":{"@id":"https:\/\/compartilhabahia.com.br\/#organization"},"articleSection":["Cama\u00e7ari"],"inLanguage":"pt-BR","potentialAction":[{"@type":"CommentAction","name":"Comment","target":["https:\/\/compartilhabahia.com.br\/index.php\/2024\/12\/01\/segunda-edicao-do-projeto-empreendedoras-braskem-forma-mulheres-em-camacari\/#respond"]}]},{"@type":"WebPage","@id":"https:\/\/compartilhabahia.com.br\/index.php\/2024\/12\/01\/segunda-edicao-do-projeto-empreendedoras-braskem-forma-mulheres-em-camacari\/","url":"https:\/\/compartilhabahia.com.br\/index.php\/2024\/12\/01\/segunda-edicao-do-projeto-empreendedoras-braskem-forma-mulheres-em-camacari\/","name":"Segunda edi\u00e7\u00e3o do projeto Empreendedoras Braskem forma mulheres em Cama\u00e7ari - Compartilha Bahia","isPartOf":{"@id":"https:\/\/compartilhabahia.com.br\/#website"},"datePublished":"2024-12-01T00:48:43+00:00","dateModified":"2024-12-01T00:48:44+00:00","breadcrumb":{"@id":"https:\/\/compartilhabahia.com.br\/index.php\/2024\/12\/01\/segunda-edicao-do-projeto-empreendedoras-braskem-forma-mulheres-em-camacari\/#breadcrumb"},"inLanguage":"pt-BR","potentialAction":[{"@type":"ReadAction","target":["https:\/\/compartilhabahia.com.br\/index.php\/2024\/12\/01\/segunda-edicao-do-projeto-empreendedoras-braskem-forma-mulheres-em-camacari\/"]}]},{"@type":"BreadcrumbList","@id":"https:\/\/compartilhabahia.com.br\/index.php\/2024\/12\/01\/segunda-edicao-do-projeto-empreendedoras-braskem-forma-mulheres-em-camacari\/#breadcrumb","itemListElement":[{"@type":"ListItem","position":1,"name":"In\u00edcio","item":"https:\/\/compartilhabahia.com.br\/"},{"@type":"ListItem","position":2,"name":"Segunda edi\u00e7\u00e3o do projeto Empreendedoras Braskem forma mulheres em Cama\u00e7ari"}]},{"@type":"WebSite","@id":"https:\/\/compartilhabahia.com.br\/#website","url":"https:\/\/compartilhabahia.com.br\/","name":"Compartilha Bahia","description":"","publisher":{"@id":"https:\/\/compartilhabahia.com.br\/#organization"},"potentialAction":[{"@type":"SearchAction","target":{"@type":"EntryPoint","urlTemplate":"https:\/\/compartilhabahia.com.br\/?s={search_term_string}"},"query-input":"required name=search_term_string"}],"inLanguage":"pt-BR"},{"@type":"Organization","@id":"https:\/\/compartilhabahia.com.br\/#organization","name":"Compartilha Bahia","url":"https:\/\/compartilhabahia.com.br\/","logo":{"@type":"ImageObject","inLanguage":"pt-BR","@id":"https:\/\/compartilhabahia.com.br\/#\/schema\/logo\/image\/","url":"https:\/\/compartilhabahia.com.br\/wp-content\/uploads\/2023\/12\/cropped-logo.png","contentUrl":"https:\/\/compartilhabahia.com.br\/wp-content\/uploads\/2023\/12\/cropped-logo.png","width":300,"height":106,"caption":"Compartilha Bahia"},"image":{"@id":"https:\/\/compartilhabahia.com.br\/#\/schema\/logo\/image\/"},"sameAs":["https:\/\/web.facebook.com\/compartilhabahia","https:\/\/www.instagram.com\/compartilhabahia\/"]},{"@type":"Person","@id":"https:\/\/compartilhabahia.com.br\/#\/schema\/person\/9b4f0c3178793b8248d6686732521c04","name":"admin","image":{"@type":"ImageObject","inLanguage":"pt-BR","@id":"https:\/\/compartilhabahia.com.br\/#\/schema\/person\/image\/","url":"https:\/\/secure.gravatar.com\/avatar\/9600df58751c5acbe914c538c03390ef649ea088cb65f84ba09c7ce66988eed6?s=96&d=mm&r=g","contentUrl":"https:\/\/secure.gravatar.com\/avatar\/9600df58751c5acbe914c538c03390ef649ea088cb65f84ba09c7ce66988eed6?s=96&d=mm&r=g","caption":"admin"},"sameAs":["https:\/\/compartilhabahia.com.br"],"url":"https:\/\/compartilhabahia.com.br\/index.php\/author\/compartilhabahia\/"}]}},"_links":{"self":[{"href":"https:\/\/compartilhabahia.com.br\/index.php\/wp-json\/wp\/v2\/posts\/4473","targetHints":{"allow":["GET"]}}],"collection":[{"href":"https:\/\/compartilhabahia.com.br\/index.php\/wp-json\/wp\/v2\/posts"}],"about":[{"href":"https:\/\/compartilhabahia.com.br\/index.php\/wp-json\/wp\/v2\/types\/post"}],"author":[{"embeddable":true,"href":"https:\/\/compartilhabahia.com.br\/index.php\/wp-json\/wp\/v2\/users\/1"}],"replies":[{"embeddable":true,"href":"https:\/\/compartilhabahia.com.br\/index.php\/wp-json\/wp\/v2\/comments?post=4473"}],"version-history":[{"count":1,"href":"https:\/\/compartilhabahia.com.br\/index.php\/wp-json\/wp\/v2\/posts\/4473\/revisions"}],"predecessor-version":[{"id":4475,"href":"https:\/\/compartilhabahia.com.br\/index.php\/wp-json\/wp\/v2\/posts\/4473\/revisions\/4475"}],"wp:featuredmedia":[{"embeddable":true,"href":"https:\/\/compartilhabahia.com.br\/index.php\/wp-json\/wp\/v2\/media\/4474"}],"wp:attachment":[{"href":"https:\/\/compartilhabahia.com.br\/index.php\/wp-json\/wp\/v2\/media?parent=4473"}],"wp:term":[{"taxonomy":"category","embeddable":true,"href":"https:\/\/compartilhabahia.com.br\/index.php\/wp-json\/wp\/v2\/categories?post=4473"},{"taxonomy":"post_tag","embeddable":true,"href":"https:\/\/compartilhabahia.com.br\/index.php\/wp-json\/wp\/v2\/tags?post=4473"}],"curies":[{"name":"wp","href":"https:\/\/api.w.org\/{rel}","templated":true}]}}