{"id":4464,"date":"2024-11-29T17:42:42","date_gmt":"2024-11-29T17:42:42","guid":{"rendered":"https:\/\/compartilhabahia.com.br\/?p=4464"},"modified":"2024-11-29T17:44:12","modified_gmt":"2024-11-29T17:44:12","slug":"professor-e-preso-acusado-de-abusar-sexualmente-de-14-alunas-em-camacari","status":"publish","type":"post","link":"https:\/\/compartilhabahia.com.br\/index.php\/2024\/11\/29\/professor-e-preso-acusado-de-abusar-sexualmente-de-14-alunas-em-camacari\/","title":{"rendered":"Professor \u00e9 preso acusado de abusar sexualmente de 14 alunas em Cama\u00e7ari"},"content":{"rendered":"\n<p>Um professor foi preso na manh\u00e3 desta sexta-feira (29), por equipes da Delegacia Especial de Atendimento \u00e0 Mulher (DEAM &#8211; Cama\u00e7ari), suspeito de abusar sexualmente de 14 alunas com idades entre 8 e 12 anos da Escola An\u00edsio Teixeira, localizado na Gleba E. As informa\u00e7\u00f5es s\u00e3o Balan\u00e7o Geral da Record Bahia.<\/p>\n\n\n\n<p>De acordo com a Pol\u00edcia Civil, o suspeito de 52 anos foi submetido a exames de praxe e segue \u00e0 disposi\u00e7\u00e3o da Justi\u00e7a. O mandado de pris\u00e3o foi expedido pela 2\u00aa Vara Criminal de Cama\u00e7ari. Ainda segundo Record Bahia, al\u00e9m dos abusos ele amea\u00e7ava os pais das crian\u00e7as.<\/p>\n\n\n\n<p><\/p>\n\n\n\n<p><strong>NOTA DE REPUDIO DO VEREADOR ELEITO PROFESSOR M\u00c1RCIO (PT)<\/strong><\/p>\n\n\n\n<p>&#8220;Manifesto minha total repulsa ao caso de viol\u00eancia cometido contra 14 crian\u00e7as em uma escola municipal de Cama\u00e7ari. Como professor, ex-secret\u00e1rio de educa\u00e7\u00e3o e vereador eleito, reafirmo meu compromisso com a luta por uma educa\u00e7\u00e3o segura, \u00e9tica e de qualidade para nossas crian\u00e7as e adolescentes.<\/p>\n\n\n\n<p>A escola deve ser um espa\u00e7o de prote\u00e7\u00e3o e acolhimento, e n\u00e3o de medo e viol\u00eancia. Que a justi\u00e7a seja feita e que trag\u00e9dias como esta nunca mais se repitam.&#8221;<\/p>\n","protected":false},"excerpt":{"rendered":"<p>Um professor foi preso na manh\u00e3 desta sexta-feira (29), por equipes da Delegacia Especial de Atendimento \u00e0 Mulher (DEAM &#8211; Cama\u00e7ari), suspeito de abusar sexualmente de 14 alunas com idades entre 8 e 12 anos da Escola An\u00edsio Teixeira, localizado na Gleba E. As informa\u00e7\u00f5es s\u00e3o Balan\u00e7o Geral da Record Bahia. De acordo com a [&hellip;]<\/p>\n","protected":false},"author":1,"featured_media":4465,"comment_status":"open","ping_status":"open","sticky":false,"template":"","format":"standard","meta":{"footnotes":""},"categories":[10,8],"tags":[],"class_list":["post-4464","post","type-post","status-publish","format-standard","has-post-thumbnail","hentry","category-bahia","category-camacari"],"yoast_head":"<!-- This site is optimized with the Yoast SEO plugin v21.7 - https:\/\/yoast.com\/wordpress\/plugins\/seo\/ -->\n<title>Professor \u00e9 preso acusado de abusar sexualmente de 14 alunas em Cama\u00e7ari - Compartilha Bahia<\/title>\n<meta name=\"robots\" content=\"index, follow, max-snippet:-1, max-image-preview:large, max-video-preview:-1\" \/>\n<link rel=\"canonical\" href=\"https:\/\/compartilhabahia.com.br\/index.php\/2024\/11\/29\/professor-e-preso-acusado-de-abusar-sexualmente-de-14-alunas-em-camacari\/\" \/>\n<meta property=\"og:locale\" content=\"pt_BR\" \/>\n<meta property=\"og:type\" content=\"article\" \/>\n<meta property=\"og:title\" content=\"Professor \u00e9 preso acusado de abusar sexualmente de 14 alunas em Cama\u00e7ari - Compartilha Bahia\" \/>\n<meta property=\"og:description\" content=\"Um professor foi preso na manh\u00e3 desta sexta-feira (29), por equipes da Delegacia Especial de Atendimento \u00e0 Mulher (DEAM &#8211; Cama\u00e7ari), suspeito de abusar sexualmente de 14 alunas com idades entre 8 e 12 anos da Escola An\u00edsio Teixeira, localizado na Gleba E. As informa\u00e7\u00f5es s\u00e3o Balan\u00e7o Geral da Record Bahia. De acordo com a [&hellip;]\" \/>\n<meta property=\"og:url\" content=\"https:\/\/compartilhabahia.com.br\/index.php\/2024\/11\/29\/professor-e-preso-acusado-de-abusar-sexualmente-de-14-alunas-em-camacari\/\" \/>\n<meta property=\"og:site_name\" content=\"Compartilha Bahia\" \/>\n<meta property=\"article:publisher\" content=\"https:\/\/web.facebook.com\/compartilhabahia\" \/>\n<meta property=\"article:published_time\" content=\"2024-11-29T17:42:42+00:00\" \/>\n<meta property=\"article:modified_time\" content=\"2024-11-29T17:44:12+00:00\" \/>\n<meta property=\"og:image\" content=\"https:\/\/compartilhabahia.com.br\/wp-content\/uploads\/2024\/11\/notarepudioprofessorausador.jpg\" \/>\n\t<meta property=\"og:image:width\" content=\"543\" \/>\n\t<meta property=\"og:image:height\" content=\"555\" \/>\n\t<meta property=\"og:image:type\" content=\"image\/jpeg\" \/>\n<meta name=\"author\" content=\"admin\" \/>\n<meta name=\"twitter:card\" content=\"summary_large_image\" \/>\n<meta name=\"twitter:label1\" content=\"Escrito por\" \/>\n\t<meta name=\"twitter:data1\" content=\"admin\" \/>\n\t<meta name=\"twitter:label2\" content=\"Est. tempo de leitura\" \/>\n\t<meta name=\"twitter:data2\" content=\"2 minutos\" \/>\n<script type=\"application\/ld+json\" class=\"yoast-schema-graph\">{\"@context\":\"https:\/\/schema.org\",\"@graph\":[{\"@type\":\"Article\",\"@id\":\"https:\/\/compartilhabahia.com.br\/index.php\/2024\/11\/29\/professor-e-preso-acusado-de-abusar-sexualmente-de-14-alunas-em-camacari\/#article\",\"isPartOf\":{\"@id\":\"https:\/\/compartilhabahia.com.br\/index.php\/2024\/11\/29\/professor-e-preso-acusado-de-abusar-sexualmente-de-14-alunas-em-camacari\/\"},\"author\":{\"name\":\"admin\",\"@id\":\"https:\/\/compartilhabahia.com.br\/#\/schema\/person\/9b4f0c3178793b8248d6686732521c04\"},\"headline\":\"Professor \u00e9 preso acusado de abusar sexualmente de 14 alunas em Cama\u00e7ari\",\"datePublished\":\"2024-11-29T17:42:42+00:00\",\"dateModified\":\"2024-11-29T17:44:12+00:00\",\"mainEntityOfPage\":{\"@id\":\"https:\/\/compartilhabahia.com.br\/index.php\/2024\/11\/29\/professor-e-preso-acusado-de-abusar-sexualmente-de-14-alunas-em-camacari\/\"},\"wordCount\":212,\"commentCount\":0,\"publisher\":{\"@id\":\"https:\/\/compartilhabahia.com.br\/#organization\"},\"articleSection\":[\"Bahia\",\"Cama\u00e7ari\"],\"inLanguage\":\"pt-BR\",\"potentialAction\":[{\"@type\":\"CommentAction\",\"name\":\"Comment\",\"target\":[\"https:\/\/compartilhabahia.com.br\/index.php\/2024\/11\/29\/professor-e-preso-acusado-de-abusar-sexualmente-de-14-alunas-em-camacari\/#respond\"]}]},{\"@type\":\"WebPage\",\"@id\":\"https:\/\/compartilhabahia.com.br\/index.php\/2024\/11\/29\/professor-e-preso-acusado-de-abusar-sexualmente-de-14-alunas-em-camacari\/\",\"url\":\"https:\/\/compartilhabahia.com.br\/index.php\/2024\/11\/29\/professor-e-preso-acusado-de-abusar-sexualmente-de-14-alunas-em-camacari\/\",\"name\":\"Professor \u00e9 preso acusado de abusar sexualmente de 14 alunas em Cama\u00e7ari - Compartilha Bahia\",\"isPartOf\":{\"@id\":\"https:\/\/compartilhabahia.com.br\/#website\"},\"datePublished\":\"2024-11-29T17:42:42+00:00\",\"dateModified\":\"2024-11-29T17:44:12+00:00\",\"breadcrumb\":{\"@id\":\"https:\/\/compartilhabahia.com.br\/index.php\/2024\/11\/29\/professor-e-preso-acusado-de-abusar-sexualmente-de-14-alunas-em-camacari\/#breadcrumb\"},\"inLanguage\":\"pt-BR\",\"potentialAction\":[{\"@type\":\"ReadAction\",\"target\":[\"https:\/\/compartilhabahia.com.br\/index.php\/2024\/11\/29\/professor-e-preso-acusado-de-abusar-sexualmente-de-14-alunas-em-camacari\/\"]}]},{\"@type\":\"BreadcrumbList\",\"@id\":\"https:\/\/compartilhabahia.com.br\/index.php\/2024\/11\/29\/professor-e-preso-acusado-de-abusar-sexualmente-de-14-alunas-em-camacari\/#breadcrumb\",\"itemListElement\":[{\"@type\":\"ListItem\",\"position\":1,\"name\":\"In\u00edcio\",\"item\":\"https:\/\/compartilhabahia.com.br\/\"},{\"@type\":\"ListItem\",\"position\":2,\"name\":\"Professor \u00e9 preso acusado de abusar sexualmente de 14 alunas em Cama\u00e7ari\"}]},{\"@type\":\"WebSite\",\"@id\":\"https:\/\/compartilhabahia.com.br\/#website\",\"url\":\"https:\/\/compartilhabahia.com.br\/\",\"name\":\"Compartilha Bahia\",\"description\":\"\",\"publisher\":{\"@id\":\"https:\/\/compartilhabahia.com.br\/#organization\"},\"potentialAction\":[{\"@type\":\"SearchAction\",\"target\":{\"@type\":\"EntryPoint\",\"urlTemplate\":\"https:\/\/compartilhabahia.com.br\/?s={search_term_string}\"},\"query-input\":\"required name=search_term_string\"}],\"inLanguage\":\"pt-BR\"},{\"@type\":\"Organization\",\"@id\":\"https:\/\/compartilhabahia.com.br\/#organization\",\"name\":\"Compartilha Bahia\",\"url\":\"https:\/\/compartilhabahia.com.br\/\",\"logo\":{\"@type\":\"ImageObject\",\"inLanguage\":\"pt-BR\",\"@id\":\"https:\/\/compartilhabahia.com.br\/#\/schema\/logo\/image\/\",\"url\":\"https:\/\/compartilhabahia.com.br\/wp-content\/uploads\/2023\/12\/cropped-logo.png\",\"contentUrl\":\"https:\/\/compartilhabahia.com.br\/wp-content\/uploads\/2023\/12\/cropped-logo.png\",\"width\":300,\"height\":106,\"caption\":\"Compartilha Bahia\"},\"image\":{\"@id\":\"https:\/\/compartilhabahia.com.br\/#\/schema\/logo\/image\/\"},\"sameAs\":[\"https:\/\/web.facebook.com\/compartilhabahia\",\"https:\/\/www.instagram.com\/compartilhabahia\/\"]},{\"@type\":\"Person\",\"@id\":\"https:\/\/compartilhabahia.com.br\/#\/schema\/person\/9b4f0c3178793b8248d6686732521c04\",\"name\":\"admin\",\"image\":{\"@type\":\"ImageObject\",\"inLanguage\":\"pt-BR\",\"@id\":\"https:\/\/compartilhabahia.com.br\/#\/schema\/person\/image\/\",\"url\":\"https:\/\/secure.gravatar.com\/avatar\/9600df58751c5acbe914c538c03390ef649ea088cb65f84ba09c7ce66988eed6?s=96&d=mm&r=g\",\"contentUrl\":\"https:\/\/secure.gravatar.com\/avatar\/9600df58751c5acbe914c538c03390ef649ea088cb65f84ba09c7ce66988eed6?s=96&d=mm&r=g\",\"caption\":\"admin\"},\"sameAs\":[\"https:\/\/compartilhabahia.com.br\"],\"url\":\"https:\/\/compartilhabahia.com.br\/index.php\/author\/compartilhabahia\/\"}]}<\/script>\n<!-- \/ Yoast SEO plugin. -->","yoast_head_json":{"title":"Professor \u00e9 preso acusado de abusar sexualmente de 14 alunas em Cama\u00e7ari - Compartilha Bahia","robots":{"index":"index","follow":"follow","max-snippet":"max-snippet:-1","max-image-preview":"max-image-preview:large","max-video-preview":"max-video-preview:-1"},"canonical":"https:\/\/compartilhabahia.com.br\/index.php\/2024\/11\/29\/professor-e-preso-acusado-de-abusar-sexualmente-de-14-alunas-em-camacari\/","og_locale":"pt_BR","og_type":"article","og_title":"Professor \u00e9 preso acusado de abusar sexualmente de 14 alunas em Cama\u00e7ari - Compartilha Bahia","og_description":"Um professor foi preso na manh\u00e3 desta sexta-feira (29), por equipes da Delegacia Especial de Atendimento \u00e0 Mulher (DEAM &#8211; Cama\u00e7ari), suspeito de abusar sexualmente de 14 alunas com idades entre 8 e 12 anos da Escola An\u00edsio Teixeira, localizado na Gleba E. As informa\u00e7\u00f5es s\u00e3o Balan\u00e7o Geral da Record Bahia. De acordo com a [&hellip;]","og_url":"https:\/\/compartilhabahia.com.br\/index.php\/2024\/11\/29\/professor-e-preso-acusado-de-abusar-sexualmente-de-14-alunas-em-camacari\/","og_site_name":"Compartilha Bahia","article_publisher":"https:\/\/web.facebook.com\/compartilhabahia","article_published_time":"2024-11-29T17:42:42+00:00","article_modified_time":"2024-11-29T17:44:12+00:00","og_image":[{"width":543,"height":555,"url":"https:\/\/compartilhabahia.com.br\/wp-content\/uploads\/2024\/11\/notarepudioprofessorausador.jpg","type":"image\/jpeg"}],"author":"admin","twitter_card":"summary_large_image","twitter_misc":{"Escrito por":"admin","Est. tempo de leitura":"2 minutos"},"schema":{"@context":"https:\/\/schema.org","@graph":[{"@type":"Article","@id":"https:\/\/compartilhabahia.com.br\/index.php\/2024\/11\/29\/professor-e-preso-acusado-de-abusar-sexualmente-de-14-alunas-em-camacari\/#article","isPartOf":{"@id":"https:\/\/compartilhabahia.com.br\/index.php\/2024\/11\/29\/professor-e-preso-acusado-de-abusar-sexualmente-de-14-alunas-em-camacari\/"},"author":{"name":"admin","@id":"https:\/\/compartilhabahia.com.br\/#\/schema\/person\/9b4f0c3178793b8248d6686732521c04"},"headline":"Professor \u00e9 preso acusado de abusar sexualmente de 14 alunas em Cama\u00e7ari","datePublished":"2024-11-29T17:42:42+00:00","dateModified":"2024-11-29T17:44:12+00:00","mainEntityOfPage":{"@id":"https:\/\/compartilhabahia.com.br\/index.php\/2024\/11\/29\/professor-e-preso-acusado-de-abusar-sexualmente-de-14-alunas-em-camacari\/"},"wordCount":212,"commentCount":0,"publisher":{"@id":"https:\/\/compartilhabahia.com.br\/#organization"},"articleSection":["Bahia","Cama\u00e7ari"],"inLanguage":"pt-BR","potentialAction":[{"@type":"CommentAction","name":"Comment","target":["https:\/\/compartilhabahia.com.br\/index.php\/2024\/11\/29\/professor-e-preso-acusado-de-abusar-sexualmente-de-14-alunas-em-camacari\/#respond"]}]},{"@type":"WebPage","@id":"https:\/\/compartilhabahia.com.br\/index.php\/2024\/11\/29\/professor-e-preso-acusado-de-abusar-sexualmente-de-14-alunas-em-camacari\/","url":"https:\/\/compartilhabahia.com.br\/index.php\/2024\/11\/29\/professor-e-preso-acusado-de-abusar-sexualmente-de-14-alunas-em-camacari\/","name":"Professor \u00e9 preso acusado de abusar sexualmente de 14 alunas em Cama\u00e7ari - Compartilha Bahia","isPartOf":{"@id":"https:\/\/compartilhabahia.com.br\/#website"},"datePublished":"2024-11-29T17:42:42+00:00","dateModified":"2024-11-29T17:44:12+00:00","breadcrumb":{"@id":"https:\/\/compartilhabahia.com.br\/index.php\/2024\/11\/29\/professor-e-preso-acusado-de-abusar-sexualmente-de-14-alunas-em-camacari\/#breadcrumb"},"inLanguage":"pt-BR","potentialAction":[{"@type":"ReadAction","target":["https:\/\/compartilhabahia.com.br\/index.php\/2024\/11\/29\/professor-e-preso-acusado-de-abusar-sexualmente-de-14-alunas-em-camacari\/"]}]},{"@type":"BreadcrumbList","@id":"https:\/\/compartilhabahia.com.br\/index.php\/2024\/11\/29\/professor-e-preso-acusado-de-abusar-sexualmente-de-14-alunas-em-camacari\/#breadcrumb","itemListElement":[{"@type":"ListItem","position":1,"name":"In\u00edcio","item":"https:\/\/compartilhabahia.com.br\/"},{"@type":"ListItem","position":2,"name":"Professor \u00e9 preso acusado de abusar sexualmente de 14 alunas em Cama\u00e7ari"}]},{"@type":"WebSite","@id":"https:\/\/compartilhabahia.com.br\/#website","url":"https:\/\/compartilhabahia.com.br\/","name":"Compartilha Bahia","description":"","publisher":{"@id":"https:\/\/compartilhabahia.com.br\/#organization"},"potentialAction":[{"@type":"SearchAction","target":{"@type":"EntryPoint","urlTemplate":"https:\/\/compartilhabahia.com.br\/?s={search_term_string}"},"query-input":"required name=search_term_string"}],"inLanguage":"pt-BR"},{"@type":"Organization","@id":"https:\/\/compartilhabahia.com.br\/#organization","name":"Compartilha Bahia","url":"https:\/\/compartilhabahia.com.br\/","logo":{"@type":"ImageObject","inLanguage":"pt-BR","@id":"https:\/\/compartilhabahia.com.br\/#\/schema\/logo\/image\/","url":"https:\/\/compartilhabahia.com.br\/wp-content\/uploads\/2023\/12\/cropped-logo.png","contentUrl":"https:\/\/compartilhabahia.com.br\/wp-content\/uploads\/2023\/12\/cropped-logo.png","width":300,"height":106,"caption":"Compartilha Bahia"},"image":{"@id":"https:\/\/compartilhabahia.com.br\/#\/schema\/logo\/image\/"},"sameAs":["https:\/\/web.facebook.com\/compartilhabahia","https:\/\/www.instagram.com\/compartilhabahia\/"]},{"@type":"Person","@id":"https:\/\/compartilhabahia.com.br\/#\/schema\/person\/9b4f0c3178793b8248d6686732521c04","name":"admin","image":{"@type":"ImageObject","inLanguage":"pt-BR","@id":"https:\/\/compartilhabahia.com.br\/#\/schema\/person\/image\/","url":"https:\/\/secure.gravatar.com\/avatar\/9600df58751c5acbe914c538c03390ef649ea088cb65f84ba09c7ce66988eed6?s=96&d=mm&r=g","contentUrl":"https:\/\/secure.gravatar.com\/avatar\/9600df58751c5acbe914c538c03390ef649ea088cb65f84ba09c7ce66988eed6?s=96&d=mm&r=g","caption":"admin"},"sameAs":["https:\/\/compartilhabahia.com.br"],"url":"https:\/\/compartilhabahia.com.br\/index.php\/author\/compartilhabahia\/"}]}},"_links":{"self":[{"href":"https:\/\/compartilhabahia.com.br\/index.php\/wp-json\/wp\/v2\/posts\/4464","targetHints":{"allow":["GET"]}}],"collection":[{"href":"https:\/\/compartilhabahia.com.br\/index.php\/wp-json\/wp\/v2\/posts"}],"about":[{"href":"https:\/\/compartilhabahia.com.br\/index.php\/wp-json\/wp\/v2\/types\/post"}],"author":[{"embeddable":true,"href":"https:\/\/compartilhabahia.com.br\/index.php\/wp-json\/wp\/v2\/users\/1"}],"replies":[{"embeddable":true,"href":"https:\/\/compartilhabahia.com.br\/index.php\/wp-json\/wp\/v2\/comments?post=4464"}],"version-history":[{"count":1,"href":"https:\/\/compartilhabahia.com.br\/index.php\/wp-json\/wp\/v2\/posts\/4464\/revisions"}],"predecessor-version":[{"id":4466,"href":"https:\/\/compartilhabahia.com.br\/index.php\/wp-json\/wp\/v2\/posts\/4464\/revisions\/4466"}],"wp:featuredmedia":[{"embeddable":true,"href":"https:\/\/compartilhabahia.com.br\/index.php\/wp-json\/wp\/v2\/media\/4465"}],"wp:attachment":[{"href":"https:\/\/compartilhabahia.com.br\/index.php\/wp-json\/wp\/v2\/media?parent=4464"}],"wp:term":[{"taxonomy":"category","embeddable":true,"href":"https:\/\/compartilhabahia.com.br\/index.php\/wp-json\/wp\/v2\/categories?post=4464"},{"taxonomy":"post_tag","embeddable":true,"href":"https:\/\/compartilhabahia.com.br\/index.php\/wp-json\/wp\/v2\/tags?post=4464"}],"curies":[{"name":"wp","href":"https:\/\/api.w.org\/{rel}","templated":true}]}}