{"id":4365,"date":"2024-11-18T14:07:30","date_gmt":"2024-11-18T14:07:30","guid":{"rendered":"https:\/\/compartilhabahia.com.br\/?p=4365"},"modified":"2024-11-18T15:05:18","modified_gmt":"2024-11-18T15:05:18","slug":"explosao-no-polo-industrial-de-camacari-coloca-300-mil-moradores-do-municipio-em-alerta","status":"publish","type":"post","link":"https:\/\/compartilhabahia.com.br\/index.php\/2024\/11\/18\/explosao-no-polo-industrial-de-camacari-coloca-300-mil-moradores-do-municipio-em-alerta\/","title":{"rendered":"Explos\u00e3o no Polo Industrial de Cama\u00e7ari coloca 300 mil moradores do munic\u00edpio em alerta"},"content":{"rendered":"\n<p><\/p>\n\n\n\n<p>O que poderia ter provocado aquele estrondo: um meteoro, um mega trov\u00e3o, a queda de um avi\u00e3o? n\u00e3o, foi o Polo Industrial de Cama\u00e7ari <\/p>\n\n\n\n<p>(Texto de Julio Ribeiro\/jornalista do site Compartilha Bahia)<\/p>\n\n\n\n<p>Por volta das 2h30 da madrugada dessa segunda-feira (18), quando em Cama\u00e7ari (BA) a maioria dos seus 300 mil moradores estavam dormindo, uma grande explos\u00e3o p\u00f4s quase que todo mundo de p\u00e9, assustados, indo at\u00e9 as janelas de suas casas, para ver se pudessem descobrir, o que era realmente, que tinha acontecido, pois com o barulho, com o clar\u00e3o e a com a vibra\u00e7\u00e3o, que balan\u00e7ou tudo os cachorros come\u00e7aram a latir e os galos a cantar.<br>De algumas janelas era poss\u00edvel ver que do Polo Industrial de Cama\u00e7ari, vinha um clar\u00e3o, dando a esses uma resposta mais r\u00e1pida, mas quem n\u00e3o tinha essa vis\u00e3o voltou a dormir com essa d\u00favida, o que aconteceu? Foi um trov\u00e3o, um meteoro, ou a queda de uma avi\u00e3o?<br>Como Cama\u00e7ari \u00e9 uma cidade que n\u00e3o dorme, onde muitas pessoas trabalham a partir da zero hora, come\u00e7aram a circular nos grupos de whatsApp a informa\u00e7\u00e3o sobre o que realmente aconteceu.<br>Uma explos\u00e3o na f\u00e1brica da Braskem PVC, em uma caldeira, que seria desativada esse m\u00eas.<\/p>\n\n\n\n<p>De acordo com o Corpo de Bombeiros, o fogo foi controlado no clarear do dia e que n\u00e3o h\u00e1 registro de feridos.<br>Em nota, a Braskem informou, que a unidade onde houve o inc\u00eandio estava com a opera\u00e7\u00e3o parada para manuten\u00e7\u00e3o planejada. Segundo a empresa, as causas do acidente est\u00e3o sendo apuradas.<br>Informa\u00e7\u00f5es dos bombeiros indicam que por volta de 3h da madrugada houve uma grande explos\u00e3o em uma tubula\u00e7\u00e3o da multinacional, que produz resinas termopl\u00e1sticas. Al\u00e9m da tubula\u00e7\u00e3o, um galp\u00e3o foi afetado pelo fogo, mas como o local n\u00e3o guardava materiais qu\u00edmicos, a conten\u00e7\u00e3o do inc\u00eandio foi mais r\u00e1pida.<\/p>\n\n\n\n<p>Todas as unidades de brigadas do Polo Industrial foram acionadas para prestar apoio aos bombeiros no controle do inc\u00eandio e todo o per\u00edmetro do local foi isolado. Por volta das 6h40 desta segunda-feira, o Corpo de Bombeiros informou que o inc\u00eandio estava controlado.<br>Casas tremeram:<br>H\u00e1 relatos de moradores do bairros Parque Sat\u00e9lite, Ficam e Mangueiral, informando que portas e janelas das resid\u00eancias tremeram com a explos\u00e3o. N\u00e3o h\u00e1 informa\u00e7\u00f5es se essas casas sofreram abalos em suas estruturas.<\/p>\n","protected":false},"excerpt":{"rendered":"<p>O que poderia ter provocado aquele estrondo: um meteoro, um mega trov\u00e3o, a queda de um avi\u00e3o? n\u00e3o, foi o Polo Industrial de Cama\u00e7ari (Texto de Julio Ribeiro\/jornalista do site Compartilha Bahia) Por volta das 2h30 da madrugada dessa segunda-feira (18), quando em Cama\u00e7ari (BA) a maioria dos seus 300 mil moradores estavam dormindo, uma [&hellip;]<\/p>\n","protected":false},"author":1,"featured_media":4366,"comment_status":"open","ping_status":"open","sticky":false,"template":"","format":"standard","meta":{"footnotes":""},"categories":[8],"tags":[],"class_list":["post-4365","post","type-post","status-publish","format-standard","has-post-thumbnail","hentry","category-camacari"],"yoast_head":"<!-- This site is optimized with the Yoast SEO plugin v21.7 - https:\/\/yoast.com\/wordpress\/plugins\/seo\/ -->\n<title>Explos\u00e3o no Polo Industrial de Cama\u00e7ari coloca 300 mil moradores do munic\u00edpio em alerta - Compartilha Bahia<\/title>\n<meta name=\"robots\" content=\"index, follow, max-snippet:-1, max-image-preview:large, max-video-preview:-1\" \/>\n<link rel=\"canonical\" href=\"https:\/\/compartilhabahia.com.br\/index.php\/2024\/11\/18\/explosao-no-polo-industrial-de-camacari-coloca-300-mil-moradores-do-municipio-em-alerta\/\" \/>\n<meta property=\"og:locale\" content=\"pt_BR\" \/>\n<meta property=\"og:type\" content=\"article\" \/>\n<meta property=\"og:title\" content=\"Explos\u00e3o no Polo Industrial de Cama\u00e7ari coloca 300 mil moradores do munic\u00edpio em alerta - Compartilha Bahia\" \/>\n<meta property=\"og:description\" content=\"O que poderia ter provocado aquele estrondo: um meteoro, um mega trov\u00e3o, a queda de um avi\u00e3o? n\u00e3o, foi o Polo Industrial de Cama\u00e7ari (Texto de Julio Ribeiro\/jornalista do site Compartilha Bahia) Por volta das 2h30 da madrugada dessa segunda-feira (18), quando em Cama\u00e7ari (BA) a maioria dos seus 300 mil moradores estavam dormindo, uma [&hellip;]\" \/>\n<meta property=\"og:url\" content=\"https:\/\/compartilhabahia.com.br\/index.php\/2024\/11\/18\/explosao-no-polo-industrial-de-camacari-coloca-300-mil-moradores-do-municipio-em-alerta\/\" \/>\n<meta property=\"og:site_name\" content=\"Compartilha Bahia\" \/>\n<meta property=\"article:publisher\" content=\"https:\/\/web.facebook.com\/compartilhabahia\" \/>\n<meta property=\"article:published_time\" content=\"2024-11-18T14:07:30+00:00\" \/>\n<meta property=\"article:modified_time\" content=\"2024-11-18T15:05:18+00:00\" \/>\n<meta property=\"og:image\" content=\"https:\/\/compartilhabahia.com.br\/wp-content\/uploads\/2024\/11\/poloemchamas.jpg\" \/>\n\t<meta property=\"og:image:width\" content=\"1600\" \/>\n\t<meta property=\"og:image:height\" content=\"720\" \/>\n\t<meta property=\"og:image:type\" content=\"image\/jpeg\" \/>\n<meta name=\"author\" content=\"admin\" \/>\n<meta name=\"twitter:card\" content=\"summary_large_image\" \/>\n<meta name=\"twitter:label1\" content=\"Escrito por\" \/>\n\t<meta name=\"twitter:data1\" content=\"admin\" \/>\n\t<meta name=\"twitter:label2\" content=\"Est. tempo de leitura\" \/>\n\t<meta name=\"twitter:data2\" content=\"3 minutos\" \/>\n<script type=\"application\/ld+json\" class=\"yoast-schema-graph\">{\"@context\":\"https:\/\/schema.org\",\"@graph\":[{\"@type\":\"Article\",\"@id\":\"https:\/\/compartilhabahia.com.br\/index.php\/2024\/11\/18\/explosao-no-polo-industrial-de-camacari-coloca-300-mil-moradores-do-municipio-em-alerta\/#article\",\"isPartOf\":{\"@id\":\"https:\/\/compartilhabahia.com.br\/index.php\/2024\/11\/18\/explosao-no-polo-industrial-de-camacari-coloca-300-mil-moradores-do-municipio-em-alerta\/\"},\"author\":{\"name\":\"admin\",\"@id\":\"https:\/\/compartilhabahia.com.br\/#\/schema\/person\/9b4f0c3178793b8248d6686732521c04\"},\"headline\":\"Explos\u00e3o no Polo Industrial de Cama\u00e7ari coloca 300 mil moradores do munic\u00edpio em alerta\",\"datePublished\":\"2024-11-18T14:07:30+00:00\",\"dateModified\":\"2024-11-18T15:05:18+00:00\",\"mainEntityOfPage\":{\"@id\":\"https:\/\/compartilhabahia.com.br\/index.php\/2024\/11\/18\/explosao-no-polo-industrial-de-camacari-coloca-300-mil-moradores-do-municipio-em-alerta\/\"},\"wordCount\":447,\"commentCount\":0,\"publisher\":{\"@id\":\"https:\/\/compartilhabahia.com.br\/#organization\"},\"articleSection\":[\"Cama\u00e7ari\"],\"inLanguage\":\"pt-BR\",\"potentialAction\":[{\"@type\":\"CommentAction\",\"name\":\"Comment\",\"target\":[\"https:\/\/compartilhabahia.com.br\/index.php\/2024\/11\/18\/explosao-no-polo-industrial-de-camacari-coloca-300-mil-moradores-do-municipio-em-alerta\/#respond\"]}]},{\"@type\":\"WebPage\",\"@id\":\"https:\/\/compartilhabahia.com.br\/index.php\/2024\/11\/18\/explosao-no-polo-industrial-de-camacari-coloca-300-mil-moradores-do-municipio-em-alerta\/\",\"url\":\"https:\/\/compartilhabahia.com.br\/index.php\/2024\/11\/18\/explosao-no-polo-industrial-de-camacari-coloca-300-mil-moradores-do-municipio-em-alerta\/\",\"name\":\"Explos\u00e3o no Polo Industrial de Cama\u00e7ari coloca 300 mil moradores do munic\u00edpio em alerta - Compartilha Bahia\",\"isPartOf\":{\"@id\":\"https:\/\/compartilhabahia.com.br\/#website\"},\"datePublished\":\"2024-11-18T14:07:30+00:00\",\"dateModified\":\"2024-11-18T15:05:18+00:00\",\"breadcrumb\":{\"@id\":\"https:\/\/compartilhabahia.com.br\/index.php\/2024\/11\/18\/explosao-no-polo-industrial-de-camacari-coloca-300-mil-moradores-do-municipio-em-alerta\/#breadcrumb\"},\"inLanguage\":\"pt-BR\",\"potentialAction\":[{\"@type\":\"ReadAction\",\"target\":[\"https:\/\/compartilhabahia.com.br\/index.php\/2024\/11\/18\/explosao-no-polo-industrial-de-camacari-coloca-300-mil-moradores-do-municipio-em-alerta\/\"]}]},{\"@type\":\"BreadcrumbList\",\"@id\":\"https:\/\/compartilhabahia.com.br\/index.php\/2024\/11\/18\/explosao-no-polo-industrial-de-camacari-coloca-300-mil-moradores-do-municipio-em-alerta\/#breadcrumb\",\"itemListElement\":[{\"@type\":\"ListItem\",\"position\":1,\"name\":\"In\u00edcio\",\"item\":\"https:\/\/compartilhabahia.com.br\/\"},{\"@type\":\"ListItem\",\"position\":2,\"name\":\"Explos\u00e3o no Polo Industrial de Cama\u00e7ari coloca 300 mil moradores do munic\u00edpio em alerta\"}]},{\"@type\":\"WebSite\",\"@id\":\"https:\/\/compartilhabahia.com.br\/#website\",\"url\":\"https:\/\/compartilhabahia.com.br\/\",\"name\":\"Compartilha Bahia\",\"description\":\"\",\"publisher\":{\"@id\":\"https:\/\/compartilhabahia.com.br\/#organization\"},\"potentialAction\":[{\"@type\":\"SearchAction\",\"target\":{\"@type\":\"EntryPoint\",\"urlTemplate\":\"https:\/\/compartilhabahia.com.br\/?s={search_term_string}\"},\"query-input\":\"required name=search_term_string\"}],\"inLanguage\":\"pt-BR\"},{\"@type\":\"Organization\",\"@id\":\"https:\/\/compartilhabahia.com.br\/#organization\",\"name\":\"Compartilha Bahia\",\"url\":\"https:\/\/compartilhabahia.com.br\/\",\"logo\":{\"@type\":\"ImageObject\",\"inLanguage\":\"pt-BR\",\"@id\":\"https:\/\/compartilhabahia.com.br\/#\/schema\/logo\/image\/\",\"url\":\"https:\/\/compartilhabahia.com.br\/wp-content\/uploads\/2023\/12\/cropped-logo.png\",\"contentUrl\":\"https:\/\/compartilhabahia.com.br\/wp-content\/uploads\/2023\/12\/cropped-logo.png\",\"width\":300,\"height\":106,\"caption\":\"Compartilha Bahia\"},\"image\":{\"@id\":\"https:\/\/compartilhabahia.com.br\/#\/schema\/logo\/image\/\"},\"sameAs\":[\"https:\/\/web.facebook.com\/compartilhabahia\",\"https:\/\/www.instagram.com\/compartilhabahia\/\"]},{\"@type\":\"Person\",\"@id\":\"https:\/\/compartilhabahia.com.br\/#\/schema\/person\/9b4f0c3178793b8248d6686732521c04\",\"name\":\"admin\",\"image\":{\"@type\":\"ImageObject\",\"inLanguage\":\"pt-BR\",\"@id\":\"https:\/\/compartilhabahia.com.br\/#\/schema\/person\/image\/\",\"url\":\"https:\/\/secure.gravatar.com\/avatar\/9600df58751c5acbe914c538c03390ef649ea088cb65f84ba09c7ce66988eed6?s=96&d=mm&r=g\",\"contentUrl\":\"https:\/\/secure.gravatar.com\/avatar\/9600df58751c5acbe914c538c03390ef649ea088cb65f84ba09c7ce66988eed6?s=96&d=mm&r=g\",\"caption\":\"admin\"},\"sameAs\":[\"https:\/\/compartilhabahia.com.br\"],\"url\":\"https:\/\/compartilhabahia.com.br\/index.php\/author\/compartilhabahia\/\"}]}<\/script>\n<!-- \/ Yoast SEO plugin. -->","yoast_head_json":{"title":"Explos\u00e3o no Polo Industrial de Cama\u00e7ari coloca 300 mil moradores do munic\u00edpio em alerta - Compartilha Bahia","robots":{"index":"index","follow":"follow","max-snippet":"max-snippet:-1","max-image-preview":"max-image-preview:large","max-video-preview":"max-video-preview:-1"},"canonical":"https:\/\/compartilhabahia.com.br\/index.php\/2024\/11\/18\/explosao-no-polo-industrial-de-camacari-coloca-300-mil-moradores-do-municipio-em-alerta\/","og_locale":"pt_BR","og_type":"article","og_title":"Explos\u00e3o no Polo Industrial de Cama\u00e7ari coloca 300 mil moradores do munic\u00edpio em alerta - Compartilha Bahia","og_description":"O que poderia ter provocado aquele estrondo: um meteoro, um mega trov\u00e3o, a queda de um avi\u00e3o? n\u00e3o, foi o Polo Industrial de Cama\u00e7ari (Texto de Julio Ribeiro\/jornalista do site Compartilha Bahia) Por volta das 2h30 da madrugada dessa segunda-feira (18), quando em Cama\u00e7ari (BA) a maioria dos seus 300 mil moradores estavam dormindo, uma [&hellip;]","og_url":"https:\/\/compartilhabahia.com.br\/index.php\/2024\/11\/18\/explosao-no-polo-industrial-de-camacari-coloca-300-mil-moradores-do-municipio-em-alerta\/","og_site_name":"Compartilha Bahia","article_publisher":"https:\/\/web.facebook.com\/compartilhabahia","article_published_time":"2024-11-18T14:07:30+00:00","article_modified_time":"2024-11-18T15:05:18+00:00","og_image":[{"width":1600,"height":720,"url":"https:\/\/compartilhabahia.com.br\/wp-content\/uploads\/2024\/11\/poloemchamas.jpg","type":"image\/jpeg"}],"author":"admin","twitter_card":"summary_large_image","twitter_misc":{"Escrito por":"admin","Est. tempo de leitura":"3 minutos"},"schema":{"@context":"https:\/\/schema.org","@graph":[{"@type":"Article","@id":"https:\/\/compartilhabahia.com.br\/index.php\/2024\/11\/18\/explosao-no-polo-industrial-de-camacari-coloca-300-mil-moradores-do-municipio-em-alerta\/#article","isPartOf":{"@id":"https:\/\/compartilhabahia.com.br\/index.php\/2024\/11\/18\/explosao-no-polo-industrial-de-camacari-coloca-300-mil-moradores-do-municipio-em-alerta\/"},"author":{"name":"admin","@id":"https:\/\/compartilhabahia.com.br\/#\/schema\/person\/9b4f0c3178793b8248d6686732521c04"},"headline":"Explos\u00e3o no Polo Industrial de Cama\u00e7ari coloca 300 mil moradores do munic\u00edpio em alerta","datePublished":"2024-11-18T14:07:30+00:00","dateModified":"2024-11-18T15:05:18+00:00","mainEntityOfPage":{"@id":"https:\/\/compartilhabahia.com.br\/index.php\/2024\/11\/18\/explosao-no-polo-industrial-de-camacari-coloca-300-mil-moradores-do-municipio-em-alerta\/"},"wordCount":447,"commentCount":0,"publisher":{"@id":"https:\/\/compartilhabahia.com.br\/#organization"},"articleSection":["Cama\u00e7ari"],"inLanguage":"pt-BR","potentialAction":[{"@type":"CommentAction","name":"Comment","target":["https:\/\/compartilhabahia.com.br\/index.php\/2024\/11\/18\/explosao-no-polo-industrial-de-camacari-coloca-300-mil-moradores-do-municipio-em-alerta\/#respond"]}]},{"@type":"WebPage","@id":"https:\/\/compartilhabahia.com.br\/index.php\/2024\/11\/18\/explosao-no-polo-industrial-de-camacari-coloca-300-mil-moradores-do-municipio-em-alerta\/","url":"https:\/\/compartilhabahia.com.br\/index.php\/2024\/11\/18\/explosao-no-polo-industrial-de-camacari-coloca-300-mil-moradores-do-municipio-em-alerta\/","name":"Explos\u00e3o no Polo Industrial de Cama\u00e7ari coloca 300 mil moradores do munic\u00edpio em alerta - Compartilha Bahia","isPartOf":{"@id":"https:\/\/compartilhabahia.com.br\/#website"},"datePublished":"2024-11-18T14:07:30+00:00","dateModified":"2024-11-18T15:05:18+00:00","breadcrumb":{"@id":"https:\/\/compartilhabahia.com.br\/index.php\/2024\/11\/18\/explosao-no-polo-industrial-de-camacari-coloca-300-mil-moradores-do-municipio-em-alerta\/#breadcrumb"},"inLanguage":"pt-BR","potentialAction":[{"@type":"ReadAction","target":["https:\/\/compartilhabahia.com.br\/index.php\/2024\/11\/18\/explosao-no-polo-industrial-de-camacari-coloca-300-mil-moradores-do-municipio-em-alerta\/"]}]},{"@type":"BreadcrumbList","@id":"https:\/\/compartilhabahia.com.br\/index.php\/2024\/11\/18\/explosao-no-polo-industrial-de-camacari-coloca-300-mil-moradores-do-municipio-em-alerta\/#breadcrumb","itemListElement":[{"@type":"ListItem","position":1,"name":"In\u00edcio","item":"https:\/\/compartilhabahia.com.br\/"},{"@type":"ListItem","position":2,"name":"Explos\u00e3o no Polo Industrial de Cama\u00e7ari coloca 300 mil moradores do munic\u00edpio em alerta"}]},{"@type":"WebSite","@id":"https:\/\/compartilhabahia.com.br\/#website","url":"https:\/\/compartilhabahia.com.br\/","name":"Compartilha Bahia","description":"","publisher":{"@id":"https:\/\/compartilhabahia.com.br\/#organization"},"potentialAction":[{"@type":"SearchAction","target":{"@type":"EntryPoint","urlTemplate":"https:\/\/compartilhabahia.com.br\/?s={search_term_string}"},"query-input":"required name=search_term_string"}],"inLanguage":"pt-BR"},{"@type":"Organization","@id":"https:\/\/compartilhabahia.com.br\/#organization","name":"Compartilha Bahia","url":"https:\/\/compartilhabahia.com.br\/","logo":{"@type":"ImageObject","inLanguage":"pt-BR","@id":"https:\/\/compartilhabahia.com.br\/#\/schema\/logo\/image\/","url":"https:\/\/compartilhabahia.com.br\/wp-content\/uploads\/2023\/12\/cropped-logo.png","contentUrl":"https:\/\/compartilhabahia.com.br\/wp-content\/uploads\/2023\/12\/cropped-logo.png","width":300,"height":106,"caption":"Compartilha Bahia"},"image":{"@id":"https:\/\/compartilhabahia.com.br\/#\/schema\/logo\/image\/"},"sameAs":["https:\/\/web.facebook.com\/compartilhabahia","https:\/\/www.instagram.com\/compartilhabahia\/"]},{"@type":"Person","@id":"https:\/\/compartilhabahia.com.br\/#\/schema\/person\/9b4f0c3178793b8248d6686732521c04","name":"admin","image":{"@type":"ImageObject","inLanguage":"pt-BR","@id":"https:\/\/compartilhabahia.com.br\/#\/schema\/person\/image\/","url":"https:\/\/secure.gravatar.com\/avatar\/9600df58751c5acbe914c538c03390ef649ea088cb65f84ba09c7ce66988eed6?s=96&d=mm&r=g","contentUrl":"https:\/\/secure.gravatar.com\/avatar\/9600df58751c5acbe914c538c03390ef649ea088cb65f84ba09c7ce66988eed6?s=96&d=mm&r=g","caption":"admin"},"sameAs":["https:\/\/compartilhabahia.com.br"],"url":"https:\/\/compartilhabahia.com.br\/index.php\/author\/compartilhabahia\/"}]}},"_links":{"self":[{"href":"https:\/\/compartilhabahia.com.br\/index.php\/wp-json\/wp\/v2\/posts\/4365","targetHints":{"allow":["GET"]}}],"collection":[{"href":"https:\/\/compartilhabahia.com.br\/index.php\/wp-json\/wp\/v2\/posts"}],"about":[{"href":"https:\/\/compartilhabahia.com.br\/index.php\/wp-json\/wp\/v2\/types\/post"}],"author":[{"embeddable":true,"href":"https:\/\/compartilhabahia.com.br\/index.php\/wp-json\/wp\/v2\/users\/1"}],"replies":[{"embeddable":true,"href":"https:\/\/compartilhabahia.com.br\/index.php\/wp-json\/wp\/v2\/comments?post=4365"}],"version-history":[{"count":3,"href":"https:\/\/compartilhabahia.com.br\/index.php\/wp-json\/wp\/v2\/posts\/4365\/revisions"}],"predecessor-version":[{"id":4370,"href":"https:\/\/compartilhabahia.com.br\/index.php\/wp-json\/wp\/v2\/posts\/4365\/revisions\/4370"}],"wp:featuredmedia":[{"embeddable":true,"href":"https:\/\/compartilhabahia.com.br\/index.php\/wp-json\/wp\/v2\/media\/4366"}],"wp:attachment":[{"href":"https:\/\/compartilhabahia.com.br\/index.php\/wp-json\/wp\/v2\/media?parent=4365"}],"wp:term":[{"taxonomy":"category","embeddable":true,"href":"https:\/\/compartilhabahia.com.br\/index.php\/wp-json\/wp\/v2\/categories?post=4365"},{"taxonomy":"post_tag","embeddable":true,"href":"https:\/\/compartilhabahia.com.br\/index.php\/wp-json\/wp\/v2\/tags?post=4365"}],"curies":[{"name":"wp","href":"https:\/\/api.w.org\/{rel}","templated":true}]}}