{"id":4313,"date":"2024-11-11T19:16:12","date_gmt":"2024-11-11T19:16:12","guid":{"rendered":"https:\/\/compartilhabahia.com.br\/?p=4313"},"modified":"2024-11-11T19:20:07","modified_gmt":"2024-11-11T19:20:07","slug":"com-desmoronamento-politico-de-elinaldo-apos-derrota-eleitoral-piora-desassistencia-aos-pacientes-de-saude-mental-em-camacari","status":"publish","type":"post","link":"https:\/\/compartilhabahia.com.br\/index.php\/2024\/11\/11\/com-desmoronamento-politico-de-elinaldo-apos-derrota-eleitoral-piora-desassistencia-aos-pacientes-de-saude-mental-em-camacari\/","title":{"rendered":"Com desmoronamento pol\u00edtico de Elinaldo ap\u00f3s derrota eleitoral, piora desassist\u00eancia aos pacientes de sa\u00fade mental em Cama\u00e7ari"},"content":{"rendered":"\n<p><\/p>\n\n\n\n<p>Devido a gravidade da atual falta de assist\u00eancia da Secretaria de sa\u00fade da prefeitura de Cama\u00e7ari, para com os pacientes com transtorno de sa\u00fade mental, os servidores deste setor, realizam assembleia nesta ter\u00e7a-feira (12), as 9h, na sede do CAPs III, situado na R. das Begonhas, s\/n &#8211; Phoc I, Cama\u00e7ari &#8211; BA, 42805-400<\/p>\n\n\n\n<p><br><strong>Entrevista:<\/strong><br>Essa falta de atendimento se deu a partir de 27 de outubro, quando o candidato do atual prefeito Elinaldo perdeu as elei\u00e7\u00f5es?<\/p>\n\n\n\n<p><br><strong>Resposta de Elison Secret\u00e1rio Geral-Sindisec:<\/strong><\/p>\n\n\n\n<p><br>&#8220;J\u00e1 existia e agora piorou. A exemplo do Caps Orla que de 2 pr\u00e9dios, agora apenas uma sala funciona. E, para piorar, depois das elei\u00e7\u00f5es com a devolu\u00e7\u00e3o dos carros a\u00ed que a situa\u00e7\u00e3o se tornou cr\u00edtica.&#8221;<\/p>\n\n\n\n<p>&#8220;Estamos com as salas do fundo interditadas pelo mofo. Sem condi\u00e7\u00f5es de uso porque os funcion\u00e1rios adoecem quando usam, principalmente quest\u00f5es respirat\u00f3rias. A sala do meio funciona como copa, mas sem pia adequada. Nela morava um gamba e ele derrubou o teto de pvc e nunca consertaram. Era o lugar onde os servidores faziam suas refei\u00e7\u00f5es e por estar sem o forro de PVC do teto, cai sujeira e n\u00e3o h\u00e1 mais condi\u00e7\u00f5es de realizar alimenta\u00e7\u00e3o l\u00e1. Temos q comer nas salas de atendimento aos pacientes que ficam na estrutura da frente( o que \u00e9 bem inadequado). As salas n\u00e3o s\u00e3o apropriadas.&#8221;<br>&#8220;Estamos com 1 carro para visita, praticamente fixo apenas na sexta de manh\u00e3. Os outros turnos tivemos o carro cortado. Por conta disso visitas m\u00e9dicas domiciliares foram canceladas tamb\u00e9m. Al\u00e9m, do acompanhamento dos t\u00e9cnicos no territ\u00f3rio.&#8221;<\/p>\n\n\n\n<p>&#8220;Tivemos redu\u00e7\u00e3o de duas pessoas que ficavam na recep\u00e7\u00e3o. Houve corte da m\u00e9dica do ambulat\u00f3rio de Guarajuba e por conta disso os pacientes do ambulat\u00f3rio, ser\u00e3o assistidos por um tempo &#8220;emergencial&#8221; pelo m\u00e9dico do Caps ou encaminhado para repetir receita na aten\u00e7\u00e3o b\u00e1sica.&#8221;<br>&#8220;E por fim, n\u00e3o temos computador na maioria das salas.<br>Por estarem interditadas as salas, a maior parte das atividades de oficinas foram encerradas, restaram poucas atividades funcionando em espa\u00e7o aberto ou na associa\u00e7\u00e3o.<br>Atualmente n\u00e3o temos quase nada para ofertar de atividades terap\u00eauticas.<br>Esse abandono se repete em menor ou maior monta nos outros Caps. Com exce\u00e7\u00e3o do CAPS III constru\u00eddo pelo Governo do Estado.<br>Apesar do referido servi\u00e7o ter desmoronado junto com a gest\u00e3o do prefeito Elinaldo, ap\u00f3s derrota do seu candidato no dia 27 de outubro, os servidores j\u00e1 denunciavam o sucateamento do setor desde 2023.&#8221;<\/p>\n\n\n\n<figure class=\"wp-block-image size-large\"><img loading=\"lazy\" decoding=\"async\" width=\"576\" height=\"1024\" src=\"https:\/\/compartilhabahia.com.br\/wp-content\/uploads\/2024\/11\/WhatsApp-Image-2024-11-11-at-15.10.02-576x1024.jpeg\" alt=\"\" class=\"wp-image-4315\" srcset=\"https:\/\/compartilhabahia.com.br\/wp-content\/uploads\/2024\/11\/WhatsApp-Image-2024-11-11-at-15.10.02-576x1024.jpeg 576w, https:\/\/compartilhabahia.com.br\/wp-content\/uploads\/2024\/11\/WhatsApp-Image-2024-11-11-at-15.10.02-169x300.jpeg 169w, https:\/\/compartilhabahia.com.br\/wp-content\/uploads\/2024\/11\/WhatsApp-Image-2024-11-11-at-15.10.02-768x1365.jpeg 768w, https:\/\/compartilhabahia.com.br\/wp-content\/uploads\/2024\/11\/WhatsApp-Image-2024-11-11-at-15.10.02-864x1536.jpeg 864w, https:\/\/compartilhabahia.com.br\/wp-content\/uploads\/2024\/11\/WhatsApp-Image-2024-11-11-at-15.10.02.jpeg 900w\" sizes=\"auto, (max-width: 576px) 100vw, 576px\" \/><\/figure>\n\n\n\n<p>Refeit\u00f3rio de uma das unidades<\/p>\n","protected":false},"excerpt":{"rendered":"<p>Devido a gravidade da atual falta de assist\u00eancia da Secretaria de sa\u00fade da prefeitura de Cama\u00e7ari, para com os pacientes com transtorno de sa\u00fade mental, os servidores deste setor, realizam assembleia nesta ter\u00e7a-feira (12), as 9h, na sede do CAPs III, situado na R. das Begonhas, s\/n &#8211; Phoc I, Cama\u00e7ari &#8211; BA, 42805-400 Entrevista:Essa [&hellip;]<\/p>\n","protected":false},"author":1,"featured_media":4314,"comment_status":"open","ping_status":"open","sticky":false,"template":"","format":"standard","meta":{"footnotes":""},"categories":[8],"tags":[],"class_list":["post-4313","post","type-post","status-publish","format-standard","has-post-thumbnail","hentry","category-camacari"],"yoast_head":"<!-- This site is optimized with the Yoast SEO plugin v21.7 - https:\/\/yoast.com\/wordpress\/plugins\/seo\/ -->\n<title>Com desmoronamento pol\u00edtico de Elinaldo ap\u00f3s derrota eleitoral, piora desassist\u00eancia aos pacientes de sa\u00fade mental em Cama\u00e7ari - Compartilha Bahia<\/title>\n<meta name=\"robots\" content=\"index, follow, max-snippet:-1, max-image-preview:large, max-video-preview:-1\" \/>\n<link rel=\"canonical\" href=\"https:\/\/compartilhabahia.com.br\/index.php\/2024\/11\/11\/com-desmoronamento-politico-de-elinaldo-apos-derrota-eleitoral-piora-desassistencia-aos-pacientes-de-saude-mental-em-camacari\/\" \/>\n<meta property=\"og:locale\" content=\"pt_BR\" \/>\n<meta property=\"og:type\" content=\"article\" \/>\n<meta property=\"og:title\" content=\"Com desmoronamento pol\u00edtico de Elinaldo ap\u00f3s derrota eleitoral, piora desassist\u00eancia aos pacientes de sa\u00fade mental em Cama\u00e7ari - Compartilha Bahia\" \/>\n<meta property=\"og:description\" content=\"Devido a gravidade da atual falta de assist\u00eancia da Secretaria de sa\u00fade da prefeitura de Cama\u00e7ari, para com os pacientes com transtorno de sa\u00fade mental, os servidores deste setor, realizam assembleia nesta ter\u00e7a-feira (12), as 9h, na sede do CAPs III, situado na R. das Begonhas, s\/n &#8211; Phoc I, Cama\u00e7ari &#8211; BA, 42805-400 Entrevista:Essa [&hellip;]\" \/>\n<meta property=\"og:url\" content=\"https:\/\/compartilhabahia.com.br\/index.php\/2024\/11\/11\/com-desmoronamento-politico-de-elinaldo-apos-derrota-eleitoral-piora-desassistencia-aos-pacientes-de-saude-mental-em-camacari\/\" \/>\n<meta property=\"og:site_name\" content=\"Compartilha Bahia\" \/>\n<meta property=\"article:publisher\" content=\"https:\/\/web.facebook.com\/compartilhabahia\" \/>\n<meta property=\"article:published_time\" content=\"2024-11-11T19:16:12+00:00\" \/>\n<meta property=\"article:modified_time\" content=\"2024-11-11T19:20:07+00:00\" \/>\n<meta property=\"og:image\" content=\"https:\/\/compartilhabahia.com.br\/wp-content\/uploads\/2024\/11\/elisionsecretariosindsec.jpg\" \/>\n\t<meta property=\"og:image:width\" content=\"483\" \/>\n\t<meta property=\"og:image:height\" content=\"422\" \/>\n\t<meta property=\"og:image:type\" content=\"image\/jpeg\" \/>\n<meta name=\"author\" content=\"admin\" \/>\n<meta name=\"twitter:card\" content=\"summary_large_image\" \/>\n<meta name=\"twitter:label1\" content=\"Escrito por\" \/>\n\t<meta name=\"twitter:data1\" content=\"admin\" \/>\n\t<meta name=\"twitter:label2\" content=\"Est. tempo de leitura\" \/>\n\t<meta name=\"twitter:data2\" content=\"3 minutos\" \/>\n<script type=\"application\/ld+json\" class=\"yoast-schema-graph\">{\"@context\":\"https:\/\/schema.org\",\"@graph\":[{\"@type\":\"Article\",\"@id\":\"https:\/\/compartilhabahia.com.br\/index.php\/2024\/11\/11\/com-desmoronamento-politico-de-elinaldo-apos-derrota-eleitoral-piora-desassistencia-aos-pacientes-de-saude-mental-em-camacari\/#article\",\"isPartOf\":{\"@id\":\"https:\/\/compartilhabahia.com.br\/index.php\/2024\/11\/11\/com-desmoronamento-politico-de-elinaldo-apos-derrota-eleitoral-piora-desassistencia-aos-pacientes-de-saude-mental-em-camacari\/\"},\"author\":{\"name\":\"admin\",\"@id\":\"https:\/\/compartilhabahia.com.br\/#\/schema\/person\/9b4f0c3178793b8248d6686732521c04\"},\"headline\":\"Com desmoronamento pol\u00edtico de Elinaldo ap\u00f3s derrota eleitoral, piora desassist\u00eancia aos pacientes de sa\u00fade mental em Cama\u00e7ari\",\"datePublished\":\"2024-11-11T19:16:12+00:00\",\"dateModified\":\"2024-11-11T19:20:07+00:00\",\"mainEntityOfPage\":{\"@id\":\"https:\/\/compartilhabahia.com.br\/index.php\/2024\/11\/11\/com-desmoronamento-politico-de-elinaldo-apos-derrota-eleitoral-piora-desassistencia-aos-pacientes-de-saude-mental-em-camacari\/\"},\"wordCount\":468,\"commentCount\":0,\"publisher\":{\"@id\":\"https:\/\/compartilhabahia.com.br\/#organization\"},\"articleSection\":[\"Cama\u00e7ari\"],\"inLanguage\":\"pt-BR\",\"potentialAction\":[{\"@type\":\"CommentAction\",\"name\":\"Comment\",\"target\":[\"https:\/\/compartilhabahia.com.br\/index.php\/2024\/11\/11\/com-desmoronamento-politico-de-elinaldo-apos-derrota-eleitoral-piora-desassistencia-aos-pacientes-de-saude-mental-em-camacari\/#respond\"]}]},{\"@type\":\"WebPage\",\"@id\":\"https:\/\/compartilhabahia.com.br\/index.php\/2024\/11\/11\/com-desmoronamento-politico-de-elinaldo-apos-derrota-eleitoral-piora-desassistencia-aos-pacientes-de-saude-mental-em-camacari\/\",\"url\":\"https:\/\/compartilhabahia.com.br\/index.php\/2024\/11\/11\/com-desmoronamento-politico-de-elinaldo-apos-derrota-eleitoral-piora-desassistencia-aos-pacientes-de-saude-mental-em-camacari\/\",\"name\":\"Com desmoronamento pol\u00edtico de Elinaldo ap\u00f3s derrota eleitoral, piora desassist\u00eancia aos pacientes de sa\u00fade mental em Cama\u00e7ari - Compartilha Bahia\",\"isPartOf\":{\"@id\":\"https:\/\/compartilhabahia.com.br\/#website\"},\"datePublished\":\"2024-11-11T19:16:12+00:00\",\"dateModified\":\"2024-11-11T19:20:07+00:00\",\"breadcrumb\":{\"@id\":\"https:\/\/compartilhabahia.com.br\/index.php\/2024\/11\/11\/com-desmoronamento-politico-de-elinaldo-apos-derrota-eleitoral-piora-desassistencia-aos-pacientes-de-saude-mental-em-camacari\/#breadcrumb\"},\"inLanguage\":\"pt-BR\",\"potentialAction\":[{\"@type\":\"ReadAction\",\"target\":[\"https:\/\/compartilhabahia.com.br\/index.php\/2024\/11\/11\/com-desmoronamento-politico-de-elinaldo-apos-derrota-eleitoral-piora-desassistencia-aos-pacientes-de-saude-mental-em-camacari\/\"]}]},{\"@type\":\"BreadcrumbList\",\"@id\":\"https:\/\/compartilhabahia.com.br\/index.php\/2024\/11\/11\/com-desmoronamento-politico-de-elinaldo-apos-derrota-eleitoral-piora-desassistencia-aos-pacientes-de-saude-mental-em-camacari\/#breadcrumb\",\"itemListElement\":[{\"@type\":\"ListItem\",\"position\":1,\"name\":\"In\u00edcio\",\"item\":\"https:\/\/compartilhabahia.com.br\/\"},{\"@type\":\"ListItem\",\"position\":2,\"name\":\"Com desmoronamento pol\u00edtico de Elinaldo ap\u00f3s derrota eleitoral, piora desassist\u00eancia aos pacientes de sa\u00fade mental em Cama\u00e7ari\"}]},{\"@type\":\"WebSite\",\"@id\":\"https:\/\/compartilhabahia.com.br\/#website\",\"url\":\"https:\/\/compartilhabahia.com.br\/\",\"name\":\"Compartilha Bahia\",\"description\":\"\",\"publisher\":{\"@id\":\"https:\/\/compartilhabahia.com.br\/#organization\"},\"potentialAction\":[{\"@type\":\"SearchAction\",\"target\":{\"@type\":\"EntryPoint\",\"urlTemplate\":\"https:\/\/compartilhabahia.com.br\/?s={search_term_string}\"},\"query-input\":\"required name=search_term_string\"}],\"inLanguage\":\"pt-BR\"},{\"@type\":\"Organization\",\"@id\":\"https:\/\/compartilhabahia.com.br\/#organization\",\"name\":\"Compartilha Bahia\",\"url\":\"https:\/\/compartilhabahia.com.br\/\",\"logo\":{\"@type\":\"ImageObject\",\"inLanguage\":\"pt-BR\",\"@id\":\"https:\/\/compartilhabahia.com.br\/#\/schema\/logo\/image\/\",\"url\":\"https:\/\/compartilhabahia.com.br\/wp-content\/uploads\/2023\/12\/cropped-logo.png\",\"contentUrl\":\"https:\/\/compartilhabahia.com.br\/wp-content\/uploads\/2023\/12\/cropped-logo.png\",\"width\":300,\"height\":106,\"caption\":\"Compartilha Bahia\"},\"image\":{\"@id\":\"https:\/\/compartilhabahia.com.br\/#\/schema\/logo\/image\/\"},\"sameAs\":[\"https:\/\/web.facebook.com\/compartilhabahia\",\"https:\/\/www.instagram.com\/compartilhabahia\/\"]},{\"@type\":\"Person\",\"@id\":\"https:\/\/compartilhabahia.com.br\/#\/schema\/person\/9b4f0c3178793b8248d6686732521c04\",\"name\":\"admin\",\"image\":{\"@type\":\"ImageObject\",\"inLanguage\":\"pt-BR\",\"@id\":\"https:\/\/compartilhabahia.com.br\/#\/schema\/person\/image\/\",\"url\":\"https:\/\/secure.gravatar.com\/avatar\/9600df58751c5acbe914c538c03390ef649ea088cb65f84ba09c7ce66988eed6?s=96&d=mm&r=g\",\"contentUrl\":\"https:\/\/secure.gravatar.com\/avatar\/9600df58751c5acbe914c538c03390ef649ea088cb65f84ba09c7ce66988eed6?s=96&d=mm&r=g\",\"caption\":\"admin\"},\"sameAs\":[\"https:\/\/compartilhabahia.com.br\"],\"url\":\"https:\/\/compartilhabahia.com.br\/index.php\/author\/compartilhabahia\/\"}]}<\/script>\n<!-- \/ Yoast SEO plugin. -->","yoast_head_json":{"title":"Com desmoronamento pol\u00edtico de Elinaldo ap\u00f3s derrota eleitoral, piora desassist\u00eancia aos pacientes de sa\u00fade mental em Cama\u00e7ari - Compartilha Bahia","robots":{"index":"index","follow":"follow","max-snippet":"max-snippet:-1","max-image-preview":"max-image-preview:large","max-video-preview":"max-video-preview:-1"},"canonical":"https:\/\/compartilhabahia.com.br\/index.php\/2024\/11\/11\/com-desmoronamento-politico-de-elinaldo-apos-derrota-eleitoral-piora-desassistencia-aos-pacientes-de-saude-mental-em-camacari\/","og_locale":"pt_BR","og_type":"article","og_title":"Com desmoronamento pol\u00edtico de Elinaldo ap\u00f3s derrota eleitoral, piora desassist\u00eancia aos pacientes de sa\u00fade mental em Cama\u00e7ari - Compartilha Bahia","og_description":"Devido a gravidade da atual falta de assist\u00eancia da Secretaria de sa\u00fade da prefeitura de Cama\u00e7ari, para com os pacientes com transtorno de sa\u00fade mental, os servidores deste setor, realizam assembleia nesta ter\u00e7a-feira (12), as 9h, na sede do CAPs III, situado na R. das Begonhas, s\/n &#8211; Phoc I, Cama\u00e7ari &#8211; BA, 42805-400 Entrevista:Essa [&hellip;]","og_url":"https:\/\/compartilhabahia.com.br\/index.php\/2024\/11\/11\/com-desmoronamento-politico-de-elinaldo-apos-derrota-eleitoral-piora-desassistencia-aos-pacientes-de-saude-mental-em-camacari\/","og_site_name":"Compartilha Bahia","article_publisher":"https:\/\/web.facebook.com\/compartilhabahia","article_published_time":"2024-11-11T19:16:12+00:00","article_modified_time":"2024-11-11T19:20:07+00:00","og_image":[{"width":483,"height":422,"url":"https:\/\/compartilhabahia.com.br\/wp-content\/uploads\/2024\/11\/elisionsecretariosindsec.jpg","type":"image\/jpeg"}],"author":"admin","twitter_card":"summary_large_image","twitter_misc":{"Escrito por":"admin","Est. tempo de leitura":"3 minutos"},"schema":{"@context":"https:\/\/schema.org","@graph":[{"@type":"Article","@id":"https:\/\/compartilhabahia.com.br\/index.php\/2024\/11\/11\/com-desmoronamento-politico-de-elinaldo-apos-derrota-eleitoral-piora-desassistencia-aos-pacientes-de-saude-mental-em-camacari\/#article","isPartOf":{"@id":"https:\/\/compartilhabahia.com.br\/index.php\/2024\/11\/11\/com-desmoronamento-politico-de-elinaldo-apos-derrota-eleitoral-piora-desassistencia-aos-pacientes-de-saude-mental-em-camacari\/"},"author":{"name":"admin","@id":"https:\/\/compartilhabahia.com.br\/#\/schema\/person\/9b4f0c3178793b8248d6686732521c04"},"headline":"Com desmoronamento pol\u00edtico de Elinaldo ap\u00f3s derrota eleitoral, piora desassist\u00eancia aos pacientes de sa\u00fade mental em Cama\u00e7ari","datePublished":"2024-11-11T19:16:12+00:00","dateModified":"2024-11-11T19:20:07+00:00","mainEntityOfPage":{"@id":"https:\/\/compartilhabahia.com.br\/index.php\/2024\/11\/11\/com-desmoronamento-politico-de-elinaldo-apos-derrota-eleitoral-piora-desassistencia-aos-pacientes-de-saude-mental-em-camacari\/"},"wordCount":468,"commentCount":0,"publisher":{"@id":"https:\/\/compartilhabahia.com.br\/#organization"},"articleSection":["Cama\u00e7ari"],"inLanguage":"pt-BR","potentialAction":[{"@type":"CommentAction","name":"Comment","target":["https:\/\/compartilhabahia.com.br\/index.php\/2024\/11\/11\/com-desmoronamento-politico-de-elinaldo-apos-derrota-eleitoral-piora-desassistencia-aos-pacientes-de-saude-mental-em-camacari\/#respond"]}]},{"@type":"WebPage","@id":"https:\/\/compartilhabahia.com.br\/index.php\/2024\/11\/11\/com-desmoronamento-politico-de-elinaldo-apos-derrota-eleitoral-piora-desassistencia-aos-pacientes-de-saude-mental-em-camacari\/","url":"https:\/\/compartilhabahia.com.br\/index.php\/2024\/11\/11\/com-desmoronamento-politico-de-elinaldo-apos-derrota-eleitoral-piora-desassistencia-aos-pacientes-de-saude-mental-em-camacari\/","name":"Com desmoronamento pol\u00edtico de Elinaldo ap\u00f3s derrota eleitoral, piora desassist\u00eancia aos pacientes de sa\u00fade mental em Cama\u00e7ari - Compartilha Bahia","isPartOf":{"@id":"https:\/\/compartilhabahia.com.br\/#website"},"datePublished":"2024-11-11T19:16:12+00:00","dateModified":"2024-11-11T19:20:07+00:00","breadcrumb":{"@id":"https:\/\/compartilhabahia.com.br\/index.php\/2024\/11\/11\/com-desmoronamento-politico-de-elinaldo-apos-derrota-eleitoral-piora-desassistencia-aos-pacientes-de-saude-mental-em-camacari\/#breadcrumb"},"inLanguage":"pt-BR","potentialAction":[{"@type":"ReadAction","target":["https:\/\/compartilhabahia.com.br\/index.php\/2024\/11\/11\/com-desmoronamento-politico-de-elinaldo-apos-derrota-eleitoral-piora-desassistencia-aos-pacientes-de-saude-mental-em-camacari\/"]}]},{"@type":"BreadcrumbList","@id":"https:\/\/compartilhabahia.com.br\/index.php\/2024\/11\/11\/com-desmoronamento-politico-de-elinaldo-apos-derrota-eleitoral-piora-desassistencia-aos-pacientes-de-saude-mental-em-camacari\/#breadcrumb","itemListElement":[{"@type":"ListItem","position":1,"name":"In\u00edcio","item":"https:\/\/compartilhabahia.com.br\/"},{"@type":"ListItem","position":2,"name":"Com desmoronamento pol\u00edtico de Elinaldo ap\u00f3s derrota eleitoral, piora desassist\u00eancia aos pacientes de sa\u00fade mental em Cama\u00e7ari"}]},{"@type":"WebSite","@id":"https:\/\/compartilhabahia.com.br\/#website","url":"https:\/\/compartilhabahia.com.br\/","name":"Compartilha Bahia","description":"","publisher":{"@id":"https:\/\/compartilhabahia.com.br\/#organization"},"potentialAction":[{"@type":"SearchAction","target":{"@type":"EntryPoint","urlTemplate":"https:\/\/compartilhabahia.com.br\/?s={search_term_string}"},"query-input":"required name=search_term_string"}],"inLanguage":"pt-BR"},{"@type":"Organization","@id":"https:\/\/compartilhabahia.com.br\/#organization","name":"Compartilha Bahia","url":"https:\/\/compartilhabahia.com.br\/","logo":{"@type":"ImageObject","inLanguage":"pt-BR","@id":"https:\/\/compartilhabahia.com.br\/#\/schema\/logo\/image\/","url":"https:\/\/compartilhabahia.com.br\/wp-content\/uploads\/2023\/12\/cropped-logo.png","contentUrl":"https:\/\/compartilhabahia.com.br\/wp-content\/uploads\/2023\/12\/cropped-logo.png","width":300,"height":106,"caption":"Compartilha Bahia"},"image":{"@id":"https:\/\/compartilhabahia.com.br\/#\/schema\/logo\/image\/"},"sameAs":["https:\/\/web.facebook.com\/compartilhabahia","https:\/\/www.instagram.com\/compartilhabahia\/"]},{"@type":"Person","@id":"https:\/\/compartilhabahia.com.br\/#\/schema\/person\/9b4f0c3178793b8248d6686732521c04","name":"admin","image":{"@type":"ImageObject","inLanguage":"pt-BR","@id":"https:\/\/compartilhabahia.com.br\/#\/schema\/person\/image\/","url":"https:\/\/secure.gravatar.com\/avatar\/9600df58751c5acbe914c538c03390ef649ea088cb65f84ba09c7ce66988eed6?s=96&d=mm&r=g","contentUrl":"https:\/\/secure.gravatar.com\/avatar\/9600df58751c5acbe914c538c03390ef649ea088cb65f84ba09c7ce66988eed6?s=96&d=mm&r=g","caption":"admin"},"sameAs":["https:\/\/compartilhabahia.com.br"],"url":"https:\/\/compartilhabahia.com.br\/index.php\/author\/compartilhabahia\/"}]}},"_links":{"self":[{"href":"https:\/\/compartilhabahia.com.br\/index.php\/wp-json\/wp\/v2\/posts\/4313","targetHints":{"allow":["GET"]}}],"collection":[{"href":"https:\/\/compartilhabahia.com.br\/index.php\/wp-json\/wp\/v2\/posts"}],"about":[{"href":"https:\/\/compartilhabahia.com.br\/index.php\/wp-json\/wp\/v2\/types\/post"}],"author":[{"embeddable":true,"href":"https:\/\/compartilhabahia.com.br\/index.php\/wp-json\/wp\/v2\/users\/1"}],"replies":[{"embeddable":true,"href":"https:\/\/compartilhabahia.com.br\/index.php\/wp-json\/wp\/v2\/comments?post=4313"}],"version-history":[{"count":1,"href":"https:\/\/compartilhabahia.com.br\/index.php\/wp-json\/wp\/v2\/posts\/4313\/revisions"}],"predecessor-version":[{"id":4316,"href":"https:\/\/compartilhabahia.com.br\/index.php\/wp-json\/wp\/v2\/posts\/4313\/revisions\/4316"}],"wp:featuredmedia":[{"embeddable":true,"href":"https:\/\/compartilhabahia.com.br\/index.php\/wp-json\/wp\/v2\/media\/4314"}],"wp:attachment":[{"href":"https:\/\/compartilhabahia.com.br\/index.php\/wp-json\/wp\/v2\/media?parent=4313"}],"wp:term":[{"taxonomy":"category","embeddable":true,"href":"https:\/\/compartilhabahia.com.br\/index.php\/wp-json\/wp\/v2\/categories?post=4313"},{"taxonomy":"post_tag","embeddable":true,"href":"https:\/\/compartilhabahia.com.br\/index.php\/wp-json\/wp\/v2\/tags?post=4313"}],"curies":[{"name":"wp","href":"https:\/\/api.w.org\/{rel}","templated":true}]}}