{"id":422,"date":"2024-01-03T15:16:52","date_gmt":"2024-01-03T15:16:52","guid":{"rendered":"https:\/\/compartilhabahia.com.br\/?p=422"},"modified":"2024-01-03T15:16:53","modified_gmt":"2024-01-03T15:16:53","slug":"acampamento-reune-familias-na-cancao-nova-em-mes-de-ferias","status":"publish","type":"post","link":"https:\/\/compartilhabahia.com.br\/index.php\/2024\/01\/03\/acampamento-reune-familias-na-cancao-nova-em-mes-de-ferias\/","title":{"rendered":"Acampamento re\u00fane fam\u00edlias na Can\u00e7\u00e3o Nova em m\u00eas de f\u00e9rias"},"content":{"rendered":"\n<p><em><br>Padre Adriano Zandon\u00e1 presidir\u00e1 missas e far\u00e1 palestras no evento<br><\/em><\/p>\n\n\n\n<p>No primeiro fim de semana de 2024, de 05 a 07 de janeiro, a Can\u00e7\u00e3o Nova, em Cachoeira Paulista (SP), abre seu calend\u00e1rio de eventos com o Acampamento para Fam\u00edlias, que tem entrada gratuita, al\u00e9m de \u00e1rea de camping e espa\u00e7o para aqueles que viajam de motorhome ou trailer.<br><br>O tema proposto para este ano \u00e9 \u201cFam\u00edlias edificadas na rocha\u201d. Padre Adriano Zandon\u00e1, da Comunidade Can\u00e7\u00e3o Nova, preside as celebra\u00e7\u00f5es de abertura do Acampamento, na sexta-feira (05), \u00e0s 20h, e de encerramento, no domingo (07), \u00e0s 15h. A missa do s\u00e1bado (06), \u00e0s 16h, ser\u00e1 presidida pelo padre Jos\u00e9 Eduardo Oliveira, da Diocese de Osasco (SP). Os dois sacerdotes tamb\u00e9m far\u00e3o palestras no evento.<\/p>\n\n\n\n<p><br>O cantor M\u00e1rcio Todeschini far\u00e1 um show oracional na sexta-feira, a partir das 21h. No s\u00e1bado, os casais da Comunidade Can\u00e7\u00e3o Nova: di\u00e1cono Nelsinho e M\u00e1rcia Corr\u00eaa, apresentadores do Programa \u201cMinha fam\u00edlia \u00e9 assim\u201d; Alexandre e Roseni Oliveira, autores do livro \u201cReconcilia\u00e7\u00e3o cansa, mas santifica\u201d, conduzir\u00e3o a \u201cNoite Oracional\u201d, \u00e0s 21h, com Adora\u00e7\u00e3o ao Sant\u00edssimo Sacramento. Participa\u00e7\u00e3o do fundador da Comunidade Sagrada Fam\u00edlia, \u00cdtalo J. Passanezi Fasanella.<\/p>\n\n\n\n<p><strong>SERVI\u00c7O<\/strong><strong><br><\/strong><strong>Evento:<\/strong>&nbsp;Acampamento para Fam\u00edlias \u2013 Tema: \u201cFam\u00edlias edificadas na rocha\u201d<br><strong>Data:<\/strong>&nbsp;05 a 07 de janeiro de 2024<br><strong>Local:<\/strong>&nbsp;Can\u00e7\u00e3o Nova<\/p>\n\n\n\n<p><strong>Endere\u00e7o:<\/strong>&nbsp;Av. Jo\u00e3o Paulo II, s\/n, Alto Bela Vista, Cachoeira Paulista (SP)<\/p>\n\n\n\n<p><strong>Entrada:<\/strong>&nbsp;Gratuita<\/p>\n\n\n\n<p><strong>Programa\u00e7\u00e3o completa:<\/strong><br><a href=\"https:\/\/eventos.cancaonova.com\/edicao\/acampamento-para-familias-24\/\" target=\"_blank\" rel=\"noreferrer noopener\">https:\/\/eventos.cancaonova.com\/edicao\/acampamento-para-familias-24\/<\/a><br><\/p>\n\n\n\n<p><strong>Camping<\/strong><\/p>\n\n\n\n<p>&#8211; Pulseira de acesso: taxa de R$15,00 (quinze reais) por pessoa, incluindo o banho. Crian\u00e7as at\u00e9 seis anos de idade n\u00e3o pagam.<\/p>\n\n\n\n<p><strong>Motorhome ou trailer<\/strong><\/p>\n\n\n\n<p>&#8211; Taxa de R$50,00 (cinquenta reais) para at\u00e9 tr\u00eas dias.<\/p>\n","protected":false},"excerpt":{"rendered":"<p>Padre Adriano Zandon\u00e1 presidir\u00e1 missas e far\u00e1 palestras no evento No primeiro fim de semana de 2024, de 05 a 07 de janeiro, a Can\u00e7\u00e3o Nova, em Cachoeira Paulista (SP), abre seu calend\u00e1rio de eventos com o Acampamento para Fam\u00edlias, que tem entrada gratuita, al\u00e9m de \u00e1rea de camping e espa\u00e7o para aqueles que viajam [&hellip;]<\/p>\n","protected":false},"author":1,"featured_media":423,"comment_status":"open","ping_status":"open","sticky":false,"template":"","format":"standard","meta":{"footnotes":""},"categories":[4],"tags":[],"class_list":["post-422","post","type-post","status-publish","format-standard","has-post-thumbnail","hentry","category-brasil"],"yoast_head":"<!-- This site is optimized with the Yoast SEO plugin v21.7 - https:\/\/yoast.com\/wordpress\/plugins\/seo\/ -->\n<title>Acampamento re\u00fane fam\u00edlias na Can\u00e7\u00e3o Nova em m\u00eas de f\u00e9rias - Compartilha Bahia<\/title>\n<meta name=\"robots\" content=\"index, follow, max-snippet:-1, max-image-preview:large, max-video-preview:-1\" \/>\n<link rel=\"canonical\" href=\"https:\/\/compartilhabahia.com.br\/index.php\/2024\/01\/03\/acampamento-reune-familias-na-cancao-nova-em-mes-de-ferias\/\" \/>\n<meta property=\"og:locale\" content=\"pt_BR\" \/>\n<meta property=\"og:type\" content=\"article\" \/>\n<meta property=\"og:title\" content=\"Acampamento re\u00fane fam\u00edlias na Can\u00e7\u00e3o Nova em m\u00eas de f\u00e9rias - Compartilha Bahia\" \/>\n<meta property=\"og:description\" content=\"Padre Adriano Zandon\u00e1 presidir\u00e1 missas e far\u00e1 palestras no evento No primeiro fim de semana de 2024, de 05 a 07 de janeiro, a Can\u00e7\u00e3o Nova, em Cachoeira Paulista (SP), abre seu calend\u00e1rio de eventos com o Acampamento para Fam\u00edlias, que tem entrada gratuita, al\u00e9m de \u00e1rea de camping e espa\u00e7o para aqueles que viajam [&hellip;]\" \/>\n<meta property=\"og:url\" content=\"https:\/\/compartilhabahia.com.br\/index.php\/2024\/01\/03\/acampamento-reune-familias-na-cancao-nova-em-mes-de-ferias\/\" \/>\n<meta property=\"og:site_name\" content=\"Compartilha Bahia\" \/>\n<meta property=\"article:publisher\" content=\"https:\/\/web.facebook.com\/compartilhabahia\" \/>\n<meta property=\"article:published_time\" content=\"2024-01-03T15:16:52+00:00\" \/>\n<meta property=\"article:modified_time\" content=\"2024-01-03T15:16:53+00:00\" \/>\n<meta property=\"og:image\" content=\"https:\/\/compartilhabahia.com.br\/wp-content\/uploads\/2024\/01\/Acamp.Familias-2024.jpg\" \/>\n\t<meta property=\"og:image:width\" content=\"512\" \/>\n\t<meta property=\"og:image:height\" content=\"288\" \/>\n\t<meta property=\"og:image:type\" content=\"image\/jpeg\" \/>\n<meta name=\"author\" content=\"admin\" \/>\n<meta name=\"twitter:card\" content=\"summary_large_image\" \/>\n<meta name=\"twitter:label1\" content=\"Escrito por\" \/>\n\t<meta name=\"twitter:data1\" content=\"admin\" \/>\n\t<meta name=\"twitter:label2\" content=\"Est. tempo de leitura\" \/>\n\t<meta name=\"twitter:data2\" content=\"2 minutos\" \/>\n<script type=\"application\/ld+json\" class=\"yoast-schema-graph\">{\"@context\":\"https:\/\/schema.org\",\"@graph\":[{\"@type\":\"Article\",\"@id\":\"https:\/\/compartilhabahia.com.br\/index.php\/2024\/01\/03\/acampamento-reune-familias-na-cancao-nova-em-mes-de-ferias\/#article\",\"isPartOf\":{\"@id\":\"https:\/\/compartilhabahia.com.br\/index.php\/2024\/01\/03\/acampamento-reune-familias-na-cancao-nova-em-mes-de-ferias\/\"},\"author\":{\"name\":\"admin\",\"@id\":\"https:\/\/compartilhabahia.com.br\/#\/schema\/person\/9b4f0c3178793b8248d6686732521c04\"},\"headline\":\"Acampamento re\u00fane fam\u00edlias na Can\u00e7\u00e3o Nova em m\u00eas de f\u00e9rias\",\"datePublished\":\"2024-01-03T15:16:52+00:00\",\"dateModified\":\"2024-01-03T15:16:53+00:00\",\"mainEntityOfPage\":{\"@id\":\"https:\/\/compartilhabahia.com.br\/index.php\/2024\/01\/03\/acampamento-reune-familias-na-cancao-nova-em-mes-de-ferias\/\"},\"wordCount\":314,\"commentCount\":0,\"publisher\":{\"@id\":\"https:\/\/compartilhabahia.com.br\/#organization\"},\"articleSection\":[\"Brasil\"],\"inLanguage\":\"pt-BR\",\"potentialAction\":[{\"@type\":\"CommentAction\",\"name\":\"Comment\",\"target\":[\"https:\/\/compartilhabahia.com.br\/index.php\/2024\/01\/03\/acampamento-reune-familias-na-cancao-nova-em-mes-de-ferias\/#respond\"]}]},{\"@type\":\"WebPage\",\"@id\":\"https:\/\/compartilhabahia.com.br\/index.php\/2024\/01\/03\/acampamento-reune-familias-na-cancao-nova-em-mes-de-ferias\/\",\"url\":\"https:\/\/compartilhabahia.com.br\/index.php\/2024\/01\/03\/acampamento-reune-familias-na-cancao-nova-em-mes-de-ferias\/\",\"name\":\"Acampamento re\u00fane fam\u00edlias na Can\u00e7\u00e3o Nova em m\u00eas de f\u00e9rias - Compartilha Bahia\",\"isPartOf\":{\"@id\":\"https:\/\/compartilhabahia.com.br\/#website\"},\"datePublished\":\"2024-01-03T15:16:52+00:00\",\"dateModified\":\"2024-01-03T15:16:53+00:00\",\"breadcrumb\":{\"@id\":\"https:\/\/compartilhabahia.com.br\/index.php\/2024\/01\/03\/acampamento-reune-familias-na-cancao-nova-em-mes-de-ferias\/#breadcrumb\"},\"inLanguage\":\"pt-BR\",\"potentialAction\":[{\"@type\":\"ReadAction\",\"target\":[\"https:\/\/compartilhabahia.com.br\/index.php\/2024\/01\/03\/acampamento-reune-familias-na-cancao-nova-em-mes-de-ferias\/\"]}]},{\"@type\":\"BreadcrumbList\",\"@id\":\"https:\/\/compartilhabahia.com.br\/index.php\/2024\/01\/03\/acampamento-reune-familias-na-cancao-nova-em-mes-de-ferias\/#breadcrumb\",\"itemListElement\":[{\"@type\":\"ListItem\",\"position\":1,\"name\":\"In\u00edcio\",\"item\":\"https:\/\/compartilhabahia.com.br\/\"},{\"@type\":\"ListItem\",\"position\":2,\"name\":\"Acampamento re\u00fane fam\u00edlias na Can\u00e7\u00e3o Nova em m\u00eas de f\u00e9rias\"}]},{\"@type\":\"WebSite\",\"@id\":\"https:\/\/compartilhabahia.com.br\/#website\",\"url\":\"https:\/\/compartilhabahia.com.br\/\",\"name\":\"Compartilha Bahia\",\"description\":\"\",\"publisher\":{\"@id\":\"https:\/\/compartilhabahia.com.br\/#organization\"},\"potentialAction\":[{\"@type\":\"SearchAction\",\"target\":{\"@type\":\"EntryPoint\",\"urlTemplate\":\"https:\/\/compartilhabahia.com.br\/?s={search_term_string}\"},\"query-input\":\"required name=search_term_string\"}],\"inLanguage\":\"pt-BR\"},{\"@type\":\"Organization\",\"@id\":\"https:\/\/compartilhabahia.com.br\/#organization\",\"name\":\"Compartilha Bahia\",\"url\":\"https:\/\/compartilhabahia.com.br\/\",\"logo\":{\"@type\":\"ImageObject\",\"inLanguage\":\"pt-BR\",\"@id\":\"https:\/\/compartilhabahia.com.br\/#\/schema\/logo\/image\/\",\"url\":\"https:\/\/compartilhabahia.com.br\/wp-content\/uploads\/2023\/12\/cropped-logo.png\",\"contentUrl\":\"https:\/\/compartilhabahia.com.br\/wp-content\/uploads\/2023\/12\/cropped-logo.png\",\"width\":300,\"height\":106,\"caption\":\"Compartilha Bahia\"},\"image\":{\"@id\":\"https:\/\/compartilhabahia.com.br\/#\/schema\/logo\/image\/\"},\"sameAs\":[\"https:\/\/web.facebook.com\/compartilhabahia\",\"https:\/\/www.instagram.com\/compartilhabahia\/\"]},{\"@type\":\"Person\",\"@id\":\"https:\/\/compartilhabahia.com.br\/#\/schema\/person\/9b4f0c3178793b8248d6686732521c04\",\"name\":\"admin\",\"image\":{\"@type\":\"ImageObject\",\"inLanguage\":\"pt-BR\",\"@id\":\"https:\/\/compartilhabahia.com.br\/#\/schema\/person\/image\/\",\"url\":\"https:\/\/secure.gravatar.com\/avatar\/9600df58751c5acbe914c538c03390ef649ea088cb65f84ba09c7ce66988eed6?s=96&d=mm&r=g\",\"contentUrl\":\"https:\/\/secure.gravatar.com\/avatar\/9600df58751c5acbe914c538c03390ef649ea088cb65f84ba09c7ce66988eed6?s=96&d=mm&r=g\",\"caption\":\"admin\"},\"sameAs\":[\"https:\/\/compartilhabahia.com.br\"],\"url\":\"https:\/\/compartilhabahia.com.br\/index.php\/author\/compartilhabahia\/\"}]}<\/script>\n<!-- \/ Yoast SEO plugin. -->","yoast_head_json":{"title":"Acampamento re\u00fane fam\u00edlias na Can\u00e7\u00e3o Nova em m\u00eas de f\u00e9rias - Compartilha Bahia","robots":{"index":"index","follow":"follow","max-snippet":"max-snippet:-1","max-image-preview":"max-image-preview:large","max-video-preview":"max-video-preview:-1"},"canonical":"https:\/\/compartilhabahia.com.br\/index.php\/2024\/01\/03\/acampamento-reune-familias-na-cancao-nova-em-mes-de-ferias\/","og_locale":"pt_BR","og_type":"article","og_title":"Acampamento re\u00fane fam\u00edlias na Can\u00e7\u00e3o Nova em m\u00eas de f\u00e9rias - Compartilha Bahia","og_description":"Padre Adriano Zandon\u00e1 presidir\u00e1 missas e far\u00e1 palestras no evento No primeiro fim de semana de 2024, de 05 a 07 de janeiro, a Can\u00e7\u00e3o Nova, em Cachoeira Paulista (SP), abre seu calend\u00e1rio de eventos com o Acampamento para Fam\u00edlias, que tem entrada gratuita, al\u00e9m de \u00e1rea de camping e espa\u00e7o para aqueles que viajam [&hellip;]","og_url":"https:\/\/compartilhabahia.com.br\/index.php\/2024\/01\/03\/acampamento-reune-familias-na-cancao-nova-em-mes-de-ferias\/","og_site_name":"Compartilha Bahia","article_publisher":"https:\/\/web.facebook.com\/compartilhabahia","article_published_time":"2024-01-03T15:16:52+00:00","article_modified_time":"2024-01-03T15:16:53+00:00","og_image":[{"width":512,"height":288,"url":"https:\/\/compartilhabahia.com.br\/wp-content\/uploads\/2024\/01\/Acamp.Familias-2024.jpg","type":"image\/jpeg"}],"author":"admin","twitter_card":"summary_large_image","twitter_misc":{"Escrito por":"admin","Est. tempo de leitura":"2 minutos"},"schema":{"@context":"https:\/\/schema.org","@graph":[{"@type":"Article","@id":"https:\/\/compartilhabahia.com.br\/index.php\/2024\/01\/03\/acampamento-reune-familias-na-cancao-nova-em-mes-de-ferias\/#article","isPartOf":{"@id":"https:\/\/compartilhabahia.com.br\/index.php\/2024\/01\/03\/acampamento-reune-familias-na-cancao-nova-em-mes-de-ferias\/"},"author":{"name":"admin","@id":"https:\/\/compartilhabahia.com.br\/#\/schema\/person\/9b4f0c3178793b8248d6686732521c04"},"headline":"Acampamento re\u00fane fam\u00edlias na Can\u00e7\u00e3o Nova em m\u00eas de f\u00e9rias","datePublished":"2024-01-03T15:16:52+00:00","dateModified":"2024-01-03T15:16:53+00:00","mainEntityOfPage":{"@id":"https:\/\/compartilhabahia.com.br\/index.php\/2024\/01\/03\/acampamento-reune-familias-na-cancao-nova-em-mes-de-ferias\/"},"wordCount":314,"commentCount":0,"publisher":{"@id":"https:\/\/compartilhabahia.com.br\/#organization"},"articleSection":["Brasil"],"inLanguage":"pt-BR","potentialAction":[{"@type":"CommentAction","name":"Comment","target":["https:\/\/compartilhabahia.com.br\/index.php\/2024\/01\/03\/acampamento-reune-familias-na-cancao-nova-em-mes-de-ferias\/#respond"]}]},{"@type":"WebPage","@id":"https:\/\/compartilhabahia.com.br\/index.php\/2024\/01\/03\/acampamento-reune-familias-na-cancao-nova-em-mes-de-ferias\/","url":"https:\/\/compartilhabahia.com.br\/index.php\/2024\/01\/03\/acampamento-reune-familias-na-cancao-nova-em-mes-de-ferias\/","name":"Acampamento re\u00fane fam\u00edlias na Can\u00e7\u00e3o Nova em m\u00eas de f\u00e9rias - Compartilha Bahia","isPartOf":{"@id":"https:\/\/compartilhabahia.com.br\/#website"},"datePublished":"2024-01-03T15:16:52+00:00","dateModified":"2024-01-03T15:16:53+00:00","breadcrumb":{"@id":"https:\/\/compartilhabahia.com.br\/index.php\/2024\/01\/03\/acampamento-reune-familias-na-cancao-nova-em-mes-de-ferias\/#breadcrumb"},"inLanguage":"pt-BR","potentialAction":[{"@type":"ReadAction","target":["https:\/\/compartilhabahia.com.br\/index.php\/2024\/01\/03\/acampamento-reune-familias-na-cancao-nova-em-mes-de-ferias\/"]}]},{"@type":"BreadcrumbList","@id":"https:\/\/compartilhabahia.com.br\/index.php\/2024\/01\/03\/acampamento-reune-familias-na-cancao-nova-em-mes-de-ferias\/#breadcrumb","itemListElement":[{"@type":"ListItem","position":1,"name":"In\u00edcio","item":"https:\/\/compartilhabahia.com.br\/"},{"@type":"ListItem","position":2,"name":"Acampamento re\u00fane fam\u00edlias na Can\u00e7\u00e3o Nova em m\u00eas de f\u00e9rias"}]},{"@type":"WebSite","@id":"https:\/\/compartilhabahia.com.br\/#website","url":"https:\/\/compartilhabahia.com.br\/","name":"Compartilha Bahia","description":"","publisher":{"@id":"https:\/\/compartilhabahia.com.br\/#organization"},"potentialAction":[{"@type":"SearchAction","target":{"@type":"EntryPoint","urlTemplate":"https:\/\/compartilhabahia.com.br\/?s={search_term_string}"},"query-input":"required name=search_term_string"}],"inLanguage":"pt-BR"},{"@type":"Organization","@id":"https:\/\/compartilhabahia.com.br\/#organization","name":"Compartilha Bahia","url":"https:\/\/compartilhabahia.com.br\/","logo":{"@type":"ImageObject","inLanguage":"pt-BR","@id":"https:\/\/compartilhabahia.com.br\/#\/schema\/logo\/image\/","url":"https:\/\/compartilhabahia.com.br\/wp-content\/uploads\/2023\/12\/cropped-logo.png","contentUrl":"https:\/\/compartilhabahia.com.br\/wp-content\/uploads\/2023\/12\/cropped-logo.png","width":300,"height":106,"caption":"Compartilha Bahia"},"image":{"@id":"https:\/\/compartilhabahia.com.br\/#\/schema\/logo\/image\/"},"sameAs":["https:\/\/web.facebook.com\/compartilhabahia","https:\/\/www.instagram.com\/compartilhabahia\/"]},{"@type":"Person","@id":"https:\/\/compartilhabahia.com.br\/#\/schema\/person\/9b4f0c3178793b8248d6686732521c04","name":"admin","image":{"@type":"ImageObject","inLanguage":"pt-BR","@id":"https:\/\/compartilhabahia.com.br\/#\/schema\/person\/image\/","url":"https:\/\/secure.gravatar.com\/avatar\/9600df58751c5acbe914c538c03390ef649ea088cb65f84ba09c7ce66988eed6?s=96&d=mm&r=g","contentUrl":"https:\/\/secure.gravatar.com\/avatar\/9600df58751c5acbe914c538c03390ef649ea088cb65f84ba09c7ce66988eed6?s=96&d=mm&r=g","caption":"admin"},"sameAs":["https:\/\/compartilhabahia.com.br"],"url":"https:\/\/compartilhabahia.com.br\/index.php\/author\/compartilhabahia\/"}]}},"_links":{"self":[{"href":"https:\/\/compartilhabahia.com.br\/index.php\/wp-json\/wp\/v2\/posts\/422","targetHints":{"allow":["GET"]}}],"collection":[{"href":"https:\/\/compartilhabahia.com.br\/index.php\/wp-json\/wp\/v2\/posts"}],"about":[{"href":"https:\/\/compartilhabahia.com.br\/index.php\/wp-json\/wp\/v2\/types\/post"}],"author":[{"embeddable":true,"href":"https:\/\/compartilhabahia.com.br\/index.php\/wp-json\/wp\/v2\/users\/1"}],"replies":[{"embeddable":true,"href":"https:\/\/compartilhabahia.com.br\/index.php\/wp-json\/wp\/v2\/comments?post=422"}],"version-history":[{"count":1,"href":"https:\/\/compartilhabahia.com.br\/index.php\/wp-json\/wp\/v2\/posts\/422\/revisions"}],"predecessor-version":[{"id":424,"href":"https:\/\/compartilhabahia.com.br\/index.php\/wp-json\/wp\/v2\/posts\/422\/revisions\/424"}],"wp:featuredmedia":[{"embeddable":true,"href":"https:\/\/compartilhabahia.com.br\/index.php\/wp-json\/wp\/v2\/media\/423"}],"wp:attachment":[{"href":"https:\/\/compartilhabahia.com.br\/index.php\/wp-json\/wp\/v2\/media?parent=422"}],"wp:term":[{"taxonomy":"category","embeddable":true,"href":"https:\/\/compartilhabahia.com.br\/index.php\/wp-json\/wp\/v2\/categories?post=422"},{"taxonomy":"post_tag","embeddable":true,"href":"https:\/\/compartilhabahia.com.br\/index.php\/wp-json\/wp\/v2\/tags?post=422"}],"curies":[{"name":"wp","href":"https:\/\/api.w.org\/{rel}","templated":true}]}}