{"id":4175,"date":"2024-10-28T20:46:57","date_gmt":"2024-10-28T20:46:57","guid":{"rendered":"https:\/\/compartilhabahia.com.br\/?p=4175"},"modified":"2024-10-28T20:49:13","modified_gmt":"2024-10-28T20:49:13","slug":"homem-morre-apos-ser-atingido-com-um-tiro-na-nuca-no-bairro-da-bomba","status":"publish","type":"post","link":"https:\/\/compartilhabahia.com.br\/index.php\/2024\/10\/28\/homem-morre-apos-ser-atingido-com-um-tiro-na-nuca-no-bairro-da-bomba\/","title":{"rendered":"Homem morre ap\u00f3s ser atingido com um tiro na nuca no bairro da Bomba"},"content":{"rendered":"\n<p>Um homem identificado como Paulo Roberto, de 46 anos, morreu no final da tarde deste domingo (27), ap\u00f3s ser atingido por um tiro na nuca enquanto dirigia um ve\u00edculo no Bairro da Bomba, no Munic\u00edpio de Cama\u00e7ari (BA).<\/p>\n\n\n\n<p>Ap\u00f3s ser atingido pelo tiro, que entrou pelo vidro traseiro, o condutor perdeu o controle do ve\u00edculo e acabou colidindo em um obst\u00e1culo. Ao chegar no local, o socorro encontrou a vitima sem vida. Segundo informa\u00e7\u00f5es o autor do tiro, provavelmente fez o disparo ap\u00f3s um desentendimento no tr\u00e2nsito. <\/p>\n\n\n\n<p>Paulo Roberto, era motorista de aplicativo e entregador de produtos comprados pela internet. <\/p>\n","protected":false},"excerpt":{"rendered":"<p>Um homem identificado como Paulo Roberto, de 46 anos, morreu no final da tarde deste domingo (27), ap\u00f3s ser atingido por um tiro na nuca enquanto dirigia um ve\u00edculo no Bairro da Bomba, no Munic\u00edpio de Cama\u00e7ari (BA). Ap\u00f3s ser atingido pelo tiro, que entrou pelo vidro traseiro, o condutor perdeu o controle do ve\u00edculo [&hellip;]<\/p>\n","protected":false},"author":1,"featured_media":4176,"comment_status":"open","ping_status":"open","sticky":false,"template":"","format":"standard","meta":{"footnotes":""},"categories":[1],"tags":[],"class_list":["post-4175","post","type-post","status-publish","format-standard","has-post-thumbnail","hentry","category-mundo"],"yoast_head":"<!-- This site is optimized with the Yoast SEO plugin v21.7 - https:\/\/yoast.com\/wordpress\/plugins\/seo\/ -->\n<title>Homem morre ap\u00f3s ser atingido com um tiro na nuca no bairro da Bomba - Compartilha Bahia<\/title>\n<meta name=\"robots\" content=\"index, follow, max-snippet:-1, max-image-preview:large, max-video-preview:-1\" \/>\n<link rel=\"canonical\" href=\"https:\/\/compartilhabahia.com.br\/index.php\/2024\/10\/28\/homem-morre-apos-ser-atingido-com-um-tiro-na-nuca-no-bairro-da-bomba\/\" \/>\n<meta property=\"og:locale\" content=\"pt_BR\" \/>\n<meta property=\"og:type\" content=\"article\" \/>\n<meta property=\"og:title\" content=\"Homem morre ap\u00f3s ser atingido com um tiro na nuca no bairro da Bomba - Compartilha Bahia\" \/>\n<meta property=\"og:description\" content=\"Um homem identificado como Paulo Roberto, de 46 anos, morreu no final da tarde deste domingo (27), ap\u00f3s ser atingido por um tiro na nuca enquanto dirigia um ve\u00edculo no Bairro da Bomba, no Munic\u00edpio de Cama\u00e7ari (BA). Ap\u00f3s ser atingido pelo tiro, que entrou pelo vidro traseiro, o condutor perdeu o controle do ve\u00edculo [&hellip;]\" \/>\n<meta property=\"og:url\" content=\"https:\/\/compartilhabahia.com.br\/index.php\/2024\/10\/28\/homem-morre-apos-ser-atingido-com-um-tiro-na-nuca-no-bairro-da-bomba\/\" \/>\n<meta property=\"og:site_name\" content=\"Compartilha Bahia\" \/>\n<meta property=\"article:publisher\" content=\"https:\/\/web.facebook.com\/compartilhabahia\" \/>\n<meta property=\"article:published_time\" content=\"2024-10-28T20:46:57+00:00\" \/>\n<meta property=\"article:modified_time\" content=\"2024-10-28T20:49:13+00:00\" \/>\n<meta property=\"og:image\" content=\"https:\/\/compartilhabahia.com.br\/wp-content\/uploads\/2024\/10\/motoristamorto.jpg\" \/>\n\t<meta property=\"og:image:width\" content=\"1366\" \/>\n\t<meta property=\"og:image:height\" content=\"768\" \/>\n\t<meta property=\"og:image:type\" content=\"image\/jpeg\" \/>\n<meta name=\"author\" content=\"admin\" \/>\n<meta name=\"twitter:card\" content=\"summary_large_image\" \/>\n<meta name=\"twitter:label1\" content=\"Escrito por\" \/>\n\t<meta name=\"twitter:data1\" content=\"admin\" \/>\n\t<meta name=\"twitter:label2\" content=\"Est. tempo de leitura\" \/>\n\t<meta name=\"twitter:data2\" content=\"1 minuto\" \/>\n<script type=\"application\/ld+json\" class=\"yoast-schema-graph\">{\"@context\":\"https:\/\/schema.org\",\"@graph\":[{\"@type\":\"Article\",\"@id\":\"https:\/\/compartilhabahia.com.br\/index.php\/2024\/10\/28\/homem-morre-apos-ser-atingido-com-um-tiro-na-nuca-no-bairro-da-bomba\/#article\",\"isPartOf\":{\"@id\":\"https:\/\/compartilhabahia.com.br\/index.php\/2024\/10\/28\/homem-morre-apos-ser-atingido-com-um-tiro-na-nuca-no-bairro-da-bomba\/\"},\"author\":{\"name\":\"admin\",\"@id\":\"https:\/\/compartilhabahia.com.br\/#\/schema\/person\/9b4f0c3178793b8248d6686732521c04\"},\"headline\":\"Homem morre ap\u00f3s ser atingido com um tiro na nuca no bairro da Bomba\",\"datePublished\":\"2024-10-28T20:46:57+00:00\",\"dateModified\":\"2024-10-28T20:49:13+00:00\",\"mainEntityOfPage\":{\"@id\":\"https:\/\/compartilhabahia.com.br\/index.php\/2024\/10\/28\/homem-morre-apos-ser-atingido-com-um-tiro-na-nuca-no-bairro-da-bomba\/\"},\"wordCount\":123,\"commentCount\":0,\"publisher\":{\"@id\":\"https:\/\/compartilhabahia.com.br\/#organization\"},\"articleSection\":[\"Mundo\"],\"inLanguage\":\"pt-BR\",\"potentialAction\":[{\"@type\":\"CommentAction\",\"name\":\"Comment\",\"target\":[\"https:\/\/compartilhabahia.com.br\/index.php\/2024\/10\/28\/homem-morre-apos-ser-atingido-com-um-tiro-na-nuca-no-bairro-da-bomba\/#respond\"]}]},{\"@type\":\"WebPage\",\"@id\":\"https:\/\/compartilhabahia.com.br\/index.php\/2024\/10\/28\/homem-morre-apos-ser-atingido-com-um-tiro-na-nuca-no-bairro-da-bomba\/\",\"url\":\"https:\/\/compartilhabahia.com.br\/index.php\/2024\/10\/28\/homem-morre-apos-ser-atingido-com-um-tiro-na-nuca-no-bairro-da-bomba\/\",\"name\":\"Homem morre ap\u00f3s ser atingido com um tiro na nuca no bairro da Bomba - Compartilha Bahia\",\"isPartOf\":{\"@id\":\"https:\/\/compartilhabahia.com.br\/#website\"},\"datePublished\":\"2024-10-28T20:46:57+00:00\",\"dateModified\":\"2024-10-28T20:49:13+00:00\",\"breadcrumb\":{\"@id\":\"https:\/\/compartilhabahia.com.br\/index.php\/2024\/10\/28\/homem-morre-apos-ser-atingido-com-um-tiro-na-nuca-no-bairro-da-bomba\/#breadcrumb\"},\"inLanguage\":\"pt-BR\",\"potentialAction\":[{\"@type\":\"ReadAction\",\"target\":[\"https:\/\/compartilhabahia.com.br\/index.php\/2024\/10\/28\/homem-morre-apos-ser-atingido-com-um-tiro-na-nuca-no-bairro-da-bomba\/\"]}]},{\"@type\":\"BreadcrumbList\",\"@id\":\"https:\/\/compartilhabahia.com.br\/index.php\/2024\/10\/28\/homem-morre-apos-ser-atingido-com-um-tiro-na-nuca-no-bairro-da-bomba\/#breadcrumb\",\"itemListElement\":[{\"@type\":\"ListItem\",\"position\":1,\"name\":\"In\u00edcio\",\"item\":\"https:\/\/compartilhabahia.com.br\/\"},{\"@type\":\"ListItem\",\"position\":2,\"name\":\"Homem morre ap\u00f3s ser atingido com um tiro na nuca no bairro da Bomba\"}]},{\"@type\":\"WebSite\",\"@id\":\"https:\/\/compartilhabahia.com.br\/#website\",\"url\":\"https:\/\/compartilhabahia.com.br\/\",\"name\":\"Compartilha Bahia\",\"description\":\"\",\"publisher\":{\"@id\":\"https:\/\/compartilhabahia.com.br\/#organization\"},\"potentialAction\":[{\"@type\":\"SearchAction\",\"target\":{\"@type\":\"EntryPoint\",\"urlTemplate\":\"https:\/\/compartilhabahia.com.br\/?s={search_term_string}\"},\"query-input\":\"required name=search_term_string\"}],\"inLanguage\":\"pt-BR\"},{\"@type\":\"Organization\",\"@id\":\"https:\/\/compartilhabahia.com.br\/#organization\",\"name\":\"Compartilha Bahia\",\"url\":\"https:\/\/compartilhabahia.com.br\/\",\"logo\":{\"@type\":\"ImageObject\",\"inLanguage\":\"pt-BR\",\"@id\":\"https:\/\/compartilhabahia.com.br\/#\/schema\/logo\/image\/\",\"url\":\"https:\/\/compartilhabahia.com.br\/wp-content\/uploads\/2023\/12\/cropped-logo.png\",\"contentUrl\":\"https:\/\/compartilhabahia.com.br\/wp-content\/uploads\/2023\/12\/cropped-logo.png\",\"width\":300,\"height\":106,\"caption\":\"Compartilha Bahia\"},\"image\":{\"@id\":\"https:\/\/compartilhabahia.com.br\/#\/schema\/logo\/image\/\"},\"sameAs\":[\"https:\/\/web.facebook.com\/compartilhabahia\",\"https:\/\/www.instagram.com\/compartilhabahia\/\"]},{\"@type\":\"Person\",\"@id\":\"https:\/\/compartilhabahia.com.br\/#\/schema\/person\/9b4f0c3178793b8248d6686732521c04\",\"name\":\"admin\",\"image\":{\"@type\":\"ImageObject\",\"inLanguage\":\"pt-BR\",\"@id\":\"https:\/\/compartilhabahia.com.br\/#\/schema\/person\/image\/\",\"url\":\"https:\/\/secure.gravatar.com\/avatar\/9600df58751c5acbe914c538c03390ef649ea088cb65f84ba09c7ce66988eed6?s=96&d=mm&r=g\",\"contentUrl\":\"https:\/\/secure.gravatar.com\/avatar\/9600df58751c5acbe914c538c03390ef649ea088cb65f84ba09c7ce66988eed6?s=96&d=mm&r=g\",\"caption\":\"admin\"},\"sameAs\":[\"https:\/\/compartilhabahia.com.br\"],\"url\":\"https:\/\/compartilhabahia.com.br\/index.php\/author\/compartilhabahia\/\"}]}<\/script>\n<!-- \/ Yoast SEO plugin. -->","yoast_head_json":{"title":"Homem morre ap\u00f3s ser atingido com um tiro na nuca no bairro da Bomba - Compartilha Bahia","robots":{"index":"index","follow":"follow","max-snippet":"max-snippet:-1","max-image-preview":"max-image-preview:large","max-video-preview":"max-video-preview:-1"},"canonical":"https:\/\/compartilhabahia.com.br\/index.php\/2024\/10\/28\/homem-morre-apos-ser-atingido-com-um-tiro-na-nuca-no-bairro-da-bomba\/","og_locale":"pt_BR","og_type":"article","og_title":"Homem morre ap\u00f3s ser atingido com um tiro na nuca no bairro da Bomba - Compartilha Bahia","og_description":"Um homem identificado como Paulo Roberto, de 46 anos, morreu no final da tarde deste domingo (27), ap\u00f3s ser atingido por um tiro na nuca enquanto dirigia um ve\u00edculo no Bairro da Bomba, no Munic\u00edpio de Cama\u00e7ari (BA). Ap\u00f3s ser atingido pelo tiro, que entrou pelo vidro traseiro, o condutor perdeu o controle do ve\u00edculo [&hellip;]","og_url":"https:\/\/compartilhabahia.com.br\/index.php\/2024\/10\/28\/homem-morre-apos-ser-atingido-com-um-tiro-na-nuca-no-bairro-da-bomba\/","og_site_name":"Compartilha Bahia","article_publisher":"https:\/\/web.facebook.com\/compartilhabahia","article_published_time":"2024-10-28T20:46:57+00:00","article_modified_time":"2024-10-28T20:49:13+00:00","og_image":[{"width":1366,"height":768,"url":"https:\/\/compartilhabahia.com.br\/wp-content\/uploads\/2024\/10\/motoristamorto.jpg","type":"image\/jpeg"}],"author":"admin","twitter_card":"summary_large_image","twitter_misc":{"Escrito por":"admin","Est. tempo de leitura":"1 minuto"},"schema":{"@context":"https:\/\/schema.org","@graph":[{"@type":"Article","@id":"https:\/\/compartilhabahia.com.br\/index.php\/2024\/10\/28\/homem-morre-apos-ser-atingido-com-um-tiro-na-nuca-no-bairro-da-bomba\/#article","isPartOf":{"@id":"https:\/\/compartilhabahia.com.br\/index.php\/2024\/10\/28\/homem-morre-apos-ser-atingido-com-um-tiro-na-nuca-no-bairro-da-bomba\/"},"author":{"name":"admin","@id":"https:\/\/compartilhabahia.com.br\/#\/schema\/person\/9b4f0c3178793b8248d6686732521c04"},"headline":"Homem morre ap\u00f3s ser atingido com um tiro na nuca no bairro da Bomba","datePublished":"2024-10-28T20:46:57+00:00","dateModified":"2024-10-28T20:49:13+00:00","mainEntityOfPage":{"@id":"https:\/\/compartilhabahia.com.br\/index.php\/2024\/10\/28\/homem-morre-apos-ser-atingido-com-um-tiro-na-nuca-no-bairro-da-bomba\/"},"wordCount":123,"commentCount":0,"publisher":{"@id":"https:\/\/compartilhabahia.com.br\/#organization"},"articleSection":["Mundo"],"inLanguage":"pt-BR","potentialAction":[{"@type":"CommentAction","name":"Comment","target":["https:\/\/compartilhabahia.com.br\/index.php\/2024\/10\/28\/homem-morre-apos-ser-atingido-com-um-tiro-na-nuca-no-bairro-da-bomba\/#respond"]}]},{"@type":"WebPage","@id":"https:\/\/compartilhabahia.com.br\/index.php\/2024\/10\/28\/homem-morre-apos-ser-atingido-com-um-tiro-na-nuca-no-bairro-da-bomba\/","url":"https:\/\/compartilhabahia.com.br\/index.php\/2024\/10\/28\/homem-morre-apos-ser-atingido-com-um-tiro-na-nuca-no-bairro-da-bomba\/","name":"Homem morre ap\u00f3s ser atingido com um tiro na nuca no bairro da Bomba - Compartilha Bahia","isPartOf":{"@id":"https:\/\/compartilhabahia.com.br\/#website"},"datePublished":"2024-10-28T20:46:57+00:00","dateModified":"2024-10-28T20:49:13+00:00","breadcrumb":{"@id":"https:\/\/compartilhabahia.com.br\/index.php\/2024\/10\/28\/homem-morre-apos-ser-atingido-com-um-tiro-na-nuca-no-bairro-da-bomba\/#breadcrumb"},"inLanguage":"pt-BR","potentialAction":[{"@type":"ReadAction","target":["https:\/\/compartilhabahia.com.br\/index.php\/2024\/10\/28\/homem-morre-apos-ser-atingido-com-um-tiro-na-nuca-no-bairro-da-bomba\/"]}]},{"@type":"BreadcrumbList","@id":"https:\/\/compartilhabahia.com.br\/index.php\/2024\/10\/28\/homem-morre-apos-ser-atingido-com-um-tiro-na-nuca-no-bairro-da-bomba\/#breadcrumb","itemListElement":[{"@type":"ListItem","position":1,"name":"In\u00edcio","item":"https:\/\/compartilhabahia.com.br\/"},{"@type":"ListItem","position":2,"name":"Homem morre ap\u00f3s ser atingido com um tiro na nuca no bairro da Bomba"}]},{"@type":"WebSite","@id":"https:\/\/compartilhabahia.com.br\/#website","url":"https:\/\/compartilhabahia.com.br\/","name":"Compartilha Bahia","description":"","publisher":{"@id":"https:\/\/compartilhabahia.com.br\/#organization"},"potentialAction":[{"@type":"SearchAction","target":{"@type":"EntryPoint","urlTemplate":"https:\/\/compartilhabahia.com.br\/?s={search_term_string}"},"query-input":"required name=search_term_string"}],"inLanguage":"pt-BR"},{"@type":"Organization","@id":"https:\/\/compartilhabahia.com.br\/#organization","name":"Compartilha Bahia","url":"https:\/\/compartilhabahia.com.br\/","logo":{"@type":"ImageObject","inLanguage":"pt-BR","@id":"https:\/\/compartilhabahia.com.br\/#\/schema\/logo\/image\/","url":"https:\/\/compartilhabahia.com.br\/wp-content\/uploads\/2023\/12\/cropped-logo.png","contentUrl":"https:\/\/compartilhabahia.com.br\/wp-content\/uploads\/2023\/12\/cropped-logo.png","width":300,"height":106,"caption":"Compartilha Bahia"},"image":{"@id":"https:\/\/compartilhabahia.com.br\/#\/schema\/logo\/image\/"},"sameAs":["https:\/\/web.facebook.com\/compartilhabahia","https:\/\/www.instagram.com\/compartilhabahia\/"]},{"@type":"Person","@id":"https:\/\/compartilhabahia.com.br\/#\/schema\/person\/9b4f0c3178793b8248d6686732521c04","name":"admin","image":{"@type":"ImageObject","inLanguage":"pt-BR","@id":"https:\/\/compartilhabahia.com.br\/#\/schema\/person\/image\/","url":"https:\/\/secure.gravatar.com\/avatar\/9600df58751c5acbe914c538c03390ef649ea088cb65f84ba09c7ce66988eed6?s=96&d=mm&r=g","contentUrl":"https:\/\/secure.gravatar.com\/avatar\/9600df58751c5acbe914c538c03390ef649ea088cb65f84ba09c7ce66988eed6?s=96&d=mm&r=g","caption":"admin"},"sameAs":["https:\/\/compartilhabahia.com.br"],"url":"https:\/\/compartilhabahia.com.br\/index.php\/author\/compartilhabahia\/"}]}},"_links":{"self":[{"href":"https:\/\/compartilhabahia.com.br\/index.php\/wp-json\/wp\/v2\/posts\/4175","targetHints":{"allow":["GET"]}}],"collection":[{"href":"https:\/\/compartilhabahia.com.br\/index.php\/wp-json\/wp\/v2\/posts"}],"about":[{"href":"https:\/\/compartilhabahia.com.br\/index.php\/wp-json\/wp\/v2\/types\/post"}],"author":[{"embeddable":true,"href":"https:\/\/compartilhabahia.com.br\/index.php\/wp-json\/wp\/v2\/users\/1"}],"replies":[{"embeddable":true,"href":"https:\/\/compartilhabahia.com.br\/index.php\/wp-json\/wp\/v2\/comments?post=4175"}],"version-history":[{"count":2,"href":"https:\/\/compartilhabahia.com.br\/index.php\/wp-json\/wp\/v2\/posts\/4175\/revisions"}],"predecessor-version":[{"id":4179,"href":"https:\/\/compartilhabahia.com.br\/index.php\/wp-json\/wp\/v2\/posts\/4175\/revisions\/4179"}],"wp:featuredmedia":[{"embeddable":true,"href":"https:\/\/compartilhabahia.com.br\/index.php\/wp-json\/wp\/v2\/media\/4176"}],"wp:attachment":[{"href":"https:\/\/compartilhabahia.com.br\/index.php\/wp-json\/wp\/v2\/media?parent=4175"}],"wp:term":[{"taxonomy":"category","embeddable":true,"href":"https:\/\/compartilhabahia.com.br\/index.php\/wp-json\/wp\/v2\/categories?post=4175"},{"taxonomy":"post_tag","embeddable":true,"href":"https:\/\/compartilhabahia.com.br\/index.php\/wp-json\/wp\/v2\/tags?post=4175"}],"curies":[{"name":"wp","href":"https:\/\/api.w.org\/{rel}","templated":true}]}}