{"id":413,"date":"2024-01-03T14:41:37","date_gmt":"2024-01-03T14:41:37","guid":{"rendered":"https:\/\/compartilhabahia.com.br\/?p=413"},"modified":"2024-01-03T14:41:39","modified_gmt":"2024-01-03T14:41:39","slug":"guerra-de-faccao-em-salvador-deixa-dois-mortos-na-boca-do-rio","status":"publish","type":"post","link":"https:\/\/compartilhabahia.com.br\/index.php\/2024\/01\/03\/guerra-de-faccao-em-salvador-deixa-dois-mortos-na-boca-do-rio\/","title":{"rendered":"Guerra de fac\u00e7\u00e3o em Salvador deixa dois mortos na Boca do Rio"},"content":{"rendered":"\n<p>Dois homens foram mortos por disparos de arma de fogo, na madrugada desta quarta-feira, 3, na regi\u00e3o da Baixa Fria, no bairro da Boca do Rio, na cidade de Salvador.<\/p>\n\n\n\n<p>De acordo com a Pol\u00edcia Militar (PM-BA), os indiv\u00edduos executados foram identificados como&nbsp;Wallace Concei\u00e7\u00e3o Santos e&nbsp;Joseilson Jesus dos Santos, de 34 e 40 anos, respectivamente.<\/p>\n\n\n\n<p>Informa\u00e7\u00f5es preliminares apontam que o tiroteio teria se iniciado a partir do ataque de uma fac\u00e7\u00e3o criminosa com forte atua\u00e7\u00e3o na regi\u00e3o. O crime aconteceu na altura da Rua Novo Para\u00edso.&nbsp;<\/p>\n\n\n\n<p>A dupla ainda chegou a ser socorrida por populares, que os encaminharam para uma unidade de sa\u00fade nas proximidades, mas eles n\u00e3o resistiram aos ferimentos.<\/p>\n\n\n\n<p>At\u00e9 o momento, ainda n\u00e3o h\u00e1 informa\u00e7\u00f5es se as v\u00edtimas tinham envolvimento com o tr\u00e1fico de drogas. Ap\u00f3s a investida, os homens fugiram do local.<\/p>\n\n\n\n<p>A Pol\u00edcia Civil informou que o Departamento de Homic\u00eddios e Prote\u00e7\u00e3o \u00e0 Pessoa (DHPP) investiga o duplo homic\u00eddio e que a autoria e motiva\u00e7\u00e3o est\u00e3o sendo apuradas.<\/p>\n","protected":false},"excerpt":{"rendered":"<p>Dois homens foram mortos por disparos de arma de fogo, na madrugada desta quarta-feira, 3, na regi\u00e3o da Baixa Fria, no bairro da Boca do Rio, na cidade de Salvador. De acordo com a Pol\u00edcia Militar (PM-BA), os indiv\u00edduos executados foram identificados como&nbsp;Wallace Concei\u00e7\u00e3o Santos e&nbsp;Joseilson Jesus dos Santos, de 34 e 40 anos, respectivamente. [&hellip;]<\/p>\n","protected":false},"author":1,"featured_media":414,"comment_status":"open","ping_status":"open","sticky":false,"template":"","format":"standard","meta":{"footnotes":""},"categories":[10],"tags":[],"class_list":["post-413","post","type-post","status-publish","format-standard","has-post-thumbnail","hentry","category-bahia"],"yoast_head":"<!-- This site is optimized with the Yoast SEO plugin v21.7 - https:\/\/yoast.com\/wordpress\/plugins\/seo\/ -->\n<title>Guerra de fac\u00e7\u00e3o em Salvador deixa dois mortos na Boca do Rio - Compartilha Bahia<\/title>\n<meta name=\"robots\" content=\"index, follow, max-snippet:-1, max-image-preview:large, max-video-preview:-1\" \/>\n<link rel=\"canonical\" href=\"https:\/\/compartilhabahia.com.br\/index.php\/2024\/01\/03\/guerra-de-faccao-em-salvador-deixa-dois-mortos-na-boca-do-rio\/\" \/>\n<meta property=\"og:locale\" content=\"pt_BR\" \/>\n<meta property=\"og:type\" content=\"article\" \/>\n<meta property=\"og:title\" content=\"Guerra de fac\u00e7\u00e3o em Salvador deixa dois mortos na Boca do Rio - Compartilha Bahia\" \/>\n<meta property=\"og:description\" content=\"Dois homens foram mortos por disparos de arma de fogo, na madrugada desta quarta-feira, 3, na regi\u00e3o da Baixa Fria, no bairro da Boca do Rio, na cidade de Salvador. De acordo com a Pol\u00edcia Militar (PM-BA), os indiv\u00edduos executados foram identificados como&nbsp;Wallace Concei\u00e7\u00e3o Santos e&nbsp;Joseilson Jesus dos Santos, de 34 e 40 anos, respectivamente. [&hellip;]\" \/>\n<meta property=\"og:url\" content=\"https:\/\/compartilhabahia.com.br\/index.php\/2024\/01\/03\/guerra-de-faccao-em-salvador-deixa-dois-mortos-na-boca-do-rio\/\" \/>\n<meta property=\"og:site_name\" content=\"Compartilha Bahia\" \/>\n<meta property=\"article:publisher\" content=\"https:\/\/web.facebook.com\/compartilhabahia\" \/>\n<meta property=\"article:published_time\" content=\"2024-01-03T14:41:37+00:00\" \/>\n<meta property=\"article:modified_time\" content=\"2024-01-03T14:41:39+00:00\" \/>\n<meta property=\"og:image\" content=\"https:\/\/compartilhabahia.com.br\/wp-content\/uploads\/2024\/01\/csm_WhatsApp_Image_2020-09-28_at_14.28.38__1__db4be17c2b.jpeg\" \/>\n\t<meta property=\"og:image:width\" content=\"747\" \/>\n\t<meta property=\"og:image:height\" content=\"471\" \/>\n\t<meta property=\"og:image:type\" content=\"image\/jpeg\" \/>\n<meta name=\"author\" content=\"admin\" \/>\n<meta name=\"twitter:card\" content=\"summary_large_image\" \/>\n<meta name=\"twitter:label1\" content=\"Escrito por\" \/>\n\t<meta name=\"twitter:data1\" content=\"admin\" \/>\n\t<meta name=\"twitter:label2\" content=\"Est. tempo de leitura\" \/>\n\t<meta name=\"twitter:data2\" content=\"2 minutos\" \/>\n<script type=\"application\/ld+json\" class=\"yoast-schema-graph\">{\"@context\":\"https:\/\/schema.org\",\"@graph\":[{\"@type\":\"Article\",\"@id\":\"https:\/\/compartilhabahia.com.br\/index.php\/2024\/01\/03\/guerra-de-faccao-em-salvador-deixa-dois-mortos-na-boca-do-rio\/#article\",\"isPartOf\":{\"@id\":\"https:\/\/compartilhabahia.com.br\/index.php\/2024\/01\/03\/guerra-de-faccao-em-salvador-deixa-dois-mortos-na-boca-do-rio\/\"},\"author\":{\"name\":\"admin\",\"@id\":\"https:\/\/compartilhabahia.com.br\/#\/schema\/person\/9b4f0c3178793b8248d6686732521c04\"},\"headline\":\"Guerra de fac\u00e7\u00e3o em Salvador deixa dois mortos na Boca do Rio\",\"datePublished\":\"2024-01-03T14:41:37+00:00\",\"dateModified\":\"2024-01-03T14:41:39+00:00\",\"mainEntityOfPage\":{\"@id\":\"https:\/\/compartilhabahia.com.br\/index.php\/2024\/01\/03\/guerra-de-faccao-em-salvador-deixa-dois-mortos-na-boca-do-rio\/\"},\"wordCount\":199,\"commentCount\":0,\"publisher\":{\"@id\":\"https:\/\/compartilhabahia.com.br\/#organization\"},\"articleSection\":[\"Bahia\"],\"inLanguage\":\"pt-BR\",\"potentialAction\":[{\"@type\":\"CommentAction\",\"name\":\"Comment\",\"target\":[\"https:\/\/compartilhabahia.com.br\/index.php\/2024\/01\/03\/guerra-de-faccao-em-salvador-deixa-dois-mortos-na-boca-do-rio\/#respond\"]}]},{\"@type\":\"WebPage\",\"@id\":\"https:\/\/compartilhabahia.com.br\/index.php\/2024\/01\/03\/guerra-de-faccao-em-salvador-deixa-dois-mortos-na-boca-do-rio\/\",\"url\":\"https:\/\/compartilhabahia.com.br\/index.php\/2024\/01\/03\/guerra-de-faccao-em-salvador-deixa-dois-mortos-na-boca-do-rio\/\",\"name\":\"Guerra de fac\u00e7\u00e3o em Salvador deixa dois mortos na Boca do Rio - Compartilha Bahia\",\"isPartOf\":{\"@id\":\"https:\/\/compartilhabahia.com.br\/#website\"},\"datePublished\":\"2024-01-03T14:41:37+00:00\",\"dateModified\":\"2024-01-03T14:41:39+00:00\",\"breadcrumb\":{\"@id\":\"https:\/\/compartilhabahia.com.br\/index.php\/2024\/01\/03\/guerra-de-faccao-em-salvador-deixa-dois-mortos-na-boca-do-rio\/#breadcrumb\"},\"inLanguage\":\"pt-BR\",\"potentialAction\":[{\"@type\":\"ReadAction\",\"target\":[\"https:\/\/compartilhabahia.com.br\/index.php\/2024\/01\/03\/guerra-de-faccao-em-salvador-deixa-dois-mortos-na-boca-do-rio\/\"]}]},{\"@type\":\"BreadcrumbList\",\"@id\":\"https:\/\/compartilhabahia.com.br\/index.php\/2024\/01\/03\/guerra-de-faccao-em-salvador-deixa-dois-mortos-na-boca-do-rio\/#breadcrumb\",\"itemListElement\":[{\"@type\":\"ListItem\",\"position\":1,\"name\":\"In\u00edcio\",\"item\":\"https:\/\/compartilhabahia.com.br\/\"},{\"@type\":\"ListItem\",\"position\":2,\"name\":\"Guerra de fac\u00e7\u00e3o em Salvador deixa dois mortos na Boca do Rio\"}]},{\"@type\":\"WebSite\",\"@id\":\"https:\/\/compartilhabahia.com.br\/#website\",\"url\":\"https:\/\/compartilhabahia.com.br\/\",\"name\":\"Compartilha Bahia\",\"description\":\"\",\"publisher\":{\"@id\":\"https:\/\/compartilhabahia.com.br\/#organization\"},\"potentialAction\":[{\"@type\":\"SearchAction\",\"target\":{\"@type\":\"EntryPoint\",\"urlTemplate\":\"https:\/\/compartilhabahia.com.br\/?s={search_term_string}\"},\"query-input\":\"required name=search_term_string\"}],\"inLanguage\":\"pt-BR\"},{\"@type\":\"Organization\",\"@id\":\"https:\/\/compartilhabahia.com.br\/#organization\",\"name\":\"Compartilha Bahia\",\"url\":\"https:\/\/compartilhabahia.com.br\/\",\"logo\":{\"@type\":\"ImageObject\",\"inLanguage\":\"pt-BR\",\"@id\":\"https:\/\/compartilhabahia.com.br\/#\/schema\/logo\/image\/\",\"url\":\"https:\/\/compartilhabahia.com.br\/wp-content\/uploads\/2023\/12\/cropped-logo.png\",\"contentUrl\":\"https:\/\/compartilhabahia.com.br\/wp-content\/uploads\/2023\/12\/cropped-logo.png\",\"width\":300,\"height\":106,\"caption\":\"Compartilha Bahia\"},\"image\":{\"@id\":\"https:\/\/compartilhabahia.com.br\/#\/schema\/logo\/image\/\"},\"sameAs\":[\"https:\/\/web.facebook.com\/compartilhabahia\",\"https:\/\/www.instagram.com\/compartilhabahia\/\"]},{\"@type\":\"Person\",\"@id\":\"https:\/\/compartilhabahia.com.br\/#\/schema\/person\/9b4f0c3178793b8248d6686732521c04\",\"name\":\"admin\",\"image\":{\"@type\":\"ImageObject\",\"inLanguage\":\"pt-BR\",\"@id\":\"https:\/\/compartilhabahia.com.br\/#\/schema\/person\/image\/\",\"url\":\"https:\/\/secure.gravatar.com\/avatar\/9600df58751c5acbe914c538c03390ef649ea088cb65f84ba09c7ce66988eed6?s=96&d=mm&r=g\",\"contentUrl\":\"https:\/\/secure.gravatar.com\/avatar\/9600df58751c5acbe914c538c03390ef649ea088cb65f84ba09c7ce66988eed6?s=96&d=mm&r=g\",\"caption\":\"admin\"},\"sameAs\":[\"https:\/\/compartilhabahia.com.br\"],\"url\":\"https:\/\/compartilhabahia.com.br\/index.php\/author\/compartilhabahia\/\"}]}<\/script>\n<!-- \/ Yoast SEO plugin. -->","yoast_head_json":{"title":"Guerra de fac\u00e7\u00e3o em Salvador deixa dois mortos na Boca do Rio - Compartilha Bahia","robots":{"index":"index","follow":"follow","max-snippet":"max-snippet:-1","max-image-preview":"max-image-preview:large","max-video-preview":"max-video-preview:-1"},"canonical":"https:\/\/compartilhabahia.com.br\/index.php\/2024\/01\/03\/guerra-de-faccao-em-salvador-deixa-dois-mortos-na-boca-do-rio\/","og_locale":"pt_BR","og_type":"article","og_title":"Guerra de fac\u00e7\u00e3o em Salvador deixa dois mortos na Boca do Rio - Compartilha Bahia","og_description":"Dois homens foram mortos por disparos de arma de fogo, na madrugada desta quarta-feira, 3, na regi\u00e3o da Baixa Fria, no bairro da Boca do Rio, na cidade de Salvador. De acordo com a Pol\u00edcia Militar (PM-BA), os indiv\u00edduos executados foram identificados como&nbsp;Wallace Concei\u00e7\u00e3o Santos e&nbsp;Joseilson Jesus dos Santos, de 34 e 40 anos, respectivamente. [&hellip;]","og_url":"https:\/\/compartilhabahia.com.br\/index.php\/2024\/01\/03\/guerra-de-faccao-em-salvador-deixa-dois-mortos-na-boca-do-rio\/","og_site_name":"Compartilha Bahia","article_publisher":"https:\/\/web.facebook.com\/compartilhabahia","article_published_time":"2024-01-03T14:41:37+00:00","article_modified_time":"2024-01-03T14:41:39+00:00","og_image":[{"width":747,"height":471,"url":"https:\/\/compartilhabahia.com.br\/wp-content\/uploads\/2024\/01\/csm_WhatsApp_Image_2020-09-28_at_14.28.38__1__db4be17c2b.jpeg","type":"image\/jpeg"}],"author":"admin","twitter_card":"summary_large_image","twitter_misc":{"Escrito por":"admin","Est. tempo de leitura":"2 minutos"},"schema":{"@context":"https:\/\/schema.org","@graph":[{"@type":"Article","@id":"https:\/\/compartilhabahia.com.br\/index.php\/2024\/01\/03\/guerra-de-faccao-em-salvador-deixa-dois-mortos-na-boca-do-rio\/#article","isPartOf":{"@id":"https:\/\/compartilhabahia.com.br\/index.php\/2024\/01\/03\/guerra-de-faccao-em-salvador-deixa-dois-mortos-na-boca-do-rio\/"},"author":{"name":"admin","@id":"https:\/\/compartilhabahia.com.br\/#\/schema\/person\/9b4f0c3178793b8248d6686732521c04"},"headline":"Guerra de fac\u00e7\u00e3o em Salvador deixa dois mortos na Boca do Rio","datePublished":"2024-01-03T14:41:37+00:00","dateModified":"2024-01-03T14:41:39+00:00","mainEntityOfPage":{"@id":"https:\/\/compartilhabahia.com.br\/index.php\/2024\/01\/03\/guerra-de-faccao-em-salvador-deixa-dois-mortos-na-boca-do-rio\/"},"wordCount":199,"commentCount":0,"publisher":{"@id":"https:\/\/compartilhabahia.com.br\/#organization"},"articleSection":["Bahia"],"inLanguage":"pt-BR","potentialAction":[{"@type":"CommentAction","name":"Comment","target":["https:\/\/compartilhabahia.com.br\/index.php\/2024\/01\/03\/guerra-de-faccao-em-salvador-deixa-dois-mortos-na-boca-do-rio\/#respond"]}]},{"@type":"WebPage","@id":"https:\/\/compartilhabahia.com.br\/index.php\/2024\/01\/03\/guerra-de-faccao-em-salvador-deixa-dois-mortos-na-boca-do-rio\/","url":"https:\/\/compartilhabahia.com.br\/index.php\/2024\/01\/03\/guerra-de-faccao-em-salvador-deixa-dois-mortos-na-boca-do-rio\/","name":"Guerra de fac\u00e7\u00e3o em Salvador deixa dois mortos na Boca do Rio - Compartilha Bahia","isPartOf":{"@id":"https:\/\/compartilhabahia.com.br\/#website"},"datePublished":"2024-01-03T14:41:37+00:00","dateModified":"2024-01-03T14:41:39+00:00","breadcrumb":{"@id":"https:\/\/compartilhabahia.com.br\/index.php\/2024\/01\/03\/guerra-de-faccao-em-salvador-deixa-dois-mortos-na-boca-do-rio\/#breadcrumb"},"inLanguage":"pt-BR","potentialAction":[{"@type":"ReadAction","target":["https:\/\/compartilhabahia.com.br\/index.php\/2024\/01\/03\/guerra-de-faccao-em-salvador-deixa-dois-mortos-na-boca-do-rio\/"]}]},{"@type":"BreadcrumbList","@id":"https:\/\/compartilhabahia.com.br\/index.php\/2024\/01\/03\/guerra-de-faccao-em-salvador-deixa-dois-mortos-na-boca-do-rio\/#breadcrumb","itemListElement":[{"@type":"ListItem","position":1,"name":"In\u00edcio","item":"https:\/\/compartilhabahia.com.br\/"},{"@type":"ListItem","position":2,"name":"Guerra de fac\u00e7\u00e3o em Salvador deixa dois mortos na Boca do Rio"}]},{"@type":"WebSite","@id":"https:\/\/compartilhabahia.com.br\/#website","url":"https:\/\/compartilhabahia.com.br\/","name":"Compartilha Bahia","description":"","publisher":{"@id":"https:\/\/compartilhabahia.com.br\/#organization"},"potentialAction":[{"@type":"SearchAction","target":{"@type":"EntryPoint","urlTemplate":"https:\/\/compartilhabahia.com.br\/?s={search_term_string}"},"query-input":"required name=search_term_string"}],"inLanguage":"pt-BR"},{"@type":"Organization","@id":"https:\/\/compartilhabahia.com.br\/#organization","name":"Compartilha Bahia","url":"https:\/\/compartilhabahia.com.br\/","logo":{"@type":"ImageObject","inLanguage":"pt-BR","@id":"https:\/\/compartilhabahia.com.br\/#\/schema\/logo\/image\/","url":"https:\/\/compartilhabahia.com.br\/wp-content\/uploads\/2023\/12\/cropped-logo.png","contentUrl":"https:\/\/compartilhabahia.com.br\/wp-content\/uploads\/2023\/12\/cropped-logo.png","width":300,"height":106,"caption":"Compartilha Bahia"},"image":{"@id":"https:\/\/compartilhabahia.com.br\/#\/schema\/logo\/image\/"},"sameAs":["https:\/\/web.facebook.com\/compartilhabahia","https:\/\/www.instagram.com\/compartilhabahia\/"]},{"@type":"Person","@id":"https:\/\/compartilhabahia.com.br\/#\/schema\/person\/9b4f0c3178793b8248d6686732521c04","name":"admin","image":{"@type":"ImageObject","inLanguage":"pt-BR","@id":"https:\/\/compartilhabahia.com.br\/#\/schema\/person\/image\/","url":"https:\/\/secure.gravatar.com\/avatar\/9600df58751c5acbe914c538c03390ef649ea088cb65f84ba09c7ce66988eed6?s=96&d=mm&r=g","contentUrl":"https:\/\/secure.gravatar.com\/avatar\/9600df58751c5acbe914c538c03390ef649ea088cb65f84ba09c7ce66988eed6?s=96&d=mm&r=g","caption":"admin"},"sameAs":["https:\/\/compartilhabahia.com.br"],"url":"https:\/\/compartilhabahia.com.br\/index.php\/author\/compartilhabahia\/"}]}},"_links":{"self":[{"href":"https:\/\/compartilhabahia.com.br\/index.php\/wp-json\/wp\/v2\/posts\/413","targetHints":{"allow":["GET"]}}],"collection":[{"href":"https:\/\/compartilhabahia.com.br\/index.php\/wp-json\/wp\/v2\/posts"}],"about":[{"href":"https:\/\/compartilhabahia.com.br\/index.php\/wp-json\/wp\/v2\/types\/post"}],"author":[{"embeddable":true,"href":"https:\/\/compartilhabahia.com.br\/index.php\/wp-json\/wp\/v2\/users\/1"}],"replies":[{"embeddable":true,"href":"https:\/\/compartilhabahia.com.br\/index.php\/wp-json\/wp\/v2\/comments?post=413"}],"version-history":[{"count":1,"href":"https:\/\/compartilhabahia.com.br\/index.php\/wp-json\/wp\/v2\/posts\/413\/revisions"}],"predecessor-version":[{"id":415,"href":"https:\/\/compartilhabahia.com.br\/index.php\/wp-json\/wp\/v2\/posts\/413\/revisions\/415"}],"wp:featuredmedia":[{"embeddable":true,"href":"https:\/\/compartilhabahia.com.br\/index.php\/wp-json\/wp\/v2\/media\/414"}],"wp:attachment":[{"href":"https:\/\/compartilhabahia.com.br\/index.php\/wp-json\/wp\/v2\/media?parent=413"}],"wp:term":[{"taxonomy":"category","embeddable":true,"href":"https:\/\/compartilhabahia.com.br\/index.php\/wp-json\/wp\/v2\/categories?post=413"},{"taxonomy":"post_tag","embeddable":true,"href":"https:\/\/compartilhabahia.com.br\/index.php\/wp-json\/wp\/v2\/tags?post=413"}],"curies":[{"name":"wp","href":"https:\/\/api.w.org\/{rel}","templated":true}]}}