{"id":407,"date":"2024-01-02T14:30:17","date_gmt":"2024-01-02T14:30:17","guid":{"rendered":"https:\/\/compartilhabahia.com.br\/?p=407"},"modified":"2024-01-02T14:30:18","modified_gmt":"2024-01-02T14:30:18","slug":"artigo-paz-para-todos-os-dias","status":"publish","type":"post","link":"https:\/\/compartilhabahia.com.br\/index.php\/2024\/01\/02\/artigo-paz-para-todos-os-dias\/","title":{"rendered":"Artigo: Paz para todos os dias"},"content":{"rendered":"\n<p><strong><br><\/strong><\/p>\n\n\n\n<p><em>* Osvaldo Luiz Silva<br><\/em><\/p>\n\n\n\n<p>N\u00e3o \u00e0 toa, o primeiro dia do ano \u00e9 dedicado \u00e0 paz. \u00c9 um desejo un\u00e2nime! O branco predominou e o Papa fez uma mensagem dedicada ao tema. Este ano escolheu falar sobre a IA- Intelig\u00eancia Artificial. Confesso que fiquei surpreso, pois esperava, com as intermin\u00e1veis guerras na Ucr\u00e2nia, Faixa de Gaza e S\u00edria, que toda a mensagem fosse mais um veemente apelo do Santo Padre pelo fim dos conflitos!<\/p>\n\n\n\n<p>Mas, para o bem da verdade, Papa Francisco tem repetido este apelo quase diariamente. Infelizmente, s\u00e3o poucos os l\u00edderes que insistem como ele, mostrando-se verdadeiramente preocupados, intimamente ligados ao sofrimento de tantas pessoas inocentes. O fato \u00e9 que nos acostumamos com as guerras e elas j\u00e1 n\u00e3o est\u00e3o mais nas capas dos jornais, nas manchetes dos sites. N\u00e3o nos chocam mais os destro\u00e7os e vidas perdidas.<\/p>\n\n\n\n<p>Em sua mensagem pela paz de 2024, Papa Francisco, ent\u00e3o, n\u00e3o s\u00f3 olhou para as mazelas atuais, mas tamb\u00e9m para o que pode gerar conflitos futuros. Assim, defendeu que o progresso digital se verifique no respeito pela justi\u00e7a e contribua para a causa da paz: \u201cOs avan\u00e7os tecnol\u00f3gicos que n\u00e3o conduzem a uma melhoria da qualidade de vida da humanidade inteira, mas pelo contr\u00e1rio agravam as desigualdades e os conflitos, nunca poder\u00e3o ser considerados um verdadeiro progresso.&#8221;<\/p>\n\n\n\n<p>O desejo de Francisco \u00e9 de que \u201co r\u00e1pido desenvolvimento de formas de intelig\u00eancia artificial n\u00e3o aumente as j\u00e1 demasiadas desigualdades e injusti\u00e7as presentes no mundo, mas contribua para p\u00f4r fim \u00e0s guerras e conflitos e para aliviar muitas formas de sofrimento que afligem a fam\u00edlia humana.&#8221;<\/p>\n\n\n\n<p>Todos desejamos a paz, mas, \u00e0s vezes, nos esquecemos que ela n\u00e3o chega sem a justi\u00e7a. O Salmo 84 (85), no vers\u00edculo 11, diz essa verdade de forma po\u00e9tica: \u201c&#8230;justi\u00e7a e paz se abra\u00e7ar\u00e3o.\u201d Assim, a paz n\u00e3o \u00e9 fruto do acaso ou da sorte, magicamente, nos alcan\u00e7ando. Precisa ser constru\u00edda abandonando o recurso da viol\u00eancia, perdoando o pr\u00f3ximo que, como a gente, n\u00e3o \u00e9 perfeito, e se importando com o outro, na partilha e solidariedade.&nbsp;<\/p>\n\n\n\n<p>Gosto daquela m\u00fasica antiga, \u201cMarcas do que se foi\u201d: \u201ceste ano, quero paz no meu cora\u00e7\u00e3o, quem quiser ter um amigo, que me d\u00ea a m\u00e3o!\u201d A paz come\u00e7a com esse desejo sincero, e \u00e9 constru\u00edda a partir de atos concretos, dia ap\u00f3s dia.<br><br>Em 2024, desejo paz \u2013 shalom, salam, myr,&nbsp;mir, peace \u2013 para todos!<br><em><\/em><\/p>\n\n\n\n<p><em>*<\/em><strong><em>Osvaldo Luiz Silva<\/em><\/strong><em>&nbsp;\u00e9 jornalista, trabalha h\u00e1 32 anos na Can\u00e7\u00e3o Nova e escreveu o livro \u201cA Vida \u00e9 Caminhar\u201d, que relata fatos da d\u00e9cada de 1970 da vida do padre Jonas Abib.<\/em><\/p>\n","protected":false},"excerpt":{"rendered":"<p>* Osvaldo Luiz Silva N\u00e3o \u00e0 toa, o primeiro dia do ano \u00e9 dedicado \u00e0 paz. \u00c9 um desejo un\u00e2nime! O branco predominou e o Papa fez uma mensagem dedicada ao tema. Este ano escolheu falar sobre a IA- Intelig\u00eancia Artificial. Confesso que fiquei surpreso, pois esperava, com as intermin\u00e1veis guerras na Ucr\u00e2nia, Faixa de [&hellip;]<\/p>\n","protected":false},"author":1,"featured_media":408,"comment_status":"open","ping_status":"open","sticky":false,"template":"","format":"standard","meta":{"footnotes":""},"categories":[4],"tags":[],"class_list":["post-407","post","type-post","status-publish","format-standard","has-post-thumbnail","hentry","category-brasil"],"yoast_head":"<!-- This site is optimized with the Yoast SEO plugin v21.7 - https:\/\/yoast.com\/wordpress\/plugins\/seo\/ -->\n<title>Artigo: Paz para todos os dias - Compartilha Bahia<\/title>\n<meta name=\"robots\" content=\"index, follow, max-snippet:-1, max-image-preview:large, max-video-preview:-1\" \/>\n<link rel=\"canonical\" href=\"https:\/\/compartilhabahia.com.br\/index.php\/2024\/01\/02\/artigo-paz-para-todos-os-dias\/\" \/>\n<meta property=\"og:locale\" content=\"pt_BR\" \/>\n<meta property=\"og:type\" content=\"article\" \/>\n<meta property=\"og:title\" content=\"Artigo: Paz para todos os dias - Compartilha Bahia\" \/>\n<meta property=\"og:description\" content=\"* Osvaldo Luiz Silva N\u00e3o \u00e0 toa, o primeiro dia do ano \u00e9 dedicado \u00e0 paz. \u00c9 um desejo un\u00e2nime! O branco predominou e o Papa fez uma mensagem dedicada ao tema. Este ano escolheu falar sobre a IA- Intelig\u00eancia Artificial. Confesso que fiquei surpreso, pois esperava, com as intermin\u00e1veis guerras na Ucr\u00e2nia, Faixa de [&hellip;]\" \/>\n<meta property=\"og:url\" content=\"https:\/\/compartilhabahia.com.br\/index.php\/2024\/01\/02\/artigo-paz-para-todos-os-dias\/\" \/>\n<meta property=\"og:site_name\" content=\"Compartilha Bahia\" \/>\n<meta property=\"article:publisher\" content=\"https:\/\/web.facebook.com\/compartilhabahia\" \/>\n<meta property=\"article:published_time\" content=\"2024-01-02T14:30:17+00:00\" \/>\n<meta property=\"article:modified_time\" content=\"2024-01-02T14:30:18+00:00\" \/>\n<meta property=\"og:image\" content=\"https:\/\/compartilhabahia.com.br\/wp-content\/uploads\/2024\/01\/Osvaldo-Luiz.jpg\" \/>\n\t<meta property=\"og:image:width\" content=\"878\" \/>\n\t<meta property=\"og:image:height\" content=\"1268\" \/>\n\t<meta property=\"og:image:type\" content=\"image\/jpeg\" \/>\n<meta name=\"author\" content=\"admin\" \/>\n<meta name=\"twitter:card\" content=\"summary_large_image\" \/>\n<meta name=\"twitter:label1\" content=\"Escrito por\" \/>\n\t<meta name=\"twitter:data1\" content=\"admin\" \/>\n\t<meta name=\"twitter:label2\" content=\"Est. tempo de leitura\" \/>\n\t<meta name=\"twitter:data2\" content=\"3 minutos\" \/>\n<script type=\"application\/ld+json\" class=\"yoast-schema-graph\">{\"@context\":\"https:\/\/schema.org\",\"@graph\":[{\"@type\":\"Article\",\"@id\":\"https:\/\/compartilhabahia.com.br\/index.php\/2024\/01\/02\/artigo-paz-para-todos-os-dias\/#article\",\"isPartOf\":{\"@id\":\"https:\/\/compartilhabahia.com.br\/index.php\/2024\/01\/02\/artigo-paz-para-todos-os-dias\/\"},\"author\":{\"name\":\"admin\",\"@id\":\"https:\/\/compartilhabahia.com.br\/#\/schema\/person\/9b4f0c3178793b8248d6686732521c04\"},\"headline\":\"Artigo: Paz para todos os dias\",\"datePublished\":\"2024-01-02T14:30:17+00:00\",\"dateModified\":\"2024-01-02T14:30:18+00:00\",\"mainEntityOfPage\":{\"@id\":\"https:\/\/compartilhabahia.com.br\/index.php\/2024\/01\/02\/artigo-paz-para-todos-os-dias\/\"},\"wordCount\":466,\"commentCount\":0,\"publisher\":{\"@id\":\"https:\/\/compartilhabahia.com.br\/#organization\"},\"articleSection\":[\"Brasil\"],\"inLanguage\":\"pt-BR\",\"potentialAction\":[{\"@type\":\"CommentAction\",\"name\":\"Comment\",\"target\":[\"https:\/\/compartilhabahia.com.br\/index.php\/2024\/01\/02\/artigo-paz-para-todos-os-dias\/#respond\"]}]},{\"@type\":\"WebPage\",\"@id\":\"https:\/\/compartilhabahia.com.br\/index.php\/2024\/01\/02\/artigo-paz-para-todos-os-dias\/\",\"url\":\"https:\/\/compartilhabahia.com.br\/index.php\/2024\/01\/02\/artigo-paz-para-todos-os-dias\/\",\"name\":\"Artigo: Paz para todos os dias - Compartilha Bahia\",\"isPartOf\":{\"@id\":\"https:\/\/compartilhabahia.com.br\/#website\"},\"datePublished\":\"2024-01-02T14:30:17+00:00\",\"dateModified\":\"2024-01-02T14:30:18+00:00\",\"breadcrumb\":{\"@id\":\"https:\/\/compartilhabahia.com.br\/index.php\/2024\/01\/02\/artigo-paz-para-todos-os-dias\/#breadcrumb\"},\"inLanguage\":\"pt-BR\",\"potentialAction\":[{\"@type\":\"ReadAction\",\"target\":[\"https:\/\/compartilhabahia.com.br\/index.php\/2024\/01\/02\/artigo-paz-para-todos-os-dias\/\"]}]},{\"@type\":\"BreadcrumbList\",\"@id\":\"https:\/\/compartilhabahia.com.br\/index.php\/2024\/01\/02\/artigo-paz-para-todos-os-dias\/#breadcrumb\",\"itemListElement\":[{\"@type\":\"ListItem\",\"position\":1,\"name\":\"In\u00edcio\",\"item\":\"https:\/\/compartilhabahia.com.br\/\"},{\"@type\":\"ListItem\",\"position\":2,\"name\":\"Artigo: Paz para todos os dias\"}]},{\"@type\":\"WebSite\",\"@id\":\"https:\/\/compartilhabahia.com.br\/#website\",\"url\":\"https:\/\/compartilhabahia.com.br\/\",\"name\":\"Compartilha Bahia\",\"description\":\"\",\"publisher\":{\"@id\":\"https:\/\/compartilhabahia.com.br\/#organization\"},\"potentialAction\":[{\"@type\":\"SearchAction\",\"target\":{\"@type\":\"EntryPoint\",\"urlTemplate\":\"https:\/\/compartilhabahia.com.br\/?s={search_term_string}\"},\"query-input\":\"required name=search_term_string\"}],\"inLanguage\":\"pt-BR\"},{\"@type\":\"Organization\",\"@id\":\"https:\/\/compartilhabahia.com.br\/#organization\",\"name\":\"Compartilha Bahia\",\"url\":\"https:\/\/compartilhabahia.com.br\/\",\"logo\":{\"@type\":\"ImageObject\",\"inLanguage\":\"pt-BR\",\"@id\":\"https:\/\/compartilhabahia.com.br\/#\/schema\/logo\/image\/\",\"url\":\"https:\/\/compartilhabahia.com.br\/wp-content\/uploads\/2023\/12\/cropped-logo.png\",\"contentUrl\":\"https:\/\/compartilhabahia.com.br\/wp-content\/uploads\/2023\/12\/cropped-logo.png\",\"width\":300,\"height\":106,\"caption\":\"Compartilha Bahia\"},\"image\":{\"@id\":\"https:\/\/compartilhabahia.com.br\/#\/schema\/logo\/image\/\"},\"sameAs\":[\"https:\/\/web.facebook.com\/compartilhabahia\",\"https:\/\/www.instagram.com\/compartilhabahia\/\"]},{\"@type\":\"Person\",\"@id\":\"https:\/\/compartilhabahia.com.br\/#\/schema\/person\/9b4f0c3178793b8248d6686732521c04\",\"name\":\"admin\",\"image\":{\"@type\":\"ImageObject\",\"inLanguage\":\"pt-BR\",\"@id\":\"https:\/\/compartilhabahia.com.br\/#\/schema\/person\/image\/\",\"url\":\"https:\/\/secure.gravatar.com\/avatar\/9600df58751c5acbe914c538c03390ef649ea088cb65f84ba09c7ce66988eed6?s=96&d=mm&r=g\",\"contentUrl\":\"https:\/\/secure.gravatar.com\/avatar\/9600df58751c5acbe914c538c03390ef649ea088cb65f84ba09c7ce66988eed6?s=96&d=mm&r=g\",\"caption\":\"admin\"},\"sameAs\":[\"https:\/\/compartilhabahia.com.br\"],\"url\":\"https:\/\/compartilhabahia.com.br\/index.php\/author\/compartilhabahia\/\"}]}<\/script>\n<!-- \/ Yoast SEO plugin. -->","yoast_head_json":{"title":"Artigo: Paz para todos os dias - Compartilha Bahia","robots":{"index":"index","follow":"follow","max-snippet":"max-snippet:-1","max-image-preview":"max-image-preview:large","max-video-preview":"max-video-preview:-1"},"canonical":"https:\/\/compartilhabahia.com.br\/index.php\/2024\/01\/02\/artigo-paz-para-todos-os-dias\/","og_locale":"pt_BR","og_type":"article","og_title":"Artigo: Paz para todos os dias - Compartilha Bahia","og_description":"* Osvaldo Luiz Silva N\u00e3o \u00e0 toa, o primeiro dia do ano \u00e9 dedicado \u00e0 paz. \u00c9 um desejo un\u00e2nime! O branco predominou e o Papa fez uma mensagem dedicada ao tema. Este ano escolheu falar sobre a IA- Intelig\u00eancia Artificial. Confesso que fiquei surpreso, pois esperava, com as intermin\u00e1veis guerras na Ucr\u00e2nia, Faixa de [&hellip;]","og_url":"https:\/\/compartilhabahia.com.br\/index.php\/2024\/01\/02\/artigo-paz-para-todos-os-dias\/","og_site_name":"Compartilha Bahia","article_publisher":"https:\/\/web.facebook.com\/compartilhabahia","article_published_time":"2024-01-02T14:30:17+00:00","article_modified_time":"2024-01-02T14:30:18+00:00","og_image":[{"width":878,"height":1268,"url":"https:\/\/compartilhabahia.com.br\/wp-content\/uploads\/2024\/01\/Osvaldo-Luiz.jpg","type":"image\/jpeg"}],"author":"admin","twitter_card":"summary_large_image","twitter_misc":{"Escrito por":"admin","Est. tempo de leitura":"3 minutos"},"schema":{"@context":"https:\/\/schema.org","@graph":[{"@type":"Article","@id":"https:\/\/compartilhabahia.com.br\/index.php\/2024\/01\/02\/artigo-paz-para-todos-os-dias\/#article","isPartOf":{"@id":"https:\/\/compartilhabahia.com.br\/index.php\/2024\/01\/02\/artigo-paz-para-todos-os-dias\/"},"author":{"name":"admin","@id":"https:\/\/compartilhabahia.com.br\/#\/schema\/person\/9b4f0c3178793b8248d6686732521c04"},"headline":"Artigo: Paz para todos os dias","datePublished":"2024-01-02T14:30:17+00:00","dateModified":"2024-01-02T14:30:18+00:00","mainEntityOfPage":{"@id":"https:\/\/compartilhabahia.com.br\/index.php\/2024\/01\/02\/artigo-paz-para-todos-os-dias\/"},"wordCount":466,"commentCount":0,"publisher":{"@id":"https:\/\/compartilhabahia.com.br\/#organization"},"articleSection":["Brasil"],"inLanguage":"pt-BR","potentialAction":[{"@type":"CommentAction","name":"Comment","target":["https:\/\/compartilhabahia.com.br\/index.php\/2024\/01\/02\/artigo-paz-para-todos-os-dias\/#respond"]}]},{"@type":"WebPage","@id":"https:\/\/compartilhabahia.com.br\/index.php\/2024\/01\/02\/artigo-paz-para-todos-os-dias\/","url":"https:\/\/compartilhabahia.com.br\/index.php\/2024\/01\/02\/artigo-paz-para-todos-os-dias\/","name":"Artigo: Paz para todos os dias - Compartilha Bahia","isPartOf":{"@id":"https:\/\/compartilhabahia.com.br\/#website"},"datePublished":"2024-01-02T14:30:17+00:00","dateModified":"2024-01-02T14:30:18+00:00","breadcrumb":{"@id":"https:\/\/compartilhabahia.com.br\/index.php\/2024\/01\/02\/artigo-paz-para-todos-os-dias\/#breadcrumb"},"inLanguage":"pt-BR","potentialAction":[{"@type":"ReadAction","target":["https:\/\/compartilhabahia.com.br\/index.php\/2024\/01\/02\/artigo-paz-para-todos-os-dias\/"]}]},{"@type":"BreadcrumbList","@id":"https:\/\/compartilhabahia.com.br\/index.php\/2024\/01\/02\/artigo-paz-para-todos-os-dias\/#breadcrumb","itemListElement":[{"@type":"ListItem","position":1,"name":"In\u00edcio","item":"https:\/\/compartilhabahia.com.br\/"},{"@type":"ListItem","position":2,"name":"Artigo: Paz para todos os dias"}]},{"@type":"WebSite","@id":"https:\/\/compartilhabahia.com.br\/#website","url":"https:\/\/compartilhabahia.com.br\/","name":"Compartilha Bahia","description":"","publisher":{"@id":"https:\/\/compartilhabahia.com.br\/#organization"},"potentialAction":[{"@type":"SearchAction","target":{"@type":"EntryPoint","urlTemplate":"https:\/\/compartilhabahia.com.br\/?s={search_term_string}"},"query-input":"required name=search_term_string"}],"inLanguage":"pt-BR"},{"@type":"Organization","@id":"https:\/\/compartilhabahia.com.br\/#organization","name":"Compartilha Bahia","url":"https:\/\/compartilhabahia.com.br\/","logo":{"@type":"ImageObject","inLanguage":"pt-BR","@id":"https:\/\/compartilhabahia.com.br\/#\/schema\/logo\/image\/","url":"https:\/\/compartilhabahia.com.br\/wp-content\/uploads\/2023\/12\/cropped-logo.png","contentUrl":"https:\/\/compartilhabahia.com.br\/wp-content\/uploads\/2023\/12\/cropped-logo.png","width":300,"height":106,"caption":"Compartilha Bahia"},"image":{"@id":"https:\/\/compartilhabahia.com.br\/#\/schema\/logo\/image\/"},"sameAs":["https:\/\/web.facebook.com\/compartilhabahia","https:\/\/www.instagram.com\/compartilhabahia\/"]},{"@type":"Person","@id":"https:\/\/compartilhabahia.com.br\/#\/schema\/person\/9b4f0c3178793b8248d6686732521c04","name":"admin","image":{"@type":"ImageObject","inLanguage":"pt-BR","@id":"https:\/\/compartilhabahia.com.br\/#\/schema\/person\/image\/","url":"https:\/\/secure.gravatar.com\/avatar\/9600df58751c5acbe914c538c03390ef649ea088cb65f84ba09c7ce66988eed6?s=96&d=mm&r=g","contentUrl":"https:\/\/secure.gravatar.com\/avatar\/9600df58751c5acbe914c538c03390ef649ea088cb65f84ba09c7ce66988eed6?s=96&d=mm&r=g","caption":"admin"},"sameAs":["https:\/\/compartilhabahia.com.br"],"url":"https:\/\/compartilhabahia.com.br\/index.php\/author\/compartilhabahia\/"}]}},"_links":{"self":[{"href":"https:\/\/compartilhabahia.com.br\/index.php\/wp-json\/wp\/v2\/posts\/407","targetHints":{"allow":["GET"]}}],"collection":[{"href":"https:\/\/compartilhabahia.com.br\/index.php\/wp-json\/wp\/v2\/posts"}],"about":[{"href":"https:\/\/compartilhabahia.com.br\/index.php\/wp-json\/wp\/v2\/types\/post"}],"author":[{"embeddable":true,"href":"https:\/\/compartilhabahia.com.br\/index.php\/wp-json\/wp\/v2\/users\/1"}],"replies":[{"embeddable":true,"href":"https:\/\/compartilhabahia.com.br\/index.php\/wp-json\/wp\/v2\/comments?post=407"}],"version-history":[{"count":1,"href":"https:\/\/compartilhabahia.com.br\/index.php\/wp-json\/wp\/v2\/posts\/407\/revisions"}],"predecessor-version":[{"id":409,"href":"https:\/\/compartilhabahia.com.br\/index.php\/wp-json\/wp\/v2\/posts\/407\/revisions\/409"}],"wp:featuredmedia":[{"embeddable":true,"href":"https:\/\/compartilhabahia.com.br\/index.php\/wp-json\/wp\/v2\/media\/408"}],"wp:attachment":[{"href":"https:\/\/compartilhabahia.com.br\/index.php\/wp-json\/wp\/v2\/media?parent=407"}],"wp:term":[{"taxonomy":"category","embeddable":true,"href":"https:\/\/compartilhabahia.com.br\/index.php\/wp-json\/wp\/v2\/categories?post=407"},{"taxonomy":"post_tag","embeddable":true,"href":"https:\/\/compartilhabahia.com.br\/index.php\/wp-json\/wp\/v2\/tags?post=407"}],"curies":[{"name":"wp","href":"https:\/\/api.w.org\/{rel}","templated":true}]}}