{"id":3919,"date":"2024-10-09T14:55:16","date_gmt":"2024-10-09T14:55:16","guid":{"rendered":"https:\/\/compartilhabahia.com.br\/?p=3919"},"modified":"2024-10-09T14:55:17","modified_gmt":"2024-10-09T14:55:17","slug":"felinario-sera-reaberto-em-programacao-especial-do-zoo-para-o-dia-das-criancas","status":"publish","type":"post","link":"https:\/\/compartilhabahia.com.br\/index.php\/2024\/10\/09\/felinario-sera-reaberto-em-programacao-especial-do-zoo-para-o-dia-das-criancas\/","title":{"rendered":"Felin\u00e1rio ser\u00e1 reaberto em programa\u00e7\u00e3o especial do zoo para o Dia das Crian\u00e7as"},"content":{"rendered":"\n<p>Ap\u00f3s passar por reparos, o Felinario estar\u00e1 aberta ao p\u00fablico, neste s\u00e1bado (12). A reabertura do espa\u00e7o dedicado aos felinos faz parte da programa\u00e7\u00e3o especial do Parque Zoobot\u00e2nico Get\u00falio Vargas \u2013 Zoo de Salvador, em comemora\u00e7\u00e3o ao Dias das Crian\u00e7as. Al\u00e9m dos visitantes poderem desfrutar da bel\u00edssima paisagem do parque e conhecer in\u00fameras esp\u00e9cies da fauna brasileira, ainda poder\u00e3o apreciar pinturas de grafites que retratam a nossa fauna, exposi\u00e7\u00e3o de serpentes e visita\u00e7\u00e3o a vitrine do ber\u00e7\u00e1rio.<\/p>\n\n\n\n<p>De acordo a bi\u00f3loga, Ana Cely Lima, a \u00e1rea denominada como Felin\u00e1rio \u00e9 uma das mais desejadas dos visitantes. \u201cEsse \u00e9 uma \u00e1rea muito querida por quem vem ao nosso parque e todos est\u00e3o esperando ansiosamente por essa reabertura. A \u00e1rea de 270 metros quadrados passou por reparos e ficou pronta para visita\u00e7\u00e3o.\u201d, destacou.<\/p>\n\n\n\n<figure class=\"wp-block-image\"><img decoding=\"async\" src=\"https:\/\/www.comunicacao.ba.gov.br\/wp-content\/uploads\/2024\/10\/WhatsApp-Image-2024-10-09-at-09.07.49-900x600.jpeg\" alt=\"\" class=\"wp-image-354653\"\/><figcaption class=\"wp-element-caption\">Foto: Ascom\/SEC<\/figcaption><\/figure>\n\n\n\n<p>O Felin\u00e1rio fica situada ap\u00f3s o mirante, para quem acessa o parque pela entrada superior \u2013 Alto de Ondina, e tem quatro felinos, sendo uma on\u00e7a-pintada e uma parda, todas originais da fauna brasileira. A on\u00e7a parda, tamb\u00e9m conhecida como sussuarana \u00e9 encontrada na Caatinga e Cerrado baiano. J\u00e1 a on\u00e7a pintada, encontrada nos tr\u00eas biomas e corre risco de extin\u00e7\u00e3o.<\/p>\n\n\n\n<p>A bi\u00f3loga explicou que o zoo \u00e9 dividido em \u00e1reas chamadas de &#8220;c\u00e9lulas&#8221; e conta com t\u00e9cnicos especializados em cada uma delas, al\u00e9m de estagi\u00e1rios, tratadores e equipes de campo, respons\u00e1veis tanto pelo cuidado dos animais quanto pelo aux\u00edlio aos visitantes, al\u00e9m de uma \u00e1rea dedicada a educa\u00e7\u00e3o ambiental e ber\u00e7\u00e1rio.<\/p>\n\n\n\n<p>Vale ressaltar que existem regras de boa conviv\u00eancia no parque, tais como: fazer sil\u00eancio em frente aos recintos, n\u00e3o tocar, perseguir e nem alimentar os animais; entre outras. O zoo ter\u00e1 funcionamento normal das 9h \u00e0s 17h, no s\u00e1bado (12), com acesso pelas duas entradas, a superior situada no Alto de Ondina e a inferior pela Avenida Milton Santos.<\/p>\n\n\n\n<p><strong><em>Fonte: Ascom\/Sema<\/em><\/strong><\/p>\n","protected":false},"excerpt":{"rendered":"<p>Ap\u00f3s passar por reparos, o Felinario estar\u00e1 aberta ao p\u00fablico, neste s\u00e1bado (12). A reabertura do espa\u00e7o dedicado aos felinos faz parte da programa\u00e7\u00e3o especial do Parque Zoobot\u00e2nico Get\u00falio Vargas \u2013 Zoo de Salvador, em comemora\u00e7\u00e3o ao Dias das Crian\u00e7as. Al\u00e9m dos visitantes poderem desfrutar da bel\u00edssima paisagem do parque e conhecer in\u00fameras esp\u00e9cies da [&hellip;]<\/p>\n","protected":false},"author":1,"featured_media":3920,"comment_status":"open","ping_status":"open","sticky":false,"template":"","format":"standard","meta":{"footnotes":""},"categories":[10],"tags":[],"class_list":["post-3919","post","type-post","status-publish","format-standard","has-post-thumbnail","hentry","category-bahia"],"yoast_head":"<!-- This site is optimized with the Yoast SEO plugin v21.7 - https:\/\/yoast.com\/wordpress\/plugins\/seo\/ -->\n<title>Felin\u00e1rio ser\u00e1 reaberto em programa\u00e7\u00e3o especial do zoo para o Dia das Crian\u00e7as - Compartilha Bahia<\/title>\n<meta name=\"robots\" content=\"index, follow, max-snippet:-1, max-image-preview:large, max-video-preview:-1\" \/>\n<link rel=\"canonical\" href=\"https:\/\/compartilhabahia.com.br\/index.php\/2024\/10\/09\/felinario-sera-reaberto-em-programacao-especial-do-zoo-para-o-dia-das-criancas\/\" \/>\n<meta property=\"og:locale\" content=\"pt_BR\" \/>\n<meta property=\"og:type\" content=\"article\" \/>\n<meta property=\"og:title\" content=\"Felin\u00e1rio ser\u00e1 reaberto em programa\u00e7\u00e3o especial do zoo para o Dia das Crian\u00e7as - Compartilha Bahia\" \/>\n<meta property=\"og:description\" content=\"Ap\u00f3s passar por reparos, o Felinario estar\u00e1 aberta ao p\u00fablico, neste s\u00e1bado (12). A reabertura do espa\u00e7o dedicado aos felinos faz parte da programa\u00e7\u00e3o especial do Parque Zoobot\u00e2nico Get\u00falio Vargas \u2013 Zoo de Salvador, em comemora\u00e7\u00e3o ao Dias das Crian\u00e7as. Al\u00e9m dos visitantes poderem desfrutar da bel\u00edssima paisagem do parque e conhecer in\u00fameras esp\u00e9cies da [&hellip;]\" \/>\n<meta property=\"og:url\" content=\"https:\/\/compartilhabahia.com.br\/index.php\/2024\/10\/09\/felinario-sera-reaberto-em-programacao-especial-do-zoo-para-o-dia-das-criancas\/\" \/>\n<meta property=\"og:site_name\" content=\"Compartilha Bahia\" \/>\n<meta property=\"article:publisher\" content=\"https:\/\/web.facebook.com\/compartilhabahia\" \/>\n<meta property=\"article:published_time\" content=\"2024-10-09T14:55:16+00:00\" \/>\n<meta property=\"article:modified_time\" content=\"2024-10-09T14:55:17+00:00\" \/>\n<meta property=\"og:image\" content=\"https:\/\/compartilhabahia.com.br\/wp-content\/uploads\/2024\/10\/WhatsApp-Image-2024-10-09-at-09.07.49-900x600-1.jpeg\" \/>\n\t<meta property=\"og:image:width\" content=\"900\" \/>\n\t<meta property=\"og:image:height\" content=\"600\" \/>\n\t<meta property=\"og:image:type\" content=\"image\/jpeg\" \/>\n<meta name=\"author\" content=\"admin\" \/>\n<meta name=\"twitter:card\" content=\"summary_large_image\" \/>\n<meta name=\"twitter:label1\" content=\"Escrito por\" \/>\n\t<meta name=\"twitter:data1\" content=\"admin\" \/>\n\t<meta name=\"twitter:label2\" content=\"Est. tempo de leitura\" \/>\n\t<meta name=\"twitter:data2\" content=\"3 minutos\" \/>\n<script type=\"application\/ld+json\" class=\"yoast-schema-graph\">{\"@context\":\"https:\/\/schema.org\",\"@graph\":[{\"@type\":\"Article\",\"@id\":\"https:\/\/compartilhabahia.com.br\/index.php\/2024\/10\/09\/felinario-sera-reaberto-em-programacao-especial-do-zoo-para-o-dia-das-criancas\/#article\",\"isPartOf\":{\"@id\":\"https:\/\/compartilhabahia.com.br\/index.php\/2024\/10\/09\/felinario-sera-reaberto-em-programacao-especial-do-zoo-para-o-dia-das-criancas\/\"},\"author\":{\"name\":\"admin\",\"@id\":\"https:\/\/compartilhabahia.com.br\/#\/schema\/person\/9b4f0c3178793b8248d6686732521c04\"},\"headline\":\"Felin\u00e1rio ser\u00e1 reaberto em programa\u00e7\u00e3o especial do zoo para o Dia das Crian\u00e7as\",\"datePublished\":\"2024-10-09T14:55:16+00:00\",\"dateModified\":\"2024-10-09T14:55:17+00:00\",\"mainEntityOfPage\":{\"@id\":\"https:\/\/compartilhabahia.com.br\/index.php\/2024\/10\/09\/felinario-sera-reaberto-em-programacao-especial-do-zoo-para-o-dia-das-criancas\/\"},\"wordCount\":358,\"commentCount\":0,\"publisher\":{\"@id\":\"https:\/\/compartilhabahia.com.br\/#organization\"},\"articleSection\":[\"Bahia\"],\"inLanguage\":\"pt-BR\",\"potentialAction\":[{\"@type\":\"CommentAction\",\"name\":\"Comment\",\"target\":[\"https:\/\/compartilhabahia.com.br\/index.php\/2024\/10\/09\/felinario-sera-reaberto-em-programacao-especial-do-zoo-para-o-dia-das-criancas\/#respond\"]}]},{\"@type\":\"WebPage\",\"@id\":\"https:\/\/compartilhabahia.com.br\/index.php\/2024\/10\/09\/felinario-sera-reaberto-em-programacao-especial-do-zoo-para-o-dia-das-criancas\/\",\"url\":\"https:\/\/compartilhabahia.com.br\/index.php\/2024\/10\/09\/felinario-sera-reaberto-em-programacao-especial-do-zoo-para-o-dia-das-criancas\/\",\"name\":\"Felin\u00e1rio ser\u00e1 reaberto em programa\u00e7\u00e3o especial do zoo para o Dia das Crian\u00e7as - Compartilha Bahia\",\"isPartOf\":{\"@id\":\"https:\/\/compartilhabahia.com.br\/#website\"},\"datePublished\":\"2024-10-09T14:55:16+00:00\",\"dateModified\":\"2024-10-09T14:55:17+00:00\",\"breadcrumb\":{\"@id\":\"https:\/\/compartilhabahia.com.br\/index.php\/2024\/10\/09\/felinario-sera-reaberto-em-programacao-especial-do-zoo-para-o-dia-das-criancas\/#breadcrumb\"},\"inLanguage\":\"pt-BR\",\"potentialAction\":[{\"@type\":\"ReadAction\",\"target\":[\"https:\/\/compartilhabahia.com.br\/index.php\/2024\/10\/09\/felinario-sera-reaberto-em-programacao-especial-do-zoo-para-o-dia-das-criancas\/\"]}]},{\"@type\":\"BreadcrumbList\",\"@id\":\"https:\/\/compartilhabahia.com.br\/index.php\/2024\/10\/09\/felinario-sera-reaberto-em-programacao-especial-do-zoo-para-o-dia-das-criancas\/#breadcrumb\",\"itemListElement\":[{\"@type\":\"ListItem\",\"position\":1,\"name\":\"In\u00edcio\",\"item\":\"https:\/\/compartilhabahia.com.br\/\"},{\"@type\":\"ListItem\",\"position\":2,\"name\":\"Felin\u00e1rio ser\u00e1 reaberto em programa\u00e7\u00e3o especial do zoo para o Dia das Crian\u00e7as\"}]},{\"@type\":\"WebSite\",\"@id\":\"https:\/\/compartilhabahia.com.br\/#website\",\"url\":\"https:\/\/compartilhabahia.com.br\/\",\"name\":\"Compartilha Bahia\",\"description\":\"\",\"publisher\":{\"@id\":\"https:\/\/compartilhabahia.com.br\/#organization\"},\"potentialAction\":[{\"@type\":\"SearchAction\",\"target\":{\"@type\":\"EntryPoint\",\"urlTemplate\":\"https:\/\/compartilhabahia.com.br\/?s={search_term_string}\"},\"query-input\":\"required name=search_term_string\"}],\"inLanguage\":\"pt-BR\"},{\"@type\":\"Organization\",\"@id\":\"https:\/\/compartilhabahia.com.br\/#organization\",\"name\":\"Compartilha Bahia\",\"url\":\"https:\/\/compartilhabahia.com.br\/\",\"logo\":{\"@type\":\"ImageObject\",\"inLanguage\":\"pt-BR\",\"@id\":\"https:\/\/compartilhabahia.com.br\/#\/schema\/logo\/image\/\",\"url\":\"https:\/\/compartilhabahia.com.br\/wp-content\/uploads\/2023\/12\/cropped-logo.png\",\"contentUrl\":\"https:\/\/compartilhabahia.com.br\/wp-content\/uploads\/2023\/12\/cropped-logo.png\",\"width\":300,\"height\":106,\"caption\":\"Compartilha Bahia\"},\"image\":{\"@id\":\"https:\/\/compartilhabahia.com.br\/#\/schema\/logo\/image\/\"},\"sameAs\":[\"https:\/\/web.facebook.com\/compartilhabahia\",\"https:\/\/www.instagram.com\/compartilhabahia\/\"]},{\"@type\":\"Person\",\"@id\":\"https:\/\/compartilhabahia.com.br\/#\/schema\/person\/9b4f0c3178793b8248d6686732521c04\",\"name\":\"admin\",\"image\":{\"@type\":\"ImageObject\",\"inLanguage\":\"pt-BR\",\"@id\":\"https:\/\/compartilhabahia.com.br\/#\/schema\/person\/image\/\",\"url\":\"https:\/\/secure.gravatar.com\/avatar\/9600df58751c5acbe914c538c03390ef649ea088cb65f84ba09c7ce66988eed6?s=96&d=mm&r=g\",\"contentUrl\":\"https:\/\/secure.gravatar.com\/avatar\/9600df58751c5acbe914c538c03390ef649ea088cb65f84ba09c7ce66988eed6?s=96&d=mm&r=g\",\"caption\":\"admin\"},\"sameAs\":[\"https:\/\/compartilhabahia.com.br\"],\"url\":\"https:\/\/compartilhabahia.com.br\/index.php\/author\/compartilhabahia\/\"}]}<\/script>\n<!-- \/ Yoast SEO plugin. -->","yoast_head_json":{"title":"Felin\u00e1rio ser\u00e1 reaberto em programa\u00e7\u00e3o especial do zoo para o Dia das Crian\u00e7as - Compartilha Bahia","robots":{"index":"index","follow":"follow","max-snippet":"max-snippet:-1","max-image-preview":"max-image-preview:large","max-video-preview":"max-video-preview:-1"},"canonical":"https:\/\/compartilhabahia.com.br\/index.php\/2024\/10\/09\/felinario-sera-reaberto-em-programacao-especial-do-zoo-para-o-dia-das-criancas\/","og_locale":"pt_BR","og_type":"article","og_title":"Felin\u00e1rio ser\u00e1 reaberto em programa\u00e7\u00e3o especial do zoo para o Dia das Crian\u00e7as - Compartilha Bahia","og_description":"Ap\u00f3s passar por reparos, o Felinario estar\u00e1 aberta ao p\u00fablico, neste s\u00e1bado (12). A reabertura do espa\u00e7o dedicado aos felinos faz parte da programa\u00e7\u00e3o especial do Parque Zoobot\u00e2nico Get\u00falio Vargas \u2013 Zoo de Salvador, em comemora\u00e7\u00e3o ao Dias das Crian\u00e7as. Al\u00e9m dos visitantes poderem desfrutar da bel\u00edssima paisagem do parque e conhecer in\u00fameras esp\u00e9cies da [&hellip;]","og_url":"https:\/\/compartilhabahia.com.br\/index.php\/2024\/10\/09\/felinario-sera-reaberto-em-programacao-especial-do-zoo-para-o-dia-das-criancas\/","og_site_name":"Compartilha Bahia","article_publisher":"https:\/\/web.facebook.com\/compartilhabahia","article_published_time":"2024-10-09T14:55:16+00:00","article_modified_time":"2024-10-09T14:55:17+00:00","og_image":[{"width":900,"height":600,"url":"https:\/\/compartilhabahia.com.br\/wp-content\/uploads\/2024\/10\/WhatsApp-Image-2024-10-09-at-09.07.49-900x600-1.jpeg","type":"image\/jpeg"}],"author":"admin","twitter_card":"summary_large_image","twitter_misc":{"Escrito por":"admin","Est. tempo de leitura":"3 minutos"},"schema":{"@context":"https:\/\/schema.org","@graph":[{"@type":"Article","@id":"https:\/\/compartilhabahia.com.br\/index.php\/2024\/10\/09\/felinario-sera-reaberto-em-programacao-especial-do-zoo-para-o-dia-das-criancas\/#article","isPartOf":{"@id":"https:\/\/compartilhabahia.com.br\/index.php\/2024\/10\/09\/felinario-sera-reaberto-em-programacao-especial-do-zoo-para-o-dia-das-criancas\/"},"author":{"name":"admin","@id":"https:\/\/compartilhabahia.com.br\/#\/schema\/person\/9b4f0c3178793b8248d6686732521c04"},"headline":"Felin\u00e1rio ser\u00e1 reaberto em programa\u00e7\u00e3o especial do zoo para o Dia das Crian\u00e7as","datePublished":"2024-10-09T14:55:16+00:00","dateModified":"2024-10-09T14:55:17+00:00","mainEntityOfPage":{"@id":"https:\/\/compartilhabahia.com.br\/index.php\/2024\/10\/09\/felinario-sera-reaberto-em-programacao-especial-do-zoo-para-o-dia-das-criancas\/"},"wordCount":358,"commentCount":0,"publisher":{"@id":"https:\/\/compartilhabahia.com.br\/#organization"},"articleSection":["Bahia"],"inLanguage":"pt-BR","potentialAction":[{"@type":"CommentAction","name":"Comment","target":["https:\/\/compartilhabahia.com.br\/index.php\/2024\/10\/09\/felinario-sera-reaberto-em-programacao-especial-do-zoo-para-o-dia-das-criancas\/#respond"]}]},{"@type":"WebPage","@id":"https:\/\/compartilhabahia.com.br\/index.php\/2024\/10\/09\/felinario-sera-reaberto-em-programacao-especial-do-zoo-para-o-dia-das-criancas\/","url":"https:\/\/compartilhabahia.com.br\/index.php\/2024\/10\/09\/felinario-sera-reaberto-em-programacao-especial-do-zoo-para-o-dia-das-criancas\/","name":"Felin\u00e1rio ser\u00e1 reaberto em programa\u00e7\u00e3o especial do zoo para o Dia das Crian\u00e7as - Compartilha Bahia","isPartOf":{"@id":"https:\/\/compartilhabahia.com.br\/#website"},"datePublished":"2024-10-09T14:55:16+00:00","dateModified":"2024-10-09T14:55:17+00:00","breadcrumb":{"@id":"https:\/\/compartilhabahia.com.br\/index.php\/2024\/10\/09\/felinario-sera-reaberto-em-programacao-especial-do-zoo-para-o-dia-das-criancas\/#breadcrumb"},"inLanguage":"pt-BR","potentialAction":[{"@type":"ReadAction","target":["https:\/\/compartilhabahia.com.br\/index.php\/2024\/10\/09\/felinario-sera-reaberto-em-programacao-especial-do-zoo-para-o-dia-das-criancas\/"]}]},{"@type":"BreadcrumbList","@id":"https:\/\/compartilhabahia.com.br\/index.php\/2024\/10\/09\/felinario-sera-reaberto-em-programacao-especial-do-zoo-para-o-dia-das-criancas\/#breadcrumb","itemListElement":[{"@type":"ListItem","position":1,"name":"In\u00edcio","item":"https:\/\/compartilhabahia.com.br\/"},{"@type":"ListItem","position":2,"name":"Felin\u00e1rio ser\u00e1 reaberto em programa\u00e7\u00e3o especial do zoo para o Dia das Crian\u00e7as"}]},{"@type":"WebSite","@id":"https:\/\/compartilhabahia.com.br\/#website","url":"https:\/\/compartilhabahia.com.br\/","name":"Compartilha Bahia","description":"","publisher":{"@id":"https:\/\/compartilhabahia.com.br\/#organization"},"potentialAction":[{"@type":"SearchAction","target":{"@type":"EntryPoint","urlTemplate":"https:\/\/compartilhabahia.com.br\/?s={search_term_string}"},"query-input":"required name=search_term_string"}],"inLanguage":"pt-BR"},{"@type":"Organization","@id":"https:\/\/compartilhabahia.com.br\/#organization","name":"Compartilha Bahia","url":"https:\/\/compartilhabahia.com.br\/","logo":{"@type":"ImageObject","inLanguage":"pt-BR","@id":"https:\/\/compartilhabahia.com.br\/#\/schema\/logo\/image\/","url":"https:\/\/compartilhabahia.com.br\/wp-content\/uploads\/2023\/12\/cropped-logo.png","contentUrl":"https:\/\/compartilhabahia.com.br\/wp-content\/uploads\/2023\/12\/cropped-logo.png","width":300,"height":106,"caption":"Compartilha Bahia"},"image":{"@id":"https:\/\/compartilhabahia.com.br\/#\/schema\/logo\/image\/"},"sameAs":["https:\/\/web.facebook.com\/compartilhabahia","https:\/\/www.instagram.com\/compartilhabahia\/"]},{"@type":"Person","@id":"https:\/\/compartilhabahia.com.br\/#\/schema\/person\/9b4f0c3178793b8248d6686732521c04","name":"admin","image":{"@type":"ImageObject","inLanguage":"pt-BR","@id":"https:\/\/compartilhabahia.com.br\/#\/schema\/person\/image\/","url":"https:\/\/secure.gravatar.com\/avatar\/9600df58751c5acbe914c538c03390ef649ea088cb65f84ba09c7ce66988eed6?s=96&d=mm&r=g","contentUrl":"https:\/\/secure.gravatar.com\/avatar\/9600df58751c5acbe914c538c03390ef649ea088cb65f84ba09c7ce66988eed6?s=96&d=mm&r=g","caption":"admin"},"sameAs":["https:\/\/compartilhabahia.com.br"],"url":"https:\/\/compartilhabahia.com.br\/index.php\/author\/compartilhabahia\/"}]}},"_links":{"self":[{"href":"https:\/\/compartilhabahia.com.br\/index.php\/wp-json\/wp\/v2\/posts\/3919","targetHints":{"allow":["GET"]}}],"collection":[{"href":"https:\/\/compartilhabahia.com.br\/index.php\/wp-json\/wp\/v2\/posts"}],"about":[{"href":"https:\/\/compartilhabahia.com.br\/index.php\/wp-json\/wp\/v2\/types\/post"}],"author":[{"embeddable":true,"href":"https:\/\/compartilhabahia.com.br\/index.php\/wp-json\/wp\/v2\/users\/1"}],"replies":[{"embeddable":true,"href":"https:\/\/compartilhabahia.com.br\/index.php\/wp-json\/wp\/v2\/comments?post=3919"}],"version-history":[{"count":1,"href":"https:\/\/compartilhabahia.com.br\/index.php\/wp-json\/wp\/v2\/posts\/3919\/revisions"}],"predecessor-version":[{"id":3921,"href":"https:\/\/compartilhabahia.com.br\/index.php\/wp-json\/wp\/v2\/posts\/3919\/revisions\/3921"}],"wp:featuredmedia":[{"embeddable":true,"href":"https:\/\/compartilhabahia.com.br\/index.php\/wp-json\/wp\/v2\/media\/3920"}],"wp:attachment":[{"href":"https:\/\/compartilhabahia.com.br\/index.php\/wp-json\/wp\/v2\/media?parent=3919"}],"wp:term":[{"taxonomy":"category","embeddable":true,"href":"https:\/\/compartilhabahia.com.br\/index.php\/wp-json\/wp\/v2\/categories?post=3919"},{"taxonomy":"post_tag","embeddable":true,"href":"https:\/\/compartilhabahia.com.br\/index.php\/wp-json\/wp\/v2\/tags?post=3919"}],"curies":[{"name":"wp","href":"https:\/\/api.w.org\/{rel}","templated":true}]}}