{"id":3875,"date":"2024-10-05T10:39:11","date_gmt":"2024-10-05T10:39:11","guid":{"rendered":"https:\/\/compartilhabahia.com.br\/?p=3875"},"modified":"2024-10-05T11:28:14","modified_gmt":"2024-10-05T11:28:14","slug":"delma-da-saude-e-um-das-mulheres-com-chances-de-se-eleger-na-chapa-de-caetano","status":"publish","type":"post","link":"https:\/\/compartilhabahia.com.br\/index.php\/2024\/10\/05\/delma-da-saude-e-um-das-mulheres-com-chances-de-se-eleger-na-chapa-de-caetano\/","title":{"rendered":"Delma da Sa\u00fade \u00e9 um das mulheres com chances de se eleger na chapa de Caetano"},"content":{"rendered":"\n<p>Desde o inicio da campana eleitoral de 2024 em Cama\u00e7ari (BA) o candidato a prefeito Luiz Caetano (PT), sempre ressaltou o seu desejo de ver mulheres eleitas como vereadoras. Inclusive a deputada federal Ivoneide Caetano (PT), tamb\u00e9m empunhou essa bandeira, da mesma forma a candidata a vice-prefeita Pastora Dea. Percebendo essa inten\u00e7\u00e3o nobre da c\u00fapula pol\u00edtica, a candidata a vereadora Delma da Sa\u00fade (PSB), n\u00famero 40.025, fez a parte dela, visitou centenas de casas pedindo votos nesse intuito, de ver a representatividade feminina destacada na C\u00e2mara Municipal.<\/p>\n\n\n\n<p>Esse trabalho de Delma da Sa\u00fade deu resultado, hoje ela \u00e9 bem cotada como uma das mulheres com grandes chances de se eleger vereadora na chapa de Caetano. <\/p>\n\n\n\n<p><\/p>\n\n\n\n<p>Ela \u00e9 a Agente Comunit\u00e1ria de Sa\u00fade de Cama\u00e7ari, que teve nota m\u00e1xima em curso de forma\u00e7\u00e3o t\u00e9cnica oferecido pelo Minist\u00e9rio da Sa\u00fade e pela Universidade Federal do Rio Grande do Sul, obtendo 10 em todas as 26 disciplinas, ficando, entre 400 mil participantes, em primeiro lugar em todo o Brasil.  Um \u00f3timo curr\u00edculo para ser vereadora.<\/p>\n\n\n\n<p>Dentro dos partidos de oposi\u00e7\u00e3o as mulheres tentam se destacar em um mundo muito competitivo, onde enfrentam candidatos homens bem estruturados. Isso acontece no PT, Avante, Solidariedade, PSD e PSB.<\/p>\n\n\n\n<p>Elas ter\u00e3o mais sucesso, se os eleitores optarem pelo voto feminino.<\/p>\n\n\n\n<p><\/p>\n\n\n\n<p><\/p>\n","protected":false},"excerpt":{"rendered":"<p>Desde o inicio da campana eleitoral de 2024 em Cama\u00e7ari (BA) o candidato a prefeito Luiz Caetano (PT), sempre ressaltou o seu desejo de ver mulheres eleitas como vereadoras. Inclusive a deputada federal Ivoneide Caetano (PT), tamb\u00e9m empunhou essa bandeira, da mesma forma a candidata a vice-prefeita Pastora Dea. Percebendo essa inten\u00e7\u00e3o nobre da c\u00fapula [&hellip;]<\/p>\n","protected":false},"author":1,"featured_media":3876,"comment_status":"open","ping_status":"open","sticky":false,"template":"","format":"standard","meta":{"footnotes":""},"categories":[1],"tags":[],"class_list":["post-3875","post","type-post","status-publish","format-standard","has-post-thumbnail","hentry","category-mundo"],"yoast_head":"<!-- This site is optimized with the Yoast SEO plugin v21.7 - https:\/\/yoast.com\/wordpress\/plugins\/seo\/ -->\n<title>Delma da Sa\u00fade \u00e9 um das mulheres com chances de se eleger na chapa de Caetano - Compartilha Bahia<\/title>\n<meta name=\"robots\" content=\"index, follow, max-snippet:-1, max-image-preview:large, max-video-preview:-1\" \/>\n<link rel=\"canonical\" href=\"https:\/\/compartilhabahia.com.br\/index.php\/2024\/10\/05\/delma-da-saude-e-um-das-mulheres-com-chances-de-se-eleger-na-chapa-de-caetano\/\" \/>\n<meta property=\"og:locale\" content=\"pt_BR\" \/>\n<meta property=\"og:type\" content=\"article\" \/>\n<meta property=\"og:title\" content=\"Delma da Sa\u00fade \u00e9 um das mulheres com chances de se eleger na chapa de Caetano - Compartilha Bahia\" \/>\n<meta property=\"og:description\" content=\"Desde o inicio da campana eleitoral de 2024 em Cama\u00e7ari (BA) o candidato a prefeito Luiz Caetano (PT), sempre ressaltou o seu desejo de ver mulheres eleitas como vereadoras. Inclusive a deputada federal Ivoneide Caetano (PT), tamb\u00e9m empunhou essa bandeira, da mesma forma a candidata a vice-prefeita Pastora Dea. Percebendo essa inten\u00e7\u00e3o nobre da c\u00fapula [&hellip;]\" \/>\n<meta property=\"og:url\" content=\"https:\/\/compartilhabahia.com.br\/index.php\/2024\/10\/05\/delma-da-saude-e-um-das-mulheres-com-chances-de-se-eleger-na-chapa-de-caetano\/\" \/>\n<meta property=\"og:site_name\" content=\"Compartilha Bahia\" \/>\n<meta property=\"article:publisher\" content=\"https:\/\/web.facebook.com\/compartilhabahia\" \/>\n<meta property=\"article:published_time\" content=\"2024-10-05T10:39:11+00:00\" \/>\n<meta property=\"article:modified_time\" content=\"2024-10-05T11:28:14+00:00\" \/>\n<meta property=\"og:image\" content=\"https:\/\/compartilhabahia.com.br\/wp-content\/uploads\/2024\/10\/delmaniver.jpg\" \/>\n\t<meta property=\"og:image:width\" content=\"719\" \/>\n\t<meta property=\"og:image:height\" content=\"564\" \/>\n\t<meta property=\"og:image:type\" content=\"image\/jpeg\" \/>\n<meta name=\"author\" content=\"admin\" \/>\n<meta name=\"twitter:card\" content=\"summary_large_image\" \/>\n<meta name=\"twitter:label1\" content=\"Escrito por\" \/>\n\t<meta name=\"twitter:data1\" content=\"admin\" \/>\n\t<meta name=\"twitter:label2\" content=\"Est. tempo de leitura\" \/>\n\t<meta name=\"twitter:data2\" content=\"2 minutos\" \/>\n<script type=\"application\/ld+json\" class=\"yoast-schema-graph\">{\"@context\":\"https:\/\/schema.org\",\"@graph\":[{\"@type\":\"Article\",\"@id\":\"https:\/\/compartilhabahia.com.br\/index.php\/2024\/10\/05\/delma-da-saude-e-um-das-mulheres-com-chances-de-se-eleger-na-chapa-de-caetano\/#article\",\"isPartOf\":{\"@id\":\"https:\/\/compartilhabahia.com.br\/index.php\/2024\/10\/05\/delma-da-saude-e-um-das-mulheres-com-chances-de-se-eleger-na-chapa-de-caetano\/\"},\"author\":{\"name\":\"admin\",\"@id\":\"https:\/\/compartilhabahia.com.br\/#\/schema\/person\/9b4f0c3178793b8248d6686732521c04\"},\"headline\":\"Delma da Sa\u00fade \u00e9 um das mulheres com chances de se eleger na chapa de Caetano\",\"datePublished\":\"2024-10-05T10:39:11+00:00\",\"dateModified\":\"2024-10-05T11:28:14+00:00\",\"mainEntityOfPage\":{\"@id\":\"https:\/\/compartilhabahia.com.br\/index.php\/2024\/10\/05\/delma-da-saude-e-um-das-mulheres-com-chances-de-se-eleger-na-chapa-de-caetano\/\"},\"wordCount\":242,\"commentCount\":0,\"publisher\":{\"@id\":\"https:\/\/compartilhabahia.com.br\/#organization\"},\"articleSection\":[\"Mundo\"],\"inLanguage\":\"pt-BR\",\"potentialAction\":[{\"@type\":\"CommentAction\",\"name\":\"Comment\",\"target\":[\"https:\/\/compartilhabahia.com.br\/index.php\/2024\/10\/05\/delma-da-saude-e-um-das-mulheres-com-chances-de-se-eleger-na-chapa-de-caetano\/#respond\"]}]},{\"@type\":\"WebPage\",\"@id\":\"https:\/\/compartilhabahia.com.br\/index.php\/2024\/10\/05\/delma-da-saude-e-um-das-mulheres-com-chances-de-se-eleger-na-chapa-de-caetano\/\",\"url\":\"https:\/\/compartilhabahia.com.br\/index.php\/2024\/10\/05\/delma-da-saude-e-um-das-mulheres-com-chances-de-se-eleger-na-chapa-de-caetano\/\",\"name\":\"Delma da Sa\u00fade \u00e9 um das mulheres com chances de se eleger na chapa de Caetano - Compartilha Bahia\",\"isPartOf\":{\"@id\":\"https:\/\/compartilhabahia.com.br\/#website\"},\"datePublished\":\"2024-10-05T10:39:11+00:00\",\"dateModified\":\"2024-10-05T11:28:14+00:00\",\"breadcrumb\":{\"@id\":\"https:\/\/compartilhabahia.com.br\/index.php\/2024\/10\/05\/delma-da-saude-e-um-das-mulheres-com-chances-de-se-eleger-na-chapa-de-caetano\/#breadcrumb\"},\"inLanguage\":\"pt-BR\",\"potentialAction\":[{\"@type\":\"ReadAction\",\"target\":[\"https:\/\/compartilhabahia.com.br\/index.php\/2024\/10\/05\/delma-da-saude-e-um-das-mulheres-com-chances-de-se-eleger-na-chapa-de-caetano\/\"]}]},{\"@type\":\"BreadcrumbList\",\"@id\":\"https:\/\/compartilhabahia.com.br\/index.php\/2024\/10\/05\/delma-da-saude-e-um-das-mulheres-com-chances-de-se-eleger-na-chapa-de-caetano\/#breadcrumb\",\"itemListElement\":[{\"@type\":\"ListItem\",\"position\":1,\"name\":\"In\u00edcio\",\"item\":\"https:\/\/compartilhabahia.com.br\/\"},{\"@type\":\"ListItem\",\"position\":2,\"name\":\"Delma da Sa\u00fade \u00e9 um das mulheres com chances de se eleger na chapa de Caetano\"}]},{\"@type\":\"WebSite\",\"@id\":\"https:\/\/compartilhabahia.com.br\/#website\",\"url\":\"https:\/\/compartilhabahia.com.br\/\",\"name\":\"Compartilha Bahia\",\"description\":\"\",\"publisher\":{\"@id\":\"https:\/\/compartilhabahia.com.br\/#organization\"},\"potentialAction\":[{\"@type\":\"SearchAction\",\"target\":{\"@type\":\"EntryPoint\",\"urlTemplate\":\"https:\/\/compartilhabahia.com.br\/?s={search_term_string}\"},\"query-input\":\"required name=search_term_string\"}],\"inLanguage\":\"pt-BR\"},{\"@type\":\"Organization\",\"@id\":\"https:\/\/compartilhabahia.com.br\/#organization\",\"name\":\"Compartilha Bahia\",\"url\":\"https:\/\/compartilhabahia.com.br\/\",\"logo\":{\"@type\":\"ImageObject\",\"inLanguage\":\"pt-BR\",\"@id\":\"https:\/\/compartilhabahia.com.br\/#\/schema\/logo\/image\/\",\"url\":\"https:\/\/compartilhabahia.com.br\/wp-content\/uploads\/2023\/12\/cropped-logo.png\",\"contentUrl\":\"https:\/\/compartilhabahia.com.br\/wp-content\/uploads\/2023\/12\/cropped-logo.png\",\"width\":300,\"height\":106,\"caption\":\"Compartilha Bahia\"},\"image\":{\"@id\":\"https:\/\/compartilhabahia.com.br\/#\/schema\/logo\/image\/\"},\"sameAs\":[\"https:\/\/web.facebook.com\/compartilhabahia\",\"https:\/\/www.instagram.com\/compartilhabahia\/\"]},{\"@type\":\"Person\",\"@id\":\"https:\/\/compartilhabahia.com.br\/#\/schema\/person\/9b4f0c3178793b8248d6686732521c04\",\"name\":\"admin\",\"image\":{\"@type\":\"ImageObject\",\"inLanguage\":\"pt-BR\",\"@id\":\"https:\/\/compartilhabahia.com.br\/#\/schema\/person\/image\/\",\"url\":\"https:\/\/secure.gravatar.com\/avatar\/9600df58751c5acbe914c538c03390ef649ea088cb65f84ba09c7ce66988eed6?s=96&d=mm&r=g\",\"contentUrl\":\"https:\/\/secure.gravatar.com\/avatar\/9600df58751c5acbe914c538c03390ef649ea088cb65f84ba09c7ce66988eed6?s=96&d=mm&r=g\",\"caption\":\"admin\"},\"sameAs\":[\"https:\/\/compartilhabahia.com.br\"],\"url\":\"https:\/\/compartilhabahia.com.br\/index.php\/author\/compartilhabahia\/\"}]}<\/script>\n<!-- \/ Yoast SEO plugin. -->","yoast_head_json":{"title":"Delma da Sa\u00fade \u00e9 um das mulheres com chances de se eleger na chapa de Caetano - Compartilha Bahia","robots":{"index":"index","follow":"follow","max-snippet":"max-snippet:-1","max-image-preview":"max-image-preview:large","max-video-preview":"max-video-preview:-1"},"canonical":"https:\/\/compartilhabahia.com.br\/index.php\/2024\/10\/05\/delma-da-saude-e-um-das-mulheres-com-chances-de-se-eleger-na-chapa-de-caetano\/","og_locale":"pt_BR","og_type":"article","og_title":"Delma da Sa\u00fade \u00e9 um das mulheres com chances de se eleger na chapa de Caetano - Compartilha Bahia","og_description":"Desde o inicio da campana eleitoral de 2024 em Cama\u00e7ari (BA) o candidato a prefeito Luiz Caetano (PT), sempre ressaltou o seu desejo de ver mulheres eleitas como vereadoras. Inclusive a deputada federal Ivoneide Caetano (PT), tamb\u00e9m empunhou essa bandeira, da mesma forma a candidata a vice-prefeita Pastora Dea. Percebendo essa inten\u00e7\u00e3o nobre da c\u00fapula [&hellip;]","og_url":"https:\/\/compartilhabahia.com.br\/index.php\/2024\/10\/05\/delma-da-saude-e-um-das-mulheres-com-chances-de-se-eleger-na-chapa-de-caetano\/","og_site_name":"Compartilha Bahia","article_publisher":"https:\/\/web.facebook.com\/compartilhabahia","article_published_time":"2024-10-05T10:39:11+00:00","article_modified_time":"2024-10-05T11:28:14+00:00","og_image":[{"width":719,"height":564,"url":"https:\/\/compartilhabahia.com.br\/wp-content\/uploads\/2024\/10\/delmaniver.jpg","type":"image\/jpeg"}],"author":"admin","twitter_card":"summary_large_image","twitter_misc":{"Escrito por":"admin","Est. tempo de leitura":"2 minutos"},"schema":{"@context":"https:\/\/schema.org","@graph":[{"@type":"Article","@id":"https:\/\/compartilhabahia.com.br\/index.php\/2024\/10\/05\/delma-da-saude-e-um-das-mulheres-com-chances-de-se-eleger-na-chapa-de-caetano\/#article","isPartOf":{"@id":"https:\/\/compartilhabahia.com.br\/index.php\/2024\/10\/05\/delma-da-saude-e-um-das-mulheres-com-chances-de-se-eleger-na-chapa-de-caetano\/"},"author":{"name":"admin","@id":"https:\/\/compartilhabahia.com.br\/#\/schema\/person\/9b4f0c3178793b8248d6686732521c04"},"headline":"Delma da Sa\u00fade \u00e9 um das mulheres com chances de se eleger na chapa de Caetano","datePublished":"2024-10-05T10:39:11+00:00","dateModified":"2024-10-05T11:28:14+00:00","mainEntityOfPage":{"@id":"https:\/\/compartilhabahia.com.br\/index.php\/2024\/10\/05\/delma-da-saude-e-um-das-mulheres-com-chances-de-se-eleger-na-chapa-de-caetano\/"},"wordCount":242,"commentCount":0,"publisher":{"@id":"https:\/\/compartilhabahia.com.br\/#organization"},"articleSection":["Mundo"],"inLanguage":"pt-BR","potentialAction":[{"@type":"CommentAction","name":"Comment","target":["https:\/\/compartilhabahia.com.br\/index.php\/2024\/10\/05\/delma-da-saude-e-um-das-mulheres-com-chances-de-se-eleger-na-chapa-de-caetano\/#respond"]}]},{"@type":"WebPage","@id":"https:\/\/compartilhabahia.com.br\/index.php\/2024\/10\/05\/delma-da-saude-e-um-das-mulheres-com-chances-de-se-eleger-na-chapa-de-caetano\/","url":"https:\/\/compartilhabahia.com.br\/index.php\/2024\/10\/05\/delma-da-saude-e-um-das-mulheres-com-chances-de-se-eleger-na-chapa-de-caetano\/","name":"Delma da Sa\u00fade \u00e9 um das mulheres com chances de se eleger na chapa de Caetano - Compartilha Bahia","isPartOf":{"@id":"https:\/\/compartilhabahia.com.br\/#website"},"datePublished":"2024-10-05T10:39:11+00:00","dateModified":"2024-10-05T11:28:14+00:00","breadcrumb":{"@id":"https:\/\/compartilhabahia.com.br\/index.php\/2024\/10\/05\/delma-da-saude-e-um-das-mulheres-com-chances-de-se-eleger-na-chapa-de-caetano\/#breadcrumb"},"inLanguage":"pt-BR","potentialAction":[{"@type":"ReadAction","target":["https:\/\/compartilhabahia.com.br\/index.php\/2024\/10\/05\/delma-da-saude-e-um-das-mulheres-com-chances-de-se-eleger-na-chapa-de-caetano\/"]}]},{"@type":"BreadcrumbList","@id":"https:\/\/compartilhabahia.com.br\/index.php\/2024\/10\/05\/delma-da-saude-e-um-das-mulheres-com-chances-de-se-eleger-na-chapa-de-caetano\/#breadcrumb","itemListElement":[{"@type":"ListItem","position":1,"name":"In\u00edcio","item":"https:\/\/compartilhabahia.com.br\/"},{"@type":"ListItem","position":2,"name":"Delma da Sa\u00fade \u00e9 um das mulheres com chances de se eleger na chapa de Caetano"}]},{"@type":"WebSite","@id":"https:\/\/compartilhabahia.com.br\/#website","url":"https:\/\/compartilhabahia.com.br\/","name":"Compartilha Bahia","description":"","publisher":{"@id":"https:\/\/compartilhabahia.com.br\/#organization"},"potentialAction":[{"@type":"SearchAction","target":{"@type":"EntryPoint","urlTemplate":"https:\/\/compartilhabahia.com.br\/?s={search_term_string}"},"query-input":"required name=search_term_string"}],"inLanguage":"pt-BR"},{"@type":"Organization","@id":"https:\/\/compartilhabahia.com.br\/#organization","name":"Compartilha Bahia","url":"https:\/\/compartilhabahia.com.br\/","logo":{"@type":"ImageObject","inLanguage":"pt-BR","@id":"https:\/\/compartilhabahia.com.br\/#\/schema\/logo\/image\/","url":"https:\/\/compartilhabahia.com.br\/wp-content\/uploads\/2023\/12\/cropped-logo.png","contentUrl":"https:\/\/compartilhabahia.com.br\/wp-content\/uploads\/2023\/12\/cropped-logo.png","width":300,"height":106,"caption":"Compartilha Bahia"},"image":{"@id":"https:\/\/compartilhabahia.com.br\/#\/schema\/logo\/image\/"},"sameAs":["https:\/\/web.facebook.com\/compartilhabahia","https:\/\/www.instagram.com\/compartilhabahia\/"]},{"@type":"Person","@id":"https:\/\/compartilhabahia.com.br\/#\/schema\/person\/9b4f0c3178793b8248d6686732521c04","name":"admin","image":{"@type":"ImageObject","inLanguage":"pt-BR","@id":"https:\/\/compartilhabahia.com.br\/#\/schema\/person\/image\/","url":"https:\/\/secure.gravatar.com\/avatar\/9600df58751c5acbe914c538c03390ef649ea088cb65f84ba09c7ce66988eed6?s=96&d=mm&r=g","contentUrl":"https:\/\/secure.gravatar.com\/avatar\/9600df58751c5acbe914c538c03390ef649ea088cb65f84ba09c7ce66988eed6?s=96&d=mm&r=g","caption":"admin"},"sameAs":["https:\/\/compartilhabahia.com.br"],"url":"https:\/\/compartilhabahia.com.br\/index.php\/author\/compartilhabahia\/"}]}},"_links":{"self":[{"href":"https:\/\/compartilhabahia.com.br\/index.php\/wp-json\/wp\/v2\/posts\/3875","targetHints":{"allow":["GET"]}}],"collection":[{"href":"https:\/\/compartilhabahia.com.br\/index.php\/wp-json\/wp\/v2\/posts"}],"about":[{"href":"https:\/\/compartilhabahia.com.br\/index.php\/wp-json\/wp\/v2\/types\/post"}],"author":[{"embeddable":true,"href":"https:\/\/compartilhabahia.com.br\/index.php\/wp-json\/wp\/v2\/users\/1"}],"replies":[{"embeddable":true,"href":"https:\/\/compartilhabahia.com.br\/index.php\/wp-json\/wp\/v2\/comments?post=3875"}],"version-history":[{"count":2,"href":"https:\/\/compartilhabahia.com.br\/index.php\/wp-json\/wp\/v2\/posts\/3875\/revisions"}],"predecessor-version":[{"id":3881,"href":"https:\/\/compartilhabahia.com.br\/index.php\/wp-json\/wp\/v2\/posts\/3875\/revisions\/3881"}],"wp:featuredmedia":[{"embeddable":true,"href":"https:\/\/compartilhabahia.com.br\/index.php\/wp-json\/wp\/v2\/media\/3876"}],"wp:attachment":[{"href":"https:\/\/compartilhabahia.com.br\/index.php\/wp-json\/wp\/v2\/media?parent=3875"}],"wp:term":[{"taxonomy":"category","embeddable":true,"href":"https:\/\/compartilhabahia.com.br\/index.php\/wp-json\/wp\/v2\/categories?post=3875"},{"taxonomy":"post_tag","embeddable":true,"href":"https:\/\/compartilhabahia.com.br\/index.php\/wp-json\/wp\/v2\/tags?post=3875"}],"curies":[{"name":"wp","href":"https:\/\/api.w.org\/{rel}","templated":true}]}}