{"id":3794,"date":"2024-09-28T12:15:42","date_gmt":"2024-09-28T12:15:42","guid":{"rendered":"https:\/\/compartilhabahia.com.br\/?p=3794"},"modified":"2024-09-28T12:24:30","modified_gmt":"2024-09-28T12:24:30","slug":"caetano-tem-final-de-semana-historico-comicio-desfile-e-caminhada-com-kanario","status":"publish","type":"post","link":"https:\/\/compartilhabahia.com.br\/index.php\/2024\/09\/28\/caetano-tem-final-de-semana-historico-comicio-desfile-e-caminhada-com-kanario\/","title":{"rendered":"Caetano tem final de semana hist\u00f3rico: com\u00edcio, desfile e caminhada com Kan\u00e1rio"},"content":{"rendered":"\n<p>Esse final de semana que antecede ao dia da elei\u00e7\u00e3o esta sendo hist\u00f3rico para o candidato a prefeito Caetano (PT), a vice Pastora D\u00e9a e seus candidatos e candidatas a vereador. Dezenas de milhares de pessoas est\u00e3o aderindo ao seu projeto de mudan\u00e7a.<\/p>\n\n\n\n<p>Na sexta-feira (27), ele realizou um grande com\u00edcio na orla mar\u00edtima de Cama\u00e7ari, neste s\u00e1bado participa do tradicional desfile de 28 de Setembro, anivers\u00e1rio da cidade e no domingo (29), realiza uma mega caminhada com a participa\u00e7\u00e3o do cantor Kan\u00e1rio, a voz do jingle de maior sucesso da atual campanha, a partir das 9h, saindo do Jardim Limoeiro.<\/p>\n\n\n\n<figure class=\"wp-block-image size-large\"><img loading=\"lazy\" decoding=\"async\" width=\"1024\" height=\"1024\" src=\"https:\/\/compartilhabahia.com.br\/wp-content\/uploads\/2024\/09\/461410948_18369134140100511_8139838054676332034_n-1024x1024.jpg\" alt=\"\" class=\"wp-image-3796\" srcset=\"https:\/\/compartilhabahia.com.br\/wp-content\/uploads\/2024\/09\/461410948_18369134140100511_8139838054676332034_n-1024x1024.jpg 1024w, https:\/\/compartilhabahia.com.br\/wp-content\/uploads\/2024\/09\/461410948_18369134140100511_8139838054676332034_n-300x300.jpg 300w, https:\/\/compartilhabahia.com.br\/wp-content\/uploads\/2024\/09\/461410948_18369134140100511_8139838054676332034_n-150x150.jpg 150w, https:\/\/compartilhabahia.com.br\/wp-content\/uploads\/2024\/09\/461410948_18369134140100511_8139838054676332034_n-768x768.jpg 768w, https:\/\/compartilhabahia.com.br\/wp-content\/uploads\/2024\/09\/461410948_18369134140100511_8139838054676332034_n-600x600.jpg 600w, https:\/\/compartilhabahia.com.br\/wp-content\/uploads\/2024\/09\/461410948_18369134140100511_8139838054676332034_n.jpg 1080w\" sizes=\"auto, (max-width: 1024px) 100vw, 1024px\" \/><\/figure>\n\n\n\n<p>Ao projetar melhorias na sa\u00fade e transporte p\u00fablico, Caetano garante que essa ser\u00e1 a &#8220;elei\u00e7\u00e3o da liberta\u00e7\u00e3o&#8221;<\/p>\n\n\n\n<p>Em Arembepe, petista tamb\u00e9m refor\u00e7ou a import\u00e2ncia da qualifica\u00e7\u00e3o profissional para gera\u00e7\u00e3o de emprego e renda.<\/p>\n\n\n\n<p>&#8220;Minha miss\u00e3o est\u00e1 escrita. \u00c9 ajudar trazer de volta esse munic\u00edpio, virar essa chave e fazer a mudan\u00e7a&#8221;, foi assim que o candidato a prefeito de Cama\u00e7ari, Luiz Caetano (PT) iniciou o discurso na noite desta sexta-feira (27), em Arembepe. Conforme o petista, essa elei\u00e7\u00e3o ser\u00e1 &#8220;da liberta\u00e7\u00e3o, para trazer de volta a dignidade&#8221;. No que diz respeito \u00e0s propostas para a localidade, o pol\u00edtico destacou \u00e1reas como a sa\u00fade, qualifica\u00e7\u00e3o profissional e o transporte p\u00fablico.<\/p>\n\n\n\n<p>&#8220;O meu desafio \u00e9 botar o \u00f4nibus el\u00e9trico com tarifa zero, e eu vou botar \u00f4nibus el\u00e9trico com tarifa zero. Vamos botar inclusive um aplicativo que voc\u00ea de casa vai saber que horas o buzu vai passar. A\u00ed, voc\u00ea vai sentar no buzu, com ar-condicionado e vai lembrar o que Lula, o que Jer\u00f4nimo trouxe para n\u00f3s e que Caetano botou a tarifa zero porque n\u00f3s temos direito de usufruir da riqueza de Cama\u00e7ari, que n\u00e3o pode ser s\u00f3 para a ind\u00fastria, para os poderosos, tem que ser dividida com a sociedade. Por isso tem que ter um prefeito que seja do povo, que seja ligado ao povo&#8221;, projetou.<\/p>\n\n\n\n<p>Na oportunidade, Caetano tamb\u00e9m lembrou do avan\u00e7o industrial com a chegada de novas f\u00e1bricas, a exemplo da BYD. Ele enfatizou a necessidade de qualificar a popula\u00e7\u00e3o da orla. &#8220;O prefeito tem que conduzir o munic\u00edpio para ajudar a resolver os problemas do povo. Eu vou colocar a partir de janeiro curso de capacita\u00e7\u00e3o e qualifica\u00e7\u00e3o em Arembepe, em Monte Gordo, Barra de Pojuca, Jacu\u00edpe, Catu de Abrantes e em toda a orla de Cama\u00e7ari. N\u00e3o adianta trazer a BYD, e o posto m\u00e9dico n\u00e3o funcionar. N\u00e3o adianta ter a BYD e o emprego n\u00e3o chegar para voc\u00ea, para seu filho. N\u00f3s j\u00e1 trouxemos 500 vagas, j\u00e1 qualificamos 500, mas ainda \u00e9 pouco &#8220;, avaliou.<\/p>\n\n\n\n<p>Fazendo men\u00e7\u00e3o \u00e0 visita do prefeito Elinaldo Ara\u00fajo (Uni\u00e3o) e do candidato Fl\u00e1vio Matos (Uni\u00e3o) \u00e0 localidade na quinta-feira (26), o pol\u00edtico refor\u00e7ou que a proposta defendida pelo grupo governista n\u00e3o \u00e9 real. &#8220;Tem tempo que ele n\u00e3o aparece aqui, apareceu aqui ontem, cheio de seguran\u00e7a e subiu no palanque junto com o candidato dele. Elinaldo e Fl\u00e1vio Matos, que s\u00e3o farinha do mesmo saco. Elinaldo, Fl\u00e1vio Matos e Bolsonaro \u00e9 tudo a mesma coisa, \u00e9 tudo do mesmo time&#8221;, disse.<\/p>\n\n\n\n<p>Em seguida, Caetano comentou uma fala de Elinaldo. &#8220;Estou estarrecido com o que o prefeito disse aqui ontem. Ele pegou o microfone e disse que ele \u00e9 &#8216;carne de pesco\u00e7o&#8217;. E disse que o candidato dele tamb\u00e9m \u00e9 carne de pesco\u00e7o. A\u00ed eu disse: &#8216;\u00c9 por isso que Cama\u00e7ari n\u00e3o gosta dele&#8217;. Quem gosta de carne de pesco\u00e7o? Por isso que a cidade n\u00e3o gosta dele. Ele est\u00e1 desesperado. O povo de Arembepe n\u00e3o quer carne de pesco\u00e7o. O povo da nossa cidade n\u00e3o quer carne de pesco\u00e7o, n\u00e3o. O que o povo quer \u00e9 aten\u00e7\u00e3o, \u00e9 respeito, o nosso povo tem dignidade&#8221;, defendeu.<\/p>\n\n\n\n<p>Presente no encontro, a deputada federal Ivoneide Caetano falou sobre o amor de Caetano pelo munic\u00edpio. &#8220;Todo mundo sabe do amor que ele tem por Cama\u00e7ari, em especial por Arembepe. Um pedacinho do cora\u00e7\u00e3o dele \u00e9 do povo de Arembepe, \u00e9 do povo da orla. E Arembepe, por onde eu passo, por onde essa milit\u00e2ncia passa o povo diz: &#8216;Chega logo, Caetano, porque Arembepe precisa do seu cuidado!&#8217;. Nas pesquisas, o nosso Caetano est\u00e1 estourado, ganha no primeiro turno com mais de 54%. E, eu vou confessar para voc\u00eas, grande parte a gente deve ao povo de Arembepe e ao povo da orla. A gente tem andado muito, a cidade se levantou, o nosso povo se levantou e pegou essa campanha nas m\u00e3os, de dia e de noite nas ruas, defendendo o 13, defendendo o nosso Caetano&#8221;, finalizou.<\/p>\n","protected":false},"excerpt":{"rendered":"<p>Esse final de semana que antecede ao dia da elei\u00e7\u00e3o esta sendo hist\u00f3rico para o candidato a prefeito Caetano (PT), a vice Pastora D\u00e9a e seus candidatos e candidatas a vereador. Dezenas de milhares de pessoas est\u00e3o aderindo ao seu projeto de mudan\u00e7a. Na sexta-feira (27), ele realizou um grande com\u00edcio na orla mar\u00edtima de [&hellip;]<\/p>\n","protected":false},"author":1,"featured_media":3795,"comment_status":"open","ping_status":"open","sticky":false,"template":"","format":"standard","meta":{"footnotes":""},"categories":[1],"tags":[],"class_list":["post-3794","post","type-post","status-publish","format-standard","has-post-thumbnail","hentry","category-mundo"],"yoast_head":"<!-- This site is optimized with the Yoast SEO plugin v21.7 - https:\/\/yoast.com\/wordpress\/plugins\/seo\/ -->\n<title>Caetano tem final de semana hist\u00f3rico: com\u00edcio, desfile e caminhada com Kan\u00e1rio - Compartilha Bahia<\/title>\n<meta name=\"robots\" content=\"index, follow, max-snippet:-1, max-image-preview:large, max-video-preview:-1\" \/>\n<link rel=\"canonical\" href=\"https:\/\/compartilhabahia.com.br\/index.php\/2024\/09\/28\/caetano-tem-final-de-semana-historico-comicio-desfile-e-caminhada-com-kanario\/\" \/>\n<meta property=\"og:locale\" content=\"pt_BR\" \/>\n<meta property=\"og:type\" content=\"article\" \/>\n<meta property=\"og:title\" content=\"Caetano tem final de semana hist\u00f3rico: com\u00edcio, desfile e caminhada com Kan\u00e1rio - Compartilha Bahia\" \/>\n<meta property=\"og:description\" content=\"Esse final de semana que antecede ao dia da elei\u00e7\u00e3o esta sendo hist\u00f3rico para o candidato a prefeito Caetano (PT), a vice Pastora D\u00e9a e seus candidatos e candidatas a vereador. Dezenas de milhares de pessoas est\u00e3o aderindo ao seu projeto de mudan\u00e7a. Na sexta-feira (27), ele realizou um grande com\u00edcio na orla mar\u00edtima de [&hellip;]\" \/>\n<meta property=\"og:url\" content=\"https:\/\/compartilhabahia.com.br\/index.php\/2024\/09\/28\/caetano-tem-final-de-semana-historico-comicio-desfile-e-caminhada-com-kanario\/\" \/>\n<meta property=\"og:site_name\" content=\"Compartilha Bahia\" \/>\n<meta property=\"article:publisher\" content=\"https:\/\/web.facebook.com\/compartilhabahia\" \/>\n<meta property=\"article:published_time\" content=\"2024-09-28T12:15:42+00:00\" \/>\n<meta property=\"article:modified_time\" content=\"2024-09-28T12:24:30+00:00\" \/>\n<meta property=\"og:image\" content=\"https:\/\/compartilhabahia.com.br\/wp-content\/uploads\/2024\/09\/461225026_1113723793447209_8349849374626175972_n.jpg\" \/>\n\t<meta property=\"og:image:width\" content=\"1280\" \/>\n\t<meta property=\"og:image:height\" content=\"853\" \/>\n\t<meta property=\"og:image:type\" content=\"image\/jpeg\" \/>\n<meta name=\"author\" content=\"admin\" \/>\n<meta name=\"twitter:card\" content=\"summary_large_image\" \/>\n<meta name=\"twitter:label1\" content=\"Escrito por\" \/>\n\t<meta name=\"twitter:data1\" content=\"admin\" \/>\n\t<meta name=\"twitter:label2\" content=\"Est. tempo de leitura\" \/>\n\t<meta name=\"twitter:data2\" content=\"5 minutos\" \/>\n<script type=\"application\/ld+json\" class=\"yoast-schema-graph\">{\"@context\":\"https:\/\/schema.org\",\"@graph\":[{\"@type\":\"Article\",\"@id\":\"https:\/\/compartilhabahia.com.br\/index.php\/2024\/09\/28\/caetano-tem-final-de-semana-historico-comicio-desfile-e-caminhada-com-kanario\/#article\",\"isPartOf\":{\"@id\":\"https:\/\/compartilhabahia.com.br\/index.php\/2024\/09\/28\/caetano-tem-final-de-semana-historico-comicio-desfile-e-caminhada-com-kanario\/\"},\"author\":{\"name\":\"admin\",\"@id\":\"https:\/\/compartilhabahia.com.br\/#\/schema\/person\/9b4f0c3178793b8248d6686732521c04\"},\"headline\":\"Caetano tem final de semana hist\u00f3rico: com\u00edcio, desfile e caminhada com Kan\u00e1rio\",\"datePublished\":\"2024-09-28T12:15:42+00:00\",\"dateModified\":\"2024-09-28T12:24:30+00:00\",\"mainEntityOfPage\":{\"@id\":\"https:\/\/compartilhabahia.com.br\/index.php\/2024\/09\/28\/caetano-tem-final-de-semana-historico-comicio-desfile-e-caminhada-com-kanario\/\"},\"wordCount\":834,\"commentCount\":0,\"publisher\":{\"@id\":\"https:\/\/compartilhabahia.com.br\/#organization\"},\"articleSection\":[\"Mundo\"],\"inLanguage\":\"pt-BR\",\"potentialAction\":[{\"@type\":\"CommentAction\",\"name\":\"Comment\",\"target\":[\"https:\/\/compartilhabahia.com.br\/index.php\/2024\/09\/28\/caetano-tem-final-de-semana-historico-comicio-desfile-e-caminhada-com-kanario\/#respond\"]}]},{\"@type\":\"WebPage\",\"@id\":\"https:\/\/compartilhabahia.com.br\/index.php\/2024\/09\/28\/caetano-tem-final-de-semana-historico-comicio-desfile-e-caminhada-com-kanario\/\",\"url\":\"https:\/\/compartilhabahia.com.br\/index.php\/2024\/09\/28\/caetano-tem-final-de-semana-historico-comicio-desfile-e-caminhada-com-kanario\/\",\"name\":\"Caetano tem final de semana hist\u00f3rico: com\u00edcio, desfile e caminhada com Kan\u00e1rio - Compartilha Bahia\",\"isPartOf\":{\"@id\":\"https:\/\/compartilhabahia.com.br\/#website\"},\"datePublished\":\"2024-09-28T12:15:42+00:00\",\"dateModified\":\"2024-09-28T12:24:30+00:00\",\"breadcrumb\":{\"@id\":\"https:\/\/compartilhabahia.com.br\/index.php\/2024\/09\/28\/caetano-tem-final-de-semana-historico-comicio-desfile-e-caminhada-com-kanario\/#breadcrumb\"},\"inLanguage\":\"pt-BR\",\"potentialAction\":[{\"@type\":\"ReadAction\",\"target\":[\"https:\/\/compartilhabahia.com.br\/index.php\/2024\/09\/28\/caetano-tem-final-de-semana-historico-comicio-desfile-e-caminhada-com-kanario\/\"]}]},{\"@type\":\"BreadcrumbList\",\"@id\":\"https:\/\/compartilhabahia.com.br\/index.php\/2024\/09\/28\/caetano-tem-final-de-semana-historico-comicio-desfile-e-caminhada-com-kanario\/#breadcrumb\",\"itemListElement\":[{\"@type\":\"ListItem\",\"position\":1,\"name\":\"In\u00edcio\",\"item\":\"https:\/\/compartilhabahia.com.br\/\"},{\"@type\":\"ListItem\",\"position\":2,\"name\":\"Caetano tem final de semana hist\u00f3rico: com\u00edcio, desfile e caminhada com Kan\u00e1rio\"}]},{\"@type\":\"WebSite\",\"@id\":\"https:\/\/compartilhabahia.com.br\/#website\",\"url\":\"https:\/\/compartilhabahia.com.br\/\",\"name\":\"Compartilha Bahia\",\"description\":\"\",\"publisher\":{\"@id\":\"https:\/\/compartilhabahia.com.br\/#organization\"},\"potentialAction\":[{\"@type\":\"SearchAction\",\"target\":{\"@type\":\"EntryPoint\",\"urlTemplate\":\"https:\/\/compartilhabahia.com.br\/?s={search_term_string}\"},\"query-input\":\"required name=search_term_string\"}],\"inLanguage\":\"pt-BR\"},{\"@type\":\"Organization\",\"@id\":\"https:\/\/compartilhabahia.com.br\/#organization\",\"name\":\"Compartilha Bahia\",\"url\":\"https:\/\/compartilhabahia.com.br\/\",\"logo\":{\"@type\":\"ImageObject\",\"inLanguage\":\"pt-BR\",\"@id\":\"https:\/\/compartilhabahia.com.br\/#\/schema\/logo\/image\/\",\"url\":\"https:\/\/compartilhabahia.com.br\/wp-content\/uploads\/2023\/12\/cropped-logo.png\",\"contentUrl\":\"https:\/\/compartilhabahia.com.br\/wp-content\/uploads\/2023\/12\/cropped-logo.png\",\"width\":300,\"height\":106,\"caption\":\"Compartilha Bahia\"},\"image\":{\"@id\":\"https:\/\/compartilhabahia.com.br\/#\/schema\/logo\/image\/\"},\"sameAs\":[\"https:\/\/web.facebook.com\/compartilhabahia\",\"https:\/\/www.instagram.com\/compartilhabahia\/\"]},{\"@type\":\"Person\",\"@id\":\"https:\/\/compartilhabahia.com.br\/#\/schema\/person\/9b4f0c3178793b8248d6686732521c04\",\"name\":\"admin\",\"image\":{\"@type\":\"ImageObject\",\"inLanguage\":\"pt-BR\",\"@id\":\"https:\/\/compartilhabahia.com.br\/#\/schema\/person\/image\/\",\"url\":\"https:\/\/secure.gravatar.com\/avatar\/9600df58751c5acbe914c538c03390ef649ea088cb65f84ba09c7ce66988eed6?s=96&d=mm&r=g\",\"contentUrl\":\"https:\/\/secure.gravatar.com\/avatar\/9600df58751c5acbe914c538c03390ef649ea088cb65f84ba09c7ce66988eed6?s=96&d=mm&r=g\",\"caption\":\"admin\"},\"sameAs\":[\"https:\/\/compartilhabahia.com.br\"],\"url\":\"https:\/\/compartilhabahia.com.br\/index.php\/author\/compartilhabahia\/\"}]}<\/script>\n<!-- \/ Yoast SEO plugin. -->","yoast_head_json":{"title":"Caetano tem final de semana hist\u00f3rico: com\u00edcio, desfile e caminhada com Kan\u00e1rio - Compartilha Bahia","robots":{"index":"index","follow":"follow","max-snippet":"max-snippet:-1","max-image-preview":"max-image-preview:large","max-video-preview":"max-video-preview:-1"},"canonical":"https:\/\/compartilhabahia.com.br\/index.php\/2024\/09\/28\/caetano-tem-final-de-semana-historico-comicio-desfile-e-caminhada-com-kanario\/","og_locale":"pt_BR","og_type":"article","og_title":"Caetano tem final de semana hist\u00f3rico: com\u00edcio, desfile e caminhada com Kan\u00e1rio - Compartilha Bahia","og_description":"Esse final de semana que antecede ao dia da elei\u00e7\u00e3o esta sendo hist\u00f3rico para o candidato a prefeito Caetano (PT), a vice Pastora D\u00e9a e seus candidatos e candidatas a vereador. Dezenas de milhares de pessoas est\u00e3o aderindo ao seu projeto de mudan\u00e7a. Na sexta-feira (27), ele realizou um grande com\u00edcio na orla mar\u00edtima de [&hellip;]","og_url":"https:\/\/compartilhabahia.com.br\/index.php\/2024\/09\/28\/caetano-tem-final-de-semana-historico-comicio-desfile-e-caminhada-com-kanario\/","og_site_name":"Compartilha Bahia","article_publisher":"https:\/\/web.facebook.com\/compartilhabahia","article_published_time":"2024-09-28T12:15:42+00:00","article_modified_time":"2024-09-28T12:24:30+00:00","og_image":[{"width":1280,"height":853,"url":"https:\/\/compartilhabahia.com.br\/wp-content\/uploads\/2024\/09\/461225026_1113723793447209_8349849374626175972_n.jpg","type":"image\/jpeg"}],"author":"admin","twitter_card":"summary_large_image","twitter_misc":{"Escrito por":"admin","Est. tempo de leitura":"5 minutos"},"schema":{"@context":"https:\/\/schema.org","@graph":[{"@type":"Article","@id":"https:\/\/compartilhabahia.com.br\/index.php\/2024\/09\/28\/caetano-tem-final-de-semana-historico-comicio-desfile-e-caminhada-com-kanario\/#article","isPartOf":{"@id":"https:\/\/compartilhabahia.com.br\/index.php\/2024\/09\/28\/caetano-tem-final-de-semana-historico-comicio-desfile-e-caminhada-com-kanario\/"},"author":{"name":"admin","@id":"https:\/\/compartilhabahia.com.br\/#\/schema\/person\/9b4f0c3178793b8248d6686732521c04"},"headline":"Caetano tem final de semana hist\u00f3rico: com\u00edcio, desfile e caminhada com Kan\u00e1rio","datePublished":"2024-09-28T12:15:42+00:00","dateModified":"2024-09-28T12:24:30+00:00","mainEntityOfPage":{"@id":"https:\/\/compartilhabahia.com.br\/index.php\/2024\/09\/28\/caetano-tem-final-de-semana-historico-comicio-desfile-e-caminhada-com-kanario\/"},"wordCount":834,"commentCount":0,"publisher":{"@id":"https:\/\/compartilhabahia.com.br\/#organization"},"articleSection":["Mundo"],"inLanguage":"pt-BR","potentialAction":[{"@type":"CommentAction","name":"Comment","target":["https:\/\/compartilhabahia.com.br\/index.php\/2024\/09\/28\/caetano-tem-final-de-semana-historico-comicio-desfile-e-caminhada-com-kanario\/#respond"]}]},{"@type":"WebPage","@id":"https:\/\/compartilhabahia.com.br\/index.php\/2024\/09\/28\/caetano-tem-final-de-semana-historico-comicio-desfile-e-caminhada-com-kanario\/","url":"https:\/\/compartilhabahia.com.br\/index.php\/2024\/09\/28\/caetano-tem-final-de-semana-historico-comicio-desfile-e-caminhada-com-kanario\/","name":"Caetano tem final de semana hist\u00f3rico: com\u00edcio, desfile e caminhada com Kan\u00e1rio - Compartilha Bahia","isPartOf":{"@id":"https:\/\/compartilhabahia.com.br\/#website"},"datePublished":"2024-09-28T12:15:42+00:00","dateModified":"2024-09-28T12:24:30+00:00","breadcrumb":{"@id":"https:\/\/compartilhabahia.com.br\/index.php\/2024\/09\/28\/caetano-tem-final-de-semana-historico-comicio-desfile-e-caminhada-com-kanario\/#breadcrumb"},"inLanguage":"pt-BR","potentialAction":[{"@type":"ReadAction","target":["https:\/\/compartilhabahia.com.br\/index.php\/2024\/09\/28\/caetano-tem-final-de-semana-historico-comicio-desfile-e-caminhada-com-kanario\/"]}]},{"@type":"BreadcrumbList","@id":"https:\/\/compartilhabahia.com.br\/index.php\/2024\/09\/28\/caetano-tem-final-de-semana-historico-comicio-desfile-e-caminhada-com-kanario\/#breadcrumb","itemListElement":[{"@type":"ListItem","position":1,"name":"In\u00edcio","item":"https:\/\/compartilhabahia.com.br\/"},{"@type":"ListItem","position":2,"name":"Caetano tem final de semana hist\u00f3rico: com\u00edcio, desfile e caminhada com Kan\u00e1rio"}]},{"@type":"WebSite","@id":"https:\/\/compartilhabahia.com.br\/#website","url":"https:\/\/compartilhabahia.com.br\/","name":"Compartilha Bahia","description":"","publisher":{"@id":"https:\/\/compartilhabahia.com.br\/#organization"},"potentialAction":[{"@type":"SearchAction","target":{"@type":"EntryPoint","urlTemplate":"https:\/\/compartilhabahia.com.br\/?s={search_term_string}"},"query-input":"required name=search_term_string"}],"inLanguage":"pt-BR"},{"@type":"Organization","@id":"https:\/\/compartilhabahia.com.br\/#organization","name":"Compartilha Bahia","url":"https:\/\/compartilhabahia.com.br\/","logo":{"@type":"ImageObject","inLanguage":"pt-BR","@id":"https:\/\/compartilhabahia.com.br\/#\/schema\/logo\/image\/","url":"https:\/\/compartilhabahia.com.br\/wp-content\/uploads\/2023\/12\/cropped-logo.png","contentUrl":"https:\/\/compartilhabahia.com.br\/wp-content\/uploads\/2023\/12\/cropped-logo.png","width":300,"height":106,"caption":"Compartilha Bahia"},"image":{"@id":"https:\/\/compartilhabahia.com.br\/#\/schema\/logo\/image\/"},"sameAs":["https:\/\/web.facebook.com\/compartilhabahia","https:\/\/www.instagram.com\/compartilhabahia\/"]},{"@type":"Person","@id":"https:\/\/compartilhabahia.com.br\/#\/schema\/person\/9b4f0c3178793b8248d6686732521c04","name":"admin","image":{"@type":"ImageObject","inLanguage":"pt-BR","@id":"https:\/\/compartilhabahia.com.br\/#\/schema\/person\/image\/","url":"https:\/\/secure.gravatar.com\/avatar\/9600df58751c5acbe914c538c03390ef649ea088cb65f84ba09c7ce66988eed6?s=96&d=mm&r=g","contentUrl":"https:\/\/secure.gravatar.com\/avatar\/9600df58751c5acbe914c538c03390ef649ea088cb65f84ba09c7ce66988eed6?s=96&d=mm&r=g","caption":"admin"},"sameAs":["https:\/\/compartilhabahia.com.br"],"url":"https:\/\/compartilhabahia.com.br\/index.php\/author\/compartilhabahia\/"}]}},"_links":{"self":[{"href":"https:\/\/compartilhabahia.com.br\/index.php\/wp-json\/wp\/v2\/posts\/3794","targetHints":{"allow":["GET"]}}],"collection":[{"href":"https:\/\/compartilhabahia.com.br\/index.php\/wp-json\/wp\/v2\/posts"}],"about":[{"href":"https:\/\/compartilhabahia.com.br\/index.php\/wp-json\/wp\/v2\/types\/post"}],"author":[{"embeddable":true,"href":"https:\/\/compartilhabahia.com.br\/index.php\/wp-json\/wp\/v2\/users\/1"}],"replies":[{"embeddable":true,"href":"https:\/\/compartilhabahia.com.br\/index.php\/wp-json\/wp\/v2\/comments?post=3794"}],"version-history":[{"count":2,"href":"https:\/\/compartilhabahia.com.br\/index.php\/wp-json\/wp\/v2\/posts\/3794\/revisions"}],"predecessor-version":[{"id":3798,"href":"https:\/\/compartilhabahia.com.br\/index.php\/wp-json\/wp\/v2\/posts\/3794\/revisions\/3798"}],"wp:featuredmedia":[{"embeddable":true,"href":"https:\/\/compartilhabahia.com.br\/index.php\/wp-json\/wp\/v2\/media\/3795"}],"wp:attachment":[{"href":"https:\/\/compartilhabahia.com.br\/index.php\/wp-json\/wp\/v2\/media?parent=3794"}],"wp:term":[{"taxonomy":"category","embeddable":true,"href":"https:\/\/compartilhabahia.com.br\/index.php\/wp-json\/wp\/v2\/categories?post=3794"},{"taxonomy":"post_tag","embeddable":true,"href":"https:\/\/compartilhabahia.com.br\/index.php\/wp-json\/wp\/v2\/tags?post=3794"}],"curies":[{"name":"wp","href":"https:\/\/api.w.org\/{rel}","templated":true}]}}