{"id":3775,"date":"2024-09-25T23:45:20","date_gmt":"2024-09-25T23:45:20","guid":{"rendered":"https:\/\/compartilhabahia.com.br\/?p=3775"},"modified":"2024-09-26T01:28:08","modified_gmt":"2024-09-26T01:28:08","slug":"vitoria-de-caetano-esta-sendo-escrita-com-a-mao-do-povo-diz-delma-da-saude","status":"publish","type":"post","link":"https:\/\/compartilhabahia.com.br\/index.php\/2024\/09\/25\/vitoria-de-caetano-esta-sendo-escrita-com-a-mao-do-povo-diz-delma-da-saude\/","title":{"rendered":"&#8220;Vit\u00f3ria de Caetano esta sendo escrita com a m\u00e3o do povo&#8221; diz Delma da Sa\u00fade"},"content":{"rendered":"\n<p>Ap\u00f3s a divulga\u00e7\u00e3o de mais uma pesquisa de opini\u00e3o p\u00fablica na noite desta quarta-feira (25) sobre as elei\u00e7\u00f5es de Cama\u00e7ari (BA), a candidata a vereadora Delma da Sa\u00fade n\u00famero 40.025,  disse que a vit\u00f3ria de Caetano (PT) esta sendo escrita e constru\u00edda pela m\u00e3o do povo. Caetano tem 54,2% das inten\u00e7\u00f5es de voto e deve vencer no primeiro turno, segundo a pesquisa do Portal Salvador FM e realizado pelo instituto IPM Brasil.<\/p>\n\n\n\n<p>Segundo Delma, que mant\u00eam contato diariamente com os moradores de Cama\u00e7ari, principalmente nos bairros populares, existem milhares de pessoas engajadas no projeto, que quer tirar o atual prefeito do poder e colocar Caetano, que representa a verdadeira mudan\u00e7a.<\/p>\n\n\n\n<p>&#8220;S\u00e3o donas de casas, idosos, comerciantes, jornalistas, estudantes, homens, mulheres, usu\u00e1rios de transporte coletivo, motoristas, e trabalhadores em geral. Pessoas inteligentes, que est\u00e3o ajudando a construir a vit\u00f3ria de Caetano&#8221;. Lembrou Delma.<\/p>\n\n\n\n<figure class=\"wp-block-image size-large is-resized\"><img loading=\"lazy\" decoding=\"async\" width=\"682\" height=\"1024\" src=\"https:\/\/compartilhabahia.com.br\/wp-content\/uploads\/2024\/09\/458459190_447305171676934_2571786192215853829_n-1-682x1024.jpg\" alt=\"\" class=\"wp-image-3782\" style=\"width:298px;height:auto\" srcset=\"https:\/\/compartilhabahia.com.br\/wp-content\/uploads\/2024\/09\/458459190_447305171676934_2571786192215853829_n-1-682x1024.jpg 682w, https:\/\/compartilhabahia.com.br\/wp-content\/uploads\/2024\/09\/458459190_447305171676934_2571786192215853829_n-1-200x300.jpg 200w, https:\/\/compartilhabahia.com.br\/wp-content\/uploads\/2024\/09\/458459190_447305171676934_2571786192215853829_n-1-768x1154.jpg 768w, https:\/\/compartilhabahia.com.br\/wp-content\/uploads\/2024\/09\/458459190_447305171676934_2571786192215853829_n-1-1023x1536.jpg 1023w, https:\/\/compartilhabahia.com.br\/wp-content\/uploads\/2024\/09\/458459190_447305171676934_2571786192215853829_n-1-600x900.jpg 600w, https:\/\/compartilhabahia.com.br\/wp-content\/uploads\/2024\/09\/458459190_447305171676934_2571786192215853829_n-1.jpg 1024w\" sizes=\"auto, (max-width: 682px) 100vw, 682px\" \/><\/figure>\n\n\n\n<p><\/p>\n\n\n\n<p>Veja mais dados da pesquisa:<\/p>\n\n\n\n<p>Considerando apenas os votos v\u00e1lidos, quando brancos, nulos e indecisos s\u00e3o exclu\u00eddos, Caetano alcan\u00e7a 54,2% e Fl\u00e1vio fica com 39,6%. Os outros candidatos somados passam para 2,2%.<\/p>\n\n\n\n<p>O candidato a prefeito de Cama\u00e7ari, Luiz Caetano (PT), lidera mais uma pesquisa de inten\u00e7\u00e3o de voto divulgada nesta quarta-feira (25). O levantamento foi encomendado pelo Portal Salvador FM e realizado pelo instituto IPM Brasil.<\/p>\n\n\n\n<p>De acordo com os n\u00fameros, dentro do cen\u00e1rio espont\u00e2neo, Caetano aparece com 46,1% das inten\u00e7\u00f5es de voto, contra 31,8% de Fl\u00e1vio Matos (Uni\u00e3o) \u2013 uma vantagem de quase 15%. Oswaldinho (MDB), tem 0,4%. Brancos e nulos representam 2,4%. J\u00e1 outros 14,7% n\u00e3o sabem ou n\u00e3o responderam.<\/p>\n\n\n\n<p>No cen\u00e1rio estimulado, quando os nomes dos candidatos s\u00e3o apresentados ao eleitor, Caetano atinge 51,2% das inten\u00e7\u00f5es de voto. Fl\u00e1vio Matos, candidato apoiado pelo prefeito Elinaldo Ara\u00fajo (Uni\u00e3o), tem 37,4%. Os demais candidatos somados tem 2,1%. Brancos e nulos s\u00e3o 1,3% e n\u00e3o sabem\/n\u00e3o responderam representam 4,2%.<\/p>\n\n\n\n<p><\/p>\n\n\n\n<p>Apoios<\/p>\n\n\n\n<p>A pesquisa do Instituto IPM Brasil ainda trouxe outros recortes, a exemplo de quem seria a op\u00e7\u00e3o dos eleitores entre os candidatos com os apoios de nomes fortes da pol\u00edtica baiana e nacional.<\/p>\n\n\n\n<p>Luiz Caetano, contando com os apoios do presidente Lula (PT), do governador Jer\u00f4nimo Rodrigues (PT), do ministro Rui Costa e do senador Jaques Wagner (PT-BA), aparece com 53,7% das inten\u00e7\u00f5es de voto. J\u00e1 Fl\u00e1vio Matos, tendo o suporte de Elinado, do ex-prefeito de Salvador, ACM Neto (Uni\u00e3o), e do ex-presidente Jair Bolsonaro (PL) \u00e9 a op\u00e7\u00e3o para 37,4% dos entrevistados.<\/p>\n\n\n\n<p>A pesquisa realizada pelo Instituto IPM Brasil ouviu 450 pessoas com idade acima de 16 anos, entre os dias 20 e 23 de setembro. A margem de erro \u00e9 de 4,61 pontos percentuais, para mais ou para menos e tem o n\u00edvel de confian\u00e7a de 95,5%. O levantamento est\u00e1 registrado no Tribunal Superior Eleitoral (TSE) sob o n\u00famero BA-03251\/2024.<\/p>\n\n\n\n<p><\/p>\n","protected":false},"excerpt":{"rendered":"<p>Ap\u00f3s a divulga\u00e7\u00e3o de mais uma pesquisa de opini\u00e3o p\u00fablica na noite desta quarta-feira (25) sobre as elei\u00e7\u00f5es de Cama\u00e7ari (BA), a candidata a vereadora Delma da Sa\u00fade n\u00famero 40.025, disse que a vit\u00f3ria de Caetano (PT) esta sendo escrita e constru\u00edda pela m\u00e3o do povo. Caetano tem 54,2% das inten\u00e7\u00f5es de voto e deve [&hellip;]<\/p>\n","protected":false},"author":1,"featured_media":3776,"comment_status":"open","ping_status":"open","sticky":false,"template":"","format":"standard","meta":{"footnotes":""},"categories":[1],"tags":[],"class_list":["post-3775","post","type-post","status-publish","format-standard","has-post-thumbnail","hentry","category-mundo"],"yoast_head":"<!-- This site is optimized with the Yoast SEO plugin v21.7 - https:\/\/yoast.com\/wordpress\/plugins\/seo\/ -->\n<title>&quot;Vit\u00f3ria de Caetano esta sendo escrita com a m\u00e3o do povo&quot; diz Delma da Sa\u00fade - Compartilha Bahia<\/title>\n<meta name=\"robots\" content=\"index, follow, max-snippet:-1, max-image-preview:large, max-video-preview:-1\" \/>\n<link rel=\"canonical\" href=\"https:\/\/compartilhabahia.com.br\/index.php\/2024\/09\/25\/vitoria-de-caetano-esta-sendo-escrita-com-a-mao-do-povo-diz-delma-da-saude\/\" \/>\n<meta property=\"og:locale\" content=\"pt_BR\" \/>\n<meta property=\"og:type\" content=\"article\" \/>\n<meta property=\"og:title\" content=\"&quot;Vit\u00f3ria de Caetano esta sendo escrita com a m\u00e3o do povo&quot; diz Delma da Sa\u00fade - Compartilha Bahia\" \/>\n<meta property=\"og:description\" content=\"Ap\u00f3s a divulga\u00e7\u00e3o de mais uma pesquisa de opini\u00e3o p\u00fablica na noite desta quarta-feira (25) sobre as elei\u00e7\u00f5es de Cama\u00e7ari (BA), a candidata a vereadora Delma da Sa\u00fade n\u00famero 40.025, disse que a vit\u00f3ria de Caetano (PT) esta sendo escrita e constru\u00edda pela m\u00e3o do povo. Caetano tem 54,2% das inten\u00e7\u00f5es de voto e deve [&hellip;]\" \/>\n<meta property=\"og:url\" content=\"https:\/\/compartilhabahia.com.br\/index.php\/2024\/09\/25\/vitoria-de-caetano-esta-sendo-escrita-com-a-mao-do-povo-diz-delma-da-saude\/\" \/>\n<meta property=\"og:site_name\" content=\"Compartilha Bahia\" \/>\n<meta property=\"article:publisher\" content=\"https:\/\/web.facebook.com\/compartilhabahia\" \/>\n<meta property=\"article:published_time\" content=\"2024-09-25T23:45:20+00:00\" \/>\n<meta property=\"article:modified_time\" content=\"2024-09-26T01:28:08+00:00\" \/>\n<meta property=\"og:image\" content=\"https:\/\/compartilhabahia.com.br\/wp-content\/uploads\/2024\/09\/caetanoedelmamil.jpg\" \/>\n\t<meta property=\"og:image:width\" content=\"640\" \/>\n\t<meta property=\"og:image:height\" content=\"427\" \/>\n\t<meta property=\"og:image:type\" content=\"image\/jpeg\" \/>\n<meta name=\"author\" content=\"admin\" \/>\n<meta name=\"twitter:card\" content=\"summary_large_image\" \/>\n<meta name=\"twitter:label1\" content=\"Escrito por\" \/>\n\t<meta name=\"twitter:data1\" content=\"admin\" \/>\n\t<meta name=\"twitter:label2\" content=\"Est. tempo de leitura\" \/>\n\t<meta name=\"twitter:data2\" content=\"3 minutos\" \/>\n<script type=\"application\/ld+json\" class=\"yoast-schema-graph\">{\"@context\":\"https:\/\/schema.org\",\"@graph\":[{\"@type\":\"Article\",\"@id\":\"https:\/\/compartilhabahia.com.br\/index.php\/2024\/09\/25\/vitoria-de-caetano-esta-sendo-escrita-com-a-mao-do-povo-diz-delma-da-saude\/#article\",\"isPartOf\":{\"@id\":\"https:\/\/compartilhabahia.com.br\/index.php\/2024\/09\/25\/vitoria-de-caetano-esta-sendo-escrita-com-a-mao-do-povo-diz-delma-da-saude\/\"},\"author\":{\"name\":\"admin\",\"@id\":\"https:\/\/compartilhabahia.com.br\/#\/schema\/person\/9b4f0c3178793b8248d6686732521c04\"},\"headline\":\"&#8220;Vit\u00f3ria de Caetano esta sendo escrita com a m\u00e3o do povo&#8221; diz Delma da Sa\u00fade\",\"datePublished\":\"2024-09-25T23:45:20+00:00\",\"dateModified\":\"2024-09-26T01:28:08+00:00\",\"mainEntityOfPage\":{\"@id\":\"https:\/\/compartilhabahia.com.br\/index.php\/2024\/09\/25\/vitoria-de-caetano-esta-sendo-escrita-com-a-mao-do-povo-diz-delma-da-saude\/\"},\"wordCount\":498,\"commentCount\":0,\"publisher\":{\"@id\":\"https:\/\/compartilhabahia.com.br\/#organization\"},\"articleSection\":[\"Mundo\"],\"inLanguage\":\"pt-BR\",\"potentialAction\":[{\"@type\":\"CommentAction\",\"name\":\"Comment\",\"target\":[\"https:\/\/compartilhabahia.com.br\/index.php\/2024\/09\/25\/vitoria-de-caetano-esta-sendo-escrita-com-a-mao-do-povo-diz-delma-da-saude\/#respond\"]}]},{\"@type\":\"WebPage\",\"@id\":\"https:\/\/compartilhabahia.com.br\/index.php\/2024\/09\/25\/vitoria-de-caetano-esta-sendo-escrita-com-a-mao-do-povo-diz-delma-da-saude\/\",\"url\":\"https:\/\/compartilhabahia.com.br\/index.php\/2024\/09\/25\/vitoria-de-caetano-esta-sendo-escrita-com-a-mao-do-povo-diz-delma-da-saude\/\",\"name\":\"\\\"Vit\u00f3ria de Caetano esta sendo escrita com a m\u00e3o do povo\\\" diz Delma da Sa\u00fade - Compartilha Bahia\",\"isPartOf\":{\"@id\":\"https:\/\/compartilhabahia.com.br\/#website\"},\"datePublished\":\"2024-09-25T23:45:20+00:00\",\"dateModified\":\"2024-09-26T01:28:08+00:00\",\"breadcrumb\":{\"@id\":\"https:\/\/compartilhabahia.com.br\/index.php\/2024\/09\/25\/vitoria-de-caetano-esta-sendo-escrita-com-a-mao-do-povo-diz-delma-da-saude\/#breadcrumb\"},\"inLanguage\":\"pt-BR\",\"potentialAction\":[{\"@type\":\"ReadAction\",\"target\":[\"https:\/\/compartilhabahia.com.br\/index.php\/2024\/09\/25\/vitoria-de-caetano-esta-sendo-escrita-com-a-mao-do-povo-diz-delma-da-saude\/\"]}]},{\"@type\":\"BreadcrumbList\",\"@id\":\"https:\/\/compartilhabahia.com.br\/index.php\/2024\/09\/25\/vitoria-de-caetano-esta-sendo-escrita-com-a-mao-do-povo-diz-delma-da-saude\/#breadcrumb\",\"itemListElement\":[{\"@type\":\"ListItem\",\"position\":1,\"name\":\"In\u00edcio\",\"item\":\"https:\/\/compartilhabahia.com.br\/\"},{\"@type\":\"ListItem\",\"position\":2,\"name\":\"&#8220;Vit\u00f3ria de Caetano esta sendo escrita com a m\u00e3o do povo&#8221; diz Delma da Sa\u00fade\"}]},{\"@type\":\"WebSite\",\"@id\":\"https:\/\/compartilhabahia.com.br\/#website\",\"url\":\"https:\/\/compartilhabahia.com.br\/\",\"name\":\"Compartilha Bahia\",\"description\":\"\",\"publisher\":{\"@id\":\"https:\/\/compartilhabahia.com.br\/#organization\"},\"potentialAction\":[{\"@type\":\"SearchAction\",\"target\":{\"@type\":\"EntryPoint\",\"urlTemplate\":\"https:\/\/compartilhabahia.com.br\/?s={search_term_string}\"},\"query-input\":\"required name=search_term_string\"}],\"inLanguage\":\"pt-BR\"},{\"@type\":\"Organization\",\"@id\":\"https:\/\/compartilhabahia.com.br\/#organization\",\"name\":\"Compartilha Bahia\",\"url\":\"https:\/\/compartilhabahia.com.br\/\",\"logo\":{\"@type\":\"ImageObject\",\"inLanguage\":\"pt-BR\",\"@id\":\"https:\/\/compartilhabahia.com.br\/#\/schema\/logo\/image\/\",\"url\":\"https:\/\/compartilhabahia.com.br\/wp-content\/uploads\/2023\/12\/cropped-logo.png\",\"contentUrl\":\"https:\/\/compartilhabahia.com.br\/wp-content\/uploads\/2023\/12\/cropped-logo.png\",\"width\":300,\"height\":106,\"caption\":\"Compartilha Bahia\"},\"image\":{\"@id\":\"https:\/\/compartilhabahia.com.br\/#\/schema\/logo\/image\/\"},\"sameAs\":[\"https:\/\/web.facebook.com\/compartilhabahia\",\"https:\/\/www.instagram.com\/compartilhabahia\/\"]},{\"@type\":\"Person\",\"@id\":\"https:\/\/compartilhabahia.com.br\/#\/schema\/person\/9b4f0c3178793b8248d6686732521c04\",\"name\":\"admin\",\"image\":{\"@type\":\"ImageObject\",\"inLanguage\":\"pt-BR\",\"@id\":\"https:\/\/compartilhabahia.com.br\/#\/schema\/person\/image\/\",\"url\":\"https:\/\/secure.gravatar.com\/avatar\/9600df58751c5acbe914c538c03390ef649ea088cb65f84ba09c7ce66988eed6?s=96&d=mm&r=g\",\"contentUrl\":\"https:\/\/secure.gravatar.com\/avatar\/9600df58751c5acbe914c538c03390ef649ea088cb65f84ba09c7ce66988eed6?s=96&d=mm&r=g\",\"caption\":\"admin\"},\"sameAs\":[\"https:\/\/compartilhabahia.com.br\"],\"url\":\"https:\/\/compartilhabahia.com.br\/index.php\/author\/compartilhabahia\/\"}]}<\/script>\n<!-- \/ Yoast SEO plugin. -->","yoast_head_json":{"title":"\"Vit\u00f3ria de Caetano esta sendo escrita com a m\u00e3o do povo\" diz Delma da Sa\u00fade - Compartilha Bahia","robots":{"index":"index","follow":"follow","max-snippet":"max-snippet:-1","max-image-preview":"max-image-preview:large","max-video-preview":"max-video-preview:-1"},"canonical":"https:\/\/compartilhabahia.com.br\/index.php\/2024\/09\/25\/vitoria-de-caetano-esta-sendo-escrita-com-a-mao-do-povo-diz-delma-da-saude\/","og_locale":"pt_BR","og_type":"article","og_title":"\"Vit\u00f3ria de Caetano esta sendo escrita com a m\u00e3o do povo\" diz Delma da Sa\u00fade - Compartilha Bahia","og_description":"Ap\u00f3s a divulga\u00e7\u00e3o de mais uma pesquisa de opini\u00e3o p\u00fablica na noite desta quarta-feira (25) sobre as elei\u00e7\u00f5es de Cama\u00e7ari (BA), a candidata a vereadora Delma da Sa\u00fade n\u00famero 40.025, disse que a vit\u00f3ria de Caetano (PT) esta sendo escrita e constru\u00edda pela m\u00e3o do povo. Caetano tem 54,2% das inten\u00e7\u00f5es de voto e deve [&hellip;]","og_url":"https:\/\/compartilhabahia.com.br\/index.php\/2024\/09\/25\/vitoria-de-caetano-esta-sendo-escrita-com-a-mao-do-povo-diz-delma-da-saude\/","og_site_name":"Compartilha Bahia","article_publisher":"https:\/\/web.facebook.com\/compartilhabahia","article_published_time":"2024-09-25T23:45:20+00:00","article_modified_time":"2024-09-26T01:28:08+00:00","og_image":[{"width":640,"height":427,"url":"https:\/\/compartilhabahia.com.br\/wp-content\/uploads\/2024\/09\/caetanoedelmamil.jpg","type":"image\/jpeg"}],"author":"admin","twitter_card":"summary_large_image","twitter_misc":{"Escrito por":"admin","Est. tempo de leitura":"3 minutos"},"schema":{"@context":"https:\/\/schema.org","@graph":[{"@type":"Article","@id":"https:\/\/compartilhabahia.com.br\/index.php\/2024\/09\/25\/vitoria-de-caetano-esta-sendo-escrita-com-a-mao-do-povo-diz-delma-da-saude\/#article","isPartOf":{"@id":"https:\/\/compartilhabahia.com.br\/index.php\/2024\/09\/25\/vitoria-de-caetano-esta-sendo-escrita-com-a-mao-do-povo-diz-delma-da-saude\/"},"author":{"name":"admin","@id":"https:\/\/compartilhabahia.com.br\/#\/schema\/person\/9b4f0c3178793b8248d6686732521c04"},"headline":"&#8220;Vit\u00f3ria de Caetano esta sendo escrita com a m\u00e3o do povo&#8221; diz Delma da Sa\u00fade","datePublished":"2024-09-25T23:45:20+00:00","dateModified":"2024-09-26T01:28:08+00:00","mainEntityOfPage":{"@id":"https:\/\/compartilhabahia.com.br\/index.php\/2024\/09\/25\/vitoria-de-caetano-esta-sendo-escrita-com-a-mao-do-povo-diz-delma-da-saude\/"},"wordCount":498,"commentCount":0,"publisher":{"@id":"https:\/\/compartilhabahia.com.br\/#organization"},"articleSection":["Mundo"],"inLanguage":"pt-BR","potentialAction":[{"@type":"CommentAction","name":"Comment","target":["https:\/\/compartilhabahia.com.br\/index.php\/2024\/09\/25\/vitoria-de-caetano-esta-sendo-escrita-com-a-mao-do-povo-diz-delma-da-saude\/#respond"]}]},{"@type":"WebPage","@id":"https:\/\/compartilhabahia.com.br\/index.php\/2024\/09\/25\/vitoria-de-caetano-esta-sendo-escrita-com-a-mao-do-povo-diz-delma-da-saude\/","url":"https:\/\/compartilhabahia.com.br\/index.php\/2024\/09\/25\/vitoria-de-caetano-esta-sendo-escrita-com-a-mao-do-povo-diz-delma-da-saude\/","name":"\"Vit\u00f3ria de Caetano esta sendo escrita com a m\u00e3o do povo\" diz Delma da Sa\u00fade - Compartilha Bahia","isPartOf":{"@id":"https:\/\/compartilhabahia.com.br\/#website"},"datePublished":"2024-09-25T23:45:20+00:00","dateModified":"2024-09-26T01:28:08+00:00","breadcrumb":{"@id":"https:\/\/compartilhabahia.com.br\/index.php\/2024\/09\/25\/vitoria-de-caetano-esta-sendo-escrita-com-a-mao-do-povo-diz-delma-da-saude\/#breadcrumb"},"inLanguage":"pt-BR","potentialAction":[{"@type":"ReadAction","target":["https:\/\/compartilhabahia.com.br\/index.php\/2024\/09\/25\/vitoria-de-caetano-esta-sendo-escrita-com-a-mao-do-povo-diz-delma-da-saude\/"]}]},{"@type":"BreadcrumbList","@id":"https:\/\/compartilhabahia.com.br\/index.php\/2024\/09\/25\/vitoria-de-caetano-esta-sendo-escrita-com-a-mao-do-povo-diz-delma-da-saude\/#breadcrumb","itemListElement":[{"@type":"ListItem","position":1,"name":"In\u00edcio","item":"https:\/\/compartilhabahia.com.br\/"},{"@type":"ListItem","position":2,"name":"&#8220;Vit\u00f3ria de Caetano esta sendo escrita com a m\u00e3o do povo&#8221; diz Delma da Sa\u00fade"}]},{"@type":"WebSite","@id":"https:\/\/compartilhabahia.com.br\/#website","url":"https:\/\/compartilhabahia.com.br\/","name":"Compartilha Bahia","description":"","publisher":{"@id":"https:\/\/compartilhabahia.com.br\/#organization"},"potentialAction":[{"@type":"SearchAction","target":{"@type":"EntryPoint","urlTemplate":"https:\/\/compartilhabahia.com.br\/?s={search_term_string}"},"query-input":"required name=search_term_string"}],"inLanguage":"pt-BR"},{"@type":"Organization","@id":"https:\/\/compartilhabahia.com.br\/#organization","name":"Compartilha Bahia","url":"https:\/\/compartilhabahia.com.br\/","logo":{"@type":"ImageObject","inLanguage":"pt-BR","@id":"https:\/\/compartilhabahia.com.br\/#\/schema\/logo\/image\/","url":"https:\/\/compartilhabahia.com.br\/wp-content\/uploads\/2023\/12\/cropped-logo.png","contentUrl":"https:\/\/compartilhabahia.com.br\/wp-content\/uploads\/2023\/12\/cropped-logo.png","width":300,"height":106,"caption":"Compartilha Bahia"},"image":{"@id":"https:\/\/compartilhabahia.com.br\/#\/schema\/logo\/image\/"},"sameAs":["https:\/\/web.facebook.com\/compartilhabahia","https:\/\/www.instagram.com\/compartilhabahia\/"]},{"@type":"Person","@id":"https:\/\/compartilhabahia.com.br\/#\/schema\/person\/9b4f0c3178793b8248d6686732521c04","name":"admin","image":{"@type":"ImageObject","inLanguage":"pt-BR","@id":"https:\/\/compartilhabahia.com.br\/#\/schema\/person\/image\/","url":"https:\/\/secure.gravatar.com\/avatar\/9600df58751c5acbe914c538c03390ef649ea088cb65f84ba09c7ce66988eed6?s=96&d=mm&r=g","contentUrl":"https:\/\/secure.gravatar.com\/avatar\/9600df58751c5acbe914c538c03390ef649ea088cb65f84ba09c7ce66988eed6?s=96&d=mm&r=g","caption":"admin"},"sameAs":["https:\/\/compartilhabahia.com.br"],"url":"https:\/\/compartilhabahia.com.br\/index.php\/author\/compartilhabahia\/"}]}},"_links":{"self":[{"href":"https:\/\/compartilhabahia.com.br\/index.php\/wp-json\/wp\/v2\/posts\/3775","targetHints":{"allow":["GET"]}}],"collection":[{"href":"https:\/\/compartilhabahia.com.br\/index.php\/wp-json\/wp\/v2\/posts"}],"about":[{"href":"https:\/\/compartilhabahia.com.br\/index.php\/wp-json\/wp\/v2\/types\/post"}],"author":[{"embeddable":true,"href":"https:\/\/compartilhabahia.com.br\/index.php\/wp-json\/wp\/v2\/users\/1"}],"replies":[{"embeddable":true,"href":"https:\/\/compartilhabahia.com.br\/index.php\/wp-json\/wp\/v2\/comments?post=3775"}],"version-history":[{"count":3,"href":"https:\/\/compartilhabahia.com.br\/index.php\/wp-json\/wp\/v2\/posts\/3775\/revisions"}],"predecessor-version":[{"id":3783,"href":"https:\/\/compartilhabahia.com.br\/index.php\/wp-json\/wp\/v2\/posts\/3775\/revisions\/3783"}],"wp:featuredmedia":[{"embeddable":true,"href":"https:\/\/compartilhabahia.com.br\/index.php\/wp-json\/wp\/v2\/media\/3776"}],"wp:attachment":[{"href":"https:\/\/compartilhabahia.com.br\/index.php\/wp-json\/wp\/v2\/media?parent=3775"}],"wp:term":[{"taxonomy":"category","embeddable":true,"href":"https:\/\/compartilhabahia.com.br\/index.php\/wp-json\/wp\/v2\/categories?post=3775"},{"taxonomy":"post_tag","embeddable":true,"href":"https:\/\/compartilhabahia.com.br\/index.php\/wp-json\/wp\/v2\/tags?post=3775"}],"curies":[{"name":"wp","href":"https:\/\/api.w.org\/{rel}","templated":true}]}}